{"id":1002,"date":"2019-04-26T08:34:58","date_gmt":"2019-04-26T08:34:58","guid":{"rendered":"https:\/\/retotmp.wordpress.com\/?p=1002"},"modified":"2019-04-26T08:34:58","modified_gmt":"2019-04-26T08:34:58","slug":"creando-redes","status":"publish","type":"post","link":"https:\/\/retotmp.valnaloneduca.com\/?p=1002","title":{"rendered":"Creando Redes y Prototipando"},"content":{"rendered":"<p>Esta semana hemos empezado la 1\u00ba sesi\u00f3n del curso que vamos a realizar en el Colegio Virgen mediadora-Las Dominicas de Gij\u00f3n.<\/p>\n<p><img loading=\"lazy\" src=\"https:\/\/i0.wp.com\/retotmp.valnaloneduca.com\/wp-content\/uploads\/2019\/04\/logo-asociacion.jpg?resize=209%2C209\" alt=\"\" width=\"209\" height=\"209\" class=\"alignright size-full wp-image-1003\" srcset=\"https:\/\/i0.wp.com\/retotmp.valnaloneduca.com\/wp-content\/uploads\/2019\/04\/logo-asociacion.jpg?w=209&amp;ssl=1 209w, https:\/\/i0.wp.com\/retotmp.valnaloneduca.com\/wp-content\/uploads\/2019\/04\/logo-asociacion.jpg?resize=150%2C150&amp;ssl=1 150w, https:\/\/i0.wp.com\/retotmp.valnaloneduca.com\/wp-content\/uploads\/2019\/04\/logo-asociacion.jpg?resize=100%2C100&amp;ssl=1 100w\" sizes=\"(max-width: 209px) 100vw, 209px\" data-recalc-dims=\"1\" \/><\/p>\n<p>El RETO nos lo ha puesto la ASOCIACION DE ANTIGUOS ALUMNOS del centro donde quieren que le ayudemos a desarrollar acciones y dar ideas para expandirse como asociaci\u00f3n y animar a los antiguos alumnos a implicarse.<\/p>\n<p>Tras formar los grupos, han conocido una herramienta nueva llamado CANVAS para ponernos en sitiuaci\u00f3n y conocer las armas que tiene cada uno para poder enfrentarse al RETO y aportar cosas al equipo.<\/p>\n<p><img loading=\"lazy\" src=\"https:\/\/i0.wp.com\/retotmp.valnaloneduca.com\/wp-content\/uploads\/2019\/04\/trabajando2.jpg?resize=300%2C225\" alt=\"\" width=\"300\" height=\"225\" class=\"alignright size-medium wp-image-1006\" data-recalc-dims=\"1\" \/><\/p>\n<p>Hemos realizado diferentes din\u00e1micas para conocernos entre nosotros y con ello han explotado su creatividad, elaborando PROTOTIPOS, trabajando en equipo y todo con mucha iniciativa.<\/p>\n<p><img loading=\"lazy\" src=\"https:\/\/i2.wp.com\/retotmp.valnaloneduca.com\/wp-content\/uploads\/2019\/04\/pecha.jpg?resize=300%2C155\" alt=\"\" width=\"300\" height=\"155\" class=\"alignright size-medium wp-image-1004\" srcset=\"https:\/\/i2.wp.com\/retotmp.valnaloneduca.com\/wp-content\/uploads\/2019\/04\/pecha.jpg?w=926&amp;ssl=1 926w, https:\/\/i2.wp.com\/retotmp.valnaloneduca.com\/wp-content\/uploads\/2019\/04\/pecha.jpg?resize=300%2C155&amp;ssl=1 300w, https:\/\/i2.wp.com\/retotmp.valnaloneduca.com\/wp-content\/uploads\/2019\/04\/pecha.jpg?resize=768%2C396&amp;ssl=1 768w\" sizes=\"(max-width: 300px) 100vw, 300px\" data-recalc-dims=\"1\" \/><\/p>\n<p><img loading=\"lazy\" src=\"https:\/\/i2.wp.com\/retotmp.valnaloneduca.com\/wp-content\/uploads\/2019\/04\/proto0.jpg?resize=300%2C112\" alt=\"\" width=\"300\" height=\"112\" class=\"alignright size-medium wp-image-1005\" srcset=\"https:\/\/i2.wp.com\/retotmp.valnaloneduca.com\/wp-content\/uploads\/2019\/04\/proto0.jpg?w=1134&amp;ssl=1 1134w, https:\/\/i2.wp.com\/retotmp.valnaloneduca.com\/wp-content\/uploads\/2019\/04\/proto0.jpg?resize=300%2C112&amp;ssl=1 300w, https:\/\/i2.wp.com\/retotmp.valnaloneduca.com\/wp-content\/uploads\/2019\/04\/proto0.jpg?resize=1024%2C384&amp;ssl=1 1024w, https:\/\/i2.wp.com\/retotmp.valnaloneduca.com\/wp-content\/uploads\/2019\/04\/proto0.jpg?resize=768%2C288&amp;ssl=1 768w\" sizes=\"(max-width: 300px) 100vw, 300px\" data-recalc-dims=\"1\" \/><\/p>\n<p>Continuamos con el desarrollo de la metodolog\u00eda y nos centramos en las cinco fases.<br \/>\nProfundizamos en la EMPATIA y como utilizarla. <\/p>\n<p>Se han comprometido ha elaborar ENTREVISTAS, para la siguiente sesi\u00f3n, para poder encontrar un punto de inflexi\u00f3n y acercarnos a las posibles soluciones al RETO que nos han comunicado.<\/p>\n<p>Os seguimos informando&#8230;<\/p>\n","protected":false},"excerpt":{"rendered":"<p>Esta semana hemos empezado la 1\u00ba sesi\u00f3n del curso que vamos a realizar en el Colegio Virgen mediadora-Las Dominicas de<\/p>\n","protected":false},"author":3,"featured_media":0,"comment_status":"open","ping_status":"open","sticky":false,"template":"","format":"standard","meta":{"spay_email":""},"categories":[5,30],"tags":[],"jetpack_featured_media_url":"","jetpack-related-posts":[{"id":1117,"url":"https:\/\/retotmp.valnaloneduca.com\/?p=1117","url_meta":{"origin":1002,"position":0},"title":"DANDO SOLUCIONES","date":"mayo 13, 2019","format":false,"excerpt":"la tercera sesi\u00f3n del curso se ha basado en dar las soluciones a los miembros de la Asociaci\u00f3n de Antiguos Alumnos y a su profesor de econom\u00eda. los grupos han realizado presentaciones en power point con sus ideas y acompa\u00f1ados de prototipos de como serian sus diferentes acciones. Han comunicado\u2026","rel":"","context":"En \u00abColegio Virgen Mediadora-Dominicas\u00bb","img":{"alt_text":"","src":"https:\/\/i0.wp.com\/retotmp.valnaloneduca.com\/wp-content\/uploads\/2019\/05\/trabajando-1.jpg?resize=350%2C200","width":350,"height":200},"classes":[]},{"id":2171,"url":"https:\/\/retotmp.valnaloneduca.com\/?p=2171","url_meta":{"origin":1002,"position":1},"title":"COLEGIO VIRGEN MEDIADORA-LAS DOMINICAS-GIJ\u00d3N   2021-22","date":"abril 8, 2022","format":false,"excerpt":"En el mes de abril vamos a realizar\u00a0un RETO de Taller para Emprender (tmp) en el COLEGIO VIRGEN MEDIADORA-LAS DOMINICAS de Gij\u00f3n a dos cursos de 1\u00ba de bachiller a diferentes horas pero mismo d\u00eda. Hemos empezado\u00a0el RETO\u00a0con el alumnado de\u00a01\u00ba bachiller A y en las siguientes horas lo hicimos\u2026","rel":"","context":"En \u00abColegio Virgen mediadora las dominicas 2021-2022\u00bb","img":{"alt_text":"","src":"https:\/\/i1.wp.com\/retotmp.valnaloneduca.com\/wp-content\/uploads\/2022\/05\/Ideas-selcc.jpg?resize=350%2C200&ssl=1","width":350,"height":200},"classes":[]},{"id":2647,"url":"https:\/\/retotmp.valnaloneduca.com\/?p=2647","url_meta":{"origin":1002,"position":2},"title":"COLEGIO VIRGEN MEDIADORA-LAS DOMINICAS-GIJ\u00d3N 2023-24","date":"abril 10, 2024","format":false,"excerpt":"En el mes de abril realizamos\u00a0un RETO de Taller para Emprender (tmp) en el COLEGIO VIRGEN MEDIADORA-LAS DOMINICAS de Gij\u00f3n\u00a0a dos cursos de 1\u00ba de bachiller A y B Este a\u00f1o colaboramos con la\u00a0Asociaci\u00f3n Mercado Artesano y Ecol\u00f3gico\u00a0en cuya representaci\u00f3n acuden\u00a0Javier Ruiz-Cuevas\u00a0( presidente ) y\u00a0Vicen Sanz ( ceramista ) quienes\u2026","rel":"","context":"En \u00abColegio Virgen Mediadora-Dominicas 2023-24\u00bb","img":{"alt_text":"","src":"https:\/\/i2.wp.com\/retotmp.valnaloneduca.com\/wp-content\/uploads\/2024\/05\/g2.jpg?resize=350%2C200&ssl=1","width":350,"height":200},"classes":[]},{"id":2933,"url":"https:\/\/retotmp.valnaloneduca.com\/?p=2933","url_meta":{"origin":1002,"position":3},"title":"COLEGIO VIRGEN MEDIADORA-LAS DOMINICAS-GIJ\u00d3N 2025-26","date":"abril 14, 2026","format":false,"excerpt":"En el mes de abril estamos realizando\u00a0un RETO de Taller para Emprender (tmp) en el COLEGIO VIRGEN MEDIADORA-LAS DOMINICAS de Gij\u00f3n\u00a0a dos cursos de\u00a01\u00ba de bachiller A y B. Isabel G\u00f3mez-El Comercio Este a\u00f1o colaboramos con \u00a0El Comercio\u00a0, en cuya representaci\u00f3n acude Isabel G\u00f3mez, editora y estratega digital de la\u2026","rel":"","context":"En \u00abColegio Virgen Mediadora-Dominicas 2025-26\u00bb","img":{"alt_text":"","src":"https:\/\/i1.wp.com\/retotmp.valnaloneduca.com\/wp-content\/uploads\/2026\/04\/entrevistas.jpg?resize=350%2C200&ssl=1","width":350,"height":200},"classes":[]},{"id":2850,"url":"https:\/\/retotmp.valnaloneduca.com\/?p=2850","url_meta":{"origin":1002,"position":4},"title":"COLEGIO VIRGEN MEDIADORA-LAS DOMINICAS-GIJ\u00d3N 2024-25","date":"mayo 22, 2025","format":false,"excerpt":"En los meses de abril y mayo realizamos\u00a0un RETO de Taller para Emprender (tmp) en el COLEGIO VIRGEN MEDIADORA-LAS DOMINICAS de Gij\u00f3n\u00a0a dos cursos de\u00a01\u00ba de bachiller A y B. Empresa y Centro educativo Este a\u00f1o colaboramos con \u00a0Asturias Asesores\u00a0, en cuya representaci\u00f3n acude Ana Cancelas, Directora de AC Asturias\u2026","rel":"","context":"En \u00abColegio Virgen Mediadora-Dominicas 2024-25\u00bb","img":{"alt_text":"","src":"https:\/\/i0.wp.com\/retotmp.valnaloneduca.com\/wp-content\/uploads\/2025\/05\/1.jpg?resize=350%2C200&ssl=1","width":350,"height":200},"classes":[]},{"id":2452,"url":"https:\/\/retotmp.valnaloneduca.com\/?p=2452","url_meta":{"origin":1002,"position":5},"title":"COLEGIO VIRGEN MEDIADORA-LAS DOMINICAS-GIJ\u00d3N 2022-23","date":"abril 12, 2023","format":false,"excerpt":"En el mes de abril vamos a realizar\u00a0un RETO de Taller para Emprender (tmp) en el COLEGIO VIRGEN MEDIADORA-LAS DOMINICAS de Gij\u00f3n\u00a0a dos cursos de 1\u00ba de bachiller. Hemos empezado\u00a0el RETO\u00a0con el alumnado de\u00a01\u00ba bachiller\u00a0A\u00a0y en las siguientes d\u00edas lo haremos para\u00a01\u00ba bachiller B. En\u00a0la primera sesi\u00f3n\u00a0el\u00a0departamento de comunicaci\u00f3n\u00a0del centro\u2026","rel":"","context":"En \u00abColegio Virgen Mediadora-Dominicas 2022-23\u00bb","img":{"alt_text":"","src":"https:\/\/i2.wp.com\/retotmp.valnaloneduca.com\/wp-content\/uploads\/2023\/04\/RETO-3-PROFE.jpg?resize=350%2C200&ssl=1","width":350,"height":200},"classes":[]}],"_links":{"self":[{"href":"https:\/\/retotmp.valnaloneduca.com\/index.php?rest_route=\/wp\/v2\/posts\/1002"}],"collection":[{"href":"https:\/\/retotmp.valnaloneduca.com\/index.php?rest_route=\/wp\/v2\/posts"}],"about":[{"href":"https:\/\/retotmp.valnaloneduca.com\/index.php?rest_route=\/wp\/v2\/types\/post"}],"author":[{"embeddable":true,"href":"https:\/\/retotmp.valnaloneduca.com\/index.php?rest_route=\/wp\/v2\/users\/3"}],"replies":[{"embeddable":true,"href":"https:\/\/retotmp.valnaloneduca.com\/index.php?rest_route=%2Fwp%2Fv2%2Fcomments&post=1002"}],"version-history":[{"count":0,"href":"https:\/\/retotmp.valnaloneduca.com\/index.php?rest_route=\/wp\/v2\/posts\/1002\/revisions"}],"wp:attachment":[{"href":"https:\/\/retotmp.valnaloneduca.com\/index.php?rest_route=%2Fwp%2Fv2%2Fmedia&parent=1002"}],"wp:term":[{"taxonomy":"category","embeddable":true,"href":"https:\/\/retotmp.valnaloneduca.com\/index.php?rest_route=%2Fwp%2Fv2%2Fcategories&post=1002"},{"taxonomy":"post_tag","embeddable":true,"href":"https:\/\/retotmp.valnaloneduca.com\/index.php?rest_route=%2Fwp%2Fv2%2Ftags&post=1002"}],"curies":[{"name":"wp","href":"https:\/\/api.w.org\/{rel}","templated":true}]}}