{"id":1023,"date":"2019-04-29T11:42:12","date_gmt":"2019-04-29T11:42:12","guid":{"rendered":"https:\/\/retotmp.wordpress.com\/?p=1023"},"modified":"2019-04-29T11:42:12","modified_gmt":"2019-04-29T11:42:12","slug":"un-primer-acercamiento-a-los-recursos-del-territorio","status":"publish","type":"post","link":"https:\/\/retotmp.valnaloneduca.com\/?p=1023","title":{"rendered":"Un primer acercamiento a los recursos del territorio"},"content":{"rendered":"<p style=\"text-align:justify;\">Una vez m\u00e1s estamos en Cangas de Narcea, esta vez trabajaremos un RETO propuesto por los <strong>Servicios Sociales del Ayuntamiento<\/strong>. Esto nos dar\u00e1 la oportunidad de trabajar un reto real del entorno, estar en contacto con los recursos y profesionales con los que las estudiantes se encontrar\u00e1n en un futuro laboral pr\u00f3ximo y enfrertarse a una situaci\u00f3n real donde trataremos de dise\u00f1ar soluciones. Adem\u00e1s, aprenderemos a trabajar en equipo, una de las competencias que ha preocupado especialmente a este grupo de estudiantes.<\/p>\n<p>As\u00ed es que ya tenemos <strong>25 ALUMNAS<\/strong> que trabajar\u00e1n en<strong> 5 EQUIPOS<\/strong> ideas para <strong>fomentar la participaci\u00f3n activa de las personas mayores en el Concejo de Cangas de Narcea.<\/strong><\/p>\n<p><img loading=\"lazy\" class=\"alignnone size-full wp-image-1024\" src=\"https:\/\/i0.wp.com\/retotmp.valnaloneduca.com\/wp-content\/uploads\/2019\/04\/img_20190423_124524_699.jpg?resize=910%2C683\" alt=\"IMG_20190423_124524_699\" width=\"910\" height=\"683\" data-recalc-dims=\"1\" \/><\/p>\n<p style=\"text-align:justify;\">Y comenzamos compartiendo entre todas los recursos para personas mayores que conoc\u00edamos&#8230; el Centro de d\u00eda, centro social, la residencia Hogar San Jos\u00e9, el servicio de teleasistencia y de ayuda a domicilio, el programa Rompiendo Distancias y Tiempo Propio, algunas asociaciones como Obacho, Asociaci\u00f3n de Mujeres Moal, Asociaci\u00f3n Mujeres Campesinas, Grupo de teatro el Carmen&#8230;etc. As\u00ed como una primera impresi\u00f3n del perfil de las personas mayores del concejo en cuanto a intereses y dificultades de acceso a los recursos.<\/p>\n<p style=\"text-align:justify;\">Pero, deb\u00edamos conocer con detalle el perfil sociodemogr\u00e1fico del concejo as\u00ed que visitamos la p\u00e1gina del SADEI, Sociedad Asturiana de Estudios Econ\u00f3micos e Industriales, para conocer la estructura de la poblaci\u00f3n del concejo por edad y sexo. Y en la pr\u00f3xima sesi\u00f3n cada equipo presentar\u00e1 las conclusiones de las entrevistas que ha hecho a profesionales y personas mayores que nos ayudar\u00e1n a conocer detalles de su situaci\u00f3n as\u00ed como de los recursos de los que disponen en el territorio.<\/p>\n<p style=\"text-align:justify;\">Pr\u00f3ximamente&#8230;.<strong>entrevista con Concepci\u00f3n Rodr\u00edguez Carre\u00f1o, coordinadora de Servicios Sociales<\/strong><\/p>\n","protected":false},"excerpt":{"rendered":"<p>Una vez m\u00e1s estamos en Cangas de Narcea, esta vez trabajaremos un RETO propuesto por los Servicios Sociales del Ayuntamiento.<\/p>\n","protected":false},"author":4,"featured_media":0,"comment_status":"open","ping_status":"open","sticky":false,"template":"","format":"standard","meta":{"spay_email":""},"categories":[8,30],"tags":[],"jetpack_featured_media_url":"","jetpack-related-posts":[{"id":993,"url":"https:\/\/retotmp.valnaloneduca.com\/?p=993","url_meta":{"origin":1023,"position":0},"title":"El papel de los Servicios Sociales en Cangas de Narcea","date":"abril 16, 2019","format":false,"excerpt":"Volvemos del descanso de Semana Santa con las pilas cargadas... el primer d\u00eda ya vamos a comenzar un nuevo reto en el IES Cangas de Narcea. Esta vez con estudiantes del CFGM Cuidados Auxiliares de Enfermer\u00eda y de Gesti\u00f3n Administrativa. Casi 30 estudiantes que van a trabajar un reto propuesto\u2026","rel":"","context":"En \u00abIES Cangas de Narcea\u00bb","img":{"alt_text":"viejos","src":"https:\/\/i0.wp.com\/retotmp.valnaloneduca.com\/wp-content\/uploads\/2019\/04\/viejos.jpg?resize=350%2C200","width":350,"height":200},"classes":[]},{"id":1067,"url":"https:\/\/retotmp.valnaloneduca.com\/?p=1067","url_meta":{"origin":1023,"position":1},"title":"Encuentro con Servicios Sociales","date":"mayo 8, 2019","format":false,"excerpt":"Este reto nos ha dado la oportunidad de tener un encuentro muy interesante con Conchi, coordinadora de Servicios Sociales del ayuntamiento de Cangas de Narcea y Sara, responsable del programa Rompiendo Distancias.\u00a0 Hemos podido conocer en profundidad, los servicios y recursos disponibles en el concejo para las personas mayores as\u00ed\u2026","rel":"","context":"En \u00abIES Cangas de Narcea\u00bb","img":{"alt_text":"IMG_20190502_121226_003","src":"https:\/\/i0.wp.com\/retotmp.valnaloneduca.com\/wp-content\/uploads\/2019\/05\/img_20190502_121226_003.jpg?resize=350%2C200","width":350,"height":200},"classes":[]},{"id":1072,"url":"https:\/\/retotmp.valnaloneduca.com\/?p=1072","url_meta":{"origin":1023,"position":2},"title":"Narcea se mueve","date":"mayo 8, 2019","format":false,"excerpt":"Cangas de Narcea se mueve, est\u00e1 lleno de personas que tienen ideas y ganas de llevarlas a cabo, y as\u00ed se ha demostrado en el reto que hemos trabajado con Servicios Sociales del Ayuntamiento. Tras tan s\u00f3lo 2 d\u00edas de trabajo, 25 estudiantes de cuidados auxiliares de enfermer\u00eda y gesti\u00f3n\u2026","rel":"","context":"En \u00abIES Cangas de Narcea\u00bb","img":{"alt_text":"","src":"https:\/\/i1.wp.com\/retotmp.valnaloneduca.com\/wp-content\/uploads\/2019\/05\/img_20190507_134332_540-scaled.jpg?resize=350%2C200","width":350,"height":200},"classes":[]},{"id":894,"url":"https:\/\/retotmp.valnaloneduca.com\/?p=894","url_meta":{"origin":1023,"position":3},"title":"Propuestas en El Reguer\u00f3n","date":"abril 1, 2019","format":false,"excerpt":"Pocas sesiones pero, muchas ideas y ganas por presentarlas a Jes\u00fas, promotor de Autom\u00f3viles El Reguer\u00f3n. En el aula ultimamos los \u00faltimos detalles, perfilamos los prototipos e hicimos una primera evaluaci\u00f3n con el resto de compa\u00f1eros. Y finalmente nos presentamos en el concesionario con los prototipos preparados... \u00a0 \u00a0 Tres\u2026","rel":"","context":"En \u00abIES Cangas de Narcea\u00bb","img":{"alt_text":"","src":"https:\/\/i0.wp.com\/retotmp.valnaloneduca.com\/wp-content\/uploads\/2019\/04\/canvas-scaled.jpg?resize=350%2C200","width":350,"height":200},"classes":[]},{"id":815,"url":"https:\/\/retotmp.valnaloneduca.com\/?p=815","url_meta":{"origin":1023,"position":4},"title":"Presentacion equipo","date":"marzo 19, 2019","format":false,"excerpt":"Somos el equipo 6kRacing conformado por Mar\u00eda, Sim\u00f3n, Pedro y Marcos. Hoy visitamos Autom\u00f3viles El Regueron y nos explico como hacia el servicio de ITV hasta ahora. Tambi\u00e9n nos ense\u00f1o los recursos t\u00e9cnicos de los que dispon\u00eda.","rel":"","context":"En \u00abIES Cangas de Narcea\u00bb","img":{"alt_text":"","src":"https:\/\/i0.wp.com\/retotmp.valnaloneduca.com\/wp-content\/uploads\/2019\/03\/img-20190319-wa0003.jpg?resize=350%2C200","width":350,"height":200},"classes":[]},{"id":889,"url":"https:\/\/retotmp.valnaloneduca.com\/?p=889","url_meta":{"origin":1023,"position":5},"title":"\u00bfQui\u00e9n pagar\u00eda por un servicio pre-ITV?","date":"abril 1, 2019","format":false,"excerpt":"Para los estudiantes de un ciclo de electromec\u00e1nica pensar en clientela potencial para prestar un servicio de revisi\u00f3n pre-ITV y la posibilidad de que Autom\u00f3viles El Reguer\u00f3n lleve su veh\u00edculo a la ITV, resulta dif\u00edcil de asimilar... \u00bfQui\u00e9n pagar\u00eda por este servicio? Por eso, comenzamos el reto trabajando la EMPAT\u00cdA.\u2026","rel":"","context":"En \u00abIES Cangas de Narcea\u00bb","img":{"alt_text":"","src":"https:\/\/i2.wp.com\/retotmp.valnaloneduca.com\/wp-content\/uploads\/2019\/04\/narcea2-scaled.jpg?resize=350%2C200","width":350,"height":200},"classes":[]}],"_links":{"self":[{"href":"https:\/\/retotmp.valnaloneduca.com\/index.php?rest_route=\/wp\/v2\/posts\/1023"}],"collection":[{"href":"https:\/\/retotmp.valnaloneduca.com\/index.php?rest_route=\/wp\/v2\/posts"}],"about":[{"href":"https:\/\/retotmp.valnaloneduca.com\/index.php?rest_route=\/wp\/v2\/types\/post"}],"author":[{"embeddable":true,"href":"https:\/\/retotmp.valnaloneduca.com\/index.php?rest_route=\/wp\/v2\/users\/4"}],"replies":[{"embeddable":true,"href":"https:\/\/retotmp.valnaloneduca.com\/index.php?rest_route=%2Fwp%2Fv2%2Fcomments&post=1023"}],"version-history":[{"count":0,"href":"https:\/\/retotmp.valnaloneduca.com\/index.php?rest_route=\/wp\/v2\/posts\/1023\/revisions"}],"wp:attachment":[{"href":"https:\/\/retotmp.valnaloneduca.com\/index.php?rest_route=%2Fwp%2Fv2%2Fmedia&parent=1023"}],"wp:term":[{"taxonomy":"category","embeddable":true,"href":"https:\/\/retotmp.valnaloneduca.com\/index.php?rest_route=%2Fwp%2Fv2%2Fcategories&post=1023"},{"taxonomy":"post_tag","embeddable":true,"href":"https:\/\/retotmp.valnaloneduca.com\/index.php?rest_route=%2Fwp%2Fv2%2Ftags&post=1023"}],"curies":[{"name":"wp","href":"https:\/\/api.w.org\/{rel}","templated":true}]}}