{"id":1026,"date":"2019-05-03T08:23:40","date_gmt":"2019-05-03T08:23:40","guid":{"rendered":"https:\/\/retotmp.wordpress.com\/?p=1026"},"modified":"2019-05-03T08:23:40","modified_gmt":"2019-05-03T08:23:40","slug":"entrevistando","status":"publish","type":"post","link":"https:\/\/retotmp.valnaloneduca.com\/?p=1026","title":{"rendered":"ENTREVISTANDO"},"content":{"rendered":"<p>Hemos estado trabajando en las entrevistas que han realizado el alumnado para, entre todos , sacarle jugo y poder encaminarnos a posibles soluciones.<\/p>\n<p><img loading=\"lazy\" src=\"https:\/\/i1.wp.com\/retotmp.valnaloneduca.com\/wp-content\/uploads\/2019\/05\/pizarra.jpg?resize=300%2C225\" alt=\"\" width=\"300\" height=\"225\" class=\"alignright size-medium wp-image-1027\" data-recalc-dims=\"1\" \/><\/p>\n<p>A partir del desglose, hemos hablado entre todos como podriamos enfocar la tormenta de ideas y definir las m\u00e1s interesante. Los estudiantes lo han cogido con bastante entusiasmo y ha empezado el trabajo.<\/p>\n<p>Para la semana que viene se lo COMUNICAR\u00c1N a los responsables.<\/p>\n<p>Os vamos informando. <\/p>\n","protected":false},"excerpt":{"rendered":"<p>Hemos estado trabajando en las entrevistas que han realizado el alumnado para, entre todos , sacarle jugo y poder encaminarnos<\/p>\n","protected":false},"author":3,"featured_media":0,"comment_status":"open","ping_status":"open","sticky":false,"template":"","format":"standard","meta":{"spay_email":""},"categories":[5,30],"tags":[],"jetpack_featured_media_url":"","jetpack-related-posts":[{"id":2222,"url":"https:\/\/retotmp.valnaloneduca.com\/?p=2222","url_meta":{"origin":1026,"position":0},"title":"COLEGIO LA COROLLA GIJ\u00d3N 2021-22","date":"mayo 13, 2022","format":false,"excerpt":"En los meses de mayo y junio realizaremos\u00a0un RETO de Taller para Emprender (tmp) en el COLEGIO LA COROLLA de Gij\u00f3n. Estamos trabajando\u00a0con el alumnado del\u00a01\u00ba de bachiller, tutorizado por su profesora de econom\u00eda\u00a0Nuria A\u00f1\u00f3n Zapico. En\u00a0la primera sesi\u00f3n\u00a0la directora del centro educativo\u00a0les ha definido, al alumnado, el\u00a0RETO\u00a0que tienen que\u2026","rel":"","context":"En \u00abColegio La Corolla 2021-2022\u00bb","img":{"alt_text":"","src":"https:\/\/i0.wp.com\/retotmp.valnaloneduca.com\/wp-content\/uploads\/2022\/05\/IMG_20220505_123758.jpg?resize=350%2C200&ssl=1","width":350,"height":200},"classes":[]},{"id":2087,"url":"https:\/\/retotmp.valnaloneduca.com\/?p=2087","url_meta":{"origin":1026,"position":1},"title":"CIFP LABORAL GIJ\u00d3N 2021-22","date":"enero 20, 2022","format":false,"excerpt":"En los meses de enero y febrero realizamos\u00a0dos RETOS de Taller para Emprender (tmp) en el CIFP LA LABORAL de Gij\u00f3n. Hemos empezado el primer RETO con el alumnado del CFGS de administraci\u00f3n y finanzas, tutorizado por su profesor de econom\u00eda Sergio Alc\u00f3n. En\u00a0la primera sesi\u00f3n\u00a0la entidad VALNAL\u00d3N les ha\u2026","rel":"","context":"En \u00abCIFP LABORAL CURSO 21-22\u00bb","img":{"alt_text":"","src":"https:\/\/i0.wp.com\/retotmp.valnaloneduca.com\/wp-content\/uploads\/2022\/01\/IMG20220117130649.jpg?resize=350%2C200&ssl=1","width":350,"height":200},"classes":[]},{"id":2720,"url":"https:\/\/retotmp.valnaloneduca.com\/?p=2720","url_meta":{"origin":1026,"position":2},"title":"NORJOMI 2023-24","date":"mayo 27, 2024","format":false,"excerpt":"Comenzamos dos acciones\u00a0que vamos a realizar a lo largo de estos meses de mayo y junio en\u00a0NORJOMI-Asociaci\u00f3n Cultural Norte Joven Mieres-con los\u00a0proyectos Joven Oc\u00fapate y la Escuela Taller, que lo gestionan\u00a0Irene Granda y Pilar Torre. El alumnado que lo va a recibir ser\u00e1 los grupos\u00a0Auxiliar administrativo y de Carpinter\u00eda. El\u2026","rel":"","context":"En \u00abCurso 2023-2024\u00bb","img":{"alt_text":"","src":"https:\/\/i2.wp.com\/retotmp.valnaloneduca.com\/wp-content\/uploads\/2024\/06\/image-9.png?resize=350%2C200&ssl=1","width":350,"height":200},"classes":[]},{"id":1910,"url":"https:\/\/retotmp.valnaloneduca.com\/?p=1910","url_meta":{"origin":1026,"position":3},"title":"Reto ASINCAR: Administraci\u00f3n - Sesi\u00f3n 3","date":"mayo 12, 2020","format":false,"excerpt":"El Reto TMP planteado por ASINCAR llega a la \u00faltima sesi\u00f3n. Pero debido al cierre de las aulas a causa del Coronavirus ha sido imposible que la presentaci\u00f3n de propuestas para resolver el reto se pudiera llevar a cabo tal y como estaba prevista de manera presencial el 19 de\u2026","rel":"","context":"En \u00abIES Nore\u00f1a 2019-2020\u00bb","img":{"alt_text":"reto_asincar_nore\u00c3\u00b1a2_sesion3","src":"https:\/\/i0.wp.com\/retotmp.valnaloneduca.com\/wp-content\/uploads\/2020\/05\/reto_asincar_norec3b1a2_sesion3-1.jpg?resize=350%2C200","width":350,"height":200},"classes":[]},{"id":2802,"url":"https:\/\/retotmp.valnaloneduca.com\/?p=2802","url_meta":{"origin":1026,"position":4},"title":"RETO TMP DEALI IES INFIESTO","date":"febrero 26, 2025","format":false,"excerpt":"Durante el curso 2024-25 y 2025-26 vamos a colaborar con el profesor Tom\u00e1s Fern\u00e1ndez Hern\u00e1ndez y su alumnado de CFGM de Gesti\u00f3n Administrativa del IES INFIESTO, en el reto de realizar acciones para reducir el desperdicio alimenticio en el concejo de Pilo\u00f1a. Han denominado el proyecto como DEALI ( desperdicio\u2026","rel":"","context":"En \u00abCurso 2024-2025\u00bb","img":{"alt_text":"","src":"https:\/\/i0.wp.com\/retotmp.valnaloneduca.com\/wp-content\/uploads\/2025\/02\/2.jpg?resize=350%2C200&ssl=1","width":350,"height":200},"classes":[]},{"id":2335,"url":"https:\/\/retotmp.valnaloneduca.com\/?p=2335","url_meta":{"origin":1026,"position":5},"title":"IES INFIESTO 2022-23","date":"marzo 8, 2023","format":false,"excerpt":"En el mes de marzo vamos a realizar\u00a0un RETO de Taller para Emprender (tmp) en el IES INFIESTO de Infiesto. Va dirigido a\u00a0alumnado del\u00a01\u00ba y 2\u00ba de CFGM Gesti\u00f3n Administrativa, tutorizado por su profesora de econom\u00eda\u00a0Ana Rosa M\u00fa\u00f1iz. En\u00a0la primera sesi\u00f3n\u00a0el alcalde del Ayuntamiento de Pilo\u00f1a, Don Iv\u00e1n Allende Tora\u00f1o,\u2026","rel":"","context":"En \u00abCurso 2022-2023\u00bb","img":{"alt_text":"","src":"https:\/\/i2.wp.com\/retotmp.valnaloneduca.com\/wp-content\/uploads\/2023\/05\/arkous.jpg?resize=350%2C200&ssl=1","width":350,"height":200},"classes":[]}],"_links":{"self":[{"href":"https:\/\/retotmp.valnaloneduca.com\/index.php?rest_route=\/wp\/v2\/posts\/1026"}],"collection":[{"href":"https:\/\/retotmp.valnaloneduca.com\/index.php?rest_route=\/wp\/v2\/posts"}],"about":[{"href":"https:\/\/retotmp.valnaloneduca.com\/index.php?rest_route=\/wp\/v2\/types\/post"}],"author":[{"embeddable":true,"href":"https:\/\/retotmp.valnaloneduca.com\/index.php?rest_route=\/wp\/v2\/users\/3"}],"replies":[{"embeddable":true,"href":"https:\/\/retotmp.valnaloneduca.com\/index.php?rest_route=%2Fwp%2Fv2%2Fcomments&post=1026"}],"version-history":[{"count":0,"href":"https:\/\/retotmp.valnaloneduca.com\/index.php?rest_route=\/wp\/v2\/posts\/1026\/revisions"}],"wp:attachment":[{"href":"https:\/\/retotmp.valnaloneduca.com\/index.php?rest_route=%2Fwp%2Fv2%2Fmedia&parent=1026"}],"wp:term":[{"taxonomy":"category","embeddable":true,"href":"https:\/\/retotmp.valnaloneduca.com\/index.php?rest_route=%2Fwp%2Fv2%2Fcategories&post=1026"},{"taxonomy":"post_tag","embeddable":true,"href":"https:\/\/retotmp.valnaloneduca.com\/index.php?rest_route=%2Fwp%2Fv2%2Ftags&post=1026"}],"curies":[{"name":"wp","href":"https:\/\/api.w.org\/{rel}","templated":true}]}}