{"id":1046,"date":"2019-05-07T08:11:57","date_gmt":"2019-05-07T08:11:57","guid":{"rendered":"https:\/\/retotmp.wordpress.com\/?p=1046"},"modified":"2019-05-07T08:11:57","modified_gmt":"2019-05-07T08:11:57","slug":"norjomi-carpinteria","status":"publish","type":"post","link":"https:\/\/retotmp.valnaloneduca.com\/?p=1046","title":{"rendered":"CONSTRUYENDO-CARPINTER\u00cdA"},"content":{"rendered":"<p>Comenzamos una serie de cursos que realizaremos a lo largo de este mes en NORJOMI-Asociaci\u00f3n Cultural Norte Joven Mieres. El alumnado que lo va a recibir sera el grupo de Carpinter\u00eda y el de Grabaci\u00f3n de datos.<\/p>\n<p>Hoy la 1\u00ba sesi\u00f3n del curso de TMP estar\u00e1 dirigida al alumnado de Carpinter\u00eda .<\/p>\n<p>El RETO se basa en aportar ideas de como ser\u00eda un taller de carpinteria bajo estas premisas: Sostenible, utilizando maquinaria manual, materiales reciclados y sin usar electricidad.<\/p>\n<p>Nos hemos presentado y formado los grupos realizamos un DAFO para conocernos.<\/p>\n<p>Cada grupo ha salido a COMUNICAR dicho DAFO y a defenderlo. Entre todos han visto con que fortalezas y oportunidades pueden tener y tambien con que amenazas y debilidades pueden enfrentarse.<\/p>\n<p><img loading=\"lazy\" src=\"https:\/\/i1.wp.com\/retotmp.valnaloneduca.com\/wp-content\/uploads\/2019\/05\/materiales-torrre.jpg?resize=300%2C225\" alt=\"\" width=\"300\" height=\"225\" class=\"alignright size-medium wp-image-1056\" data-recalc-dims=\"1\" \/><\/p>\n<p>Para valorar las capacidades y habilidades de los equipos, se plantea crear una torre con unos materiales determinados y con un tiempo limitado para realizarla y con el fin que aguante un peso determinado.<\/p>\n<p>Todas las torres ha soportado el peso y cada una ten\u00eda su toque de ingener\u00eda. Se lo han trabajado a pesar del escaso tiempo y la limitaci\u00f3n de materiales.<\/p>\n<p>La experiencia ha sido muy positiva y se vio muchas habilidades en dicha din\u00e1mica.<\/p>\n<p><img loading=\"lazy\" src=\"https:\/\/i2.wp.com\/retotmp.valnaloneduca.com\/wp-content\/uploads\/2019\/05\/trabajando-bn.jpg?resize=300%2C116\" alt=\"\" width=\"300\" height=\"116\" class=\"alignright size-medium wp-image-1058\" srcset=\"https:\/\/i2.wp.com\/retotmp.valnaloneduca.com\/wp-content\/uploads\/2019\/05\/trabajando-bn.jpg?w=882&amp;ssl=1 882w, https:\/\/i2.wp.com\/retotmp.valnaloneduca.com\/wp-content\/uploads\/2019\/05\/trabajando-bn.jpg?resize=300%2C116&amp;ssl=1 300w, https:\/\/i2.wp.com\/retotmp.valnaloneduca.com\/wp-content\/uploads\/2019\/05\/trabajando-bn.jpg?resize=768%2C296&amp;ssl=1 768w\" sizes=\"(max-width: 300px) 100vw, 300px\" data-recalc-dims=\"1\" \/><br \/>\n<img loading=\"lazy\" src=\"https:\/\/i2.wp.com\/retotmp.valnaloneduca.com\/wp-content\/uploads\/2019\/05\/torrebrazo.jpg?resize=300%2C229\" alt=\"\" width=\"300\" height=\"229\" class=\"alignright size-medium wp-image-1057\" srcset=\"https:\/\/i2.wp.com\/retotmp.valnaloneduca.com\/wp-content\/uploads\/2019\/05\/torrebrazo.jpg?w=355&amp;ssl=1 355w, https:\/\/i2.wp.com\/retotmp.valnaloneduca.com\/wp-content\/uploads\/2019\/05\/torrebrazo.jpg?resize=300%2C229&amp;ssl=1 300w\" sizes=\"(max-width: 300px) 100vw, 300px\" data-recalc-dims=\"1\" \/><\/p>\n<p>Profundizamos en la metodolog\u00eda para dar sentido al curso y les he explicado como realizar ENTREVISTAS y la importancia que tiene para poder continuar en la siguiente sesi\u00f3n.<\/p>\n<p>Os seguiremos informando.<\/p>\n","protected":false},"excerpt":{"rendered":"<p>Comenzamos una serie de cursos que realizaremos a lo largo de este mes en NORJOMI-Asociaci\u00f3n Cultural Norte Joven Mieres. El<\/p>\n","protected":false},"author":3,"featured_media":0,"comment_status":"open","ping_status":"open","sticky":false,"template":"","format":"standard","meta":{"spay_email":""},"categories":[29,30],"tags":[],"jetpack_featured_media_url":"","jetpack-related-posts":[{"id":1184,"url":"https:\/\/retotmp.valnaloneduca.com\/?p=1184","url_meta":{"origin":1046,"position":0},"title":"COMUNICANDO-CARPINTER\u00cdA","date":"mayo 27, 2019","format":false,"excerpt":"Hemos realizado la \u00faltima sesi\u00f3n del curso TMP para el alumnado de CARPINTER\u00cdA en NORJOMI. Defendieron su plan de empresa basado en la realizaci\u00f3n de un taller de carpinter\u00eda sostenible. Los estudiantes se lo ha trabajado y se lo han expuesto a Jaime, mentor del taller de empleo. Ha tomado\u2026","rel":"","context":"En \u00abNorjomi\u00bb","img":{"alt_text":"","src":"","width":0,"height":0},"classes":[]},{"id":1173,"url":"https:\/\/retotmp.valnaloneduca.com\/?p=1173","url_meta":{"origin":1046,"position":1},"title":"DEFINIENDO-CARPINTER\u00cdA","date":"mayo 21, 2019","format":false,"excerpt":"Hemos realizado la segunda sesi\u00f3n del curso de TMP en NORJOMI. Definimos las entrevistas y valoramos en conjunto las respuestas para ir encaminado las soluciones al RETO que nos han marcado. Elaboramos una TORMENTA DE IDEAS y lo analizamos. Vamos a desarrollar la idea apoyandonos en un documnento donde definamos\u2026","rel":"","context":"En \u00abNorjomi\u00bb","img":{"alt_text":"","src":"https:\/\/i0.wp.com\/retotmp.valnaloneduca.com\/wp-content\/uploads\/2019\/05\/entrevistas.jpg?resize=350%2C200","width":350,"height":200},"classes":[]},{"id":2720,"url":"https:\/\/retotmp.valnaloneduca.com\/?p=2720","url_meta":{"origin":1046,"position":2},"title":"NORJOMI 2023-24","date":"mayo 27, 2024","format":false,"excerpt":"Comenzamos dos acciones\u00a0que vamos a realizar a lo largo de estos meses de mayo y junio en\u00a0NORJOMI-Asociaci\u00f3n Cultural Norte Joven Mieres-con los\u00a0proyectos Joven Oc\u00fapate y la Escuela Taller, que lo gestionan\u00a0Irene Granda y Pilar Torre. El alumnado que lo va a recibir ser\u00e1 los grupos\u00a0Auxiliar administrativo y de Carpinter\u00eda. El\u2026","rel":"","context":"En \u00abCurso 2023-2024\u00bb","img":{"alt_text":"","src":"https:\/\/i2.wp.com\/retotmp.valnaloneduca.com\/wp-content\/uploads\/2024\/06\/image-9.png?resize=350%2C200&ssl=1","width":350,"height":200},"classes":[]},{"id":2893,"url":"https:\/\/retotmp.valnaloneduca.com\/?p=2893","url_meta":{"origin":1046,"position":3},"title":"NORJOMI 2024-25","date":"mayo 29, 2025","format":false,"excerpt":"Empezamos\u00a0dos acciones\u00a0que vamos a realizar a lo largo de estos meses de mayo y junio en\u00a0NORJOMI-Asociaci\u00f3n Cultural Norte Joven Mieres-con los\u00a0proyectos Joven Oc\u00fapate\u00a0, que lo gestiona\u00a0Irene Granda\u00a0. El alumnado que lo va a recibir ser\u00e1 los grupos\u00a0Auxiliar administrativo y de Carpinter\u00eda. El reto\u00a0de\u00a0Norjomi\u00a0para los dos grupos es el siguiente: Desde\u2026","rel":"","context":"En \u00abCurso 2024-2025\u00bb","img":{"alt_text":"","src":"https:\/\/i1.wp.com\/retotmp.valnaloneduca.com\/wp-content\/uploads\/2025\/05\/Foto-reto.jpg?resize=350%2C200&ssl=1","width":350,"height":200},"classes":[]},{"id":1153,"url":"https:\/\/retotmp.valnaloneduca.com\/?p=1153","url_meta":{"origin":1046,"position":4},"title":"CONSTRUYENDO-GESTI\u00d3N DE DATOS","date":"mayo 17, 2019","format":false,"excerpt":"Hemos empezado la 1\u00ba sesi\u00f3n del curso TMP dirigido al alumnado de GESTI\u00d3N DE DATOS. Nos ha comunicado el RETO, su profesor Manuel, basado en crear un estudio para definir el patrimonio industrial de Mieres digitaliz\u00e1ndolo, fotografi\u00e1ndolo, escane\u00e1ndolo y document\u00e1ndolo. Para conocernos hicimos una ronda de presentaciones y realizamos un\u2026","rel":"","context":"En \u00abNorjomi\u00bb","img":{"alt_text":"","src":"https:\/\/i1.wp.com\/retotmp.valnaloneduca.com\/wp-content\/uploads\/2019\/05\/manualidades3.jpg?resize=350%2C200","width":350,"height":200},"classes":[]},{"id":2342,"url":"https:\/\/retotmp.valnaloneduca.com\/?p=2342","url_meta":{"origin":1046,"position":5},"title":"NORJOMI 2022-23","date":"marzo 8, 2023","format":false,"excerpt":"Comenzamos un RETO que realizaremos a lo largo de este mes de marzo en NORJOMI-Asociaci\u00f3n Cultural Norte Joven Mieres, con el proyecto Joven Oc\u00fapate, que lo gestiona Irene Granda Gonz\u00e1lez . El alumnado que lo va a recibir ser\u00e1 el grupo Grabaci\u00f3n de datos. El RETO nos lo define Marcos\u2026","rel":"","context":"En \u00abCurso 2022-2023\u00bb","img":{"alt_text":"","src":"https:\/\/i2.wp.com\/retotmp.valnaloneduca.com\/wp-content\/uploads\/2023\/03\/20230307_141413.jpg?resize=350%2C200&ssl=1","width":350,"height":200},"classes":[]}],"_links":{"self":[{"href":"https:\/\/retotmp.valnaloneduca.com\/index.php?rest_route=\/wp\/v2\/posts\/1046"}],"collection":[{"href":"https:\/\/retotmp.valnaloneduca.com\/index.php?rest_route=\/wp\/v2\/posts"}],"about":[{"href":"https:\/\/retotmp.valnaloneduca.com\/index.php?rest_route=\/wp\/v2\/types\/post"}],"author":[{"embeddable":true,"href":"https:\/\/retotmp.valnaloneduca.com\/index.php?rest_route=\/wp\/v2\/users\/3"}],"replies":[{"embeddable":true,"href":"https:\/\/retotmp.valnaloneduca.com\/index.php?rest_route=%2Fwp%2Fv2%2Fcomments&post=1046"}],"version-history":[{"count":0,"href":"https:\/\/retotmp.valnaloneduca.com\/index.php?rest_route=\/wp\/v2\/posts\/1046\/revisions"}],"wp:attachment":[{"href":"https:\/\/retotmp.valnaloneduca.com\/index.php?rest_route=%2Fwp%2Fv2%2Fmedia&parent=1046"}],"wp:term":[{"taxonomy":"category","embeddable":true,"href":"https:\/\/retotmp.valnaloneduca.com\/index.php?rest_route=%2Fwp%2Fv2%2Fcategories&post=1046"},{"taxonomy":"post_tag","embeddable":true,"href":"https:\/\/retotmp.valnaloneduca.com\/index.php?rest_route=%2Fwp%2Fv2%2Ftags&post=1046"}],"curies":[{"name":"wp","href":"https:\/\/api.w.org\/{rel}","templated":true}]}}