{"id":1117,"date":"2019-05-13T06:58:26","date_gmt":"2019-05-13T06:58:26","guid":{"rendered":"https:\/\/retotmp.wordpress.com\/?p=1117"},"modified":"2019-05-13T06:58:26","modified_gmt":"2019-05-13T06:58:26","slug":"dando-soluciones","status":"publish","type":"post","link":"https:\/\/retotmp.valnaloneduca.com\/?p=1117","title":{"rendered":"DANDO SOLUCIONES"},"content":{"rendered":"<p>la tercera sesi\u00f3n del curso se ha basado en dar las soluciones a los miembros de la Asociaci\u00f3n de Antiguos Alumnos y a su profesor de econom\u00eda.<\/p>\n<p><img loading=\"lazy\" src=\"https:\/\/i0.wp.com\/retotmp.valnaloneduca.com\/wp-content\/uploads\/2019\/05\/trabajando-1.jpg?resize=300%2C225\" alt=\"\" width=\"300\" height=\"225\" class=\"alignright size-medium wp-image-1118\" data-recalc-dims=\"1\" \/><\/p>\n<p>los grupos han realizado presentaciones en power point con sus ideas y acompa\u00f1ados de prototipos de como serian sus diferentes acciones.<\/p>\n<p><img loading=\"lazy\" src=\"https:\/\/i2.wp.com\/retotmp.valnaloneduca.com\/wp-content\/uploads\/2019\/05\/asocfer.jpg?resize=225%2C300\" alt=\"\" width=\"225\" height=\"300\" class=\"alignright size-medium wp-image-1119\" data-recalc-dims=\"1\" \/><\/p>\n<p>Han comunicado desde la posibilidad de crear diferentes aplicaciones para facilitar el trabajo a la asociaci\u00f3n, fidelizar a los asociados mediante acciones de quedadas, gymkanas, actividades deportivas, reuniones, jornadas abiertas para ense\u00f1ar el centro y recordar viejos tiempos, etc..<\/p>\n<p><img loading=\"lazy\" src=\"https:\/\/i2.wp.com\/retotmp.valnaloneduca.com\/wp-content\/uploads\/2019\/05\/exp2.jpg?resize=300%2C225\" alt=\"\" width=\"300\" height=\"225\" class=\"alignright size-medium wp-image-1120\" data-recalc-dims=\"1\" \/><\/p>\n<p>Se ha realizado una peque\u00f1a mesa redonda entre todos, despues de las presentaciones, y salieron otras ideas como DOMINICAS POR EL MUNDO para crear redes entre todos y la importancia de tener una asociaci\u00f3n para el centro, la familia y el alumnado.<\/p>\n<p>Agradecer al centro y a la asociaci\u00f3n de antiguos alumnos por la disponibilidad de realizar el curso y al profesor de econom\u00eda, Fernando L\u00f3pez, por su implicaci\u00f3n.<\/p>\n<p>Os ponemos el enlace del blog del centro http:\/\/dominicasxixon.blogspot.com\/2019\/05\/talleres-de-emprendimiento-instituto.html donde se explica el desarrollo de la actividad.<\/p>\n","protected":false},"excerpt":{"rendered":"<p>la tercera sesi\u00f3n del curso se ha basado en dar las soluciones a los miembros de la Asociaci\u00f3n de Antiguos<\/p>\n","protected":false},"author":3,"featured_media":0,"comment_status":"open","ping_status":"open","sticky":false,"template":"","format":"standard","meta":{"spay_email":""},"categories":[5,30],"tags":[],"jetpack_featured_media_url":"","jetpack-related-posts":[{"id":1002,"url":"https:\/\/retotmp.valnaloneduca.com\/?p=1002","url_meta":{"origin":1117,"position":0},"title":"Creando Redes y Prototipando","date":"abril 26, 2019","format":false,"excerpt":"Esta semana hemos empezado la 1\u00ba sesi\u00f3n del curso que vamos a realizar en el Colegio Virgen mediadora-Las Dominicas de Gij\u00f3n. El RETO nos lo ha puesto la ASOCIACION DE ANTIGUOS ALUMNOS del centro donde quieren que le ayudemos a desarrollar acciones y dar ideas para expandirse como asociaci\u00f3n y\u2026","rel":"","context":"En \u00abColegio Virgen Mediadora-Dominicas\u00bb","img":{"alt_text":"","src":"https:\/\/i0.wp.com\/retotmp.valnaloneduca.com\/wp-content\/uploads\/2019\/04\/logo-asociacion.jpg?resize=350%2C200","width":350,"height":200},"classes":[]},{"id":2421,"url":"https:\/\/retotmp.valnaloneduca.com\/?p=2421","url_meta":{"origin":1117,"position":1},"title":"IES Doctor Fleming 2022-2023","date":"marzo 7, 2023","format":false,"excerpt":"En el presente curso escolar y como viene siendo habitual desde el curso 2019-2020, el IES Doctor Fleming (Oviedo) particip\u00f3 en el proyecto Reto TMP, actividad organizada por Valnal\u00f3n y dirigida a estudiantes de 1\u00ba Bachillerato (en este caso dos grupos de Humanidades y Ciencias Sociales). En el presente curso\u2026","rel":"","context":"En \u00abCurso 2022-2023\u00bb","img":{"alt_text":"","src":"https:\/\/i0.wp.com\/retotmp.valnaloneduca.com\/wp-content\/uploads\/2023\/04\/sesion1.jpg?resize=350%2C200&ssl=1","width":350,"height":200},"classes":[]},{"id":2443,"url":"https:\/\/retotmp.valnaloneduca.com\/?p=2443","url_meta":{"origin":1117,"position":2},"title":"IES La Er\u00eda 2022-2023","date":"marzo 30, 2023","format":false,"excerpt":"Durante el mes de marzo del curso 2022-2023 el grupo de 1\u00ba de Ciclo Formativo de Grado Superior Gesti\u00f3n de Ventas y Espacios Comerciales del IES La Er\u00eda (Oviedo), con un total de 18 estudiantes, particip\u00f3 en el proyecto Reto TMP, actividad organizada por Valnal\u00f3n. Para la realizaci\u00f3n de este\u2026","rel":"","context":"En \u00abCurso 2022-2023\u00bb","img":{"alt_text":"","src":"https:\/\/i1.wp.com\/retotmp.valnaloneduca.com\/wp-content\/uploads\/2023\/04\/reto_ies_la_eria-1.jpg?resize=350%2C200&ssl=1","width":350,"height":200},"classes":[]},{"id":2647,"url":"https:\/\/retotmp.valnaloneduca.com\/?p=2647","url_meta":{"origin":1117,"position":3},"title":"COLEGIO VIRGEN MEDIADORA-LAS DOMINICAS-GIJ\u00d3N 2023-24","date":"abril 10, 2024","format":false,"excerpt":"En el mes de abril realizamos\u00a0un RETO de Taller para Emprender (tmp) en el COLEGIO VIRGEN MEDIADORA-LAS DOMINICAS de Gij\u00f3n\u00a0a dos cursos de 1\u00ba de bachiller A y B Este a\u00f1o colaboramos con la\u00a0Asociaci\u00f3n Mercado Artesano y Ecol\u00f3gico\u00a0en cuya representaci\u00f3n acuden\u00a0Javier Ruiz-Cuevas\u00a0( presidente ) y\u00a0Vicen Sanz ( ceramista ) quienes\u2026","rel":"","context":"En \u00abColegio Virgen Mediadora-Dominicas 2023-24\u00bb","img":{"alt_text":"","src":"https:\/\/i2.wp.com\/retotmp.valnaloneduca.com\/wp-content\/uploads\/2024\/05\/g2.jpg?resize=350%2C200&ssl=1","width":350,"height":200},"classes":[]},{"id":983,"url":"https:\/\/retotmp.valnaloneduca.com\/?p=983","url_meta":{"origin":1117,"position":4},"title":"DENOMINACI\u00d3N DE ORIGEN YA-RETO CF","date":"abril 10, 2019","format":false,"excerpt":"Hemos realizado la ultima sesi\u00f3n y el alumnado a expuesto sus soluciones a su profesora de FOL. Tras sacarle jugo a las entrevistas, realizamos una tormenta de ideas y los estudiantes eligieron las mejores. A partir de la selecci\u00f3n, las desarrollaron y realizaron un power point para comunicarselas a su\u2026","rel":"","context":"En \u00abIES Infiesto\u00bb","img":{"alt_text":"","src":"https:\/\/i0.wp.com\/retotmp.valnaloneduca.com\/wp-content\/uploads\/2019\/04\/pizarra-1.jpg?resize=350%2C200","width":350,"height":200},"classes":[]},{"id":2893,"url":"https:\/\/retotmp.valnaloneduca.com\/?p=2893","url_meta":{"origin":1117,"position":5},"title":"NORJOMI 2024-25","date":"mayo 29, 2025","format":false,"excerpt":"Empezamos\u00a0dos acciones\u00a0que vamos a realizar a lo largo de estos meses de mayo y junio en\u00a0NORJOMI-Asociaci\u00f3n Cultural Norte Joven Mieres-con los\u00a0proyectos Joven Oc\u00fapate\u00a0, que lo gestiona\u00a0Irene Granda\u00a0. El alumnado que lo va a recibir ser\u00e1 los grupos\u00a0Auxiliar administrativo y de Carpinter\u00eda. El reto\u00a0de\u00a0Norjomi\u00a0para los dos grupos es el siguiente: Desde\u2026","rel":"","context":"En \u00abCurso 2024-2025\u00bb","img":{"alt_text":"","src":"https:\/\/i1.wp.com\/retotmp.valnaloneduca.com\/wp-content\/uploads\/2025\/05\/Foto-reto.jpg?resize=350%2C200&ssl=1","width":350,"height":200},"classes":[]}],"_links":{"self":[{"href":"https:\/\/retotmp.valnaloneduca.com\/index.php?rest_route=\/wp\/v2\/posts\/1117"}],"collection":[{"href":"https:\/\/retotmp.valnaloneduca.com\/index.php?rest_route=\/wp\/v2\/posts"}],"about":[{"href":"https:\/\/retotmp.valnaloneduca.com\/index.php?rest_route=\/wp\/v2\/types\/post"}],"author":[{"embeddable":true,"href":"https:\/\/retotmp.valnaloneduca.com\/index.php?rest_route=\/wp\/v2\/users\/3"}],"replies":[{"embeddable":true,"href":"https:\/\/retotmp.valnaloneduca.com\/index.php?rest_route=%2Fwp%2Fv2%2Fcomments&post=1117"}],"version-history":[{"count":0,"href":"https:\/\/retotmp.valnaloneduca.com\/index.php?rest_route=\/wp\/v2\/posts\/1117\/revisions"}],"wp:attachment":[{"href":"https:\/\/retotmp.valnaloneduca.com\/index.php?rest_route=%2Fwp%2Fv2%2Fmedia&parent=1117"}],"wp:term":[{"taxonomy":"category","embeddable":true,"href":"https:\/\/retotmp.valnaloneduca.com\/index.php?rest_route=%2Fwp%2Fv2%2Fcategories&post=1117"},{"taxonomy":"post_tag","embeddable":true,"href":"https:\/\/retotmp.valnaloneduca.com\/index.php?rest_route=%2Fwp%2Fv2%2Ftags&post=1117"}],"curies":[{"name":"wp","href":"https:\/\/api.w.org\/{rel}","templated":true}]}}