{"id":1125,"date":"2019-05-15T09:10:07","date_gmt":"2019-05-15T09:10:07","guid":{"rendered":"https:\/\/retotmp.wordpress.com\/?p=1125"},"modified":"2019-05-15T09:10:07","modified_gmt":"2019-05-15T09:10:07","slug":"presentacion","status":"publish","type":"post","link":"https:\/\/retotmp.valnaloneduca.com\/?p=1125","title":{"rendered":"Presentaci\u00f3n Bimasa Brothers"},"content":{"rendered":"<p style=\"text-align:justify;\">Hola, buenos d\u00edas somos el grupo Bimasa Brothers de reciente creaci\u00f3n, los cuales nos sentimos cien por cien involucrados en el tema del sedentarismo. Nos parece un tema serio que necesita soluciones, por eso estamos aqu\u00ed.<br \/>\nUn saludo, el equipo Bimasa Brothers.<\/p>\n<p><a href=\"https:\/\/i0.wp.com\/retotmp.valnaloneduca.com\/wp-content\/uploads\/2019\/05\/img-20190515-wa0004.jpg\"><img loading=\"lazy\" class=\"alignnone size-full wp-image-1126\" src=\"https:\/\/i0.wp.com\/retotmp.valnaloneduca.com\/wp-content\/uploads\/2019\/05\/img-20190515-wa0004.jpg?resize=676%2C615\" alt=\"\" width=\"676\" height=\"615\" srcset=\"https:\/\/i0.wp.com\/retotmp.valnaloneduca.com\/wp-content\/uploads\/2019\/05\/img-20190515-wa0004.jpg?w=1080&amp;ssl=1 1080w, https:\/\/i0.wp.com\/retotmp.valnaloneduca.com\/wp-content\/uploads\/2019\/05\/img-20190515-wa0004.jpg?resize=300%2C273&amp;ssl=1 300w, https:\/\/i0.wp.com\/retotmp.valnaloneduca.com\/wp-content\/uploads\/2019\/05\/img-20190515-wa0004.jpg?resize=1024%2C931&amp;ssl=1 1024w, https:\/\/i0.wp.com\/retotmp.valnaloneduca.com\/wp-content\/uploads\/2019\/05\/img-20190515-wa0004.jpg?resize=768%2C698&amp;ssl=1 768w\" sizes=\"(max-width: 676px) 100vw, 676px\" data-recalc-dims=\"1\" \/><\/a><\/p>\n","protected":false},"excerpt":{"rendered":"<p>Hola, buenos d\u00edas somos el grupo Bimasa Brothers de reciente creaci\u00f3n, los cuales nos sentimos cien por cien involucrados en<\/p>\n","protected":false},"author":3,"featured_media":0,"comment_status":"open","ping_status":"open","sticky":false,"template":"","format":"standard","meta":{"spay_email":""},"categories":[9,30],"tags":[],"jetpack_featured_media_url":"","jetpack-related-posts":[{"id":1252,"url":"https:\/\/retotmp.valnaloneduca.com\/?p=1252","url_meta":{"origin":1125,"position":0},"title":"Estudio del sedentarismo en los estudiantes","date":"junio 6, 2019","format":false,"excerpt":"En las encuestas realizadas por BIMASA Brothers, el mayor porcentaje de todas las personas que respondieron han sido hombres entre 15 y 25 a\u00f1os. El 70% de los entrevistados practican deporte y el 30% no, por ning\u00fan motivo en concreto. De las personas que no lo practican la mayor\u00eda contestan\u2026","rel":"","context":"En \u00abIES Carmen y Severo Ochoa\u00bb","img":{"alt_text":"","src":"https:\/\/i1.wp.com\/retotmp.valnaloneduca.com\/wp-content\/uploads\/2019\/06\/img_20190522_094718_241-scaled.jpg?resize=350%2C200","width":350,"height":200},"classes":[]},{"id":640,"url":"https:\/\/retotmp.valnaloneduca.com\/?p=640","url_meta":{"origin":1125,"position":1},"title":"Entrevista realizada por el \"Equipo A\" a j\u00f3venes de distintas edades","date":"febrero 18, 2019","format":false,"excerpt":"Esta semana, hemos realizado una encuesta a j\u00f3venes de entre 12-19 a\u00f1os pertenecientes a asociaciones juveniles. Muchos de ellos han coincidido en que les gusta asistir a las reuniones que organizan por pasar tiempo con sus amigos, tratar temas que les preocupan, ayudar a las dem\u00e1s personas que asisten, y\u2026","rel":"","context":"En \u00abIES N\u00ba 5\u00bb","img":{"alt_text":"","src":"","width":0,"height":0},"classes":[]},{"id":1401,"url":"https:\/\/retotmp.valnaloneduca.com\/?p=1401","url_meta":{"origin":1125,"position":2},"title":"Reto Recicauto: Automoci\u00f3n - Sesi\u00f3n 1","date":"enero 31, 2020","format":false,"excerpt":"El jueves 30 de enero comenz\u00f3 en el IES Nore\u00f1a el Reto TMP para los estudiantes de 1\u00ba Ciclo Formativo de Grado Superior de Automoci\u00f3n. En este reto contamos con la colaboraci\u00f3n de \u00c1lvaro Garc\u00eda, responsable de Recicauto, desguace y Centro Autorizado de Tratamiento del Veh\u00edculo al Final de su\u2026","rel":"","context":"En \u00abIES Nore\u00f1a 2019-2020\u00bb","img":{"alt_text":"reto_tmp_recicauto_nore\u00c3\u00b1a_30-01-20 (2)","src":"https:\/\/i0.wp.com\/retotmp.valnaloneduca.com\/wp-content\/uploads\/2020\/02\/reto_tmp_recicauto_norec3b1a_30-01-20-2.jpg?resize=350%2C200","width":350,"height":200},"classes":[]},{"id":1231,"url":"https:\/\/retotmp.valnaloneduca.com\/?p=1231","url_meta":{"origin":1125,"position":3},"title":"COMUNICANDO-GESTI\u00d3N DE DATOS","date":"junio 3, 2019","format":false,"excerpt":"Ha llegado el momento de definir el plan de empresa que ha confeccionado los grupos de trabajo para COMUNICARSELO a Manuel, mentor del curso. Ha habido diversidad de ideas y los equipos se han dado cuenta de la importancia de las TICS para su negocio y la implantaci\u00f3n de la\u2026","rel":"","context":"En \u00abNorjomi\u00bb","img":{"alt_text":"","src":"https:\/\/i0.wp.com\/retotmp.valnaloneduca.com\/wp-content\/uploads\/2019\/06\/manuel.jpg?resize=350%2C200","width":350,"height":200},"classes":[]},{"id":1196,"url":"https:\/\/retotmp.valnaloneduca.com\/?p=1196","url_meta":{"origin":1125,"position":4},"title":"Un acercamiento a la realidad","date":"mayo 28, 2019","format":false,"excerpt":"Comenzamos con el reto... el IES Carmen y Severo Ochoa est\u00e1 preocupado por el alto grado de sedentarismo de los estudiantes y las consecuencias que esto puede tener sobre la salud de la juventud del concejo. As\u00ed es que comenzando con la primera fase de la metodolog\u00eda Design Thinking, la\u2026","rel":"","context":"En \u00abIES Carmen y Severo Ochoa\u00bb","img":{"alt_text":"entrevista jefe estudios","src":"https:\/\/i0.wp.com\/retotmp.valnaloneduca.com\/wp-content\/uploads\/2019\/05\/entrevista-jefe-estudios.png?resize=350%2C200","width":350,"height":200},"classes":[]},{"id":739,"url":"https:\/\/retotmp.valnaloneduca.com\/?p=739","url_meta":{"origin":1125,"position":5},"title":"Entrevista a gente joven (amigos)","date":"febrero 25, 2019","format":false,"excerpt":"Tras nuestras entrevistas a gente joven de nuestros c\u00edrculos m\u00e1s cercanos (amigos) residentes en Avil\u00e9s e interesados en las actividades relacionadas con el arte, como las ofrecidas en la Factor\u00eda Cultural, hemos sacado las siguientes conclusiones: Los preguntados han mostrado un inter\u00e9s principal en las artes denominadas gr\u00e1ficas como la\u2026","rel":"","context":"En \u00abIES N\u00ba 5\u00bb","img":{"alt_text":"hands-1445244_960_720","src":"https:\/\/i2.wp.com\/retotmp.valnaloneduca.com\/wp-content\/uploads\/2019\/02\/hands-1445244_960_720.jpg?resize=350%2C200","width":350,"height":200},"classes":[]}],"_links":{"self":[{"href":"https:\/\/retotmp.valnaloneduca.com\/index.php?rest_route=\/wp\/v2\/posts\/1125"}],"collection":[{"href":"https:\/\/retotmp.valnaloneduca.com\/index.php?rest_route=\/wp\/v2\/posts"}],"about":[{"href":"https:\/\/retotmp.valnaloneduca.com\/index.php?rest_route=\/wp\/v2\/types\/post"}],"author":[{"embeddable":true,"href":"https:\/\/retotmp.valnaloneduca.com\/index.php?rest_route=\/wp\/v2\/users\/3"}],"replies":[{"embeddable":true,"href":"https:\/\/retotmp.valnaloneduca.com\/index.php?rest_route=%2Fwp%2Fv2%2Fcomments&post=1125"}],"version-history":[{"count":0,"href":"https:\/\/retotmp.valnaloneduca.com\/index.php?rest_route=\/wp\/v2\/posts\/1125\/revisions"}],"wp:attachment":[{"href":"https:\/\/retotmp.valnaloneduca.com\/index.php?rest_route=%2Fwp%2Fv2%2Fmedia&parent=1125"}],"wp:term":[{"taxonomy":"category","embeddable":true,"href":"https:\/\/retotmp.valnaloneduca.com\/index.php?rest_route=%2Fwp%2Fv2%2Fcategories&post=1125"},{"taxonomy":"post_tag","embeddable":true,"href":"https:\/\/retotmp.valnaloneduca.com\/index.php?rest_route=%2Fwp%2Fv2%2Ftags&post=1125"}],"curies":[{"name":"wp","href":"https:\/\/api.w.org\/{rel}","templated":true}]}}