{"id":1128,"date":"2019-05-15T09:10:46","date_gmt":"2019-05-15T09:10:46","guid":{"rendered":"https:\/\/retotmp.wordpress.com\/?p=1128"},"modified":"2019-05-15T09:10:46","modified_gmt":"2019-05-15T09:10:46","slug":"15-may-2019-0910","status":"publish","type":"post","link":"https:\/\/retotmp.valnaloneduca.com\/?p=1128","title":{"rendered":"Somos OchoaGlamour Team"},"content":{"rendered":"<p style=\"text-align:justify;\">Somos el grupo Glamour Team del IES Carmen y Severo Ochoa de los ciclos de administrativo y automoci\u00f3n, estamos haciendo el proyecto de sedentarismo y esperamos aportar ideas y soluciones.<\/p>\n<p><img loading=\"lazy\" class=\"alignnone size-full wp-image-1148\" src=\"https:\/\/i2.wp.com\/retotmp.valnaloneduca.com\/wp-content\/uploads\/2019\/05\/glamour.jpg?resize=750%2C660\" alt=\"glamour\" width=\"750\" height=\"660\" srcset=\"https:\/\/i2.wp.com\/retotmp.valnaloneduca.com\/wp-content\/uploads\/2019\/05\/glamour.jpg?w=750&amp;ssl=1 750w, https:\/\/i2.wp.com\/retotmp.valnaloneduca.com\/wp-content\/uploads\/2019\/05\/glamour.jpg?resize=300%2C264&amp;ssl=1 300w\" sizes=\"(max-width: 750px) 100vw, 750px\" data-recalc-dims=\"1\" \/><\/p>\n","protected":false},"excerpt":{"rendered":"<p>Somos el grupo Glamour Team del IES Carmen y Severo Ochoa de los ciclos de administrativo y automoci\u00f3n, estamos haciendo<\/p>\n","protected":false},"author":3,"featured_media":0,"comment_status":"open","ping_status":"open","sticky":false,"template":"","format":"standard","meta":{"spay_email":""},"categories":[9,30],"tags":[],"jetpack_featured_media_url":"","jetpack-related-posts":[{"id":1109,"url":"https:\/\/retotmp.valnaloneduca.com\/?p=1109","url_meta":{"origin":1128,"position":0},"title":"Evitemos los riesgos del sedentarismo","date":"mayo 10, 2019","format":false,"excerpt":"Nuevos equipos y muchas ideas y propuestas para el reto que nos propone el IES Carmen y Severo Ochoa. En esta ocasi\u00f3n el centro propone a los\/as estudiantes intentar reducir el alto nivel de SEDENTARISMO del alumnado a trav\u00e9s de acciones que se puedan realizar desde el IES. Para ello,\u2026","rel":"","context":"En \u00abIES Carmen y Severo Ochoa\u00bb","img":{"alt_text":"sedent","src":"https:\/\/i1.wp.com\/retotmp.valnaloneduca.com\/wp-content\/uploads\/2019\/05\/sedent.jpg?resize=350%2C200","width":350,"height":200},"classes":[]},{"id":1276,"url":"https:\/\/retotmp.valnaloneduca.com\/?p=1276","url_meta":{"origin":1128,"position":1},"title":"Una propuesta hecha realidad","date":"junio 6, 2019","format":false,"excerpt":"El pasado curso escolar, el IES Carmen y Severo Ochoa de Luarca propon\u00eda a los estudiantes de Formaci\u00f3n Profesional el reto de dise\u00f1ar el \"Instituto Ideal\" para toda la comunidad educativa. En aquel momento los\/as estudiantes de los CFGM de Gesti\u00f3n Administrativa, Electromec\u00e1nica e Instalaciones El\u00e9ctricas presentaron numerosas propuestas. Y\u2026","rel":"","context":"En \u00abIES Carmen y Severo Ochoa\u00bb","img":{"alt_text":"","src":"https:\/\/i1.wp.com\/retotmp.valnaloneduca.com\/wp-content\/uploads\/2019\/06\/whatsapp-image-2019-06-06-at-12.17.48.jpeg?resize=350%2C200","width":350,"height":200},"classes":[]},{"id":1196,"url":"https:\/\/retotmp.valnaloneduca.com\/?p=1196","url_meta":{"origin":1128,"position":2},"title":"Un acercamiento a la realidad","date":"mayo 28, 2019","format":false,"excerpt":"Comenzamos con el reto... el IES Carmen y Severo Ochoa est\u00e1 preocupado por el alto grado de sedentarismo de los estudiantes y las consecuencias que esto puede tener sobre la salud de la juventud del concejo. As\u00ed es que comenzando con la primera fase de la metodolog\u00eda Design Thinking, la\u2026","rel":"","context":"En \u00abIES Carmen y Severo Ochoa\u00bb","img":{"alt_text":"entrevista jefe estudios","src":"https:\/\/i0.wp.com\/retotmp.valnaloneduca.com\/wp-content\/uploads\/2019\/05\/entrevista-jefe-estudios.png?resize=350%2C200","width":350,"height":200},"classes":[]},{"id":1125,"url":"https:\/\/retotmp.valnaloneduca.com\/?p=1125","url_meta":{"origin":1128,"position":3},"title":"Presentaci\u00f3n Bimasa Brothers","date":"mayo 15, 2019","format":false,"excerpt":"Hola, buenos d\u00edas somos el grupo Bimasa Brothers de reciente creaci\u00f3n, los cuales nos sentimos cien por cien involucrados en el tema del sedentarismo. Nos parece un tema serio que necesita soluciones, por eso estamos aqu\u00ed. Un saludo, el equipo Bimasa Brothers.","rel":"","context":"En \u00abIES Carmen y Severo Ochoa\u00bb","img":{"alt_text":"","src":"https:\/\/i0.wp.com\/retotmp.valnaloneduca.com\/wp-content\/uploads\/2019\/05\/img-20190515-wa0004.jpg?resize=350%2C200","width":350,"height":200},"classes":[]},{"id":1130,"url":"https:\/\/retotmp.valnaloneduca.com\/?p=1130","url_meta":{"origin":1128,"position":4},"title":"Presentaci\u00f3n de coachpotatoe","date":"mayo 15, 2019","format":false,"excerpt":"Somos un grupo de gesti\u00f3n administrativa con la inquietud de generar cambios en nuestro entorno m\u00e1s cercano,Siendo conscientes de la falta de actividad fisica y malos h\u00e1bitos en general... El reto no es f\u00e1cil, ya no s\u00f3lo por el factor econ\u00f3mico y la dificultad de cambiar los h\u00e1bitos, sino tambi\u00e9n\u2026","rel":"","context":"En \u00abIES Carmen y Severo Ochoa\u00bb","img":{"alt_text":"potatoe.jpg","src":"https:\/\/i2.wp.com\/retotmp.valnaloneduca.com\/wp-content\/uploads\/2019\/05\/potatoe.jpg?resize=350%2C200","width":350,"height":200},"classes":[]},{"id":1260,"url":"https:\/\/retotmp.valnaloneduca.com\/?p=1260","url_meta":{"origin":1128,"position":5},"title":"Cambios por un Luarca saludable.","date":"junio 6, 2019","format":false,"excerpt":"Tres ma\u00f1anas con 18 estudiantes implicados en el reto de reducir el sedentarismo en los estudiantes del IES Carmen y Severo Ochoa ha dado para mucho. M\u00e1s de 40 entrevistas realizadas entre estudiantes, profesorado, profesionales del deporte, la nutrici\u00f3n y la medicina y m\u00e1s de 50 ideas generadas... Al final\u2026","rel":"","context":"En \u00abIES Carmen y Severo Ochoa\u00bb","img":{"alt_text":"","src":"https:\/\/i1.wp.com\/retotmp.valnaloneduca.com\/wp-content\/uploads\/2019\/06\/actividad-fisica-en-ecl-exterior_page-0001-scaled.jpg?resize=350%2C200","width":350,"height":200},"classes":[]}],"_links":{"self":[{"href":"https:\/\/retotmp.valnaloneduca.com\/index.php?rest_route=\/wp\/v2\/posts\/1128"}],"collection":[{"href":"https:\/\/retotmp.valnaloneduca.com\/index.php?rest_route=\/wp\/v2\/posts"}],"about":[{"href":"https:\/\/retotmp.valnaloneduca.com\/index.php?rest_route=\/wp\/v2\/types\/post"}],"author":[{"embeddable":true,"href":"https:\/\/retotmp.valnaloneduca.com\/index.php?rest_route=\/wp\/v2\/users\/3"}],"replies":[{"embeddable":true,"href":"https:\/\/retotmp.valnaloneduca.com\/index.php?rest_route=%2Fwp%2Fv2%2Fcomments&post=1128"}],"version-history":[{"count":0,"href":"https:\/\/retotmp.valnaloneduca.com\/index.php?rest_route=\/wp\/v2\/posts\/1128\/revisions"}],"wp:attachment":[{"href":"https:\/\/retotmp.valnaloneduca.com\/index.php?rest_route=%2Fwp%2Fv2%2Fmedia&parent=1128"}],"wp:term":[{"taxonomy":"category","embeddable":true,"href":"https:\/\/retotmp.valnaloneduca.com\/index.php?rest_route=%2Fwp%2Fv2%2Fcategories&post=1128"},{"taxonomy":"post_tag","embeddable":true,"href":"https:\/\/retotmp.valnaloneduca.com\/index.php?rest_route=%2Fwp%2Fv2%2Ftags&post=1128"}],"curies":[{"name":"wp","href":"https:\/\/api.w.org\/{rel}","templated":true}]}}