{"id":1130,"date":"2019-05-15T09:10:48","date_gmt":"2019-05-15T09:10:48","guid":{"rendered":"https:\/\/retotmp.wordpress.com\/2019\/05\/15\/presentacion-de-coachpotatoe\/"},"modified":"2019-05-15T09:10:48","modified_gmt":"2019-05-15T09:10:48","slug":"presentacion-de-coachpotatoe","status":"publish","type":"post","link":"https:\/\/retotmp.valnaloneduca.com\/?p=1130","title":{"rendered":"Presentaci\u00f3n de coachpotatoe"},"content":{"rendered":"<p style=\"text-align:justify;\">Somos un grupo de gesti\u00f3n administrativa con la inquietud de generar cambios en nuestro entorno m\u00e1s cercano,Siendo conscientes de la falta de actividad fisica y malos h\u00e1bitos en general&#8230; El reto no es f\u00e1cil, ya no s\u00f3lo por el factor econ\u00f3mico y la dificultad de cambiar los h\u00e1bitos, sino tambi\u00e9n por el factor &#8216;tiempo&#8217;.<br \/>\nEsperemos q la creatividad aporte soluciones<\/p>\n<p><img loading=\"lazy\" class=\"alignnone size-full wp-image-1145\" src=\"https:\/\/i2.wp.com\/retotmp.valnaloneduca.com\/wp-content\/uploads\/2019\/05\/potatoe.jpg?resize=910%2C1213\" alt=\"potatoe.jpg\" width=\"910\" height=\"1213\" data-recalc-dims=\"1\" \/><\/p>\n","protected":false},"excerpt":{"rendered":"<p>Somos un grupo de gesti\u00f3n administrativa con la inquietud de generar cambios en nuestro entorno m\u00e1s cercano,Siendo conscientes de la<\/p>\n","protected":false},"author":3,"featured_media":0,"comment_status":"open","ping_status":"open","sticky":false,"template":"","format":"standard","meta":{"spay_email":""},"categories":[9,30],"tags":[],"jetpack_featured_media_url":"","jetpack-related-posts":[{"id":1199,"url":"https:\/\/retotmp.valnaloneduca.com\/?p=1199","url_meta":{"origin":1130,"position":0},"title":"Menos plato, m\u00e1s zapato","date":"mayo 29, 2019","format":false,"excerpt":"Los equipos ya est\u00e1n deseando empezar a generar ideas para el reto propuesto, algunos ya se han apresurado y ya quieren decidir sobre la idea a trabajar... pero, no debemos apresurarnos. Es importante dedicar tiempo y escuchar a toda la comunidad educativa que est\u00e1 implicada en el reto. Por eso,\u2026","rel":"","context":"En \u00abIES Carmen y Severo Ochoa\u00bb","img":{"alt_text":"mas zapato","src":"https:\/\/i1.wp.com\/retotmp.valnaloneduca.com\/wp-content\/uploads\/2019\/05\/mas-zapato.jpg?resize=350%2C200","width":350,"height":200},"classes":[]},{"id":1401,"url":"https:\/\/retotmp.valnaloneduca.com\/?p=1401","url_meta":{"origin":1130,"position":1},"title":"Reto Recicauto: Automoci\u00f3n - Sesi\u00f3n 1","date":"enero 31, 2020","format":false,"excerpt":"El jueves 30 de enero comenz\u00f3 en el IES Nore\u00f1a el Reto TMP para los estudiantes de 1\u00ba Ciclo Formativo de Grado Superior de Automoci\u00f3n. En este reto contamos con la colaboraci\u00f3n de \u00c1lvaro Garc\u00eda, responsable de Recicauto, desguace y Centro Autorizado de Tratamiento del Veh\u00edculo al Final de su\u2026","rel":"","context":"En \u00abIES Nore\u00f1a 2019-2020\u00bb","img":{"alt_text":"reto_tmp_recicauto_nore\u00c3\u00b1a_30-01-20 (2)","src":"https:\/\/i0.wp.com\/retotmp.valnaloneduca.com\/wp-content\/uploads\/2020\/02\/reto_tmp_recicauto_norec3b1a_30-01-20-2.jpg?resize=350%2C200","width":350,"height":200},"classes":[]},{"id":639,"url":"https:\/\/retotmp.valnaloneduca.com\/?p=639","url_meta":{"origin":1130,"position":2},"title":"ENTREVISTA A ENTRENADORA DEPORTIVA","date":"febrero 18, 2019","format":false,"excerpt":"Entrevistamos a Mar\u00eda Priscilla Schlegel, entrenadora de atletismo y licenciada en INEF, sobre algunos aspectos de los j\u00f3venes. P: \u00bfQu\u00e9 motiva a los j\u00f3venes? R: Depende. Siempre depende, de la edad de la que estemos hablando, del entorno, del nivel deportivo en el que estemos entrenando.... Normalmente quien realiza una\u2026","rel":"","context":"En \u00abIES N\u00ba 5\u00bb","img":{"alt_text":"atletismo","src":"https:\/\/i2.wp.com\/retotmp.valnaloneduca.com\/wp-content\/uploads\/2019\/02\/atletismo-1.png?resize=350%2C200","width":350,"height":200},"classes":[]},{"id":2234,"url":"https:\/\/retotmp.valnaloneduca.com\/?p=2234","url_meta":{"origin":1130,"position":3},"title":"ESCUELA 2\u00ba OPORTUNIDAD-GIJ\u00d3N 2021-22","date":"mayo 24, 2022","format":false,"excerpt":"En los meses de mayo y junio realizaremos\u00a0\u00a0un RETO de Taller para Emprender\u00a0(tmp) en la escuela de segunda oportunidad\u00a0donde est\u00e1n colaborado tanto\u00a0la escuela como la agencia local de promoci\u00f3n econ\u00f3mica\u00a0 https:\/\/www.facebook.com\/EmpleoGijon\u00a0del ayuntamiento de Gij\u00f3n. Calentando motores El\u00a0RETO\u00a0nos lo propone la empresa \u00a0PUERTO DEPORTIVO GIJ\u00d3N http:\/\/www.puertodeportivogijon.es comunicado por Flor Guardado-Directora de\u2026","rel":"","context":"En \u00abCurso 2021-2022\u00bb","img":{"alt_text":"","src":"https:\/\/i0.wp.com\/retotmp.valnaloneduca.com\/wp-content\/uploads\/2022\/06\/mesa-redonda.png?resize=350%2C200&ssl=1","width":350,"height":200},"classes":[]},{"id":1237,"url":"https:\/\/retotmp.valnaloneduca.com\/?p=1237","url_meta":{"origin":1130,"position":4},"title":"La dieta, una herramienta para nuestra salud","date":"junio 5, 2019","format":false,"excerpt":"Hemos realizado dos entrevistas a dos profesionales, una pediatra y miembro del comit\u00e9 de comedores escolares del Principado (Bibiana Fern\u00e1ndez) y una nutricionista (Celsi Carre\u00f1o). Les hemos formulado las mismas preguntas y nos ha sorprendido lo parecidas que son sus respuestas y sus conclusiones. Para ellas, uno de los motivos\u2026","rel":"","context":"En \u00abIES Carmen y Severo Ochoa\u00bb","img":{"alt_text":"","src":"https:\/\/i1.wp.com\/retotmp.valnaloneduca.com\/wp-content\/uploads\/2019\/06\/nutricionista.png?resize=350%2C200","width":350,"height":200},"classes":[]},{"id":2019,"url":"https:\/\/retotmp.valnaloneduca.com\/?p=2019","url_meta":{"origin":1130,"position":5},"title":"IES N\u00ba 5 AVILES 2020-21","date":"mayo 10, 2021","format":false,"excerpt":"En el mes de abril realizamos\u00a0 un RETO de Taller para Emprender (tmp) en el IES N\u00ba5 de Avil\u00e9s. En\u00a0la primera sesi\u00f3n\u00a0le hemos definido el RETO\u00a0,como entidad, para que vean lo que tienen que trabajar durante estas sesiones. El\u00a0reto\u00a0se basa en\u00a0buscar ideas para crear un plan de movilidad en el\u2026","rel":"","context":"En \u00abCurso 2020-2021\u00bb","img":{"alt_text":"","src":"https:\/\/i2.wp.com\/retotmp.valnaloneduca.com\/wp-content\/uploads\/2021\/05\/ALMN-BLOG.jpg?resize=350%2C200&ssl=1","width":350,"height":200},"classes":[]}],"_links":{"self":[{"href":"https:\/\/retotmp.valnaloneduca.com\/index.php?rest_route=\/wp\/v2\/posts\/1130"}],"collection":[{"href":"https:\/\/retotmp.valnaloneduca.com\/index.php?rest_route=\/wp\/v2\/posts"}],"about":[{"href":"https:\/\/retotmp.valnaloneduca.com\/index.php?rest_route=\/wp\/v2\/types\/post"}],"author":[{"embeddable":true,"href":"https:\/\/retotmp.valnaloneduca.com\/index.php?rest_route=\/wp\/v2\/users\/3"}],"replies":[{"embeddable":true,"href":"https:\/\/retotmp.valnaloneduca.com\/index.php?rest_route=%2Fwp%2Fv2%2Fcomments&post=1130"}],"version-history":[{"count":0,"href":"https:\/\/retotmp.valnaloneduca.com\/index.php?rest_route=\/wp\/v2\/posts\/1130\/revisions"}],"wp:attachment":[{"href":"https:\/\/retotmp.valnaloneduca.com\/index.php?rest_route=%2Fwp%2Fv2%2Fmedia&parent=1130"}],"wp:term":[{"taxonomy":"category","embeddable":true,"href":"https:\/\/retotmp.valnaloneduca.com\/index.php?rest_route=%2Fwp%2Fv2%2Fcategories&post=1130"},{"taxonomy":"post_tag","embeddable":true,"href":"https:\/\/retotmp.valnaloneduca.com\/index.php?rest_route=%2Fwp%2Fv2%2Ftags&post=1130"}],"curies":[{"name":"wp","href":"https:\/\/api.w.org\/{rel}","templated":true}]}}