{"id":1202,"date":"2019-05-30T09:05:51","date_gmt":"2019-05-30T09:05:51","guid":{"rendered":"https:\/\/retotmp.wordpress.com\/2019\/05\/30\/conclusiones-encuesta\/"},"modified":"2019-05-30T09:05:51","modified_gmt":"2019-05-30T09:05:51","slug":"conclusiones-encuesta","status":"publish","type":"post","link":"https:\/\/retotmp.valnaloneduca.com\/?p=1202","title":{"rendered":"Conclusiones encuesta"},"content":{"rendered":"<p style=\"text-align:justify;\">Somos el grupo Anser y en la encuesta proporcionada al profesorado tenemos un total de 26 respuestas.<\/p>\n<p style=\"text-align:justify;\">La mayor\u00eda de profesores pensaron al llegar que era un centro complicado y que ser\u00eda un reto para ellos debido a la diversidad, etc. A la mayor\u00eda les gustar\u00eda seguir trabajando aqu\u00ed ya que creen que hay muy buenos profesionales trabajando que se implican mucho. La mayor\u00eda piensa que habr\u00eda que mejorar el uso del m\u00f3vil para que no se utilize, mejorar convivencia entre profesores, y que los alumnos tengan una actitud m\u00e1s positiva. Tambi\u00e9n hemos preguntado sobre lo que menos les gusta y algunos han dicho que la implicaci\u00f3n familiar de algunos alumnos es poca, los modales e inoperancia de alumnos no integrados o tambi\u00e9n lo mal comunicado que est\u00e1 por transporte p\u00fablico.<\/p>\n<p style=\"text-align:justify;\">El reto nos ha parecido muy interesante y agradecemos al profesorado por su participaci\u00f3n, nos sorprendi\u00f3 gratamente la alta participaci\u00f3n.<br \/>\nUn saludo<\/p>\n<p><img loading=\"lazy\" class=\" size-full wp-image-1204 aligncenter\" src=\"https:\/\/i1.wp.com\/retotmp.valnaloneduca.com\/wp-content\/uploads\/2019\/05\/profe.jpg?resize=546%2C720\" alt=\"profe\" width=\"546\" height=\"720\" srcset=\"https:\/\/i1.wp.com\/retotmp.valnaloneduca.com\/wp-content\/uploads\/2019\/05\/profe.jpg?w=546&amp;ssl=1 546w, https:\/\/i1.wp.com\/retotmp.valnaloneduca.com\/wp-content\/uploads\/2019\/05\/profe.jpg?resize=228%2C300&amp;ssl=1 228w\" sizes=\"(max-width: 546px) 100vw, 546px\" data-recalc-dims=\"1\" \/><\/p>\n","protected":false},"excerpt":{"rendered":"<p>Somos el grupo Anser y en la encuesta proporcionada al profesorado tenemos un total de 26 respuestas. La mayor\u00eda de<\/p>\n","protected":false},"author":3,"featured_media":0,"comment_status":"open","ping_status":"open","sticky":false,"template":"","format":"standard","meta":{"spay_email":""},"categories":[17,30],"tags":[],"jetpack_featured_media_url":"","jetpack-related-posts":[{"id":2607,"url":"https:\/\/retotmp.valnaloneduca.com\/?p=2607","url_meta":{"origin":1202,"position":0},"title":"IES REY PELAYO 2023-24","date":"febrero 7, 2024","format":false,"excerpt":"En el mes de\u00a0febrero vamos a realizar\u00a0un\u00a0RETO\u00a0de Taller para Emprender\u00a0(tmp)\u00a0en el\u00a0IES Rey Pelayo\u00a0de Cangas de On\u00eds. Va dirigido a\u00a0alumnado del\u00a02\u00ba de CFGM Gesti\u00f3n Administrativa, tutorizado por su profesora de econom\u00eda\u00a0Ana Rosa M\u00fa\u00f1iz. En\u00a0la primera sesi\u00f3n\u00a0la directora del centro, Do\u00f1a Ana S\u00e1nchez, les ha definido, al alumnado, el\u00a0RETO\u00a0que tienen que trabajar\u2026","rel":"","context":"En \u00abCurso 2023-2024\u00bb","img":{"alt_text":"","src":"https:\/\/i0.wp.com\/retotmp.valnaloneduca.com\/wp-content\/uploads\/2024\/02\/RETO-DIRECTORA.jpg?resize=350%2C200&ssl=1","width":350,"height":200},"classes":[]},{"id":1112,"url":"https:\/\/retotmp.valnaloneduca.com\/?p=1112","url_meta":{"origin":1202,"position":1},"title":"Resultados encuesta a alumnos (NSA)","date":"mayo 10, 2019","format":false,"excerpt":"Buenas, la primera parte del proyecto era empatizar con un grupo de personas relacionadas con el instituto, nosotros escogimos a los\/as alumnos\/as de nuestro centro y para empatizar con ellos\/as decidimos hacer una encuesta online y recoger los resultados para saber como se sienten en el instituto y que hacer\u2026","rel":"","context":"En \u00abIES Magdalena\u00bb","img":{"alt_text":"","src":"https:\/\/i1.wp.com\/retotmp.valnaloneduca.com\/wp-content\/uploads\/2019\/05\/sin-tc3adtulo.png?resize=350%2C200","width":350,"height":200},"classes":[]},{"id":2335,"url":"https:\/\/retotmp.valnaloneduca.com\/?p=2335","url_meta":{"origin":1202,"position":2},"title":"IES INFIESTO 2022-23","date":"marzo 8, 2023","format":false,"excerpt":"En el mes de marzo vamos a realizar\u00a0un RETO de Taller para Emprender (tmp) en el IES INFIESTO de Infiesto. Va dirigido a\u00a0alumnado del\u00a01\u00ba y 2\u00ba de CFGM Gesti\u00f3n Administrativa, tutorizado por su profesora de econom\u00eda\u00a0Ana Rosa M\u00fa\u00f1iz. En\u00a0la primera sesi\u00f3n\u00a0el alcalde del Ayuntamiento de Pilo\u00f1a, Don Iv\u00e1n Allende Tora\u00f1o,\u2026","rel":"","context":"En \u00abCurso 2022-2023\u00bb","img":{"alt_text":"","src":"https:\/\/i2.wp.com\/retotmp.valnaloneduca.com\/wp-content\/uploads\/2023\/05\/arkous.jpg?resize=350%2C200&ssl=1","width":350,"height":200},"classes":[]},{"id":1193,"url":"https:\/\/retotmp.valnaloneduca.com\/?p=1193","url_meta":{"origin":1202,"position":3},"title":"Orgullosos de ser del Magdalena","date":"mayo 28, 2019","format":false,"excerpt":"Las primeras conclusiones de los cuestionarios nos abren la puerta al real sentimiento de pertenencia de la comunidad educativa. A pesar de tener una peque\u00f1a muestra, y recordar que no debemos precepitarnos en sacar conclusiones precipitadas, si podemos aventurarnos a exponer un resumen de la informaci\u00f3n recogida: La mayor parte\u2026","rel":"","context":"En \u00abIES Magdalena\u00bb","img":{"alt_text":"magdalena","src":"https:\/\/i0.wp.com\/retotmp.valnaloneduca.com\/wp-content\/uploads\/2019\/05\/magdalena.jpg?resize=350%2C200","width":350,"height":200},"classes":[]},{"id":2087,"url":"https:\/\/retotmp.valnaloneduca.com\/?p=2087","url_meta":{"origin":1202,"position":4},"title":"CIFP LABORAL GIJ\u00d3N 2021-22","date":"enero 20, 2022","format":false,"excerpt":"En los meses de enero y febrero realizamos\u00a0dos RETOS de Taller para Emprender (tmp) en el CIFP LA LABORAL de Gij\u00f3n. Hemos empezado el primer RETO con el alumnado del CFGS de administraci\u00f3n y finanzas, tutorizado por su profesor de econom\u00eda Sergio Alc\u00f3n. En\u00a0la primera sesi\u00f3n\u00a0la entidad VALNAL\u00d3N les ha\u2026","rel":"","context":"En \u00abCIFP LABORAL CURSO 21-22\u00bb","img":{"alt_text":"","src":"https:\/\/i0.wp.com\/retotmp.valnaloneduca.com\/wp-content\/uploads\/2022\/01\/IMG20220117130649.jpg?resize=350%2C200&ssl=1","width":350,"height":200},"classes":[]},{"id":2027,"url":"https:\/\/retotmp.valnaloneduca.com\/?p=2027","url_meta":{"origin":1202,"position":5},"title":"COLEGIO LA COROLLA GIJ\u00d3N 2020-21","date":"mayo 10, 2021","format":false,"excerpt":"En el mes de abril realizamos\u00a0 un RETO ON LINE de Taller para Emprender (tmp) en el COLEGIO LA COROLLA de Gij\u00f3n. En\u00a0la primera sesi\u00f3n\u00a0ha definido el RETO\u00a0 su profesora de econom\u00eda , para que vean lo que tienen que trabajar durante estas sesiones. El\u00a0reto\u00a0se basa en\u00a0buscar ideas nuevas para\u2026","rel":"","context":"En \u00abColegio Corolla 2020-2021\u00bb","img":{"alt_text":"","src":"https:\/\/i2.wp.com\/retotmp.valnaloneduca.com\/wp-content\/uploads\/2021\/05\/almn-trabajando-blog.jpg?resize=350%2C200&ssl=1","width":350,"height":200},"classes":[]}],"_links":{"self":[{"href":"https:\/\/retotmp.valnaloneduca.com\/index.php?rest_route=\/wp\/v2\/posts\/1202"}],"collection":[{"href":"https:\/\/retotmp.valnaloneduca.com\/index.php?rest_route=\/wp\/v2\/posts"}],"about":[{"href":"https:\/\/retotmp.valnaloneduca.com\/index.php?rest_route=\/wp\/v2\/types\/post"}],"author":[{"embeddable":true,"href":"https:\/\/retotmp.valnaloneduca.com\/index.php?rest_route=\/wp\/v2\/users\/3"}],"replies":[{"embeddable":true,"href":"https:\/\/retotmp.valnaloneduca.com\/index.php?rest_route=%2Fwp%2Fv2%2Fcomments&post=1202"}],"version-history":[{"count":0,"href":"https:\/\/retotmp.valnaloneduca.com\/index.php?rest_route=\/wp\/v2\/posts\/1202\/revisions"}],"wp:attachment":[{"href":"https:\/\/retotmp.valnaloneduca.com\/index.php?rest_route=%2Fwp%2Fv2%2Fmedia&parent=1202"}],"wp:term":[{"taxonomy":"category","embeddable":true,"href":"https:\/\/retotmp.valnaloneduca.com\/index.php?rest_route=%2Fwp%2Fv2%2Fcategories&post=1202"},{"taxonomy":"post_tag","embeddable":true,"href":"https:\/\/retotmp.valnaloneduca.com\/index.php?rest_route=%2Fwp%2Fv2%2Ftags&post=1202"}],"curies":[{"name":"wp","href":"https:\/\/api.w.org\/{rel}","templated":true}]}}