{"id":1237,"date":"2019-06-05T07:48:28","date_gmt":"2019-06-05T07:48:28","guid":{"rendered":"https:\/\/retotmp.wordpress.com\/?p=1237"},"modified":"2019-06-05T07:48:28","modified_gmt":"2019-06-05T07:48:28","slug":"coachpotatoe-presentacion-la-dieta-una-herramienta-para-nuestra-salud","status":"publish","type":"post","link":"https:\/\/retotmp.valnaloneduca.com\/?p=1237","title":{"rendered":"La dieta, una herramienta para nuestra salud"},"content":{"rendered":"<p style=\"text-align:justify;\">Hemos realizado dos entrevistas a dos profesionales, una pediatra y miembro del comit\u00e9 de comedores escolares del Principado (Bibiana Fern\u00e1ndez) y una nutricionista (Celsi Carre\u00f1o).<\/p>\n<div class=\"tiled-gallery type-circle tiled-gallery-unresized\" data-original-width=\"910\" data-carousel-extra='null' itemscope itemtype=\"http:\/\/schema.org\/ImageGallery\" > <div class=\"gallery-row\" style=\"width: 910px; height: 455px;\" data-original-width=\"910\" data-original-height=\"455\" > <div class=\"gallery-group\" style=\"width: 455px; height: 455px;\" data-original-width=\"455\" data-original-height=\"455\" > <div class=\"tiled-gallery-item \" itemprop=\"associatedMedia\" itemscope itemtype=\"http:\/\/schema.org\/ImageObject\"> <a href=\"https:\/\/retotmp.valnaloneduca.com\/?attachment_id=1249\" border=\"0\" itemprop=\"url\"> <meta itemprop=\"width\" content=\"451\"> <meta itemprop=\"height\" content=\"451\"> <img data-attachment-id=\"1249\" data-orig-file=\"https:\/\/retotmp.valnaloneduca.com\/wp-content\/uploads\/2019\/06\/nutricionista.png\" data-orig-size=\"479,424\" data-comments-opened=\"1\" data-image-meta=\"{&quot;aperture&quot;:&quot;0&quot;,&quot;credit&quot;:&quot;&quot;,&quot;camera&quot;:&quot;&quot;,&quot;caption&quot;:&quot;&quot;,&quot;created_timestamp&quot;:&quot;0&quot;,&quot;copyright&quot;:&quot;&quot;,&quot;focal_length&quot;:&quot;0&quot;,&quot;iso&quot;:&quot;0&quot;,&quot;shutter_speed&quot;:&quot;0&quot;,&quot;title&quot;:&quot;&quot;,&quot;orientation&quot;:&quot;0&quot;}\" data-image-title=\"nutricionista\" data-image-description=\"\" data-medium-file=\"https:\/\/i1.wp.com\/retotmp.valnaloneduca.com\/wp-content\/uploads\/2019\/06\/nutricionista.png?fit=300%2C266&#038;ssl=1\" data-large-file=\"https:\/\/i1.wp.com\/retotmp.valnaloneduca.com\/wp-content\/uploads\/2019\/06\/nutricionista.png?fit=479%2C424&#038;ssl=1\" src=\"https:\/\/i1.wp.com\/retotmp.valnaloneduca.com\/wp-content\/uploads\/2019\/06\/nutricionista.png?w=451&#038;h=451&#038;crop=1&#038;ssl=1\" width=\"451\" height=\"451\" data-original-width=\"451\" data-original-height=\"451\" itemprop=\"http:\/\/schema.org\/image\" title=\"nutricionista\" alt=\"nutricionista\" style=\"width: 451px; height: 451px;\" \/> <\/a> <\/div> <\/div> <div class=\"gallery-group\" style=\"width: 455px; height: 455px;\" data-original-width=\"455\" data-original-height=\"455\" > <div class=\"tiled-gallery-item \" itemprop=\"associatedMedia\" itemscope itemtype=\"http:\/\/schema.org\/ImageObject\"> <a href=\"https:\/\/retotmp.valnaloneduca.com\/?attachment_id=1248\" border=\"0\" itemprop=\"url\"> <meta itemprop=\"width\" content=\"451\"> <meta itemprop=\"height\" content=\"451\"> <img data-attachment-id=\"1248\" data-orig-file=\"https:\/\/retotmp.valnaloneduca.com\/wp-content\/uploads\/2019\/06\/pediatra.png\" data-orig-size=\"497,497\" data-comments-opened=\"1\" data-image-meta=\"{&quot;aperture&quot;:&quot;0&quot;,&quot;credit&quot;:&quot;&quot;,&quot;camera&quot;:&quot;&quot;,&quot;caption&quot;:&quot;&quot;,&quot;created_timestamp&quot;:&quot;0&quot;,&quot;copyright&quot;:&quot;&quot;,&quot;focal_length&quot;:&quot;0&quot;,&quot;iso&quot;:&quot;0&quot;,&quot;shutter_speed&quot;:&quot;0&quot;,&quot;title&quot;:&quot;&quot;,&quot;orientation&quot;:&quot;0&quot;}\" data-image-title=\"pediatra\" data-image-description=\"\" data-medium-file=\"https:\/\/i0.wp.com\/retotmp.valnaloneduca.com\/wp-content\/uploads\/2019\/06\/pediatra.png?fit=300%2C300&#038;ssl=1\" data-large-file=\"https:\/\/i0.wp.com\/retotmp.valnaloneduca.com\/wp-content\/uploads\/2019\/06\/pediatra.png?fit=497%2C497&#038;ssl=1\" src=\"https:\/\/i0.wp.com\/retotmp.valnaloneduca.com\/wp-content\/uploads\/2019\/06\/pediatra.png?w=451&#038;h=451&#038;crop=1&#038;ssl=1\" width=\"451\" height=\"451\" data-original-width=\"451\" data-original-height=\"451\" itemprop=\"http:\/\/schema.org\/image\" title=\"pediatra\" alt=\"pediatra\" style=\"width: 451px; height: 451px;\" \/> <\/a> <\/div> <\/div> <\/div> <\/div>\n<p style=\"text-align:justify;\">Les hemos formulado las mismas preguntas y nos ha sorprendido lo parecidas que son sus respuestas y sus conclusiones. Para ellas, uno de los motivos fundamentales para la adiposidad en la sociedad contempor\u00e1nea son los h\u00e1bitos sedentarios, no salimos a la calle y pasamos demasiadas horas encerrados en casa. Los juegos, el ocio, las actividades extraescolares se realizan bajo techo. Los juegos han pasado de ser en la calle a ser compartidos desde casa.<\/p>\n<p style=\"text-align:justify;\">Nos recomiendan que nos guiemos \u201cel plato de estrategia saludable de Naos\u201d para elaborar men\u00fas m\u00e1s saludables y equilibrados. Este modelo consiste en dividir toda la comida de un d\u00eda en 4 raciones, de esas 4 raciones, la mitad han de ser frutas y verduras. Estas profesionales nos invitan a complementar la dieta con un cambio de h\u00e1bitos, en la forma de comer. Nos invitan a tomarnos el tiempo necesario para afrontar un acto tan importante como la comida; que apaguemos los m\u00f3viles, la televisi\u00f3n&#8230;, comer sentado, en un entorno agradable, hacerlo en compa\u00f1\u00eda (familia, amigos etc.). La calma y el lugar donde se come son seg\u00fan sus palabras, muy importantes. Si somos padres y tenemos hijos a nuestro cargo hemos de saber que somos un ejemplo para nuestro hijos, ellos reflejar\u00e1n nuestra actitud ante la comida y el mejor m\u00e9todo pedag\u00f3gico es la de predicar\u00a0 con el ejemplo.<\/p>\n<p><img loading=\"lazy\" class=\" size-full wp-image-1250 aligncenter\" src=\"https:\/\/i2.wp.com\/retotmp.valnaloneduca.com\/wp-content\/uploads\/2019\/06\/plato-naos.jpg?resize=303%2C301\" alt=\"plato naos\" width=\"303\" height=\"301\" srcset=\"https:\/\/i2.wp.com\/retotmp.valnaloneduca.com\/wp-content\/uploads\/2019\/06\/plato-naos.jpg?w=303&amp;ssl=1 303w, https:\/\/i2.wp.com\/retotmp.valnaloneduca.com\/wp-content\/uploads\/2019\/06\/plato-naos.jpg?resize=300%2C298&amp;ssl=1 300w, https:\/\/i2.wp.com\/retotmp.valnaloneduca.com\/wp-content\/uploads\/2019\/06\/plato-naos.jpg?resize=150%2C150&amp;ssl=1 150w, https:\/\/i2.wp.com\/retotmp.valnaloneduca.com\/wp-content\/uploads\/2019\/06\/plato-naos.jpg?resize=100%2C100&amp;ssl=1 100w\" sizes=\"(max-width: 303px) 100vw, 303px\" data-recalc-dims=\"1\" \/><\/p>\n<p style=\"text-align:justify;\">Ya m\u00e1s concretamente si hablamos de un tentempi\u00e9 saludable para la hora del recreo una pieza de fruta ser\u00eda una buena opci\u00f3n. Si se prepara un bocata, proponen, evitar el pan de producci\u00f3n industrial que en la mayor\u00eda de los casos utilizan aditivos para garantizar la consistencia y el sabor del producto que poco tienen que ver con el pan hecho en una panader\u00eda y en algunos casos contienen altos niveles de az\u00facar. El az\u00facar es el gran enemigo de cualquier dieta saludable y se oculta en muchas comidas preparadas, boller\u00eda, bebidas&#8230; Preocupadas por el nivel de obesidad en el occidente de Asturias, de los m\u00e1s altos de Espa\u00f1a, aspiran a que las estad\u00edsticas mejoren y as\u00ed paliar todos los problemas de salud que la obesidad acarrea.<\/p>\n<p>Leticia, Melisa, Mar\u00eda, Dar\u00edo. Equipo Coachpotatoe.<\/p>\n<p>&nbsp;<\/p>\n","protected":false},"excerpt":{"rendered":"<p>Hemos realizado dos entrevistas a dos profesionales, una pediatra y miembro del comit\u00e9 de comedores escolares del Principado (Bibiana Fern\u00e1ndez)<\/p>\n","protected":false},"author":3,"featured_media":0,"comment_status":"open","ping_status":"open","sticky":false,"template":"","format":"standard","meta":{"spay_email":""},"categories":[9,30],"tags":[],"jetpack_featured_media_url":"","jetpack-related-posts":[{"id":2134,"url":"https:\/\/retotmp.valnaloneduca.com\/?p=2134","url_meta":{"origin":1237,"position":0},"title":"IES La Fresneda 2021-2022","date":"febrero 25, 2022","format":false,"excerpt":"Los meses de enero y febrero de 2022 se desarrollaron en el\u00a0IES La Fresneda dos curso\u00a0Reto TMP\u00a0organizados por\u00a0Valnal\u00f3n y dirigidos a estudiantes de 1\u00ba Bachillerato (uno de Ciencia y Tecnolog\u00eda y otro de Humanidades y Ciencias Sociales). En esta actividad participaron un total de 45 alumnos y alumnas, una experiencia\u2026","rel":"","context":"En \u00abCurso 2021-2022\u00bb","img":{"alt_text":"","src":"https:\/\/i0.wp.com\/retotmp.valnaloneduca.com\/wp-content\/uploads\/2022\/03\/foto1-scaled.jpg?resize=350%2C200&ssl=1","width":350,"height":200},"classes":[]},{"id":1597,"url":"https:\/\/retotmp.valnaloneduca.com\/?p=1597","url_meta":{"origin":1237,"position":1},"title":"Retos EL MANANTIAL  100% tradici\u00f3n empresarial. . .","date":"marzo 19, 2020","format":false,"excerpt":"Imparable y muy generosa, Concha de la Hoz, nos acercar\u00e1 a la historia de un negocio familiar con mucha tradici\u00f3n en Oviedo: EL MANANTIAL. De aquella tienda de ultramarinos en la calle San Antonio, despu\u00e9s almac\u00e9n de vinos en San Bernab\u00e9, hasta abrir el actual, precioso y exclusivo comercio de\u2026","rel":"","context":"En \u00abCFPE LLANA 2019-2020\u00bb","img":{"alt_text":"","src":"https:\/\/i2.wp.com\/retotmp.valnaloneduca.com\/wp-content\/uploads\/2020\/03\/72099998_113249540085035_6261127479281319936_n.jpg?resize=350%2C200","width":350,"height":200},"classes":[]},{"id":1001,"url":"https:\/\/retotmp.valnaloneduca.com\/?p=1001","url_meta":{"origin":1237,"position":2},"title":"ENTREVISTAS","date":"abril 24, 2019","format":false,"excerpt":"Nuestro grupo Akelarre, gracias a las entrevistas realizadas en Semana Santa , hemos llegado a la conclusi\u00f3n del p\u00fablico al que queremos llegar, as\u00ed como el formato que vamos a plantear mediante el desarrollo de las inteligencia creativa y visual. Actualmente, nos encontramos compartiendo ideas para contribuir a la creaci\u00f3n\u2026","rel":"","context":"En \u00abreto tmp\u00bb","img":{"alt_text":"","src":"","width":0,"height":0},"classes":[]},{"id":996,"url":"https:\/\/retotmp.valnaloneduca.com\/?p=996","url_meta":{"origin":1237,"position":3},"title":"Cobayas en apuros para m\u00f3viles o smart TV","date":"abril 16, 2019","format":false,"excerpt":"Estudiantes de 1\u00ba de Bachiller del colegio la Corolla ya est\u00e1n trabajando para dar respuesta al reto lanzado por Pablo GarMen de Cuicui Studios: Dise\u00f1ar un juego educativo para m\u00f3vil o smart TV que tendr\u00e1 como protagonista a la cobaya de su imagen corporativa. Juego, inteligencias m\u00faltiples, dise\u00f1o, rentabilidad, ...veamos\u2026","rel":"","context":"En \u00abColegio La Corolla\u00bb","img":{"alt_text":"","src":"https:\/\/i0.wp.com\/retotmp.valnaloneduca.com\/wp-content\/uploads\/2019\/04\/col_corolla-cuicuistudios-1.jpg?resize=350%2C200","width":350,"height":200},"classes":[]},{"id":639,"url":"https:\/\/retotmp.valnaloneduca.com\/?p=639","url_meta":{"origin":1237,"position":4},"title":"ENTREVISTA A ENTRENADORA DEPORTIVA","date":"febrero 18, 2019","format":false,"excerpt":"Entrevistamos a Mar\u00eda Priscilla Schlegel, entrenadora de atletismo y licenciada en INEF, sobre algunos aspectos de los j\u00f3venes. P: \u00bfQu\u00e9 motiva a los j\u00f3venes? R: Depende. Siempre depende, de la edad de la que estemos hablando, del entorno, del nivel deportivo en el que estemos entrenando.... Normalmente quien realiza una\u2026","rel":"","context":"En \u00abIES N\u00ba 5\u00bb","img":{"alt_text":"atletismo","src":"https:\/\/i2.wp.com\/retotmp.valnaloneduca.com\/wp-content\/uploads\/2019\/02\/atletismo-1.png?resize=350%2C200","width":350,"height":200},"classes":[]},{"id":2850,"url":"https:\/\/retotmp.valnaloneduca.com\/?p=2850","url_meta":{"origin":1237,"position":5},"title":"COLEGIO VIRGEN MEDIADORA-LAS DOMINICAS-GIJ\u00d3N 2024-25","date":"mayo 22, 2025","format":false,"excerpt":"En los meses de abril y mayo realizamos\u00a0un RETO de Taller para Emprender (tmp) en el COLEGIO VIRGEN MEDIADORA-LAS DOMINICAS de Gij\u00f3n\u00a0a dos cursos de\u00a01\u00ba de bachiller A y B. Empresa y Centro educativo Este a\u00f1o colaboramos con \u00a0Asturias Asesores\u00a0, en cuya representaci\u00f3n acude Ana Cancelas, Directora de AC Asturias\u2026","rel":"","context":"En \u00abColegio Virgen Mediadora-Dominicas 2024-25\u00bb","img":{"alt_text":"","src":"https:\/\/i0.wp.com\/retotmp.valnaloneduca.com\/wp-content\/uploads\/2025\/05\/1.jpg?resize=350%2C200&ssl=1","width":350,"height":200},"classes":[]}],"_links":{"self":[{"href":"https:\/\/retotmp.valnaloneduca.com\/index.php?rest_route=\/wp\/v2\/posts\/1237"}],"collection":[{"href":"https:\/\/retotmp.valnaloneduca.com\/index.php?rest_route=\/wp\/v2\/posts"}],"about":[{"href":"https:\/\/retotmp.valnaloneduca.com\/index.php?rest_route=\/wp\/v2\/types\/post"}],"author":[{"embeddable":true,"href":"https:\/\/retotmp.valnaloneduca.com\/index.php?rest_route=\/wp\/v2\/users\/3"}],"replies":[{"embeddable":true,"href":"https:\/\/retotmp.valnaloneduca.com\/index.php?rest_route=%2Fwp%2Fv2%2Fcomments&post=1237"}],"version-history":[{"count":0,"href":"https:\/\/retotmp.valnaloneduca.com\/index.php?rest_route=\/wp\/v2\/posts\/1237\/revisions"}],"wp:attachment":[{"href":"https:\/\/retotmp.valnaloneduca.com\/index.php?rest_route=%2Fwp%2Fv2%2Fmedia&parent=1237"}],"wp:term":[{"taxonomy":"category","embeddable":true,"href":"https:\/\/retotmp.valnaloneduca.com\/index.php?rest_route=%2Fwp%2Fv2%2Fcategories&post=1237"},{"taxonomy":"post_tag","embeddable":true,"href":"https:\/\/retotmp.valnaloneduca.com\/index.php?rest_route=%2Fwp%2Fv2%2Ftags&post=1237"}],"curies":[{"name":"wp","href":"https:\/\/api.w.org\/{rel}","templated":true}]}}