{"id":1254,"date":"2019-06-06T09:14:25","date_gmt":"2019-06-06T09:14:25","guid":{"rendered":"https:\/\/retotmp.wordpress.com\/?p=1254"},"modified":"2019-06-06T09:14:25","modified_gmt":"2019-06-06T09:14:25","slug":"la-pereza-la-mayor-culpable","status":"publish","type":"post","link":"https:\/\/retotmp.valnaloneduca.com\/?p=1254","title":{"rendered":"La pereza, la mayor culpable"},"content":{"rendered":"<p style=\"text-align:justify;\">Entrevista del equipo Ochoaglamour a un monitor de Crossfit.<\/p>\n<p style=\"text-align:justify;\">\u00abLa pereza es la mayor culpable de la falta de ejercicio, aparte de la falta de informaci\u00f3n.\u00bb<\/p>\n<p><img loading=\"lazy\" class=\"alignnone size-full wp-image-1255\" src=\"https:\/\/i1.wp.com\/retotmp.valnaloneduca.com\/wp-content\/uploads\/2019\/06\/crossfit-1963860_960_720.jpg?resize=910%2C607\" alt=\"crossfit-1963860_960_720\" width=\"910\" height=\"607\" srcset=\"https:\/\/i1.wp.com\/retotmp.valnaloneduca.com\/wp-content\/uploads\/2019\/06\/crossfit-1963860_960_720.jpg?w=960&amp;ssl=1 960w, https:\/\/i1.wp.com\/retotmp.valnaloneduca.com\/wp-content\/uploads\/2019\/06\/crossfit-1963860_960_720.jpg?resize=300%2C200&amp;ssl=1 300w, https:\/\/i1.wp.com\/retotmp.valnaloneduca.com\/wp-content\/uploads\/2019\/06\/crossfit-1963860_960_720.jpg?resize=768%2C512&amp;ssl=1 768w\" sizes=\"(max-width: 910px) 100vw, 910px\" data-recalc-dims=\"1\" \/><\/p>\n<p style=\"text-align:justify;\">En los momentos de \u201cquiero bajar de peso\u201d la gente lo relaciona con \u201cvoy a dejar de comer\u201d y no es as\u00ed, con lo cual volvemos a la falta de informaci\u00f3n y hacer caso de terceros cuando no todos tenemos el mismo cuerpo ni el mismo metabolismo.<\/p>\n","protected":false},"excerpt":{"rendered":"<p>Entrevista del equipo Ochoaglamour a un monitor de Crossfit. \u00abLa pereza es la mayor culpable de la falta de ejercicio,<\/p>\n","protected":false},"author":4,"featured_media":0,"comment_status":"open","ping_status":"open","sticky":false,"template":"","format":"standard","meta":{"spay_email":""},"categories":[9,30],"tags":[],"jetpack_featured_media_url":"","jetpack-related-posts":[{"id":1252,"url":"https:\/\/retotmp.valnaloneduca.com\/?p=1252","url_meta":{"origin":1254,"position":0},"title":"Estudio del sedentarismo en los estudiantes","date":"junio 6, 2019","format":false,"excerpt":"En las encuestas realizadas por BIMASA Brothers, el mayor porcentaje de todas las personas que respondieron han sido hombres entre 15 y 25 a\u00f1os. El 70% de los entrevistados practican deporte y el 30% no, por ning\u00fan motivo en concreto. De las personas que no lo practican la mayor\u00eda contestan\u2026","rel":"","context":"En \u00abIES Carmen y Severo Ochoa\u00bb","img":{"alt_text":"","src":"https:\/\/i1.wp.com\/retotmp.valnaloneduca.com\/wp-content\/uploads\/2019\/06\/img_20190522_094718_241-scaled.jpg?resize=350%2C200","width":350,"height":200},"classes":[]},{"id":1297,"url":"https:\/\/retotmp.valnaloneduca.com\/?p=1297","url_meta":{"origin":1254,"position":1},"title":"Conclusiones del formulario","date":"junio 19, 2019","format":false,"excerpt":"Con el objetivo de recoger informaci\u00f3n acerca de los h\u00e1bitos de ocio y tiempo libre de la juventud vegadense, dise\u00f1amos un cuestionario al que respondieron 44 personas en un d\u00eda, una peque\u00f1a muestra que nos puede acercar a la realidad de la juventud en Vegadeo. Hemos llegado a la conclusi\u00f3n\u2026","rel":"","context":"En \u00abIES Elisa y Luis Villamil\u00bb","img":{"alt_text":"","src":"https:\/\/i1.wp.com\/retotmp.valnaloneduca.com\/wp-content\/uploads\/2019\/06\/sin-tc3adtulo-1.png?resize=350%2C200","width":350,"height":200},"classes":[]},{"id":1199,"url":"https:\/\/retotmp.valnaloneduca.com\/?p=1199","url_meta":{"origin":1254,"position":2},"title":"Menos plato, m\u00e1s zapato","date":"mayo 29, 2019","format":false,"excerpt":"Los equipos ya est\u00e1n deseando empezar a generar ideas para el reto propuesto, algunos ya se han apresurado y ya quieren decidir sobre la idea a trabajar... pero, no debemos apresurarnos. Es importante dedicar tiempo y escuchar a toda la comunidad educativa que est\u00e1 implicada en el reto. Por eso,\u2026","rel":"","context":"En \u00abIES Carmen y Severo Ochoa\u00bb","img":{"alt_text":"mas zapato","src":"https:\/\/i1.wp.com\/retotmp.valnaloneduca.com\/wp-content\/uploads\/2019\/05\/mas-zapato.jpg?resize=350%2C200","width":350,"height":200},"classes":[]},{"id":1130,"url":"https:\/\/retotmp.valnaloneduca.com\/?p=1130","url_meta":{"origin":1254,"position":3},"title":"Presentaci\u00f3n de coachpotatoe","date":"mayo 15, 2019","format":false,"excerpt":"Somos un grupo de gesti\u00f3n administrativa con la inquietud de generar cambios en nuestro entorno m\u00e1s cercano,Siendo conscientes de la falta de actividad fisica y malos h\u00e1bitos en general... El reto no es f\u00e1cil, ya no s\u00f3lo por el factor econ\u00f3mico y la dificultad de cambiar los h\u00e1bitos, sino tambi\u00e9n\u2026","rel":"","context":"En \u00abIES Carmen y Severo Ochoa\u00bb","img":{"alt_text":"potatoe.jpg","src":"https:\/\/i2.wp.com\/retotmp.valnaloneduca.com\/wp-content\/uploads\/2019\/05\/potatoe.jpg?resize=350%2C200","width":350,"height":200},"classes":[]},{"id":700,"url":"https:\/\/retotmp.valnaloneduca.com\/?p=700","url_meta":{"origin":1254,"position":4},"title":"Veenfies, misi\u00f3n de transmisi\u00f3n","date":"febrero 24, 2019","format":false,"excerpt":"Tras haber realizado encuestas a un supuesto p\u00fablico objetivo como es nuestra clase y a las componentes del grupo, hemos conseguido los siguientes resultados. Comenzando por la encuesta a las personas de clase, la primera pregunta ped\u00eda que dijeran lo mejor de la actuaci\u00f3n del pasado lunes en una o\u2026","rel":"","context":"En \u00abIES Ram\u00f3n Men\u00e9ndez Pidal\u00bb","img":{"alt_text":"whatsapp image 2019 02 15 at 18.44.35 1","src":"https:\/\/i1.wp.com\/retotmp.valnaloneduca.com\/wp-content\/uploads\/2019\/02\/whatsapp-image-2019-02-15-at-18.44.35-1.jpeg?resize=350%2C200","width":350,"height":200},"classes":[]},{"id":582,"url":"https:\/\/retotmp.valnaloneduca.com\/?p=582","url_meta":{"origin":1254,"position":5},"title":"Encuesta sobre Noche Blanca (Instagram)","date":"febrero 11, 2019","format":false,"excerpt":"Tras haber subido diferentes encuestas sobre la noche blanca de Avil\u00e9s a dos cuentas de Instagram, hemos obtenido las siguientes conclusiones: M\u00e1s de la mitad de los j\u00f3venes de Avil\u00e9s no saben en qu\u00e9 consiste la noche blanca (de 333 personas, 100 s\u00ed conoc\u00edan esta actividad mientras que 233 no).\u2026","rel":"","context":"En \u00abIES N\u00ba 5\u00bb","img":{"alt_text":"","src":"","width":0,"height":0},"classes":[]}],"_links":{"self":[{"href":"https:\/\/retotmp.valnaloneduca.com\/index.php?rest_route=\/wp\/v2\/posts\/1254"}],"collection":[{"href":"https:\/\/retotmp.valnaloneduca.com\/index.php?rest_route=\/wp\/v2\/posts"}],"about":[{"href":"https:\/\/retotmp.valnaloneduca.com\/index.php?rest_route=\/wp\/v2\/types\/post"}],"author":[{"embeddable":true,"href":"https:\/\/retotmp.valnaloneduca.com\/index.php?rest_route=\/wp\/v2\/users\/4"}],"replies":[{"embeddable":true,"href":"https:\/\/retotmp.valnaloneduca.com\/index.php?rest_route=%2Fwp%2Fv2%2Fcomments&post=1254"}],"version-history":[{"count":0,"href":"https:\/\/retotmp.valnaloneduca.com\/index.php?rest_route=\/wp\/v2\/posts\/1254\/revisions"}],"wp:attachment":[{"href":"https:\/\/retotmp.valnaloneduca.com\/index.php?rest_route=%2Fwp%2Fv2%2Fmedia&parent=1254"}],"wp:term":[{"taxonomy":"category","embeddable":true,"href":"https:\/\/retotmp.valnaloneduca.com\/index.php?rest_route=%2Fwp%2Fv2%2Fcategories&post=1254"},{"taxonomy":"post_tag","embeddable":true,"href":"https:\/\/retotmp.valnaloneduca.com\/index.php?rest_route=%2Fwp%2Fv2%2Ftags&post=1254"}],"curies":[{"name":"wp","href":"https:\/\/api.w.org\/{rel}","templated":true}]}}