{"id":1260,"date":"2019-06-06T10:51:34","date_gmt":"2019-06-06T10:51:34","guid":{"rendered":"https:\/\/retotmp.wordpress.com\/?p=1260"},"modified":"2019-06-06T10:51:34","modified_gmt":"2019-06-06T10:51:34","slug":"cambios-por-un-luarca-saludable","status":"publish","type":"post","link":"https:\/\/retotmp.valnaloneduca.com\/?p=1260","title":{"rendered":"Cambios por un Luarca saludable."},"content":{"rendered":"<p style=\"text-align:justify;\">Tres ma\u00f1anas con 18 estudiantes implicados en el reto de reducir el sedentarismo en los estudiantes del IES Carmen y Severo Ochoa ha dado para mucho. M\u00e1s de 40 entrevistas realizadas entre estudiantes, profesorado, profesionales del deporte, la nutrici\u00f3n y la medicina y m\u00e1s de 50 ideas generadas&#8230; Al final compartimos, agrupamos y seleccionamos las mejores y ayer fue la presentaci\u00f3n de las propuestas.<\/p>\n<p style=\"text-align:justify;\">En la presentaci\u00f3n estaba el jefe de estudios, Jes\u00fas Manuel Fern\u00e1ndez Fern\u00e1ndez y el profesor de FOL, Roberto Quir\u00f3s Quir\u00f3s. Hab\u00eda nervios y a la vez entusiasmo por exponer las ideas, especialmente pensando en la posibilidad de verlas realidad el pr\u00f3ximo curso escolar.<\/p>\n<p><img loading=\"lazy\" class=\"alignnone size-full wp-image-1261\" src=\"https:\/\/i0.wp.com\/retotmp.valnaloneduca.com\/wp-content\/uploads\/2019\/06\/whatsapp-image-2019-06-06-at-12.18.03.jpeg?resize=910%2C683\" alt=\"WhatsApp Image 2019-06-06 at 12.18.03\" width=\"910\" height=\"683\" srcset=\"https:\/\/i0.wp.com\/retotmp.valnaloneduca.com\/wp-content\/uploads\/2019\/06\/whatsapp-image-2019-06-06-at-12.18.03.jpeg?w=1600&amp;ssl=1 1600w, https:\/\/i0.wp.com\/retotmp.valnaloneduca.com\/wp-content\/uploads\/2019\/06\/whatsapp-image-2019-06-06-at-12.18.03.jpeg?resize=300%2C225&amp;ssl=1 300w, https:\/\/i0.wp.com\/retotmp.valnaloneduca.com\/wp-content\/uploads\/2019\/06\/whatsapp-image-2019-06-06-at-12.18.03.jpeg?resize=1024%2C768&amp;ssl=1 1024w, https:\/\/i0.wp.com\/retotmp.valnaloneduca.com\/wp-content\/uploads\/2019\/06\/whatsapp-image-2019-06-06-at-12.18.03.jpeg?resize=768%2C576&amp;ssl=1 768w, https:\/\/i0.wp.com\/retotmp.valnaloneduca.com\/wp-content\/uploads\/2019\/06\/whatsapp-image-2019-06-06-at-12.18.03.jpeg?resize=1536%2C1152&amp;ssl=1 1536w\" sizes=\"(max-width: 910px) 100vw, 910px\" data-recalc-dims=\"1\" \/><\/p>\n<p style=\"text-align:justify;\">Un <strong>bolet\u00edn informativo<\/strong> con informaci\u00f3n y noticias de inter\u00e9s relacionadas con la actividad f\u00edsica y la alimentaci\u00f3n saludable fue la primera idea presentada. Despu\u00e9s, el resto de equipos presentaron <strong>propuestas para fomentar la actividad f\u00edsica<\/strong>: un gimnasio en el centro con exhibici\u00f3n de diversos deportes, actividades extraescolares, charlas con deportistas de referencia del occidente, parking para bicis, parque con circuito de barras&#8230; Y tambi\u00e9n para <strong>promocionar la alimentaci\u00f3n saludable<\/strong> a trav\u00e9s de talleres de cocina contando con la colaboraci\u00f3n de profesionales del concejo, la disponibilidad de frutas y alimentos saludables en la m\u00e1qu\u00edna expendedora y cocina del centro&#8230;<\/p>\n<div id='gallery-1' class='gallery galleryid-1260 gallery-columns-3 gallery-size-thumbnail'><figure class='gallery-item'>\n\t\t\t<div class='gallery-icon landscape'>\n\t\t\t\t<a href='https:\/\/retotmp.valnaloneduca.com\/?attachment_id=1264'><img width=\"150\" height=\"150\" src=\"https:\/\/i1.wp.com\/retotmp.valnaloneduca.com\/wp-content\/uploads\/2019\/06\/actividad-fisica-en-ecl-exterior_page-0001-scaled.jpg?resize=150%2C150&amp;ssl=1\" class=\"attachment-thumbnail size-thumbnail\" alt=\"\" loading=\"lazy\" srcset=\"https:\/\/i1.wp.com\/retotmp.valnaloneduca.com\/wp-content\/uploads\/2019\/06\/actividad-fisica-en-ecl-exterior_page-0001-scaled.jpg?resize=150%2C150&amp;ssl=1 150w, https:\/\/i1.wp.com\/retotmp.valnaloneduca.com\/wp-content\/uploads\/2019\/06\/actividad-fisica-en-ecl-exterior_page-0001-scaled.jpg?resize=100%2C100&amp;ssl=1 100w, https:\/\/i1.wp.com\/retotmp.valnaloneduca.com\/wp-content\/uploads\/2019\/06\/actividad-fisica-en-ecl-exterior_page-0001-scaled.jpg?zoom=2&amp;resize=150%2C150 300w, https:\/\/i1.wp.com\/retotmp.valnaloneduca.com\/wp-content\/uploads\/2019\/06\/actividad-fisica-en-ecl-exterior_page-0001-scaled.jpg?zoom=3&amp;resize=150%2C150 450w\" sizes=\"(max-width: 150px) 100vw, 150px\" \/><\/a>\n\t\t\t<\/div><\/figure><figure class='gallery-item'>\n\t\t\t<div class='gallery-icon landscape'>\n\t\t\t\t<a href='https:\/\/retotmp.valnaloneduca.com\/?attachment_id=1265'><img width=\"150\" height=\"150\" src=\"https:\/\/i1.wp.com\/retotmp.valnaloneduca.com\/wp-content\/uploads\/2019\/06\/actividad-fisica-en-ecl-exterior_page-0002-scaled.jpg?resize=150%2C150&amp;ssl=1\" class=\"attachment-thumbnail size-thumbnail\" alt=\"\" loading=\"lazy\" srcset=\"https:\/\/i1.wp.com\/retotmp.valnaloneduca.com\/wp-content\/uploads\/2019\/06\/actividad-fisica-en-ecl-exterior_page-0002-scaled.jpg?resize=150%2C150&amp;ssl=1 150w, https:\/\/i1.wp.com\/retotmp.valnaloneduca.com\/wp-content\/uploads\/2019\/06\/actividad-fisica-en-ecl-exterior_page-0002-scaled.jpg?resize=100%2C100&amp;ssl=1 100w, https:\/\/i1.wp.com\/retotmp.valnaloneduca.com\/wp-content\/uploads\/2019\/06\/actividad-fisica-en-ecl-exterior_page-0002-scaled.jpg?zoom=2&amp;resize=150%2C150 300w, https:\/\/i1.wp.com\/retotmp.valnaloneduca.com\/wp-content\/uploads\/2019\/06\/actividad-fisica-en-ecl-exterior_page-0002-scaled.jpg?zoom=3&amp;resize=150%2C150 450w\" sizes=\"(max-width: 150px) 100vw, 150px\" \/><\/a>\n\t\t\t<\/div><\/figure><figure class='gallery-item'>\n\t\t\t<div class='gallery-icon landscape'>\n\t\t\t\t<a href='https:\/\/retotmp.valnaloneduca.com\/?attachment_id=1266'><img width=\"150\" height=\"150\" src=\"https:\/\/i2.wp.com\/retotmp.valnaloneduca.com\/wp-content\/uploads\/2019\/06\/actividad-fisica-en-ecl-exterior_page-0003-scaled.jpg?resize=150%2C150&amp;ssl=1\" class=\"attachment-thumbnail size-thumbnail\" alt=\"\" loading=\"lazy\" srcset=\"https:\/\/i2.wp.com\/retotmp.valnaloneduca.com\/wp-content\/uploads\/2019\/06\/actividad-fisica-en-ecl-exterior_page-0003-scaled.jpg?resize=150%2C150&amp;ssl=1 150w, https:\/\/i2.wp.com\/retotmp.valnaloneduca.com\/wp-content\/uploads\/2019\/06\/actividad-fisica-en-ecl-exterior_page-0003-scaled.jpg?resize=100%2C100&amp;ssl=1 100w, https:\/\/i2.wp.com\/retotmp.valnaloneduca.com\/wp-content\/uploads\/2019\/06\/actividad-fisica-en-ecl-exterior_page-0003-scaled.jpg?zoom=2&amp;resize=150%2C150 300w, https:\/\/i2.wp.com\/retotmp.valnaloneduca.com\/wp-content\/uploads\/2019\/06\/actividad-fisica-en-ecl-exterior_page-0003-scaled.jpg?zoom=3&amp;resize=150%2C150 450w\" sizes=\"(max-width: 150px) 100vw, 150px\" \/><\/a>\n\t\t\t<\/div><\/figure><figure class='gallery-item'>\n\t\t\t<div class='gallery-icon landscape'>\n\t\t\t\t<a href='https:\/\/retotmp.valnaloneduca.com\/?attachment_id=1267'><img width=\"150\" height=\"150\" src=\"https:\/\/i1.wp.com\/retotmp.valnaloneduca.com\/wp-content\/uploads\/2019\/06\/actividad-fisica-en-ecl-exterior_page-0004-scaled.jpg?resize=150%2C150&amp;ssl=1\" class=\"attachment-thumbnail size-thumbnail\" alt=\"\" loading=\"lazy\" srcset=\"https:\/\/i1.wp.com\/retotmp.valnaloneduca.com\/wp-content\/uploads\/2019\/06\/actividad-fisica-en-ecl-exterior_page-0004-scaled.jpg?resize=150%2C150&amp;ssl=1 150w, https:\/\/i1.wp.com\/retotmp.valnaloneduca.com\/wp-content\/uploads\/2019\/06\/actividad-fisica-en-ecl-exterior_page-0004-scaled.jpg?resize=100%2C100&amp;ssl=1 100w, https:\/\/i1.wp.com\/retotmp.valnaloneduca.com\/wp-content\/uploads\/2019\/06\/actividad-fisica-en-ecl-exterior_page-0004-scaled.jpg?zoom=2&amp;resize=150%2C150 300w, https:\/\/i1.wp.com\/retotmp.valnaloneduca.com\/wp-content\/uploads\/2019\/06\/actividad-fisica-en-ecl-exterior_page-0004-scaled.jpg?zoom=3&amp;resize=150%2C150 450w\" sizes=\"(max-width: 150px) 100vw, 150px\" \/><\/a>\n\t\t\t<\/div><\/figure><figure class='gallery-item'>\n\t\t\t<div class='gallery-icon landscape'>\n\t\t\t\t<a href='https:\/\/retotmp.valnaloneduca.com\/?attachment_id=1268'><img width=\"150\" height=\"150\" src=\"https:\/\/i1.wp.com\/retotmp.valnaloneduca.com\/wp-content\/uploads\/2019\/06\/actividad-fisica-en-ecl-exterior_page-0005-scaled.jpg?resize=150%2C150&amp;ssl=1\" class=\"attachment-thumbnail size-thumbnail\" alt=\"\" loading=\"lazy\" srcset=\"https:\/\/i1.wp.com\/retotmp.valnaloneduca.com\/wp-content\/uploads\/2019\/06\/actividad-fisica-en-ecl-exterior_page-0005-scaled.jpg?resize=150%2C150&amp;ssl=1 150w, https:\/\/i1.wp.com\/retotmp.valnaloneduca.com\/wp-content\/uploads\/2019\/06\/actividad-fisica-en-ecl-exterior_page-0005-scaled.jpg?resize=100%2C100&amp;ssl=1 100w, https:\/\/i1.wp.com\/retotmp.valnaloneduca.com\/wp-content\/uploads\/2019\/06\/actividad-fisica-en-ecl-exterior_page-0005-scaled.jpg?zoom=2&amp;resize=150%2C150 300w, https:\/\/i1.wp.com\/retotmp.valnaloneduca.com\/wp-content\/uploads\/2019\/06\/actividad-fisica-en-ecl-exterior_page-0005-scaled.jpg?zoom=3&amp;resize=150%2C150 450w\" sizes=\"(max-width: 150px) 100vw, 150px\" \/><\/a>\n\t\t\t<\/div><\/figure><figure class='gallery-item'>\n\t\t\t<div class='gallery-icon portrait'>\n\t\t\t\t<a href='https:\/\/retotmp.valnaloneduca.com\/?attachment_id=1269'><img width=\"150\" height=\"150\" src=\"https:\/\/i0.wp.com\/retotmp.valnaloneduca.com\/wp-content\/uploads\/2019\/06\/boletc38dn-informativo-glamour-team_page-0001.jpg?resize=150%2C150&amp;ssl=1\" class=\"attachment-thumbnail size-thumbnail\" alt=\"\" loading=\"lazy\" srcset=\"https:\/\/i0.wp.com\/retotmp.valnaloneduca.com\/wp-content\/uploads\/2019\/06\/boletc38dn-informativo-glamour-team_page-0001.jpg?resize=150%2C150&amp;ssl=1 150w, https:\/\/i0.wp.com\/retotmp.valnaloneduca.com\/wp-content\/uploads\/2019\/06\/boletc38dn-informativo-glamour-team_page-0001.jpg?resize=100%2C100&amp;ssl=1 100w, https:\/\/i0.wp.com\/retotmp.valnaloneduca.com\/wp-content\/uploads\/2019\/06\/boletc38dn-informativo-glamour-team_page-0001.jpg?zoom=2&amp;resize=150%2C150 300w, https:\/\/i0.wp.com\/retotmp.valnaloneduca.com\/wp-content\/uploads\/2019\/06\/boletc38dn-informativo-glamour-team_page-0001.jpg?zoom=3&amp;resize=150%2C150 450w\" sizes=\"(max-width: 150px) 100vw, 150px\" \/><\/a>\n\t\t\t<\/div><\/figure><figure class='gallery-item'>\n\t\t\t<div class='gallery-icon portrait'>\n\t\t\t\t<a href='https:\/\/retotmp.valnaloneduca.com\/?attachment_id=1270'><img width=\"150\" height=\"150\" src=\"https:\/\/i1.wp.com\/retotmp.valnaloneduca.com\/wp-content\/uploads\/2019\/06\/boletc38dn-informativo-glamour-team_page-0002.jpg?resize=150%2C150&amp;ssl=1\" class=\"attachment-thumbnail size-thumbnail\" alt=\"\" loading=\"lazy\" srcset=\"https:\/\/i1.wp.com\/retotmp.valnaloneduca.com\/wp-content\/uploads\/2019\/06\/boletc38dn-informativo-glamour-team_page-0002.jpg?resize=150%2C150&amp;ssl=1 150w, https:\/\/i1.wp.com\/retotmp.valnaloneduca.com\/wp-content\/uploads\/2019\/06\/boletc38dn-informativo-glamour-team_page-0002.jpg?resize=100%2C100&amp;ssl=1 100w, https:\/\/i1.wp.com\/retotmp.valnaloneduca.com\/wp-content\/uploads\/2019\/06\/boletc38dn-informativo-glamour-team_page-0002.jpg?zoom=2&amp;resize=150%2C150 300w, https:\/\/i1.wp.com\/retotmp.valnaloneduca.com\/wp-content\/uploads\/2019\/06\/boletc38dn-informativo-glamour-team_page-0002.jpg?zoom=3&amp;resize=150%2C150 450w\" sizes=\"(max-width: 150px) 100vw, 150px\" \/><\/a>\n\t\t\t<\/div><\/figure><figure class='gallery-item'>\n\t\t\t<div class='gallery-icon portrait'>\n\t\t\t\t<a href='https:\/\/retotmp.valnaloneduca.com\/?attachment_id=1271'><img width=\"150\" height=\"150\" src=\"https:\/\/i1.wp.com\/retotmp.valnaloneduca.com\/wp-content\/uploads\/2019\/06\/boletc38dn-informativo-glamour-team_page-0003.jpg?resize=150%2C150&amp;ssl=1\" class=\"attachment-thumbnail size-thumbnail\" alt=\"\" loading=\"lazy\" srcset=\"https:\/\/i1.wp.com\/retotmp.valnaloneduca.com\/wp-content\/uploads\/2019\/06\/boletc38dn-informativo-glamour-team_page-0003.jpg?resize=150%2C150&amp;ssl=1 150w, https:\/\/i1.wp.com\/retotmp.valnaloneduca.com\/wp-content\/uploads\/2019\/06\/boletc38dn-informativo-glamour-team_page-0003.jpg?resize=100%2C100&amp;ssl=1 100w, https:\/\/i1.wp.com\/retotmp.valnaloneduca.com\/wp-content\/uploads\/2019\/06\/boletc38dn-informativo-glamour-team_page-0003.jpg?zoom=2&amp;resize=150%2C150 300w, https:\/\/i1.wp.com\/retotmp.valnaloneduca.com\/wp-content\/uploads\/2019\/06\/boletc38dn-informativo-glamour-team_page-0003.jpg?zoom=3&amp;resize=150%2C150 450w\" sizes=\"(max-width: 150px) 100vw, 150px\" \/><\/a>\n\t\t\t<\/div><\/figure><figure class='gallery-item'>\n\t\t\t<div class='gallery-icon portrait'>\n\t\t\t\t<a href='https:\/\/retotmp.valnaloneduca.com\/?attachment_id=1272'><img width=\"150\" height=\"150\" src=\"https:\/\/i1.wp.com\/retotmp.valnaloneduca.com\/wp-content\/uploads\/2019\/06\/boletc38dn-informativo-glamour-team_page-0004.jpg?resize=150%2C150&amp;ssl=1\" class=\"attachment-thumbnail size-thumbnail\" alt=\"\" loading=\"lazy\" srcset=\"https:\/\/i1.wp.com\/retotmp.valnaloneduca.com\/wp-content\/uploads\/2019\/06\/boletc38dn-informativo-glamour-team_page-0004.jpg?resize=150%2C150&amp;ssl=1 150w, https:\/\/i1.wp.com\/retotmp.valnaloneduca.com\/wp-content\/uploads\/2019\/06\/boletc38dn-informativo-glamour-team_page-0004.jpg?resize=100%2C100&amp;ssl=1 100w, https:\/\/i1.wp.com\/retotmp.valnaloneduca.com\/wp-content\/uploads\/2019\/06\/boletc38dn-informativo-glamour-team_page-0004.jpg?zoom=2&amp;resize=150%2C150 300w, https:\/\/i1.wp.com\/retotmp.valnaloneduca.com\/wp-content\/uploads\/2019\/06\/boletc38dn-informativo-glamour-team_page-0004.jpg?zoom=3&amp;resize=150%2C150 450w\" sizes=\"(max-width: 150px) 100vw, 150px\" \/><\/a>\n\t\t\t<\/div><\/figure><figure class='gallery-item'>\n\t\t\t<div class='gallery-icon portrait'>\n\t\t\t\t<a href='https:\/\/retotmp.valnaloneduca.com\/?attachment_id=1273'><img width=\"150\" height=\"150\" src=\"https:\/\/i2.wp.com\/retotmp.valnaloneduca.com\/wp-content\/uploads\/2019\/06\/boletc38dn-informativo-glamour-team_page-0005.jpg?resize=150%2C150&amp;ssl=1\" class=\"attachment-thumbnail size-thumbnail\" alt=\"\" loading=\"lazy\" srcset=\"https:\/\/i2.wp.com\/retotmp.valnaloneduca.com\/wp-content\/uploads\/2019\/06\/boletc38dn-informativo-glamour-team_page-0005.jpg?resize=150%2C150&amp;ssl=1 150w, https:\/\/i2.wp.com\/retotmp.valnaloneduca.com\/wp-content\/uploads\/2019\/06\/boletc38dn-informativo-glamour-team_page-0005.jpg?resize=100%2C100&amp;ssl=1 100w, https:\/\/i2.wp.com\/retotmp.valnaloneduca.com\/wp-content\/uploads\/2019\/06\/boletc38dn-informativo-glamour-team_page-0005.jpg?zoom=2&amp;resize=150%2C150 300w, https:\/\/i2.wp.com\/retotmp.valnaloneduca.com\/wp-content\/uploads\/2019\/06\/boletc38dn-informativo-glamour-team_page-0005.jpg?zoom=3&amp;resize=150%2C150 450w\" sizes=\"(max-width: 150px) 100vw, 150px\" \/><\/a>\n\t\t\t<\/div><\/figure><figure class='gallery-item'>\n\t\t\t<div class='gallery-icon portrait'>\n\t\t\t\t<a href='https:\/\/retotmp.valnaloneduca.com\/?attachment_id=1274'><img width=\"150\" height=\"150\" src=\"https:\/\/i2.wp.com\/retotmp.valnaloneduca.com\/wp-content\/uploads\/2019\/06\/boletc38dn-informativo-glamour-team_page-0006.jpg?resize=150%2C150&amp;ssl=1\" class=\"attachment-thumbnail size-thumbnail\" alt=\"\" loading=\"lazy\" srcset=\"https:\/\/i2.wp.com\/retotmp.valnaloneduca.com\/wp-content\/uploads\/2019\/06\/boletc38dn-informativo-glamour-team_page-0006.jpg?resize=150%2C150&amp;ssl=1 150w, https:\/\/i2.wp.com\/retotmp.valnaloneduca.com\/wp-content\/uploads\/2019\/06\/boletc38dn-informativo-glamour-team_page-0006.jpg?resize=100%2C100&amp;ssl=1 100w, https:\/\/i2.wp.com\/retotmp.valnaloneduca.com\/wp-content\/uploads\/2019\/06\/boletc38dn-informativo-glamour-team_page-0006.jpg?zoom=2&amp;resize=150%2C150 300w, https:\/\/i2.wp.com\/retotmp.valnaloneduca.com\/wp-content\/uploads\/2019\/06\/boletc38dn-informativo-glamour-team_page-0006.jpg?zoom=3&amp;resize=150%2C150 450w\" sizes=\"(max-width: 150px) 100vw, 150px\" \/><\/a>\n\t\t\t<\/div><\/figure><figure class='gallery-item'>\n\t\t\t<div class='gallery-icon portrait'>\n\t\t\t\t<a href='https:\/\/retotmp.valnaloneduca.com\/?attachment_id=1263'><img width=\"150\" height=\"150\" src=\"https:\/\/i2.wp.com\/retotmp.valnaloneduca.com\/wp-content\/uploads\/2019\/06\/coach-potatoe_page-0001-scaled.jpg?resize=150%2C150&amp;ssl=1\" class=\"attachment-thumbnail size-thumbnail\" alt=\"\" loading=\"lazy\" srcset=\"https:\/\/i2.wp.com\/retotmp.valnaloneduca.com\/wp-content\/uploads\/2019\/06\/coach-potatoe_page-0001-scaled.jpg?resize=150%2C150&amp;ssl=1 150w, https:\/\/i2.wp.com\/retotmp.valnaloneduca.com\/wp-content\/uploads\/2019\/06\/coach-potatoe_page-0001-scaled.jpg?resize=100%2C100&amp;ssl=1 100w, https:\/\/i2.wp.com\/retotmp.valnaloneduca.com\/wp-content\/uploads\/2019\/06\/coach-potatoe_page-0001-scaled.jpg?zoom=2&amp;resize=150%2C150 300w, https:\/\/i2.wp.com\/retotmp.valnaloneduca.com\/wp-content\/uploads\/2019\/06\/coach-potatoe_page-0001-scaled.jpg?zoom=3&amp;resize=150%2C150 450w\" sizes=\"(max-width: 150px) 100vw, 150px\" \/><\/a>\n\t\t\t<\/div><\/figure><figure class='gallery-item'>\n\t\t\t<div class='gallery-icon portrait'>\n\t\t\t\t<a href='https:\/\/retotmp.valnaloneduca.com\/?attachment_id=1262'><img width=\"150\" height=\"150\" src=\"https:\/\/i1.wp.com\/retotmp.valnaloneduca.com\/wp-content\/uploads\/2019\/06\/cartel-gimnasio.jpg?resize=150%2C150&amp;ssl=1\" class=\"attachment-thumbnail size-thumbnail\" alt=\"\" loading=\"lazy\" srcset=\"https:\/\/i1.wp.com\/retotmp.valnaloneduca.com\/wp-content\/uploads\/2019\/06\/cartel-gimnasio.jpg?resize=150%2C150&amp;ssl=1 150w, https:\/\/i1.wp.com\/retotmp.valnaloneduca.com\/wp-content\/uploads\/2019\/06\/cartel-gimnasio.jpg?resize=100%2C100&amp;ssl=1 100w, https:\/\/i1.wp.com\/retotmp.valnaloneduca.com\/wp-content\/uploads\/2019\/06\/cartel-gimnasio.jpg?zoom=2&amp;resize=150%2C150 300w, https:\/\/i1.wp.com\/retotmp.valnaloneduca.com\/wp-content\/uploads\/2019\/06\/cartel-gimnasio.jpg?zoom=3&amp;resize=150%2C150 450w\" sizes=\"(max-width: 150px) 100vw, 150px\" \/><\/a>\n\t\t\t<\/div><\/figure>\n\t\t<\/div>\n\n<p style=\"text-align:justify;\">Como conclusi\u00f3n, los representantes del centro se sintieron muy sorprendidos y satisfechos con el trabajo realizado por los estudiantes. Muchas ideas ya rondaban por los despachos y otras podr\u00edan encajar. Al final, un firme compromiso de valorar todas y comenzar a trabajar en ellas el pr\u00f3ximo curso escolar.<\/p>\n<p style=\"text-align:justify;\">Estamos seguras de que algunas las veremos hechas realidad antes de finalizar el a\u00f1o.<\/p>\n","protected":false},"excerpt":{"rendered":"<p>Tres ma\u00f1anas con 18 estudiantes implicados en el reto de reducir el sedentarismo en los estudiantes del IES Carmen y<\/p>\n","protected":false},"author":4,"featured_media":0,"comment_status":"open","ping_status":"open","sticky":false,"template":"","format":"standard","meta":{"spay_email":""},"categories":[9,30],"tags":[],"jetpack_featured_media_url":"","jetpack-related-posts":[{"id":1196,"url":"https:\/\/retotmp.valnaloneduca.com\/?p=1196","url_meta":{"origin":1260,"position":0},"title":"Un acercamiento a la realidad","date":"mayo 28, 2019","format":false,"excerpt":"Comenzamos con el reto... el IES Carmen y Severo Ochoa est\u00e1 preocupado por el alto grado de sedentarismo de los estudiantes y las consecuencias que esto puede tener sobre la salud de la juventud del concejo. As\u00ed es que comenzando con la primera fase de la metodolog\u00eda Design Thinking, la\u2026","rel":"","context":"En \u00abIES Carmen y Severo Ochoa\u00bb","img":{"alt_text":"entrevista jefe estudios","src":"https:\/\/i0.wp.com\/retotmp.valnaloneduca.com\/wp-content\/uploads\/2019\/05\/entrevista-jefe-estudios.png?resize=350%2C200","width":350,"height":200},"classes":[]},{"id":1276,"url":"https:\/\/retotmp.valnaloneduca.com\/?p=1276","url_meta":{"origin":1260,"position":1},"title":"Una propuesta hecha realidad","date":"junio 6, 2019","format":false,"excerpt":"El pasado curso escolar, el IES Carmen y Severo Ochoa de Luarca propon\u00eda a los estudiantes de Formaci\u00f3n Profesional el reto de dise\u00f1ar el \"Instituto Ideal\" para toda la comunidad educativa. En aquel momento los\/as estudiantes de los CFGM de Gesti\u00f3n Administrativa, Electromec\u00e1nica e Instalaciones El\u00e9ctricas presentaron numerosas propuestas. Y\u2026","rel":"","context":"En \u00abIES Carmen y Severo Ochoa\u00bb","img":{"alt_text":"","src":"https:\/\/i1.wp.com\/retotmp.valnaloneduca.com\/wp-content\/uploads\/2019\/06\/whatsapp-image-2019-06-06-at-12.17.48.jpeg?resize=350%2C200","width":350,"height":200},"classes":[]},{"id":1109,"url":"https:\/\/retotmp.valnaloneduca.com\/?p=1109","url_meta":{"origin":1260,"position":2},"title":"Evitemos los riesgos del sedentarismo","date":"mayo 10, 2019","format":false,"excerpt":"Nuevos equipos y muchas ideas y propuestas para el reto que nos propone el IES Carmen y Severo Ochoa. En esta ocasi\u00f3n el centro propone a los\/as estudiantes intentar reducir el alto nivel de SEDENTARISMO del alumnado a trav\u00e9s de acciones que se puedan realizar desde el IES. Para ello,\u2026","rel":"","context":"En \u00abIES Carmen y Severo Ochoa\u00bb","img":{"alt_text":"sedent","src":"https:\/\/i1.wp.com\/retotmp.valnaloneduca.com\/wp-content\/uploads\/2019\/05\/sedent.jpg?resize=350%2C200","width":350,"height":200},"classes":[]},{"id":2008,"url":"https:\/\/retotmp.valnaloneduca.com\/?p=2008","url_meta":{"origin":1260,"position":3},"title":"IES Carmen y Severo Ochoa 2020-2021","date":"junio 14, 2021","format":false,"excerpt":"Entre los meses de enero y junio de 2021 se llev\u00f3 a cabo un curso Reto TMP organizado por Valnal\u00f3n con los grupos de 1\u00ba y 2\u00ba de CFGM Gesti\u00f3n Administrativa. A petici\u00f3n de Mar Romero, la profesora del grupo y con la idea de conseguir un mejor encaje curricular\u2026","rel":"","context":"En \u00abCurso 2020-2021\u00bb","img":{"alt_text":"","src":"https:\/\/i1.wp.com\/retotmp.valnaloneduca.com\/wp-content\/uploads\/2021\/05\/reto_tmp_luarca_1-1.jpg?resize=350%2C200&ssl=1","width":350,"height":200},"classes":[]},{"id":1128,"url":"https:\/\/retotmp.valnaloneduca.com\/?p=1128","url_meta":{"origin":1260,"position":4},"title":"Somos OchoaGlamour Team","date":"mayo 15, 2019","format":false,"excerpt":"Somos el grupo Glamour Team del IES Carmen y Severo Ochoa de los ciclos de administrativo y automoci\u00f3n, estamos haciendo el proyecto de sedentarismo y esperamos aportar ideas y soluciones.","rel":"","context":"En \u00abIES Carmen y Severo Ochoa\u00bb","img":{"alt_text":"glamour","src":"https:\/\/i2.wp.com\/retotmp.valnaloneduca.com\/wp-content\/uploads\/2019\/05\/glamour.jpg?resize=350%2C200","width":350,"height":200},"classes":[]},{"id":1130,"url":"https:\/\/retotmp.valnaloneduca.com\/?p=1130","url_meta":{"origin":1260,"position":5},"title":"Presentaci\u00f3n de coachpotatoe","date":"mayo 15, 2019","format":false,"excerpt":"Somos un grupo de gesti\u00f3n administrativa con la inquietud de generar cambios en nuestro entorno m\u00e1s cercano,Siendo conscientes de la falta de actividad fisica y malos h\u00e1bitos en general... El reto no es f\u00e1cil, ya no s\u00f3lo por el factor econ\u00f3mico y la dificultad de cambiar los h\u00e1bitos, sino tambi\u00e9n\u2026","rel":"","context":"En \u00abIES Carmen y Severo Ochoa\u00bb","img":{"alt_text":"potatoe.jpg","src":"https:\/\/i2.wp.com\/retotmp.valnaloneduca.com\/wp-content\/uploads\/2019\/05\/potatoe.jpg?resize=350%2C200","width":350,"height":200},"classes":[]}],"_links":{"self":[{"href":"https:\/\/retotmp.valnaloneduca.com\/index.php?rest_route=\/wp\/v2\/posts\/1260"}],"collection":[{"href":"https:\/\/retotmp.valnaloneduca.com\/index.php?rest_route=\/wp\/v2\/posts"}],"about":[{"href":"https:\/\/retotmp.valnaloneduca.com\/index.php?rest_route=\/wp\/v2\/types\/post"}],"author":[{"embeddable":true,"href":"https:\/\/retotmp.valnaloneduca.com\/index.php?rest_route=\/wp\/v2\/users\/4"}],"replies":[{"embeddable":true,"href":"https:\/\/retotmp.valnaloneduca.com\/index.php?rest_route=%2Fwp%2Fv2%2Fcomments&post=1260"}],"version-history":[{"count":0,"href":"https:\/\/retotmp.valnaloneduca.com\/index.php?rest_route=\/wp\/v2\/posts\/1260\/revisions"}],"wp:attachment":[{"href":"https:\/\/retotmp.valnaloneduca.com\/index.php?rest_route=%2Fwp%2Fv2%2Fmedia&parent=1260"}],"wp:term":[{"taxonomy":"category","embeddable":true,"href":"https:\/\/retotmp.valnaloneduca.com\/index.php?rest_route=%2Fwp%2Fv2%2Fcategories&post=1260"},{"taxonomy":"post_tag","embeddable":true,"href":"https:\/\/retotmp.valnaloneduca.com\/index.php?rest_route=%2Fwp%2Fv2%2Ftags&post=1260"}],"curies":[{"name":"wp","href":"https:\/\/api.w.org\/{rel}","templated":true}]}}