{"id":1276,"date":"2019-06-06T12:23:11","date_gmt":"2019-06-06T12:23:11","guid":{"rendered":"https:\/\/retotmp.wordpress.com\/?p=1276"},"modified":"2019-06-06T12:23:11","modified_gmt":"2019-06-06T12:23:11","slug":"una-propuesta-hecha-realidad","status":"publish","type":"post","link":"https:\/\/retotmp.valnaloneduca.com\/?p=1276","title":{"rendered":"Una propuesta hecha realidad"},"content":{"rendered":"<p style=\"text-align:justify;\">El pasado curso escolar, el IES Carmen y Severo Ochoa de Luarca propon\u00eda a los estudiantes de Formaci\u00f3n Profesional el reto de dise\u00f1ar el \u00abInstituto Ideal\u00bb para toda la comunidad educativa.<\/p>\n<p style=\"text-align:justify;\">En aquel momento los\/as estudiantes de los CFGM de Gesti\u00f3n Administrativa, Electromec\u00e1nica e Instalaciones El\u00e9ctricas presentaron numerosas propuestas. Y el equipo directivo valor\u00f3 todas ellas e hizo la promesa de hacer los esfuerzos necesarios para llevarlas a cabo. Y aqu\u00ed tenemos el resultado&#8230;<\/p>\n<div class=\"tiled-gallery type-rectangular tiled-gallery-unresized\" data-original-width=\"910\" data-carousel-extra='null' itemscope itemtype=\"http:\/\/schema.org\/ImageGallery\" > <div class=\"gallery-row\" style=\"width: 910px; height: 456px;\" data-original-width=\"910\" data-original-height=\"456\" > <div class=\"gallery-group images-1\" style=\"width: 607px; height: 456px;\" data-original-width=\"607\" data-original-height=\"456\" > <div class=\"tiled-gallery-item tiled-gallery-item-large\" itemprop=\"associatedMedia\" itemscope itemtype=\"http:\/\/schema.org\/ImageObject\"> <a href=\"https:\/\/retotmp.valnaloneduca.com\/?attachment_id=1277\" border=\"0\" itemprop=\"url\"> <meta itemprop=\"width\" content=\"603\"> <meta itemprop=\"height\" content=\"452\"> <img data-attachment-id=\"1277\" data-orig-file=\"https:\/\/retotmp.valnaloneduca.com\/wp-content\/uploads\/2019\/06\/whatsapp-image-2019-06-06-at-12.17.48.jpeg\" data-orig-size=\"1600,1200\" data-comments-opened=\"1\" data-image-meta=\"{&quot;aperture&quot;:&quot;0&quot;,&quot;credit&quot;:&quot;&quot;,&quot;camera&quot;:&quot;&quot;,&quot;caption&quot;:&quot;&quot;,&quot;created_timestamp&quot;:&quot;0&quot;,&quot;copyright&quot;:&quot;&quot;,&quot;focal_length&quot;:&quot;0&quot;,&quot;iso&quot;:&quot;0&quot;,&quot;shutter_speed&quot;:&quot;0&quot;,&quot;title&quot;:&quot;&quot;,&quot;orientation&quot;:&quot;0&quot;}\" data-image-title=\"WhatsApp Image 2019-06-06 at 12.17.48\" data-image-description=\"\" data-medium-file=\"https:\/\/i1.wp.com\/retotmp.valnaloneduca.com\/wp-content\/uploads\/2019\/06\/whatsapp-image-2019-06-06-at-12.17.48.jpeg?fit=300%2C225&#038;ssl=1\" data-large-file=\"https:\/\/i1.wp.com\/retotmp.valnaloneduca.com\/wp-content\/uploads\/2019\/06\/whatsapp-image-2019-06-06-at-12.17.48.jpeg?fit=910%2C683&#038;ssl=1\" src=\"https:\/\/i1.wp.com\/retotmp.valnaloneduca.com\/wp-content\/uploads\/2019\/06\/whatsapp-image-2019-06-06-at-12.17.48.jpeg?w=603&#038;h=452&#038;ssl=1\" width=\"603\" height=\"452\" data-original-width=\"603\" data-original-height=\"452\" itemprop=\"http:\/\/schema.org\/image\" title=\"WhatsApp Image 2019-06-06 at 12.17.48\" alt=\"WhatsApp Image 2019-06-06 at 12.17.48\" style=\"width: 603px; height: 452px;\" \/> <\/a> <\/div> <\/div> <!-- close group --> <div class=\"gallery-group images-2\" style=\"width: 303px; height: 456px;\" data-original-width=\"303\" data-original-height=\"456\" > <div class=\"tiled-gallery-item tiled-gallery-item-large\" itemprop=\"associatedMedia\" itemscope itemtype=\"http:\/\/schema.org\/ImageObject\"> <a href=\"https:\/\/retotmp.valnaloneduca.com\/?attachment_id=1278\" border=\"0\" itemprop=\"url\"> <meta itemprop=\"width\" content=\"299\"> <meta itemprop=\"height\" content=\"224\"> <img data-attachment-id=\"1278\" data-orig-file=\"https:\/\/retotmp.valnaloneduca.com\/wp-content\/uploads\/2019\/06\/whatsapp-image-2019-06-06-at-12.17.39.jpeg\" data-orig-size=\"1600,1200\" data-comments-opened=\"1\" data-image-meta=\"{&quot;aperture&quot;:&quot;0&quot;,&quot;credit&quot;:&quot;&quot;,&quot;camera&quot;:&quot;&quot;,&quot;caption&quot;:&quot;&quot;,&quot;created_timestamp&quot;:&quot;0&quot;,&quot;copyright&quot;:&quot;&quot;,&quot;focal_length&quot;:&quot;0&quot;,&quot;iso&quot;:&quot;0&quot;,&quot;shutter_speed&quot;:&quot;0&quot;,&quot;title&quot;:&quot;&quot;,&quot;orientation&quot;:&quot;0&quot;}\" data-image-title=\"WhatsApp Image 2019-06-06 at 12.17.39\" data-image-description=\"\" data-medium-file=\"https:\/\/i1.wp.com\/retotmp.valnaloneduca.com\/wp-content\/uploads\/2019\/06\/whatsapp-image-2019-06-06-at-12.17.39.jpeg?fit=300%2C225&#038;ssl=1\" data-large-file=\"https:\/\/i1.wp.com\/retotmp.valnaloneduca.com\/wp-content\/uploads\/2019\/06\/whatsapp-image-2019-06-06-at-12.17.39.jpeg?fit=910%2C683&#038;ssl=1\" src=\"https:\/\/i1.wp.com\/retotmp.valnaloneduca.com\/wp-content\/uploads\/2019\/06\/whatsapp-image-2019-06-06-at-12.17.39.jpeg?w=299&#038;h=224&#038;ssl=1\" width=\"299\" height=\"224\" data-original-width=\"299\" data-original-height=\"224\" itemprop=\"http:\/\/schema.org\/image\" title=\"WhatsApp Image 2019-06-06 at 12.17.39\" alt=\"WhatsApp Image 2019-06-06 at 12.17.39\" style=\"width: 299px; height: 224px;\" \/> <\/a> <\/div> <div class=\"tiled-gallery-item tiled-gallery-item-large\" itemprop=\"associatedMedia\" itemscope itemtype=\"http:\/\/schema.org\/ImageObject\"> <a href=\"https:\/\/retotmp.valnaloneduca.com\/?attachment_id=1279\" border=\"0\" itemprop=\"url\"> <meta itemprop=\"width\" content=\"299\"> <meta itemprop=\"height\" content=\"224\"> <img data-attachment-id=\"1279\" data-orig-file=\"https:\/\/retotmp.valnaloneduca.com\/wp-content\/uploads\/2019\/06\/whatsapp-image-2019-06-06-at-12.17.21.jpeg\" data-orig-size=\"1600,1200\" data-comments-opened=\"1\" data-image-meta=\"{&quot;aperture&quot;:&quot;0&quot;,&quot;credit&quot;:&quot;&quot;,&quot;camera&quot;:&quot;&quot;,&quot;caption&quot;:&quot;&quot;,&quot;created_timestamp&quot;:&quot;0&quot;,&quot;copyright&quot;:&quot;&quot;,&quot;focal_length&quot;:&quot;0&quot;,&quot;iso&quot;:&quot;0&quot;,&quot;shutter_speed&quot;:&quot;0&quot;,&quot;title&quot;:&quot;&quot;,&quot;orientation&quot;:&quot;0&quot;}\" data-image-title=\"WhatsApp Image 2019-06-06 at 12.17.21\" data-image-description=\"\" data-medium-file=\"https:\/\/i0.wp.com\/retotmp.valnaloneduca.com\/wp-content\/uploads\/2019\/06\/whatsapp-image-2019-06-06-at-12.17.21.jpeg?fit=300%2C225&#038;ssl=1\" data-large-file=\"https:\/\/i0.wp.com\/retotmp.valnaloneduca.com\/wp-content\/uploads\/2019\/06\/whatsapp-image-2019-06-06-at-12.17.21.jpeg?fit=910%2C683&#038;ssl=1\" src=\"https:\/\/i0.wp.com\/retotmp.valnaloneduca.com\/wp-content\/uploads\/2019\/06\/whatsapp-image-2019-06-06-at-12.17.21.jpeg?w=299&#038;h=224&#038;ssl=1\" width=\"299\" height=\"224\" data-original-width=\"299\" data-original-height=\"224\" itemprop=\"http:\/\/schema.org\/image\" title=\"WhatsApp Image 2019-06-06 at 12.17.21\" alt=\"WhatsApp Image 2019-06-06 at 12.17.21\" style=\"width: 299px; height: 224px;\" \/> <\/a> <\/div> <\/div> <!-- close group --> <\/div> <!-- close row --> <\/div>\n<p style=\"text-align:justify;\">Una de las propuestas era disponer en el instituto de un espacio para que especialmente los estudiantes que se quedaran por la tarde a actividades extraescolares, pudieran comer. Y ah\u00ed lo tenemos, un aula reconvertida en comedor con microondas, nevera, fregadero, menaje, mesas&#8230; todo lo necesario para poder disfrutar de un espacio durante la hora de la comida. Y adem\u00e1s un aula anexa para aprovechar los tiempos libres antes de volver a casa a hacer algunos deberes con el apoyo de un monitor\/a.<\/p>\n<p style=\"text-align:justify;\">Lo mejor, es que el propio profesorado y estudiantes colaboraron tambi\u00e9n en la puesta en marcha pintando, soldando y poniendo en orden lo que hab\u00eda sido un aula taller.<\/p>\n<p style=\"text-align:justify;\">Enhorabuena a la comunidad educativa del IES Carmen y Severo Ochoa por el compromiso y esfuerzo por querer llegar a ser un Instituto Ideal para todos y todas.<\/p>\n","protected":false},"excerpt":{"rendered":"<p>El pasado curso escolar, el IES Carmen y Severo Ochoa de Luarca propon\u00eda a los estudiantes de Formaci\u00f3n Profesional el<\/p>\n","protected":false},"author":4,"featured_media":0,"comment_status":"open","ping_status":"open","sticky":false,"template":"","format":"standard","meta":{"spay_email":""},"categories":[9,30],"tags":[],"jetpack_featured_media_url":"","jetpack-related-posts":[{"id":1109,"url":"https:\/\/retotmp.valnaloneduca.com\/?p=1109","url_meta":{"origin":1276,"position":0},"title":"Evitemos los riesgos del sedentarismo","date":"mayo 10, 2019","format":false,"excerpt":"Nuevos equipos y muchas ideas y propuestas para el reto que nos propone el IES Carmen y Severo Ochoa. En esta ocasi\u00f3n el centro propone a los\/as estudiantes intentar reducir el alto nivel de SEDENTARISMO del alumnado a trav\u00e9s de acciones que se puedan realizar desde el IES. Para ello,\u2026","rel":"","context":"En \u00abIES Carmen y Severo Ochoa\u00bb","img":{"alt_text":"sedent","src":"https:\/\/i1.wp.com\/retotmp.valnaloneduca.com\/wp-content\/uploads\/2019\/05\/sedent.jpg?resize=350%2C200","width":350,"height":200},"classes":[]},{"id":1260,"url":"https:\/\/retotmp.valnaloneduca.com\/?p=1260","url_meta":{"origin":1276,"position":1},"title":"Cambios por un Luarca saludable.","date":"junio 6, 2019","format":false,"excerpt":"Tres ma\u00f1anas con 18 estudiantes implicados en el reto de reducir el sedentarismo en los estudiantes del IES Carmen y Severo Ochoa ha dado para mucho. M\u00e1s de 40 entrevistas realizadas entre estudiantes, profesorado, profesionales del deporte, la nutrici\u00f3n y la medicina y m\u00e1s de 50 ideas generadas... Al final\u2026","rel":"","context":"En \u00abIES Carmen y Severo Ochoa\u00bb","img":{"alt_text":"","src":"https:\/\/i1.wp.com\/retotmp.valnaloneduca.com\/wp-content\/uploads\/2019\/06\/actividad-fisica-en-ecl-exterior_page-0001-scaled.jpg?resize=350%2C200","width":350,"height":200},"classes":[]},{"id":1196,"url":"https:\/\/retotmp.valnaloneduca.com\/?p=1196","url_meta":{"origin":1276,"position":2},"title":"Un acercamiento a la realidad","date":"mayo 28, 2019","format":false,"excerpt":"Comenzamos con el reto... el IES Carmen y Severo Ochoa est\u00e1 preocupado por el alto grado de sedentarismo de los estudiantes y las consecuencias que esto puede tener sobre la salud de la juventud del concejo. As\u00ed es que comenzando con la primera fase de la metodolog\u00eda Design Thinking, la\u2026","rel":"","context":"En \u00abIES Carmen y Severo Ochoa\u00bb","img":{"alt_text":"entrevista jefe estudios","src":"https:\/\/i0.wp.com\/retotmp.valnaloneduca.com\/wp-content\/uploads\/2019\/05\/entrevista-jefe-estudios.png?resize=350%2C200","width":350,"height":200},"classes":[]},{"id":1128,"url":"https:\/\/retotmp.valnaloneduca.com\/?p=1128","url_meta":{"origin":1276,"position":3},"title":"Somos OchoaGlamour Team","date":"mayo 15, 2019","format":false,"excerpt":"Somos el grupo Glamour Team del IES Carmen y Severo Ochoa de los ciclos de administrativo y automoci\u00f3n, estamos haciendo el proyecto de sedentarismo y esperamos aportar ideas y soluciones.","rel":"","context":"En \u00abIES Carmen y Severo Ochoa\u00bb","img":{"alt_text":"glamour","src":"https:\/\/i2.wp.com\/retotmp.valnaloneduca.com\/wp-content\/uploads\/2019\/05\/glamour.jpg?resize=350%2C200","width":350,"height":200},"classes":[]},{"id":1252,"url":"https:\/\/retotmp.valnaloneduca.com\/?p=1252","url_meta":{"origin":1276,"position":4},"title":"Estudio del sedentarismo en los estudiantes","date":"junio 6, 2019","format":false,"excerpt":"En las encuestas realizadas por BIMASA Brothers, el mayor porcentaje de todas las personas que respondieron han sido hombres entre 15 y 25 a\u00f1os. El 70% de los entrevistados practican deporte y el 30% no, por ning\u00fan motivo en concreto. De las personas que no lo practican la mayor\u00eda contestan\u2026","rel":"","context":"En \u00abIES Carmen y Severo Ochoa\u00bb","img":{"alt_text":"","src":"https:\/\/i1.wp.com\/retotmp.valnaloneduca.com\/wp-content\/uploads\/2019\/06\/img_20190522_094718_241-scaled.jpg?resize=350%2C200","width":350,"height":200},"classes":[]},{"id":2008,"url":"https:\/\/retotmp.valnaloneduca.com\/?p=2008","url_meta":{"origin":1276,"position":5},"title":"IES Carmen y Severo Ochoa 2020-2021","date":"junio 14, 2021","format":false,"excerpt":"Entre los meses de enero y junio de 2021 se llev\u00f3 a cabo un curso Reto TMP organizado por Valnal\u00f3n con los grupos de 1\u00ba y 2\u00ba de CFGM Gesti\u00f3n Administrativa. A petici\u00f3n de Mar Romero, la profesora del grupo y con la idea de conseguir un mejor encaje curricular\u2026","rel":"","context":"En \u00abCurso 2020-2021\u00bb","img":{"alt_text":"","src":"https:\/\/i1.wp.com\/retotmp.valnaloneduca.com\/wp-content\/uploads\/2021\/05\/reto_tmp_luarca_1-1.jpg?resize=350%2C200&ssl=1","width":350,"height":200},"classes":[]}],"_links":{"self":[{"href":"https:\/\/retotmp.valnaloneduca.com\/index.php?rest_route=\/wp\/v2\/posts\/1276"}],"collection":[{"href":"https:\/\/retotmp.valnaloneduca.com\/index.php?rest_route=\/wp\/v2\/posts"}],"about":[{"href":"https:\/\/retotmp.valnaloneduca.com\/index.php?rest_route=\/wp\/v2\/types\/post"}],"author":[{"embeddable":true,"href":"https:\/\/retotmp.valnaloneduca.com\/index.php?rest_route=\/wp\/v2\/users\/4"}],"replies":[{"embeddable":true,"href":"https:\/\/retotmp.valnaloneduca.com\/index.php?rest_route=%2Fwp%2Fv2%2Fcomments&post=1276"}],"version-history":[{"count":0,"href":"https:\/\/retotmp.valnaloneduca.com\/index.php?rest_route=\/wp\/v2\/posts\/1276\/revisions"}],"wp:attachment":[{"href":"https:\/\/retotmp.valnaloneduca.com\/index.php?rest_route=%2Fwp%2Fv2%2Fmedia&parent=1276"}],"wp:term":[{"taxonomy":"category","embeddable":true,"href":"https:\/\/retotmp.valnaloneduca.com\/index.php?rest_route=%2Fwp%2Fv2%2Fcategories&post=1276"},{"taxonomy":"post_tag","embeddable":true,"href":"https:\/\/retotmp.valnaloneduca.com\/index.php?rest_route=%2Fwp%2Fv2%2Ftags&post=1276"}],"curies":[{"name":"wp","href":"https:\/\/api.w.org\/{rel}","templated":true}]}}