{"id":1286,"date":"2019-06-13T12:34:42","date_gmt":"2019-06-13T12:34:42","guid":{"rendered":"https:\/\/retotmp.wordpress.com\/?p=1286"},"modified":"2019-06-13T12:34:42","modified_gmt":"2019-06-13T12:34:42","slug":"nuevos-espacios-para-el-aprendizaje","status":"publish","type":"post","link":"https:\/\/retotmp.valnaloneduca.com\/?p=1286","title":{"rendered":"Nuevos espacios para el aprendizaje"},"content":{"rendered":"<p style=\"text-align:justify;\">A poco m\u00e1s de una semana de fin de curso, un grupo de estudiantes del IES Selgas de Cudillero han propuesto su propio reto. A tan s\u00f3lo un curso escolar de finalizar sus estudios en el centro, desean presentar propuestas al equipo directivo para <strong>crear nuevos espacios y usos para el IES Selgas.<\/strong><\/p>\n<p><img loading=\"lazy\" class=\"alignnone size-full wp-image-1287\" src=\"https:\/\/i1.wp.com\/retotmp.valnaloneduca.com\/wp-content\/uploads\/2019\/06\/foto-instituto.jpg?resize=910%2C643\" alt=\"foto-instituto\" width=\"910\" height=\"643\" data-recalc-dims=\"1\" \/><\/p>\n<p style=\"text-align:justify;\">No ser\u00e1 un reto f\u00e1cil, el centro ya lleva a\u00f1os consolidando proyectos que han ayudado a mejorar los espacios de este impresionante edificio, entre ellos el proyecto \u00abColonizando espacios\u00bb promovido por el profesor de Educaci\u00f3n Pl\u00e1stica y Visual.<\/p>\n<p style=\"text-align:center;\">[youtube https:\/\/www.youtube.com\/watch?v=fxC_GqvfTsE&amp;w=560&amp;h=315]<\/p>\n","protected":false},"excerpt":{"rendered":"<p>A poco m\u00e1s de una semana de fin de curso, un grupo de estudiantes del IES Selgas de Cudillero han<\/p>\n","protected":false},"author":4,"featured_media":0,"comment_status":"open","ping_status":"open","sticky":false,"template":"","format":"standard","meta":{"spay_email":""},"categories":[27,30],"tags":[],"jetpack_featured_media_url":"","jetpack-related-posts":[{"id":1276,"url":"https:\/\/retotmp.valnaloneduca.com\/?p=1276","url_meta":{"origin":1286,"position":0},"title":"Una propuesta hecha realidad","date":"junio 6, 2019","format":false,"excerpt":"El pasado curso escolar, el IES Carmen y Severo Ochoa de Luarca propon\u00eda a los estudiantes de Formaci\u00f3n Profesional el reto de dise\u00f1ar el \"Instituto Ideal\" para toda la comunidad educativa. En aquel momento los\/as estudiantes de los CFGM de Gesti\u00f3n Administrativa, Electromec\u00e1nica e Instalaciones El\u00e9ctricas presentaron numerosas propuestas. Y\u2026","rel":"","context":"En \u00abIES Carmen y Severo Ochoa\u00bb","img":{"alt_text":"","src":"https:\/\/i1.wp.com\/retotmp.valnaloneduca.com\/wp-content\/uploads\/2019\/06\/whatsapp-image-2019-06-06-at-12.17.48.jpeg?resize=350%2C200","width":350,"height":200},"classes":[]},{"id":969,"url":"https:\/\/retotmp.valnaloneduca.com\/?p=969","url_meta":{"origin":1286,"position":1},"title":"Nuevos retos, nuevas ideas para Barna Guitars","date":"abril 5, 2019","format":false,"excerpt":"Hace unos d\u00edas, Alejandro Barna nos hab\u00eda presentado el RETO de presentar propuestas para el dise\u00f1o de su nuevo punto de venta pero, tras las entrevistas realizadas y la informaci\u00f3n analizada, los equipos lo redefinieron y comenzaron a trabajar propuestas de comunicaci\u00f3n a trav\u00e9s de la promoci\u00f3n, las relaciones p\u00fablicas\u2026","rel":"","context":"En \u00abIES Ram\u00f3n Men\u00e9ndez Pidal\u00bb","img":{"alt_text":"","src":"https:\/\/i0.wp.com\/retotmp.valnaloneduca.com\/wp-content\/uploads\/2019\/04\/barna1.png?resize=350%2C200","width":350,"height":200},"classes":[]},{"id":527,"url":"https:\/\/retotmp.valnaloneduca.com\/?p=527","url_meta":{"origin":1286,"position":2},"title":"Reto art\u00edstico y cultural","date":"febrero 4, 2019","format":false,"excerpt":"La semana pasada comenzamos 4 cursos tmp con algo m\u00e1s de 100 estudiantes de 1\u00ba bachillerato del IES N\u00ba 5 de Avil\u00e9s. Los retos han sido propuestos por la FACTOR\u00cdA CULTURAL de AVIL\u00c9S, Centro Art\u00edstico Multidisciplinar de la Fundaci\u00f3n Municipal de Cultura del Ayuntamiento de Avil\u00e9s. Y dado el perfil\u2026","rel":"","context":"En \u00abIES N\u00ba 5\u00bb","img":{"alt_text":"","src":"","width":0,"height":0},"classes":[]},{"id":2335,"url":"https:\/\/retotmp.valnaloneduca.com\/?p=2335","url_meta":{"origin":1286,"position":3},"title":"IES INFIESTO 2022-23","date":"marzo 8, 2023","format":false,"excerpt":"En el mes de marzo vamos a realizar\u00a0un RETO de Taller para Emprender (tmp) en el IES INFIESTO de Infiesto. Va dirigido a\u00a0alumnado del\u00a01\u00ba y 2\u00ba de CFGM Gesti\u00f3n Administrativa, tutorizado por su profesora de econom\u00eda\u00a0Ana Rosa M\u00fa\u00f1iz. En\u00a0la primera sesi\u00f3n\u00a0el alcalde del Ayuntamiento de Pilo\u00f1a, Don Iv\u00e1n Allende Tora\u00f1o,\u2026","rel":"","context":"En \u00abCurso 2022-2023\u00bb","img":{"alt_text":"","src":"https:\/\/i2.wp.com\/retotmp.valnaloneduca.com\/wp-content\/uploads\/2023\/05\/arkous.jpg?resize=350%2C200&ssl=1","width":350,"height":200},"classes":[]},{"id":1910,"url":"https:\/\/retotmp.valnaloneduca.com\/?p=1910","url_meta":{"origin":1286,"position":4},"title":"Reto ASINCAR: Administraci\u00f3n - Sesi\u00f3n 3","date":"mayo 12, 2020","format":false,"excerpt":"El Reto TMP planteado por ASINCAR llega a la \u00faltima sesi\u00f3n. Pero debido al cierre de las aulas a causa del Coronavirus ha sido imposible que la presentaci\u00f3n de propuestas para resolver el reto se pudiera llevar a cabo tal y como estaba prevista de manera presencial el 19 de\u2026","rel":"","context":"En \u00abIES Nore\u00f1a 2019-2020\u00bb","img":{"alt_text":"reto_asincar_nore\u00c3\u00b1a2_sesion3","src":"https:\/\/i0.wp.com\/retotmp.valnaloneduca.com\/wp-content\/uploads\/2020\/05\/reto_asincar_norec3b1a2_sesion3-1.jpg?resize=350%2C200","width":350,"height":200},"classes":[]},{"id":613,"url":"https:\/\/retotmp.valnaloneduca.com\/?p=613","url_meta":{"origin":1286,"position":5},"title":"Pr\u00f3ximo reto... Plan de Marketing Musical","date":"febrero 15, 2019","format":false,"excerpt":"Un a\u00f1o m\u00e1s, hemos comenzado un reto en el IES Ram\u00f3n Men\u00e9ndez Pidal de Avil\u00e9s con el grupo de estudiantes del CFGS Marketing y Publicidad. Y este a\u00f1o, tenemos todo un desaf\u00edo... un grupo de cinco mujeres artistas nos han propuesto dise\u00f1ar su plan de marketing para su nuevo proyecto\u2026","rel":"","context":"En \u00abIES Ram\u00f3n Men\u00e9ndez Pidal\u00bb","img":{"alt_text":"","src":"https:\/\/i2.wp.com\/retotmp.valnaloneduca.com\/wp-content\/uploads\/2019\/02\/whatsapp-image-2019-02-15-at-18.44.32.jpeg?resize=350%2C200","width":350,"height":200},"classes":[]}],"_links":{"self":[{"href":"https:\/\/retotmp.valnaloneduca.com\/index.php?rest_route=\/wp\/v2\/posts\/1286"}],"collection":[{"href":"https:\/\/retotmp.valnaloneduca.com\/index.php?rest_route=\/wp\/v2\/posts"}],"about":[{"href":"https:\/\/retotmp.valnaloneduca.com\/index.php?rest_route=\/wp\/v2\/types\/post"}],"author":[{"embeddable":true,"href":"https:\/\/retotmp.valnaloneduca.com\/index.php?rest_route=\/wp\/v2\/users\/4"}],"replies":[{"embeddable":true,"href":"https:\/\/retotmp.valnaloneduca.com\/index.php?rest_route=%2Fwp%2Fv2%2Fcomments&post=1286"}],"version-history":[{"count":0,"href":"https:\/\/retotmp.valnaloneduca.com\/index.php?rest_route=\/wp\/v2\/posts\/1286\/revisions"}],"wp:attachment":[{"href":"https:\/\/retotmp.valnaloneduca.com\/index.php?rest_route=%2Fwp%2Fv2%2Fmedia&parent=1286"}],"wp:term":[{"taxonomy":"category","embeddable":true,"href":"https:\/\/retotmp.valnaloneduca.com\/index.php?rest_route=%2Fwp%2Fv2%2Fcategories&post=1286"},{"taxonomy":"post_tag","embeddable":true,"href":"https:\/\/retotmp.valnaloneduca.com\/index.php?rest_route=%2Fwp%2Fv2%2Ftags&post=1286"}],"curies":[{"name":"wp","href":"https:\/\/api.w.org\/{rel}","templated":true}]}}