{"id":1293,"date":"2019-06-19T08:18:49","date_gmt":"2019-06-19T08:18:49","guid":{"rendered":"https:\/\/retotmp.wordpress.com\/?p=1293"},"modified":"2019-06-19T08:18:49","modified_gmt":"2019-06-19T08:18:49","slug":"el-papel-de-la-oficina-de-organizacion-juvenil","status":"publish","type":"post","link":"https:\/\/retotmp.valnaloneduca.com\/?p=1293","title":{"rendered":"El papel de la Oficina de Informaci\u00f3n Juvenil"},"content":{"rendered":"<p style=\"text-align:justify;\">Somos un equipo de estudiantes de bachillerato y del ciclo formativo de socio-sanitario del IES Elisa y Luis Villamil de Vegadeo. Ayer contamos con la participaci\u00f3n de Aurora L\u00f3pez, responsable de la OIJ del Ayuntamiento de Vegadeo. Nos pareci\u00f3 muy interesante contar con ella ya que nos explic\u00f3 todos los recursos que tienen al alcance los j\u00f3venes de la comarca, muchos de los cuales se desconocen. Nos cont\u00f3 detalles sobre los servicios de los que disponen en la oficina, como actualizan la informaci\u00f3n semanalmente y los diferentes programas de juventud que desarrollan. Tambi\u00e9n hablamos del tejido asociativo de la zona y las demandas m\u00e1s habituales de la juventud.<\/p>\n<p><a href=\"https:\/\/i0.wp.com\/retotmp.valnaloneduca.com\/wp-content\/uploads\/2019\/06\/sin-tc3adtulo.png\"><img loading=\"lazy\" class=\"alignnone size-full wp-image-1294\" src=\"https:\/\/i0.wp.com\/retotmp.valnaloneduca.com\/wp-content\/uploads\/2019\/06\/sin-tc3adtulo.png?resize=676%2C442\" alt=\"\" width=\"676\" height=\"442\" srcset=\"https:\/\/i0.wp.com\/retotmp.valnaloneduca.com\/wp-content\/uploads\/2019\/06\/sin-tc3adtulo.png?w=799&amp;ssl=1 799w, https:\/\/i0.wp.com\/retotmp.valnaloneduca.com\/wp-content\/uploads\/2019\/06\/sin-tc3adtulo.png?resize=300%2C196&amp;ssl=1 300w, https:\/\/i0.wp.com\/retotmp.valnaloneduca.com\/wp-content\/uploads\/2019\/06\/sin-tc3adtulo.png?resize=768%2C502&amp;ssl=1 768w\" sizes=\"(max-width: 676px) 100vw, 676px\" data-recalc-dims=\"1\" \/><\/a><\/p>\n","protected":false},"excerpt":{"rendered":"<p>Somos un equipo de estudiantes de bachillerato y del ciclo formativo de socio-sanitario del IES Elisa y Luis Villamil de<\/p>\n","protected":false},"author":3,"featured_media":0,"comment_status":"open","ping_status":"open","sticky":false,"template":"","format":"standard","meta":{"spay_email":""},"categories":[11,30],"tags":[],"jetpack_featured_media_url":"","jetpack-related-posts":[{"id":1284,"url":"https:\/\/retotmp.valnaloneduca.com\/?p=1284","url_meta":{"origin":1293,"position":0},"title":"Oferta cultural y de ocio para la juventud Vegadense","date":"junio 13, 2019","format":false,"excerpt":"El pr\u00f3ximo martes 18, tras la constituci\u00f3n de los ayuntamientos despu\u00e9s de las pasadas elecciones municipales, comenzamos reto en el IES Elisa y Luis Villamil de Vegadeo. Y es que la estrenada concejal\u00eda de Cultura del Ayuntamiento, recibir\u00e1 las propuestas que los\/as estudiantes de Bachillerato y ciclo formativo de Atenci\u00f3n\u2026","rel":"","context":"En \u00abIES Elisa y Luis Villamil\u00bb","img":{"alt_text":"Suar\u00c3\u00b3n_river,_Vegadeo","src":"https:\/\/i2.wp.com\/retotmp.valnaloneduca.com\/wp-content\/uploads\/2019\/06\/suarc3b3n_river_vegadeo.jpg?resize=350%2C200","width":350,"height":200},"classes":[]},{"id":1309,"url":"https:\/\/retotmp.valnaloneduca.com\/?p=1309","url_meta":{"origin":1293,"position":1},"title":"La participaci\u00f3n como clave del cambio","date":"junio 20, 2019","format":false,"excerpt":"El Ayuntamiento de Vegadeo sintoniza con los estudiantes en su preocupaci\u00f3n por dinamizar la comarca y mejorar la oferta cultural y de ocio de la juventud. Prueba de ello ha sido su inter\u00e9s en acercarse al IES Elisa y Luis Villamil a escuchar y debatir las propuestas que el alumnado\u2026","rel":"","context":"En \u00abIES Elisa y Luis Villamil\u00bb","img":{"alt_text":"","src":"https:\/\/i0.wp.com\/retotmp.valnaloneduca.com\/wp-content\/uploads\/2019\/06\/vegadeo-en-forma_page-0001.jpg?resize=350%2C200","width":350,"height":200},"classes":[]},{"id":1291,"url":"https:\/\/retotmp.valnaloneduca.com\/?p=1291","url_meta":{"origin":1293,"position":2},"title":"Vegadeo se mueve","date":"junio 19, 2019","format":false,"excerpt":"El equipo \u00a8Vegadeo se mueve\u00a8 afronta el reto de la oferta cultural y de ocio del municipio, dirigida a los j\u00f3venes vegadenses. Creemos que este reto puede motivar a los j\u00f3venes tanto a participar en las actividades de la zona como a pensar en Vegadeo, en un futuro, para su\u2026","rel":"","context":"En \u00abIES Elisa y Luis Villamil\u00bb","img":{"alt_text":"","src":"https:\/\/i1.wp.com\/retotmp.valnaloneduca.com\/wp-content\/uploads\/2019\/06\/image.png?resize=350%2C200","width":350,"height":200},"classes":[]},{"id":1306,"url":"https:\/\/retotmp.valnaloneduca.com\/?p=1306","url_meta":{"origin":1293,"position":3},"title":"Una comarca con oportunidades","date":"junio 20, 2019","format":false,"excerpt":"Ocho horas en dos ma\u00f1anas, trabajo y mucha ilusi\u00f3n por generar ideas para dinamizar Vegadeo. Orgullosos\/as de ser parte del Occidente y preocupados por crear una comarca\u00a0 con oportunidades para la juventud. Pero, tambi\u00e9n conscientes de que el origen debe estar en la participaci\u00f3n de la poblaci\u00f3n, en la presentaci\u00f3n\u2026","rel":"","context":"En \u00abIES Elisa y Luis Villamil\u00bb","img":{"alt_text":"WhatsApp Image 2019-06-20 at 09.59.03","src":"https:\/\/i2.wp.com\/retotmp.valnaloneduca.com\/wp-content\/uploads\/2019\/06\/whatsapp-image-2019-06-20-at-09.59.03.jpeg?resize=350%2C200","width":350,"height":200},"classes":[]},{"id":1297,"url":"https:\/\/retotmp.valnaloneduca.com\/?p=1297","url_meta":{"origin":1293,"position":4},"title":"Conclusiones del formulario","date":"junio 19, 2019","format":false,"excerpt":"Con el objetivo de recoger informaci\u00f3n acerca de los h\u00e1bitos de ocio y tiempo libre de la juventud vegadense, dise\u00f1amos un cuestionario al que respondieron 44 personas en un d\u00eda, una peque\u00f1a muestra que nos puede acercar a la realidad de la juventud en Vegadeo. Hemos llegado a la conclusi\u00f3n\u2026","rel":"","context":"En \u00abIES Elisa y Luis Villamil\u00bb","img":{"alt_text":"","src":"https:\/\/i1.wp.com\/retotmp.valnaloneduca.com\/wp-content\/uploads\/2019\/06\/sin-tc3adtulo-1.png?resize=350%2C200","width":350,"height":200},"classes":[]},{"id":2526,"url":"https:\/\/retotmp.valnaloneduca.com\/?p=2526","url_meta":{"origin":1293,"position":5},"title":"IES C\u00e9sar Rodr\u00edguez 2022-2023","date":"junio 20, 2023","format":false,"excerpt":"Durante el mes de junio del curso 2022-2023 el IES C\u00e9sar Rodr\u00edguez (Grado) se sum\u00f3 a las acciones Reto TMP. En este caso estudiantes de los grupos de 1\u00ba de Bachillerato X e Y participaron en esta actividad organizada por Valnal\u00f3n, un total de 15 estudiantes que decidieron trabajar las\u2026","rel":"","context":"En \u00abCurso 2022-2023\u00bb","img":{"alt_text":"","src":"https:\/\/i1.wp.com\/retotmp.valnaloneduca.com\/wp-content\/uploads\/2023\/06\/IMG20230608095949.jpg?resize=350%2C200&ssl=1","width":350,"height":200},"classes":[]}],"_links":{"self":[{"href":"https:\/\/retotmp.valnaloneduca.com\/index.php?rest_route=\/wp\/v2\/posts\/1293"}],"collection":[{"href":"https:\/\/retotmp.valnaloneduca.com\/index.php?rest_route=\/wp\/v2\/posts"}],"about":[{"href":"https:\/\/retotmp.valnaloneduca.com\/index.php?rest_route=\/wp\/v2\/types\/post"}],"author":[{"embeddable":true,"href":"https:\/\/retotmp.valnaloneduca.com\/index.php?rest_route=\/wp\/v2\/users\/3"}],"replies":[{"embeddable":true,"href":"https:\/\/retotmp.valnaloneduca.com\/index.php?rest_route=%2Fwp%2Fv2%2Fcomments&post=1293"}],"version-history":[{"count":0,"href":"https:\/\/retotmp.valnaloneduca.com\/index.php?rest_route=\/wp\/v2\/posts\/1293\/revisions"}],"wp:attachment":[{"href":"https:\/\/retotmp.valnaloneduca.com\/index.php?rest_route=%2Fwp%2Fv2%2Fmedia&parent=1293"}],"wp:term":[{"taxonomy":"category","embeddable":true,"href":"https:\/\/retotmp.valnaloneduca.com\/index.php?rest_route=%2Fwp%2Fv2%2Fcategories&post=1293"},{"taxonomy":"post_tag","embeddable":true,"href":"https:\/\/retotmp.valnaloneduca.com\/index.php?rest_route=%2Fwp%2Fv2%2Ftags&post=1293"}],"curies":[{"name":"wp","href":"https:\/\/api.w.org\/{rel}","templated":true}]}}