{"id":1306,"date":"2019-06-20T08:19:05","date_gmt":"2019-06-20T08:19:05","guid":{"rendered":"https:\/\/retotmp.wordpress.com\/?p=1306"},"modified":"2019-06-20T08:19:05","modified_gmt":"2019-06-20T08:19:05","slug":"una-comarca-con-oportunidades","status":"publish","type":"post","link":"https:\/\/retotmp.valnaloneduca.com\/?p=1306","title":{"rendered":"Una comarca con oportunidades"},"content":{"rendered":"<p style=\"text-align:justify;\">Ocho horas en dos ma\u00f1anas, trabajo y mucha ilusi\u00f3n por generar ideas para dinamizar Vegadeo. Orgullosos\/as de ser parte del Occidente y preocupados por crear una comarca\u00a0 con oportunidades para la juventud. Pero, tambi\u00e9n conscientes de que el origen debe estar en la participaci\u00f3n de la poblaci\u00f3n, en la presentaci\u00f3n y puesta en marcha de propuestas por parte de la juventud.<\/p>\n<p style=\"text-align:justify;\">Y en eso estamos&#8230; despu\u00e9s de la presentaci\u00f3n del reto, la visita de la Oficina de Informaci\u00f3n Juvenil y los resultados de la encuesta a una muestra de poblaci\u00f3n vegadense&#8230; nos encontramos aqu\u00ed reflexionando, debatiendo y ordenando ideas y proyectos para dinamizar los\/as j\u00f3venes vegadenses. Por el momento, todo gira en torno a ofrecer ocio alternativo a la juventud, mejorar las instalaciones deportivas y la oferta de actividades, crear un espacio de encuentro&#8230;<\/p>\n<p style=\"text-align:justify;\">En pocas horas veremos resultados&#8230;<\/p>\n<p><img loading=\"lazy\" class=\"alignnone size-full wp-image-1307\" src=\"https:\/\/i2.wp.com\/retotmp.valnaloneduca.com\/wp-content\/uploads\/2019\/06\/whatsapp-image-2019-06-20-at-09.59.03.jpeg?resize=910%2C683\" alt=\"WhatsApp Image 2019-06-20 at 09.59.03\" width=\"910\" height=\"683\" srcset=\"https:\/\/i2.wp.com\/retotmp.valnaloneduca.com\/wp-content\/uploads\/2019\/06\/whatsapp-image-2019-06-20-at-09.59.03.jpeg?w=1600&amp;ssl=1 1600w, https:\/\/i2.wp.com\/retotmp.valnaloneduca.com\/wp-content\/uploads\/2019\/06\/whatsapp-image-2019-06-20-at-09.59.03.jpeg?resize=300%2C225&amp;ssl=1 300w, https:\/\/i2.wp.com\/retotmp.valnaloneduca.com\/wp-content\/uploads\/2019\/06\/whatsapp-image-2019-06-20-at-09.59.03.jpeg?resize=1024%2C768&amp;ssl=1 1024w, https:\/\/i2.wp.com\/retotmp.valnaloneduca.com\/wp-content\/uploads\/2019\/06\/whatsapp-image-2019-06-20-at-09.59.03.jpeg?resize=768%2C576&amp;ssl=1 768w, https:\/\/i2.wp.com\/retotmp.valnaloneduca.com\/wp-content\/uploads\/2019\/06\/whatsapp-image-2019-06-20-at-09.59.03.jpeg?resize=1536%2C1152&amp;ssl=1 1536w\" sizes=\"(max-width: 910px) 100vw, 910px\" data-recalc-dims=\"1\" \/><\/p>\n","protected":false},"excerpt":{"rendered":"<p>Ocho horas en dos ma\u00f1anas, trabajo y mucha ilusi\u00f3n por generar ideas para dinamizar Vegadeo. Orgullosos\/as de ser parte del<\/p>\n","protected":false},"author":4,"featured_media":0,"comment_status":"open","ping_status":"open","sticky":false,"template":"","format":"standard","meta":{"spay_email":""},"categories":[11,30],"tags":[],"jetpack_featured_media_url":"","jetpack-related-posts":[{"id":1309,"url":"https:\/\/retotmp.valnaloneduca.com\/?p=1309","url_meta":{"origin":1306,"position":0},"title":"La participaci\u00f3n como clave del cambio","date":"junio 20, 2019","format":false,"excerpt":"El Ayuntamiento de Vegadeo sintoniza con los estudiantes en su preocupaci\u00f3n por dinamizar la comarca y mejorar la oferta cultural y de ocio de la juventud. Prueba de ello ha sido su inter\u00e9s en acercarse al IES Elisa y Luis Villamil a escuchar y debatir las propuestas que el alumnado\u2026","rel":"","context":"En \u00abIES Elisa y Luis Villamil\u00bb","img":{"alt_text":"","src":"https:\/\/i0.wp.com\/retotmp.valnaloneduca.com\/wp-content\/uploads\/2019\/06\/vegadeo-en-forma_page-0001.jpg?resize=350%2C200","width":350,"height":200},"classes":[]},{"id":1293,"url":"https:\/\/retotmp.valnaloneduca.com\/?p=1293","url_meta":{"origin":1306,"position":1},"title":"El papel de la Oficina de Informaci\u00f3n Juvenil","date":"junio 19, 2019","format":false,"excerpt":"Somos un equipo de estudiantes de bachillerato y del ciclo formativo de socio-sanitario del IES Elisa y Luis Villamil de Vegadeo. Ayer contamos con la participaci\u00f3n de Aurora L\u00f3pez, responsable de la OIJ del Ayuntamiento de Vegadeo. Nos pareci\u00f3 muy interesante contar con ella ya que nos explic\u00f3 todos los\u2026","rel":"","context":"En \u00abIES Elisa y Luis Villamil\u00bb","img":{"alt_text":"","src":"https:\/\/i0.wp.com\/retotmp.valnaloneduca.com\/wp-content\/uploads\/2019\/06\/sin-tc3adtulo.png?resize=350%2C200","width":350,"height":200},"classes":[]},{"id":1284,"url":"https:\/\/retotmp.valnaloneduca.com\/?p=1284","url_meta":{"origin":1306,"position":2},"title":"Oferta cultural y de ocio para la juventud Vegadense","date":"junio 13, 2019","format":false,"excerpt":"El pr\u00f3ximo martes 18, tras la constituci\u00f3n de los ayuntamientos despu\u00e9s de las pasadas elecciones municipales, comenzamos reto en el IES Elisa y Luis Villamil de Vegadeo. Y es que la estrenada concejal\u00eda de Cultura del Ayuntamiento, recibir\u00e1 las propuestas que los\/as estudiantes de Bachillerato y ciclo formativo de Atenci\u00f3n\u2026","rel":"","context":"En \u00abIES Elisa y Luis Villamil\u00bb","img":{"alt_text":"Suar\u00c3\u00b3n_river,_Vegadeo","src":"https:\/\/i2.wp.com\/retotmp.valnaloneduca.com\/wp-content\/uploads\/2019\/06\/suarc3b3n_river_vegadeo.jpg?resize=350%2C200","width":350,"height":200},"classes":[]},{"id":1629,"url":"https:\/\/retotmp.valnaloneduca.com\/?p=1629","url_meta":{"origin":1306,"position":3},"title":"Reto 2 EL MANANTIAL - Ideas para dinamizar sus RRSS. Fase 0","date":"marzo 23, 2020","format":false,"excerpt":"\u00a0 Y con Concha de la Hoz, estuvimos, tambi\u00e9n, los estudiantes del Ciclo de GESTI\u00d3N ADMINISTRATIVA. Para este grupo, la empresa EL MANANTIAL lanza otro reto: necesita ideas que la ayuden a dinamizar sus RRSS.","rel":"","context":"En \u00abCFPE LLANA 2019-2020\u00bb","img":{"alt_text":"","src":"https:\/\/i1.wp.com\/retotmp.valnaloneduca.com\/wp-content\/uploads\/2020\/03\/20191105_105646.jpg?resize=350%2C200","width":350,"height":200},"classes":[]},{"id":2526,"url":"https:\/\/retotmp.valnaloneduca.com\/?p=2526","url_meta":{"origin":1306,"position":4},"title":"IES C\u00e9sar Rodr\u00edguez 2022-2023","date":"junio 20, 2023","format":false,"excerpt":"Durante el mes de junio del curso 2022-2023 el IES C\u00e9sar Rodr\u00edguez (Grado) se sum\u00f3 a las acciones Reto TMP. En este caso estudiantes de los grupos de 1\u00ba de Bachillerato X e Y participaron en esta actividad organizada por Valnal\u00f3n, un total de 15 estudiantes que decidieron trabajar las\u2026","rel":"","context":"En \u00abCurso 2022-2023\u00bb","img":{"alt_text":"","src":"https:\/\/i1.wp.com\/retotmp.valnaloneduca.com\/wp-content\/uploads\/2023\/06\/IMG20230608095949.jpg?resize=350%2C200&ssl=1","width":350,"height":200},"classes":[]},{"id":1752,"url":"https:\/\/retotmp.valnaloneduca.com\/?p=1752","url_meta":{"origin":1306,"position":5},"title":"Reto 2 EL MANANTIAL - Ideas para dinamizar sus RRSS. Fase 2","date":"marzo 25, 2020","format":false,"excerpt":"\u00bfQui\u00e9n y c\u00f3mo es nuestra clientela, la conocemos bien??\u00bfQu\u00e9 RRSS utiliza nuestra clientela?","rel":"","context":"En \u00abCFPE LLANA 2019-2020\u00bb","img":{"alt_text":"","src":"https:\/\/i1.wp.com\/retotmp.valnaloneduca.com\/wp-content\/uploads\/2020\/03\/20200324_111033-e1585138709960.jpg?resize=350%2C200","width":350,"height":200},"classes":[]}],"_links":{"self":[{"href":"https:\/\/retotmp.valnaloneduca.com\/index.php?rest_route=\/wp\/v2\/posts\/1306"}],"collection":[{"href":"https:\/\/retotmp.valnaloneduca.com\/index.php?rest_route=\/wp\/v2\/posts"}],"about":[{"href":"https:\/\/retotmp.valnaloneduca.com\/index.php?rest_route=\/wp\/v2\/types\/post"}],"author":[{"embeddable":true,"href":"https:\/\/retotmp.valnaloneduca.com\/index.php?rest_route=\/wp\/v2\/users\/4"}],"replies":[{"embeddable":true,"href":"https:\/\/retotmp.valnaloneduca.com\/index.php?rest_route=%2Fwp%2Fv2%2Fcomments&post=1306"}],"version-history":[{"count":0,"href":"https:\/\/retotmp.valnaloneduca.com\/index.php?rest_route=\/wp\/v2\/posts\/1306\/revisions"}],"wp:attachment":[{"href":"https:\/\/retotmp.valnaloneduca.com\/index.php?rest_route=%2Fwp%2Fv2%2Fmedia&parent=1306"}],"wp:term":[{"taxonomy":"category","embeddable":true,"href":"https:\/\/retotmp.valnaloneduca.com\/index.php?rest_route=%2Fwp%2Fv2%2Fcategories&post=1306"},{"taxonomy":"post_tag","embeddable":true,"href":"https:\/\/retotmp.valnaloneduca.com\/index.php?rest_route=%2Fwp%2Fv2%2Ftags&post=1306"}],"curies":[{"name":"wp","href":"https:\/\/api.w.org\/{rel}","templated":true}]}}