{"id":1322,"date":"2019-06-24T08:31:26","date_gmt":"2019-06-24T08:31:26","guid":{"rendered":"https:\/\/retotmp.wordpress.com\/?p=1322"},"modified":"2019-06-24T08:31:26","modified_gmt":"2019-06-24T08:31:26","slug":"definiendo-espacios","status":"publish","type":"post","link":"https:\/\/retotmp.valnaloneduca.com\/?p=1322","title":{"rendered":"DEFINIENDO ESPACIOS"},"content":{"rendered":"<p>Hemos dado la primera sesi\u00f3n a ocho temeperos con muchas ganas de aprender y de aportar ideas a su centro. Su misi\u00f3n es definir espacios inutilizados del centro e intentar aprovecharlos para realizar acciones para el bien com\u00fan de la entidad.<br \/>\n<img loading=\"lazy\" src=\"https:\/\/i0.wp.com\/retotmp.valnaloneduca.com\/wp-content\/uploads\/2019\/06\/canvas.jpg?resize=300%2C225\" alt=\"\" width=\"300\" height=\"225\" class=\"alignright size-medium wp-image-1323\" data-recalc-dims=\"1\" \/><\/p>\n<p>Realizamos diferentes din\u00e1micas para conocernos e ir explotando todas aquellas capacidades que hoy en d\u00eda nos demanda la sociedad. Creamos un PechaKucha para formar equipos y definimos un CANVAS por grupo. Explotamos la creatividad con diferentes acciones y vimos como defendian dichas ideas con prototipos al resto de sus compa\u00f1eros. Nos pusimos a definir EL RETO acudiendo a esas posibles zonas inutilizadas, anteriormente definidas, para empezar a estructurar las acciones a desarrollar.<br \/>\n<img loading=\"lazy\" src=\"https:\/\/i2.wp.com\/retotmp.valnaloneduca.com\/wp-content\/uploads\/2019\/06\/pizarra-espacios.jpg?resize=300%2C225\" alt=\"\" width=\"300\" height=\"225\" class=\"alignright size-medium wp-image-1324\" data-recalc-dims=\"1\" \/><br \/>\n<img loading=\"lazy\" src=\"https:\/\/i1.wp.com\/retotmp.valnaloneduca.com\/wp-content\/uploads\/2019\/06\/espacios-juntos.jpg?resize=285%2C300\" alt=\"\" width=\"285\" height=\"300\" class=\"alignright size-medium wp-image-1325\" srcset=\"https:\/\/i1.wp.com\/retotmp.valnaloneduca.com\/wp-content\/uploads\/2019\/06\/espacios-juntos.jpg?w=847&amp;ssl=1 847w, https:\/\/i1.wp.com\/retotmp.valnaloneduca.com\/wp-content\/uploads\/2019\/06\/espacios-juntos.jpg?resize=285%2C300&amp;ssl=1 285w, https:\/\/i1.wp.com\/retotmp.valnaloneduca.com\/wp-content\/uploads\/2019\/06\/espacios-juntos.jpg?resize=768%2C808&amp;ssl=1 768w\" sizes=\"(max-width: 285px) 100vw, 285px\" data-recalc-dims=\"1\" \/><br \/>\nLos espacios seleccionados son un prao de la parte de atras del centro, donde se habia pensado en instalar unas pistas de atletismos en tiempos de bonanza, dos praos laterales, una parte interior del patio y una terraza comunicada. <\/p>\n<p>Cada equipo tiene su espacio y a partir de ahora tendra que definir unas entrevistas para realizarselas a su entorno y que les puedan ayudar, con las respuestas, a acercarse a posibles soluciones.<\/p>\n<p><img loading=\"lazy\" src=\"https:\/\/i1.wp.com\/retotmp.valnaloneduca.com\/wp-content\/uploads\/2019\/06\/trabajando-1.jpg?resize=910%2C683\" alt=\"trabajando\" width=\"910\" height=\"683\" class=\"alignnone size-full wp-image-1353\" data-recalc-dims=\"1\" \/><\/p>\n<p>Nos hemos fijado la disponibilidad de dichos espacios pero tambien hemos vistos los pros y los contras de cada uno de ellos.<\/p>\n<p>Tenemos trabajo por delante y se han comprometido a traer las entrevistas y a tener una idea global de lo que quieren a hacer en cada espacio para la pr\u00f3xima sesi\u00f3n.<\/p>\n","protected":false},"excerpt":{"rendered":"<p>Hemos dado la primera sesi\u00f3n a ocho temeperos con muchas ganas de aprender y de aportar ideas a su centro.<\/p>\n","protected":false},"author":3,"featured_media":0,"comment_status":"open","ping_status":"open","sticky":false,"template":"","format":"standard","meta":{"spay_email":""},"categories":[27,30],"tags":[],"jetpack_featured_media_url":"","jetpack-related-posts":[{"id":2087,"url":"https:\/\/retotmp.valnaloneduca.com\/?p=2087","url_meta":{"origin":1322,"position":0},"title":"CIFP LABORAL GIJ\u00d3N 2021-22","date":"enero 20, 2022","format":false,"excerpt":"En los meses de enero y febrero realizamos\u00a0dos RETOS de Taller para Emprender (tmp) en el CIFP LA LABORAL de Gij\u00f3n. Hemos empezado el primer RETO con el alumnado del CFGS de administraci\u00f3n y finanzas, tutorizado por su profesor de econom\u00eda Sergio Alc\u00f3n. En\u00a0la primera sesi\u00f3n\u00a0la entidad VALNAL\u00d3N les ha\u2026","rel":"","context":"En \u00abCIFP LABORAL CURSO 21-22\u00bb","img":{"alt_text":"","src":"https:\/\/i0.wp.com\/retotmp.valnaloneduca.com\/wp-content\/uploads\/2022\/01\/IMG20220117130649.jpg?resize=350%2C200&ssl=1","width":350,"height":200},"classes":[]},{"id":1180,"url":"https:\/\/retotmp.valnaloneduca.com\/?p=1180","url_meta":{"origin":1322,"position":1},"title":"DEFINIENDO-GESTI\u00d3N DE DATOS","date":"mayo 24, 2019","format":false,"excerpt":"Hemos celebrado la 2\u00ba sesi\u00f3n del curso TMP en NORJOMI.Desarrollamos las ENTREVISTAS y sacamos conclusiones. Realizamos una TORMENTA DE IDEAS y detectamos diferentes IDEAS para saber por donde pueden ir y definir las soluciones al RETO quen os han puesto. Entre todos valoramos la funcionalidad de las acciones de GESTORES\u2026","rel":"","context":"En \u00abNorjomi\u00bb","img":{"alt_text":"","src":"https:\/\/i2.wp.com\/retotmp.valnaloneduca.com\/wp-content\/uploads\/2019\/05\/pizarra-3.jpg?resize=350%2C200","width":350,"height":200},"classes":[]},{"id":2494,"url":"https:\/\/retotmp.valnaloneduca.com\/?p=2494","url_meta":{"origin":1322,"position":2},"title":"ESCUELA DE SEGUNDA OPORTUNIDAD GIJ\u00d3N 2022-23","date":"mayo 10, 2023","format":false,"excerpt":"En el mes de mayo vamos a realizar\u00a0\u00a0un RETO de Taller para Emprender\u00a0(tmp) en la escuela de segunda oportunidad\u00a0donde han colaborado tanto\u00a0la escuela como la agencia local de promoci\u00f3n econ\u00f3mica\u00a0https:\/\/www.facebook.com\/EmpleoGijon\u00a0del ayuntamiento de Gij\u00f3n. El\u00a0RETO\u00a0nos lo pondr\u00e1 el centro log\u00edstico de MASYMAS\u00a0que nos lo definir\u00e1 en la sesi\u00f3n donde iremos a\u2026","rel":"","context":"En \u00abCurso 2022-2023\u00bb","img":{"alt_text":"","src":"https:\/\/i1.wp.com\/retotmp.valnaloneduca.com\/wp-content\/uploads\/2023\/05\/CARTEL-VISITA-MAS-MAS.jpg?resize=350%2C200&ssl=1","width":350,"height":200},"classes":[]},{"id":963,"url":"https:\/\/retotmp.valnaloneduca.com\/?p=963","url_meta":{"origin":1322,"position":3},"title":"PROTOTIPANDO-HACIENDO EQUIPO-RETO CF","date":"abril 3, 2019","format":false,"excerpt":"Empezamos la primera sesi\u00f3n en el IES INFIESTO, en horario escolar, con el grupo de Ciclo Formativo. La profesora del centro, Asunci\u00f3n, fue la persona encargada de comunicarnos EL RETO. Nos informa que le tenemos que dar ideas para definir y comercializar una explotaci\u00f3n de avellanas en PILO\u00d1A. El alumnado\u2026","rel":"","context":"En \u00abIES Infiesto\u00bb","img":{"alt_text":"","src":"","width":0,"height":0},"classes":[]},{"id":2171,"url":"https:\/\/retotmp.valnaloneduca.com\/?p=2171","url_meta":{"origin":1322,"position":4},"title":"COLEGIO VIRGEN MEDIADORA-LAS DOMINICAS-GIJ\u00d3N   2021-22","date":"abril 8, 2022","format":false,"excerpt":"En el mes de abril vamos a realizar\u00a0un RETO de Taller para Emprender (tmp) en el COLEGIO VIRGEN MEDIADORA-LAS DOMINICAS de Gij\u00f3n a dos cursos de 1\u00ba de bachiller a diferentes horas pero mismo d\u00eda. Hemos empezado\u00a0el RETO\u00a0con el alumnado de\u00a01\u00ba bachiller A y en las siguientes horas lo hicimos\u2026","rel":"","context":"En \u00abColegio Virgen mediadora las dominicas 2021-2022\u00bb","img":{"alt_text":"","src":"https:\/\/i1.wp.com\/retotmp.valnaloneduca.com\/wp-content\/uploads\/2022\/05\/Ideas-selcc.jpg?resize=350%2C200&ssl=1","width":350,"height":200},"classes":[]},{"id":1334,"url":"https:\/\/retotmp.valnaloneduca.com\/?p=1334","url_meta":{"origin":1322,"position":5},"title":"DEFINIENDO IDEAS","date":"junio 24, 2019","format":false,"excerpt":"Comenzamos la segunda sesi\u00f3n y \u00faltima donde el alumnado tiene que comunicar a RAFA su jefe de estudios lo trabajado en el curso TALLER PARA EMPRENDER.Pero antes debemos ir puliendo todas las acciones que han trabajado. Volcamos las entrevistas de los grupos y definimos las respuestas. A partir de aqu\u00ed\u2026","rel":"","context":"En \u00abIES Selgas\u00bb","img":{"alt_text":"","src":"https:\/\/i0.wp.com\/retotmp.valnaloneduca.com\/wp-content\/uploads\/2019\/06\/disec3b1o-ordenador.jpg?resize=350%2C200","width":350,"height":200},"classes":[]}],"_links":{"self":[{"href":"https:\/\/retotmp.valnaloneduca.com\/index.php?rest_route=\/wp\/v2\/posts\/1322"}],"collection":[{"href":"https:\/\/retotmp.valnaloneduca.com\/index.php?rest_route=\/wp\/v2\/posts"}],"about":[{"href":"https:\/\/retotmp.valnaloneduca.com\/index.php?rest_route=\/wp\/v2\/types\/post"}],"author":[{"embeddable":true,"href":"https:\/\/retotmp.valnaloneduca.com\/index.php?rest_route=\/wp\/v2\/users\/3"}],"replies":[{"embeddable":true,"href":"https:\/\/retotmp.valnaloneduca.com\/index.php?rest_route=%2Fwp%2Fv2%2Fcomments&post=1322"}],"version-history":[{"count":0,"href":"https:\/\/retotmp.valnaloneduca.com\/index.php?rest_route=\/wp\/v2\/posts\/1322\/revisions"}],"wp:attachment":[{"href":"https:\/\/retotmp.valnaloneduca.com\/index.php?rest_route=%2Fwp%2Fv2%2Fmedia&parent=1322"}],"wp:term":[{"taxonomy":"category","embeddable":true,"href":"https:\/\/retotmp.valnaloneduca.com\/index.php?rest_route=%2Fwp%2Fv2%2Fcategories&post=1322"},{"taxonomy":"post_tag","embeddable":true,"href":"https:\/\/retotmp.valnaloneduca.com\/index.php?rest_route=%2Fwp%2Fv2%2Ftags&post=1322"}],"curies":[{"name":"wp","href":"https:\/\/api.w.org\/{rel}","templated":true}]}}