{"id":1334,"date":"2019-06-24T09:13:34","date_gmt":"2019-06-24T09:13:34","guid":{"rendered":"https:\/\/retotmp.wordpress.com\/?p=1334"},"modified":"2019-06-24T09:13:34","modified_gmt":"2019-06-24T09:13:34","slug":"definiendo-ideas","status":"publish","type":"post","link":"https:\/\/retotmp.valnaloneduca.com\/?p=1334","title":{"rendered":"DEFINIENDO IDEAS"},"content":{"rendered":"<p>Comenzamos la segunda sesi\u00f3n y \u00faltima donde el alumnado tiene que comunicar a RAFA su jefe de estudios lo trabajado en el curso TALLER PARA EMPRENDER.Pero antes debemos ir puliendo todas las acciones que han trabajado. Volcamos las entrevistas de los grupos y definimos las respuestas.<br \/>\n<img loading=\"lazy\" src=\"https:\/\/i0.wp.com\/retotmp.valnaloneduca.com\/wp-content\/uploads\/2019\/06\/plano1.jpg?resize=300%2C122\" alt=\"\" width=\"300\" height=\"122\" class=\"alignright size-medium wp-image-1335\" srcset=\"https:\/\/i0.wp.com\/retotmp.valnaloneduca.com\/wp-content\/uploads\/2019\/06\/plano1.jpg?w=822&amp;ssl=1 822w, https:\/\/i0.wp.com\/retotmp.valnaloneduca.com\/wp-content\/uploads\/2019\/06\/plano1.jpg?resize=300%2C122&amp;ssl=1 300w, https:\/\/i0.wp.com\/retotmp.valnaloneduca.com\/wp-content\/uploads\/2019\/06\/plano1.jpg?resize=768%2C311&amp;ssl=1 768w\" sizes=\"(max-width: 300px) 100vw, 300px\" data-recalc-dims=\"1\" \/><\/p>\n<p>A partir de aqu\u00ed cada equipo se separa y empieza a desarrollar una tormenta de ideas y a desarrolarlas para comunicarlas.<br \/>\n<img loading=\"lazy\" src=\"https:\/\/i1.wp.com\/retotmp.valnaloneduca.com\/wp-content\/uploads\/2019\/06\/plano-2.jpg?resize=300%2C164\" alt=\"\" width=\"300\" height=\"164\" class=\"alignright size-medium wp-image-1336\" srcset=\"https:\/\/i1.wp.com\/retotmp.valnaloneduca.com\/wp-content\/uploads\/2019\/06\/plano-2.jpg?w=541&amp;ssl=1 541w, https:\/\/i1.wp.com\/retotmp.valnaloneduca.com\/wp-content\/uploads\/2019\/06\/plano-2.jpg?resize=300%2C164&amp;ssl=1 300w\" sizes=\"(max-width: 300px) 100vw, 300px\" data-recalc-dims=\"1\" \/><\/p>\n<p><img loading=\"lazy\" src=\"https:\/\/i0.wp.com\/retotmp.valnaloneduca.com\/wp-content\/uploads\/2019\/06\/disec3b1o-ordenador.jpg?resize=300%2C225\" alt=\"\" width=\"300\" height=\"225\" class=\"alignright size-medium wp-image-1337\" data-recalc-dims=\"1\" \/><\/p>\n<p><img loading=\"lazy\" src=\"https:\/\/i0.wp.com\/retotmp.valnaloneduca.com\/wp-content\/uploads\/2019\/06\/entrevistas.jpg?resize=300%2C225\" alt=\"\" width=\"300\" height=\"225\" class=\"alignright size-medium wp-image-1341\" data-recalc-dims=\"1\" \/><\/p>\n<p>Han definido ideas acompa\u00f1ados de dise\u00f1os de como serian los espacios. Han pensado desde un espacio relax en las terraza, casetas exteriores para los diferentes praos para dar clases al aire libre, la instalacion de fuentes tanto en la parte interior del patio cerca del gimnasio como en uno de los praos como en la explotacion de los espacios contribuyendo todo el mundo mediante un concurso de ideas.<br \/>\n<img loading=\"lazy\" src=\"https:\/\/i0.wp.com\/retotmp.valnaloneduca.com\/wp-content\/uploads\/2019\/06\/dibujando-lapiz-disec3b1o-juntas.jpg?resize=300%2C151\" alt=\"\" width=\"300\" height=\"151\" class=\"alignright size-medium wp-image-1338\" srcset=\"https:\/\/i0.wp.com\/retotmp.valnaloneduca.com\/wp-content\/uploads\/2019\/06\/dibujando-lapiz-disec3b1o-juntas.jpg?w=886&amp;ssl=1 886w, https:\/\/i0.wp.com\/retotmp.valnaloneduca.com\/wp-content\/uploads\/2019\/06\/dibujando-lapiz-disec3b1o-juntas.jpg?resize=300%2C151&amp;ssl=1 300w, https:\/\/i0.wp.com\/retotmp.valnaloneduca.com\/wp-content\/uploads\/2019\/06\/dibujando-lapiz-disec3b1o-juntas.jpg?resize=768%2C387&amp;ssl=1 768w\" sizes=\"(max-width: 300px) 100vw, 300px\" data-recalc-dims=\"1\" \/><br \/>\nCada equipo ha realizado un power point contando a su jefe de estudios todas estas ideas, el cual ha tomado nota de ellas.<br \/>\n<img loading=\"lazy\" src=\"https:\/\/i1.wp.com\/retotmp.valnaloneduca.com\/wp-content\/uploads\/2019\/06\/presentacion-ideas-formato-dibujo.jpg?resize=300%2C225\" alt=\"\" width=\"300\" height=\"225\" class=\"alignright size-medium wp-image-1342\" srcset=\"https:\/\/i1.wp.com\/retotmp.valnaloneduca.com\/wp-content\/uploads\/2019\/06\/presentacion-ideas-formato-dibujo.jpg?w=672&amp;ssl=1 672w, https:\/\/i1.wp.com\/retotmp.valnaloneduca.com\/wp-content\/uploads\/2019\/06\/presentacion-ideas-formato-dibujo.jpg?resize=300%2C225&amp;ssl=1 300w\" sizes=\"(max-width: 300px) 100vw, 300px\" data-recalc-dims=\"1\" \/><br \/>\nRealizamos una mesa redonda para profundizar m\u00e1s en el tema y el propio Rafael nos iba definiendo lo bueno y lo malo de cada idea. Se ha comprometido a llevar dichas acciones al claustro por si en un futuro se pudiesen llevar a cabo.<\/p>\n<p>Se dio la importancia de poseer un buen presupuesto para poder definir mejor las acciones. El propio alumnado se dio cuenta y fue un punto muy comentado y preguntado por ellos. Su elaboraci\u00f3n y como en espacios p\u00fablicos la normativa es diferente y lleva consigo otros protocolos que en espacios privados ha despertado el interes a los estudiantes.<\/p>\n<p><img loading=\"lazy\" src=\"https:\/\/i1.wp.com\/retotmp.valnaloneduca.com\/wp-content\/uploads\/2019\/06\/rafa-jefe-de-estudios.jpg?resize=300%2C225\" alt=\"\" width=\"300\" height=\"225\" class=\"alignright size-medium wp-image-1340\" data-recalc-dims=\"1\" \/><\/p>\n<p>Agradecer al centro su disponibilidad y sobre todo a su orientadora, M\u00aa Fe, y a su jefe de estudios, Rafael, por su implicaci\u00f3n.<\/p>\n","protected":false},"excerpt":{"rendered":"<p>Comenzamos la segunda sesi\u00f3n y \u00faltima donde el alumnado tiene que comunicar a RAFA su jefe de estudios lo trabajado<\/p>\n","protected":false},"author":3,"featured_media":0,"comment_status":"open","ping_status":"open","sticky":false,"template":"","format":"standard","meta":{"spay_email":""},"categories":[27,30],"tags":[],"jetpack_featured_media_url":"","jetpack-related-posts":[{"id":2452,"url":"https:\/\/retotmp.valnaloneduca.com\/?p=2452","url_meta":{"origin":1334,"position":0},"title":"COLEGIO VIRGEN MEDIADORA-LAS DOMINICAS-GIJ\u00d3N 2022-23","date":"abril 12, 2023","format":false,"excerpt":"En el mes de abril vamos a realizar\u00a0un RETO de Taller para Emprender (tmp) en el COLEGIO VIRGEN MEDIADORA-LAS DOMINICAS de Gij\u00f3n\u00a0a dos cursos de 1\u00ba de bachiller. Hemos empezado\u00a0el RETO\u00a0con el alumnado de\u00a01\u00ba bachiller\u00a0A\u00a0y en las siguientes d\u00edas lo haremos para\u00a01\u00ba bachiller B. En\u00a0la primera sesi\u00f3n\u00a0el\u00a0departamento de comunicaci\u00f3n\u00a0del centro\u2026","rel":"","context":"En \u00abColegio Virgen Mediadora-Dominicas 2022-23\u00bb","img":{"alt_text":"","src":"https:\/\/i2.wp.com\/retotmp.valnaloneduca.com\/wp-content\/uploads\/2023\/04\/RETO-3-PROFE.jpg?resize=350%2C200&ssl=1","width":350,"height":200},"classes":[]},{"id":2087,"url":"https:\/\/retotmp.valnaloneduca.com\/?p=2087","url_meta":{"origin":1334,"position":1},"title":"CIFP LABORAL GIJ\u00d3N 2021-22","date":"enero 20, 2022","format":false,"excerpt":"En los meses de enero y febrero realizamos\u00a0dos RETOS de Taller para Emprender (tmp) en el CIFP LA LABORAL de Gij\u00f3n. Hemos empezado el primer RETO con el alumnado del CFGS de administraci\u00f3n y finanzas, tutorizado por su profesor de econom\u00eda Sergio Alc\u00f3n. En\u00a0la primera sesi\u00f3n\u00a0la entidad VALNAL\u00d3N les ha\u2026","rel":"","context":"En \u00abCIFP LABORAL CURSO 21-22\u00bb","img":{"alt_text":"","src":"https:\/\/i0.wp.com\/retotmp.valnaloneduca.com\/wp-content\/uploads\/2022\/01\/IMG20220117130649.jpg?resize=350%2C200&ssl=1","width":350,"height":200},"classes":[]},{"id":2720,"url":"https:\/\/retotmp.valnaloneduca.com\/?p=2720","url_meta":{"origin":1334,"position":2},"title":"NORJOMI 2023-24","date":"mayo 27, 2024","format":false,"excerpt":"Comenzamos dos acciones\u00a0que vamos a realizar a lo largo de estos meses de mayo y junio en\u00a0NORJOMI-Asociaci\u00f3n Cultural Norte Joven Mieres-con los\u00a0proyectos Joven Oc\u00fapate y la Escuela Taller, que lo gestionan\u00a0Irene Granda y Pilar Torre. El alumnado que lo va a recibir ser\u00e1 los grupos\u00a0Auxiliar administrativo y de Carpinter\u00eda. El\u2026","rel":"","context":"En \u00abCurso 2023-2024\u00bb","img":{"alt_text":"","src":"https:\/\/i2.wp.com\/retotmp.valnaloneduca.com\/wp-content\/uploads\/2024\/06\/image-9.png?resize=350%2C200&ssl=1","width":350,"height":200},"classes":[]},{"id":2285,"url":"https:\/\/retotmp.valnaloneduca.com\/?p=2285","url_meta":{"origin":1334,"position":3},"title":"CIFP LABORAL GIJ\u00d3N 2022-23","date":"noviembre 14, 2022","format":false,"excerpt":"En los meses de noviembre y diciembre realizamos\u00a0dos RETOS de Taller para Emprender (tmp) en el CIFP LA LABORAL de Gij\u00f3n. Hemos empezado\u00a0el primer RETO\u00a0con el alumnado del\u00a0CFGM Gesti\u00f3n Administrativa, tutorizado por su profesora de econom\u00eda\u00a0Teresa \u00c1lvarez\u00a0Casta\u00f1\u00f3n. En\u00a0la primera sesi\u00f3n\u00a0la profesora les ha definido, al alumnado, el\u00a0RETO\u00a0que tienen que trabajar\u2026","rel":"","context":"En \u00abCIFP LA LABORAL GIJ\u00d3N 2022-23\u00bb","img":{"alt_text":"","src":"https:\/\/i2.wp.com\/retotmp.valnaloneduca.com\/wp-content\/uploads\/2022\/11\/Pizarra.jpg?resize=350%2C200&ssl=1","width":350,"height":200},"classes":[]},{"id":2222,"url":"https:\/\/retotmp.valnaloneduca.com\/?p=2222","url_meta":{"origin":1334,"position":4},"title":"COLEGIO LA COROLLA GIJ\u00d3N 2021-22","date":"mayo 13, 2022","format":false,"excerpt":"En los meses de mayo y junio realizaremos\u00a0un RETO de Taller para Emprender (tmp) en el COLEGIO LA COROLLA de Gij\u00f3n. Estamos trabajando\u00a0con el alumnado del\u00a01\u00ba de bachiller, tutorizado por su profesora de econom\u00eda\u00a0Nuria A\u00f1\u00f3n Zapico. En\u00a0la primera sesi\u00f3n\u00a0la directora del centro educativo\u00a0les ha definido, al alumnado, el\u00a0RETO\u00a0que tienen que\u2026","rel":"","context":"En \u00abColegio La Corolla 2021-2022\u00bb","img":{"alt_text":"","src":"https:\/\/i0.wp.com\/retotmp.valnaloneduca.com\/wp-content\/uploads\/2022\/05\/IMG_20220505_123758.jpg?resize=350%2C200&ssl=1","width":350,"height":200},"classes":[]},{"id":2541,"url":"https:\/\/retotmp.valnaloneduca.com\/?p=2541","url_meta":{"origin":1334,"position":5},"title":"CIFP LA LABORAL 2023-24","date":"octubre 26, 2023","format":false,"excerpt":"En los meses de noviembre y diciembre realizaremos\u00a0dos RETOS de Taller para Emprender (tmp) en el CIFP LA LABORAL de Gij\u00f3n. Hemos empezado\u00a0el primer RETO\u00a0con el alumnado del\u00a0CFGM Gesti\u00f3n Administrativa, tutorizado por Jos\u00e9 Manuel Fern\u00e1ndez Busto, Jefe de departamento de Administraci\u00f3n y Gesti\u00f3n-Coordinador de bienestar y por su profesora de\u2026","rel":"","context":"En \u00abCIFP LA LABORAL GIJ\u00d3N 2023-24\u00bb","img":{"alt_text":"","src":"https:\/\/i2.wp.com\/retotmp.valnaloneduca.com\/wp-content\/uploads\/2023\/11\/Imagen1.jpg?resize=350%2C200&ssl=1","width":350,"height":200},"classes":[]}],"_links":{"self":[{"href":"https:\/\/retotmp.valnaloneduca.com\/index.php?rest_route=\/wp\/v2\/posts\/1334"}],"collection":[{"href":"https:\/\/retotmp.valnaloneduca.com\/index.php?rest_route=\/wp\/v2\/posts"}],"about":[{"href":"https:\/\/retotmp.valnaloneduca.com\/index.php?rest_route=\/wp\/v2\/types\/post"}],"author":[{"embeddable":true,"href":"https:\/\/retotmp.valnaloneduca.com\/index.php?rest_route=\/wp\/v2\/users\/3"}],"replies":[{"embeddable":true,"href":"https:\/\/retotmp.valnaloneduca.com\/index.php?rest_route=%2Fwp%2Fv2%2Fcomments&post=1334"}],"version-history":[{"count":0,"href":"https:\/\/retotmp.valnaloneduca.com\/index.php?rest_route=\/wp\/v2\/posts\/1334\/revisions"}],"wp:attachment":[{"href":"https:\/\/retotmp.valnaloneduca.com\/index.php?rest_route=%2Fwp%2Fv2%2Fmedia&parent=1334"}],"wp:term":[{"taxonomy":"category","embeddable":true,"href":"https:\/\/retotmp.valnaloneduca.com\/index.php?rest_route=%2Fwp%2Fv2%2Fcategories&post=1334"},{"taxonomy":"post_tag","embeddable":true,"href":"https:\/\/retotmp.valnaloneduca.com\/index.php?rest_route=%2Fwp%2Fv2%2Ftags&post=1334"}],"curies":[{"name":"wp","href":"https:\/\/api.w.org\/{rel}","templated":true}]}}