{"id":1368,"date":"2020-01-08T16:43:56","date_gmt":"2020-01-08T16:43:56","guid":{"rendered":"https:\/\/retotmp.wordpress.com\/?p=1368"},"modified":"2020-01-08T16:43:56","modified_gmt":"2020-01-08T16:43:56","slug":"entendiendo-el-reto-a-partir-de-la-experiencia-real","status":"publish","type":"post","link":"https:\/\/retotmp.valnaloneduca.com\/?p=1368","title":{"rendered":"Reto CMPA. Actividades Programa de Salud &#8211; Fase 0."},"content":{"rendered":"<p>Entendiendo el Reto a partir de la EXPERIENCIA REAL<\/p>\n<p><a href=\"https:\/\/i2.wp.com\/retotmp.valnaloneduca.com\/wp-content\/uploads\/2020\/01\/t01.jpg\"><img loading=\"lazy\" class=\"aligncenter size-medium wp-image-1369\" src=\"https:\/\/i2.wp.com\/retotmp.valnaloneduca.com\/wp-content\/uploads\/2020\/01\/t01.jpg?resize=300%2C300\" alt=\"\" width=\"300\" height=\"300\" srcset=\"https:\/\/i2.wp.com\/retotmp.valnaloneduca.com\/wp-content\/uploads\/2020\/01\/t01.jpg?w=1440&amp;ssl=1 1440w, https:\/\/i2.wp.com\/retotmp.valnaloneduca.com\/wp-content\/uploads\/2020\/01\/t01.jpg?resize=300%2C300&amp;ssl=1 300w, https:\/\/i2.wp.com\/retotmp.valnaloneduca.com\/wp-content\/uploads\/2020\/01\/t01.jpg?resize=1024%2C1024&amp;ssl=1 1024w, https:\/\/i2.wp.com\/retotmp.valnaloneduca.com\/wp-content\/uploads\/2020\/01\/t01.jpg?resize=150%2C150&amp;ssl=1 150w, https:\/\/i2.wp.com\/retotmp.valnaloneduca.com\/wp-content\/uploads\/2020\/01\/t01.jpg?resize=768%2C768&amp;ssl=1 768w, https:\/\/i2.wp.com\/retotmp.valnaloneduca.com\/wp-content\/uploads\/2020\/01\/t01.jpg?resize=100%2C100&amp;ssl=1 100w\" sizes=\"(max-width: 300px) 100vw, 300px\" data-recalc-dims=\"1\" \/><\/a><\/p>\n","protected":false},"excerpt":{"rendered":"<p>Entendiendo el Reto a partir de la EXPERIENCIA REAL<\/p>\n","protected":false},"author":5,"featured_media":0,"comment_status":"open","ping_status":"open","sticky":false,"template":"","format":"image","meta":{"spay_email":""},"categories":[23,30],"tags":[],"jetpack_featured_media_url":"","jetpack-related-posts":[{"id":1808,"url":"https:\/\/retotmp.valnaloneduca.com\/?p=1808","url_meta":{"origin":1368,"position":0},"title":"Reto CMPA. Actividades Programa de Salud - Fase 3","date":"marzo 27, 2020","format":false,"excerpt":"","rel":"","context":"En \u00abIES R\u00edo Trubia 2019-2020\u00bb","img":{"alt_text":"","src":"https:\/\/i2.wp.com\/retotmp.valnaloneduca.com\/wp-content\/uploads\/2020\/03\/20191126_115651.jpg?resize=350%2C200","width":350,"height":200},"classes":[]},{"id":1799,"url":"https:\/\/retotmp.valnaloneduca.com\/?p=1799","url_meta":{"origin":1368,"position":1},"title":"Reto CMPA. Actividades Programa de Salud - Fase 1","date":"marzo 27, 2020","format":"image","excerpt":"","rel":"","context":"En \u00abIES R\u00edo Trubia 2019-2020\u00bb","img":{"alt_text":"","src":"https:\/\/i2.wp.com\/retotmp.valnaloneduca.com\/wp-content\/uploads\/2020\/03\/20191126_113626.jpg?resize=350%2C200","width":350,"height":200},"classes":[]},{"id":1361,"url":"https:\/\/retotmp.valnaloneduca.com\/?p=1361","url_meta":{"origin":1368,"position":2},"title":"Reto CMPA. Un desaf\u00edo educativo y social.","date":"enero 8, 2020","format":false,"excerpt":"","rel":"","context":"En \u00abIES R\u00edo Trubia 2019-2020\u00bb","img":{"alt_text":"","src":"","width":0,"height":0},"classes":[]},{"id":455,"url":"https:\/\/retotmp.valnaloneduca.com\/?p=455","url_meta":{"origin":1368,"position":3},"title":"Ya tenemos RETO!","date":"noviembre 15, 2018","format":false,"excerpt":"Orlando Men\u00e9ndez nos explic\u00f3 las numerosas actividades que desarrolla el Plan Municipal sobre drogas del Ayto de Oviedo, y nos lanza un reto \"Dise\u00f1ar una campa\u00f1a de comunicaci\u00f3n para difundir la actividad que desarrollan\u00a0 en la Escuela de familias de nuestro IES\". Una charla muy interesante que provoc\u00f3 muchas preguntas.\u00a0\u2026","rel":"","context":"En \u00abIES R\u00edo Trubia\u00bb","img":{"alt_text":"","src":"https:\/\/i2.wp.com\/retotmp.valnaloneduca.com\/wp-content\/uploads\/2018\/11\/20181113_131824.jpg?resize=350%2C200","width":350,"height":200},"classes":[]},{"id":1805,"url":"https:\/\/retotmp.valnaloneduca.com\/?p=1805","url_meta":{"origin":1368,"position":4},"title":"Reto CMPA. Actividades Programa de Salud - Fase 2","date":"marzo 27, 2020","format":"image","excerpt":"","rel":"","context":"En \u00abreto tmp\u00bb","img":{"alt_text":"","src":"https:\/\/i1.wp.com\/retotmp.valnaloneduca.com\/wp-content\/uploads\/2020\/03\/20191126_115538-e1585317139843.jpg?resize=350%2C200","width":350,"height":200},"classes":[]},{"id":2922,"url":"https:\/\/retotmp.valnaloneduca.com\/?p=2922","url_meta":{"origin":1368,"position":5},"title":"Innovaci\u00f3n y Compromiso: El IES R\u00edo Trubia acepta el reto de Acci\u00f3n contra el Hambre","date":"marzo 17, 2026","format":false,"excerpt":"En el ecosistema educativo actual, la teor\u00eda cobra verdadero sentido cuando se pone al servicio de la sociedad. Recientemente, el alumnado de 1\u00ba del Ciclo Formativo de Grado Superior de Integraci\u00f3n Social del IES R\u00edo Trubia ha demostrado que est\u00e1n listos para el mundo laboral al enfrentarse a un desaf\u00edo\u2026","rel":"","context":"En \u00abCurso 2025-2026\u00bb","img":{"alt_text":"","src":"https:\/\/i0.wp.com\/retotmp.valnaloneduca.com\/wp-content\/uploads\/2026\/03\/AccionContraElHambre.jpg?resize=350%2C200&ssl=1","width":350,"height":200},"classes":[]}],"_links":{"self":[{"href":"https:\/\/retotmp.valnaloneduca.com\/index.php?rest_route=\/wp\/v2\/posts\/1368"}],"collection":[{"href":"https:\/\/retotmp.valnaloneduca.com\/index.php?rest_route=\/wp\/v2\/posts"}],"about":[{"href":"https:\/\/retotmp.valnaloneduca.com\/index.php?rest_route=\/wp\/v2\/types\/post"}],"author":[{"embeddable":true,"href":"https:\/\/retotmp.valnaloneduca.com\/index.php?rest_route=\/wp\/v2\/users\/5"}],"replies":[{"embeddable":true,"href":"https:\/\/retotmp.valnaloneduca.com\/index.php?rest_route=%2Fwp%2Fv2%2Fcomments&post=1368"}],"version-history":[{"count":0,"href":"https:\/\/retotmp.valnaloneduca.com\/index.php?rest_route=\/wp\/v2\/posts\/1368\/revisions"}],"wp:attachment":[{"href":"https:\/\/retotmp.valnaloneduca.com\/index.php?rest_route=%2Fwp%2Fv2%2Fmedia&parent=1368"}],"wp:term":[{"taxonomy":"category","embeddable":true,"href":"https:\/\/retotmp.valnaloneduca.com\/index.php?rest_route=%2Fwp%2Fv2%2Fcategories&post=1368"},{"taxonomy":"post_tag","embeddable":true,"href":"https:\/\/retotmp.valnaloneduca.com\/index.php?rest_route=%2Fwp%2Fv2%2Ftags&post=1368"}],"curies":[{"name":"wp","href":"https:\/\/api.w.org\/{rel}","templated":true}]}}