{"id":1401,"date":"2020-01-31T12:24:41","date_gmt":"2020-01-31T12:24:41","guid":{"rendered":"https:\/\/retotmp.wordpress.com\/?p=1401"},"modified":"2020-01-31T12:24:41","modified_gmt":"2020-01-31T12:24:41","slug":"reto-1-automocion-sesion-1","status":"publish","type":"post","link":"https:\/\/retotmp.valnaloneduca.com\/?p=1401","title":{"rendered":"Reto Recicauto: Automoci\u00f3n &#8211; Sesi\u00f3n 1"},"content":{"rendered":"<p style=\"text-align:justify;\">El jueves 30 de enero comenz\u00f3 en el <strong>IES Nore\u00f1a<\/strong> el <strong>Reto TMP<\/strong> para los estudiantes de <strong>1\u00ba Ciclo Formativo de Grado Superior de Automoci\u00f3n<\/strong>. En este reto contamos con la colaboraci\u00f3n de <strong>\u00c1lvaro Garc\u00eda<\/strong>, responsable de <strong>Recicauto<\/strong>, desguace y Centro Autorizado de Tratamiento del Veh\u00edculo al Final de su Vida \u00datil con delegaciones en Nore\u00f1a y Mieres.<\/p>\n<p><img loading=\"lazy\" class=\"alignnone size-full wp-image-1409\" src=\"https:\/\/i0.wp.com\/retotmp.valnaloneduca.com\/wp-content\/uploads\/2020\/02\/reto_tmp_recicauto_norec3b1a_30-01-20-2.jpg?resize=910%2C512\" alt=\"reto_tmp_recicauto_nore\u00f1a_30-01-20 (2)\" width=\"910\" height=\"512\" data-recalc-dims=\"1\" \/><\/p>\n<p style=\"text-align:justify;\">Durante gran parte de la jornada, \u00c1lvaro convers\u00f3 con los participantes sobre su trayectoria, sus inquietudes, su experiencia como emprendedor y todas las dificultades encontradas, as\u00ed como la forma de sortearlas y las satisfacciones que le reporta su actividad. Hubo tambi\u00e9n momentos para que los estudiantes realizaran preguntas, para intercambiar opiniones y para compartir con ellos su punto de vista sobre el sector y el mercado laboral.<\/p>\n<p style=\"text-align:justify;\">Otra parte de la sesi\u00f3n se dedic\u00f3 al planteamiento del reto para el que los participantes deben aportar soluciones: <strong>\u00abComo valorar el nivel de satisfacci\u00f3n de los clientes con respecto al servicio que presta la empresa para detectar \u00e1reas de mejoras y aplicar cambios\u00bb<\/strong>.<\/p>\n<p><img loading=\"lazy\" class=\"alignnone size-full wp-image-1410\" src=\"https:\/\/i2.wp.com\/retotmp.valnaloneduca.com\/wp-content\/uploads\/2020\/02\/reto_tmp_recicauto_norec3b1a_30-01-20-3.jpg?resize=910%2C512\" alt=\"reto_tmp_recicauto_nore\u00f1a_30-01-20 (3)\" width=\"910\" height=\"512\" data-recalc-dims=\"1\" \/><\/p>\n<p style=\"text-align:justify;\">Tras la presentaci\u00f3n del emprendedor y la presentaci\u00f3n del reto, se dedic\u00f3 el resto de la jornada a la creaci\u00f3n los equipos de trabajo y al planteamiento de la b\u00fasqueda activa de informaci\u00f3n relevante sobre el tema en el que van a trabajar, identificando a aquellas personas o fuentes que puedan aportar informaci\u00f3n relevante sobre el tema a tratar. Este es un trabajo que cada grupo debe realizar antes de la segunda sesi\u00f3n que se celebrar\u00e1 el jueves 6 de febrero.<\/p>\n","protected":false},"excerpt":{"rendered":"<p>El jueves 30 de enero comenz\u00f3 en el IES Nore\u00f1a el Reto TMP para los estudiantes de 1\u00ba Ciclo Formativo<\/p>\n","protected":false},"author":3,"featured_media":0,"comment_status":"open","ping_status":"open","sticky":false,"template":"","format":"standard","meta":{"spay_email":""},"categories":[20],"tags":[34,39,42,43],"jetpack_featured_media_url":"","jetpack-related-posts":[{"id":1429,"url":"https:\/\/retotmp.valnaloneduca.com\/?p=1429","url_meta":{"origin":1401,"position":0},"title":"Reto Recicauto: Automoci\u00f3n: Recicauto - Sesi\u00f3n 3","date":"febrero 14, 2020","format":false,"excerpt":"El jueves 13 de febrero conclu\u00eda en el IES Nore\u00f1a el Reto TMP organizado con alumnado de \u00a01\u00ba Ciclo Formativo de Grado Superior de Automoci\u00f3n y con la colaboraci\u00f3n de Recicauto. En esta \u00faltima sesi\u00f3n, \u00c1lvaro Garc\u00eda, responsable de la empresa, se acerc\u00f3 una vez m\u00e1s al centro para ver\u2026","rel":"","context":"En \u00abIES Nore\u00f1a 2019-2020\u00bb","img":{"alt_text":"IMG_20200213_094329956","src":"https:\/\/i2.wp.com\/retotmp.valnaloneduca.com\/wp-content\/uploads\/2020\/02\/img_20200213_094329956.jpg?resize=350%2C200","width":350,"height":200},"classes":[]},{"id":1413,"url":"https:\/\/retotmp.valnaloneduca.com\/?p=1413","url_meta":{"origin":1401,"position":1},"title":"Reto Recicauto: Automoci\u00f3n - Sesi\u00f3n 2","date":"febrero 7, 2020","format":false,"excerpt":"El jueves 6 de febrero el grupo de 1\u00ba Ciclo Formativo de Grado Superior de Automoci\u00f3n del IES Nore\u00f1a continu\u00f3 trabajando en el Reto TMP propuesto por Recicauto. Al comenzar la segunda sesi\u00f3n los equipos de trabajo pusieron en com\u00fan la informaci\u00f3n relevante sobre el tema que hab\u00edan podido recopilar\u2026","rel":"","context":"En \u00abIES Nore\u00f1a 2019-2020\u00bb","img":{"alt_text":"IMG_20200206_093510559","src":"https:\/\/i2.wp.com\/retotmp.valnaloneduca.com\/wp-content\/uploads\/2020\/02\/img_20200206_093510559-1.jpg?resize=350%2C200","width":350,"height":200},"classes":[]},{"id":1478,"url":"https:\/\/retotmp.valnaloneduca.com\/?p=1478","url_meta":{"origin":1401,"position":2},"title":"Reto ASINCAR: Administraci\u00f3n - Sesi\u00f3n 1","date":"febrero 14, 2020","format":false,"excerpt":"El alumnado de 1\u00ba CFGM Gesti\u00f3n Administrativa y de 1\u00ba CFGS Administraci\u00f3n y Finanzas del IES Nore\u00f1a comenz\u00f3 el pasado viernes 14 de febrero su participaci\u00f3n en el proyecto Reto TMP. Para esta actividad contamos con la participaci\u00f3n de ASINCAR (Asociaci\u00f3n de Investigaci\u00f3n de Industrias C\u00e1rnicas del Principado de Asturias)\u2026","rel":"","context":"En \u00abIES Nore\u00f1a 2019-2020\u00bb","img":{"alt_text":"IMG_20200214_102139422","src":"https:\/\/i1.wp.com\/retotmp.valnaloneduca.com\/wp-content\/uploads\/2020\/02\/img_20200214_102139422-3.jpg?resize=350%2C200","width":350,"height":200},"classes":[]},{"id":492,"url":"https:\/\/retotmp.valnaloneduca.com\/?p=492","url_meta":{"origin":1401,"position":3},"title":"Guahes Natura_Reto IES Nore\u00f1a","date":"enero 11, 2019","format":false,"excerpt":"","rel":"","context":"En \u00abIES Nore\u00f1a\u00bb","img":{"alt_text":"","src":"https:\/\/i1.wp.com\/retotmp.valnaloneduca.com\/wp-content\/uploads\/2019\/01\/29571236_185144638955498_6085843975745702222_n-2.png?resize=350%2C200","width":350,"height":200},"classes":[]},{"id":723,"url":"https:\/\/retotmp.valnaloneduca.com\/?p=723","url_meta":{"origin":1401,"position":4},"title":"Lys Sim\u00f3n #Guahes Natura nos propone 3 Retos.","date":"febrero 25, 2019","format":false,"excerpt":"Lys Sim\u00f3n promotora del proyecto empresarial GUAHES NATURA, se acerc\u00f3 al Ies Nore\u00f1a y pudimos disfrutar de su charla. Nos cont\u00f3 c\u00f3mo naci\u00f3 su idea, el porqu\u00e9, su producto NATURE BOXES y c\u00f3mo y d\u00f3nde lo desarroll\u00f3. Nos ha lanzado tres retos para que escojamos quel en el que nos\u2026","rel":"","context":"En \u00abIES Nore\u00f1a\u00bb","img":{"alt_text":"","src":"https:\/\/i0.wp.com\/retotmp.valnaloneduca.com\/wp-content\/uploads\/2019\/02\/20190118_094256.jpg?resize=350%2C200","width":350,"height":200},"classes":[]},{"id":1514,"url":"https:\/\/retotmp.valnaloneduca.com\/?p=1514","url_meta":{"origin":1401,"position":5},"title":"Reto ASINCAR: Administraci\u00f3n - Sesi\u00f3n 2","date":"febrero 28, 2020","format":false,"excerpt":"El Reto TMP planteado por ASINCAR al alumnado de\u00a01\u00ba CFGM Gesti\u00f3n Administrativa y de 1\u00ba CFGS Administraci\u00f3n y Finanzas del IES Nore\u00f1a llega a su segunda sesi\u00f3n de trabajo. En esta jornada inicialmente se realiz\u00f3 una puesta en com\u00fan de la informaci\u00f3n recabada por cada uno de los participantes con\u2026","rel":"","context":"En \u00abIES Nore\u00f1a 2019-2020\u00bb","img":{"alt_text":"IMG_20200228_103223151","src":"https:\/\/i2.wp.com\/retotmp.valnaloneduca.com\/wp-content\/uploads\/2020\/02\/img_20200228_103223151.jpg?resize=350%2C200","width":350,"height":200},"classes":[]}],"_links":{"self":[{"href":"https:\/\/retotmp.valnaloneduca.com\/index.php?rest_route=\/wp\/v2\/posts\/1401"}],"collection":[{"href":"https:\/\/retotmp.valnaloneduca.com\/index.php?rest_route=\/wp\/v2\/posts"}],"about":[{"href":"https:\/\/retotmp.valnaloneduca.com\/index.php?rest_route=\/wp\/v2\/types\/post"}],"author":[{"embeddable":true,"href":"https:\/\/retotmp.valnaloneduca.com\/index.php?rest_route=\/wp\/v2\/users\/3"}],"replies":[{"embeddable":true,"href":"https:\/\/retotmp.valnaloneduca.com\/index.php?rest_route=%2Fwp%2Fv2%2Fcomments&post=1401"}],"version-history":[{"count":0,"href":"https:\/\/retotmp.valnaloneduca.com\/index.php?rest_route=\/wp\/v2\/posts\/1401\/revisions"}],"wp:attachment":[{"href":"https:\/\/retotmp.valnaloneduca.com\/index.php?rest_route=%2Fwp%2Fv2%2Fmedia&parent=1401"}],"wp:term":[{"taxonomy":"category","embeddable":true,"href":"https:\/\/retotmp.valnaloneduca.com\/index.php?rest_route=%2Fwp%2Fv2%2Fcategories&post=1401"},{"taxonomy":"post_tag","embeddable":true,"href":"https:\/\/retotmp.valnaloneduca.com\/index.php?rest_route=%2Fwp%2Fv2%2Ftags&post=1401"}],"curies":[{"name":"wp","href":"https:\/\/api.w.org\/{rel}","templated":true}]}}