{"id":1413,"date":"2020-02-07T12:23:24","date_gmt":"2020-02-07T12:23:24","guid":{"rendered":"https:\/\/retotmp.wordpress.com\/?p=1413"},"modified":"2020-02-07T12:23:24","modified_gmt":"2020-02-07T12:23:24","slug":"reto-2-automocion-sesion-2","status":"publish","type":"post","link":"https:\/\/retotmp.valnaloneduca.com\/?p=1413","title":{"rendered":"Reto Recicauto: Automoci\u00f3n &#8211; Sesi\u00f3n 2"},"content":{"rendered":"<p style=\"text-align:justify;\">El jueves 6 de febrero el grupo de <strong>1\u00ba Ciclo Formativo de Grado Superior de Automoci\u00f3n<\/strong> del <strong>IES Nore\u00f1a <\/strong>continu\u00f3 trabajando en el <strong>Reto TMP <\/strong>propuesto por <strong>Recicauto<\/strong>.<\/p>\n<p style=\"text-align:justify;\">Al comenzar la segunda sesi\u00f3n los equipos de trabajo pusieron en com\u00fan la informaci\u00f3n relevante sobre el tema que hab\u00edan podido recopilar durante esta semana tras identificar a aquellas personas o fuentes que pod\u00edan ser relevantes a la hora de aportar datos relevantes.<\/p>\n<p><img loading=\"lazy\" class=\"alignnone size-full wp-image-1421\" src=\"https:\/\/i2.wp.com\/retotmp.valnaloneduca.com\/wp-content\/uploads\/2020\/02\/img_20200206_093510559-1.jpg?resize=910%2C512\" alt=\"IMG_20200206_093510559\" width=\"910\" height=\"512\" data-recalc-dims=\"1\" \/><\/p>\n<p style=\"text-align:justify;\">Tras esta puesta en com\u00fan, cada equipo trabaj\u00f3 en la generaci\u00f3n de ideas, en su posterior puesta en com\u00fan, en la votaci\u00f3n de las ideas y finalmente en la selecci\u00f3n de una idea por grupo que deben desarrollar y presentar convenientemente en la tercera sesi\u00f3n el pr\u00f3ximo viernes 7 de febrero.<\/p>\n<p><strong><img loading=\"lazy\" class=\"alignnone size-full wp-image-1426\" src=\"https:\/\/i1.wp.com\/retotmp.valnaloneduca.com\/wp-content\/uploads\/2020\/02\/img_20200206_094850066-4.jpg?resize=910%2C512\" alt=\"IMG_20200206_094850066\" width=\"910\" height=\"512\" data-recalc-dims=\"1\" \/><\/strong><\/p>\n<p style=\"text-align:justify;\"><strong>IDEAS<\/strong><br \/>\n<strong>Equipo 1 &#8211; <\/strong>Encuesta de satisfacci\u00f3n para el cliente cuyos datos se tratar\u00e1n adecuadamente para crear un documento con aquellos aspectos rese\u00f1ados y propuestas de mejora para los mismos. Este documento se usar\u00e1 como libro o manual para crear un protocolo de actuaci\u00f3n que cada trabajador debe aplicar en la relaci\u00f3n con el cliente desde el primer momento de contacto hasta el final de la relaci\u00f3n.<br \/>\n<strong>Equipo 2<\/strong> &#8211; Patrocinio de equipo de competici\u00f3n en rallyes y actividades deportivas del motor como una forma de respaldar la buena imagen de la empresa y fidelizar a los clientes y ganar posicionamiento como un referente en su sector a nivel regional.<\/p>\n<p>&nbsp;<\/p>\n<p>&nbsp;<\/p>\n","protected":false},"excerpt":{"rendered":"<p>El jueves 6 de febrero el grupo de 1\u00ba Ciclo Formativo de Grado Superior de Automoci\u00f3n del IES Nore\u00f1a continu\u00f3<\/p>\n","protected":false},"author":3,"featured_media":0,"comment_status":"open","ping_status":"open","sticky":false,"template":"","format":"standard","meta":{"spay_email":""},"categories":[20,30],"tags":[34,39,42,43],"jetpack_featured_media_url":"","jetpack-related-posts":[{"id":1401,"url":"https:\/\/retotmp.valnaloneduca.com\/?p=1401","url_meta":{"origin":1413,"position":0},"title":"Reto Recicauto: Automoci\u00f3n - Sesi\u00f3n 1","date":"enero 31, 2020","format":false,"excerpt":"El jueves 30 de enero comenz\u00f3 en el IES Nore\u00f1a el Reto TMP para los estudiantes de 1\u00ba Ciclo Formativo de Grado Superior de Automoci\u00f3n. En este reto contamos con la colaboraci\u00f3n de \u00c1lvaro Garc\u00eda, responsable de Recicauto, desguace y Centro Autorizado de Tratamiento del Veh\u00edculo al Final de su\u2026","rel":"","context":"En \u00abIES Nore\u00f1a 2019-2020\u00bb","img":{"alt_text":"reto_tmp_recicauto_nore\u00c3\u00b1a_30-01-20 (2)","src":"https:\/\/i0.wp.com\/retotmp.valnaloneduca.com\/wp-content\/uploads\/2020\/02\/reto_tmp_recicauto_norec3b1a_30-01-20-2.jpg?resize=350%2C200","width":350,"height":200},"classes":[]},{"id":1429,"url":"https:\/\/retotmp.valnaloneduca.com\/?p=1429","url_meta":{"origin":1413,"position":1},"title":"Reto Recicauto: Automoci\u00f3n: Recicauto - Sesi\u00f3n 3","date":"febrero 14, 2020","format":false,"excerpt":"El jueves 13 de febrero conclu\u00eda en el IES Nore\u00f1a el Reto TMP organizado con alumnado de \u00a01\u00ba Ciclo Formativo de Grado Superior de Automoci\u00f3n y con la colaboraci\u00f3n de Recicauto. En esta \u00faltima sesi\u00f3n, \u00c1lvaro Garc\u00eda, responsable de la empresa, se acerc\u00f3 una vez m\u00e1s al centro para ver\u2026","rel":"","context":"En \u00abIES Nore\u00f1a 2019-2020\u00bb","img":{"alt_text":"IMG_20200213_094329956","src":"https:\/\/i2.wp.com\/retotmp.valnaloneduca.com\/wp-content\/uploads\/2020\/02\/img_20200213_094329956.jpg?resize=350%2C200","width":350,"height":200},"classes":[]},{"id":1514,"url":"https:\/\/retotmp.valnaloneduca.com\/?p=1514","url_meta":{"origin":1413,"position":2},"title":"Reto ASINCAR: Administraci\u00f3n - Sesi\u00f3n 2","date":"febrero 28, 2020","format":false,"excerpt":"El Reto TMP planteado por ASINCAR al alumnado de\u00a01\u00ba CFGM Gesti\u00f3n Administrativa y de 1\u00ba CFGS Administraci\u00f3n y Finanzas del IES Nore\u00f1a llega a su segunda sesi\u00f3n de trabajo. En esta jornada inicialmente se realiz\u00f3 una puesta en com\u00fan de la informaci\u00f3n recabada por cada uno de los participantes con\u2026","rel":"","context":"En \u00abIES Nore\u00f1a 2019-2020\u00bb","img":{"alt_text":"IMG_20200228_103223151","src":"https:\/\/i2.wp.com\/retotmp.valnaloneduca.com\/wp-content\/uploads\/2020\/02\/img_20200228_103223151.jpg?resize=350%2C200","width":350,"height":200},"classes":[]},{"id":1478,"url":"https:\/\/retotmp.valnaloneduca.com\/?p=1478","url_meta":{"origin":1413,"position":3},"title":"Reto ASINCAR: Administraci\u00f3n - Sesi\u00f3n 1","date":"febrero 14, 2020","format":false,"excerpt":"El alumnado de 1\u00ba CFGM Gesti\u00f3n Administrativa y de 1\u00ba CFGS Administraci\u00f3n y Finanzas del IES Nore\u00f1a comenz\u00f3 el pasado viernes 14 de febrero su participaci\u00f3n en el proyecto Reto TMP. Para esta actividad contamos con la participaci\u00f3n de ASINCAR (Asociaci\u00f3n de Investigaci\u00f3n de Industrias C\u00e1rnicas del Principado de Asturias)\u2026","rel":"","context":"En \u00abIES Nore\u00f1a 2019-2020\u00bb","img":{"alt_text":"IMG_20200214_102139422","src":"https:\/\/i1.wp.com\/retotmp.valnaloneduca.com\/wp-content\/uploads\/2020\/02\/img_20200214_102139422-3.jpg?resize=350%2C200","width":350,"height":200},"classes":[]},{"id":1910,"url":"https:\/\/retotmp.valnaloneduca.com\/?p=1910","url_meta":{"origin":1413,"position":4},"title":"Reto ASINCAR: Administraci\u00f3n - Sesi\u00f3n 3","date":"mayo 12, 2020","format":false,"excerpt":"El Reto TMP planteado por ASINCAR llega a la \u00faltima sesi\u00f3n. Pero debido al cierre de las aulas a causa del Coronavirus ha sido imposible que la presentaci\u00f3n de propuestas para resolver el reto se pudiera llevar a cabo tal y como estaba prevista de manera presencial el 19 de\u2026","rel":"","context":"En \u00abIES Nore\u00f1a 2019-2020\u00bb","img":{"alt_text":"reto_asincar_nore\u00c3\u00b1a2_sesion3","src":"https:\/\/i0.wp.com\/retotmp.valnaloneduca.com\/wp-content\/uploads\/2020\/05\/reto_asincar_norec3b1a2_sesion3-1.jpg?resize=350%2C200","width":350,"height":200},"classes":[]},{"id":723,"url":"https:\/\/retotmp.valnaloneduca.com\/?p=723","url_meta":{"origin":1413,"position":5},"title":"Lys Sim\u00f3n #Guahes Natura nos propone 3 Retos.","date":"febrero 25, 2019","format":false,"excerpt":"Lys Sim\u00f3n promotora del proyecto empresarial GUAHES NATURA, se acerc\u00f3 al Ies Nore\u00f1a y pudimos disfrutar de su charla. Nos cont\u00f3 c\u00f3mo naci\u00f3 su idea, el porqu\u00e9, su producto NATURE BOXES y c\u00f3mo y d\u00f3nde lo desarroll\u00f3. Nos ha lanzado tres retos para que escojamos quel en el que nos\u2026","rel":"","context":"En \u00abIES Nore\u00f1a\u00bb","img":{"alt_text":"","src":"https:\/\/i0.wp.com\/retotmp.valnaloneduca.com\/wp-content\/uploads\/2019\/02\/20190118_094256.jpg?resize=350%2C200","width":350,"height":200},"classes":[]}],"_links":{"self":[{"href":"https:\/\/retotmp.valnaloneduca.com\/index.php?rest_route=\/wp\/v2\/posts\/1413"}],"collection":[{"href":"https:\/\/retotmp.valnaloneduca.com\/index.php?rest_route=\/wp\/v2\/posts"}],"about":[{"href":"https:\/\/retotmp.valnaloneduca.com\/index.php?rest_route=\/wp\/v2\/types\/post"}],"author":[{"embeddable":true,"href":"https:\/\/retotmp.valnaloneduca.com\/index.php?rest_route=\/wp\/v2\/users\/3"}],"replies":[{"embeddable":true,"href":"https:\/\/retotmp.valnaloneduca.com\/index.php?rest_route=%2Fwp%2Fv2%2Fcomments&post=1413"}],"version-history":[{"count":0,"href":"https:\/\/retotmp.valnaloneduca.com\/index.php?rest_route=\/wp\/v2\/posts\/1413\/revisions"}],"wp:attachment":[{"href":"https:\/\/retotmp.valnaloneduca.com\/index.php?rest_route=%2Fwp%2Fv2%2Fmedia&parent=1413"}],"wp:term":[{"taxonomy":"category","embeddable":true,"href":"https:\/\/retotmp.valnaloneduca.com\/index.php?rest_route=%2Fwp%2Fv2%2Fcategories&post=1413"},{"taxonomy":"post_tag","embeddable":true,"href":"https:\/\/retotmp.valnaloneduca.com\/index.php?rest_route=%2Fwp%2Fv2%2Ftags&post=1413"}],"curies":[{"name":"wp","href":"https:\/\/api.w.org\/{rel}","templated":true}]}}