{"id":1441,"date":"2020-02-18T16:49:30","date_gmt":"2020-02-18T16:49:30","guid":{"rendered":"https:\/\/retotmp.wordpress.com\/?p=1441"},"modified":"2020-02-18T16:49:30","modified_gmt":"2020-02-18T16:49:30","slug":"reto-estrategias-de-comunicacion-eberibadi-sesion-1","status":"publish","type":"post","link":"https:\/\/retotmp.valnaloneduca.com\/?p=1441","title":{"rendered":"Reto Eberibadi: Estrategias de Comunicaci\u00f3n &#8211; Sesi\u00f3n 1"},"content":{"rendered":"<p style=\"text-align:justify;\">El martes 18 de febrero dio comienzo en el <strong>IES Doctor Fleming<\/strong> de <strong>Oviedo<\/strong> el <strong>Reto TMP<\/strong> para estudiantes de <strong>1\u00ba de Bachillerato Humanidades y Ciencias Sociales <\/strong>dentro de la asignatura de Econom\u00eda. Para este trabajo contamos con la participaci\u00f3n de la empresa de experiencias <strong><a href=\"https:\/\/ebribadi.es\" target=\"_blank\" rel=\"noopener noreferrer\">Eberibadi<\/a><\/strong> cuya socia promotora, <strong>Laura Mateo<\/strong>, acudi\u00f3 al aula a hablar de su proyecto y presentar dos ideas de reto diferentes, una para este grupo y otra para otro grupo de compa\u00f1eros y compa\u00f1eras de 1\u00ba de Bachillerato que tambi\u00e9n participar\u00e1n en paralelo en el Reto TMP.<\/p>\n<p><img loading=\"lazy\" class=\"alignnone size-full wp-image-1450\" src=\"https:\/\/i2.wp.com\/retotmp.valnaloneduca.com\/wp-content\/uploads\/2020\/02\/img_20200218_110041542.jpg?resize=910%2C512\" alt=\"IMG_20200218_110041542\" width=\"910\" height=\"512\" data-recalc-dims=\"1\" \/><\/p>\n<p style=\"text-align:justify;\">Laura propuso como reto a los estudiantes: <strong>\u00abComo mejorar la comunicaci\u00f3n externa de la empresa a trav\u00e9s de campa\u00f1as de marketing sencillas y econ\u00f3micas que puedan generar difusi\u00f3n de las actividades de la misma\u00bb<\/strong>.<\/p>\n<p style=\"text-align:justify;\">Adem\u00e1s del planteamiento del reto, los asistentes pudieron conocer la trayectoria de la propia emprendedora, y en qu\u00e9 consiste exactamente la tarea que desarrolla al frente de Eberibadi. Fue especialmente interesante la parte en la que comparti\u00f3 con los asistentes a la sesi\u00f3n las inquietudes que la llevaron a poner en marcha su propio proyecto, sus valores y la apuesta diaria en su trabajo por la cultura, el ocio, la gastronom\u00eda y el entorno local.<\/p>\n<p><img loading=\"lazy\" class=\"alignnone size-full wp-image-1452\" src=\"https:\/\/i1.wp.com\/retotmp.valnaloneduca.com\/wp-content\/uploads\/2020\/02\/img_20200218_110115012-1.jpg?resize=910%2C512\" alt=\"IMG_20200218_110115012\" width=\"910\" height=\"512\" data-recalc-dims=\"1\" \/><\/p>\n<p style=\"text-align:justify;\">Tras la presentaci\u00f3n se dedic\u00f3 el resto de la sesi\u00f3n a hablar sobre la Sesi\u00f3n 2 y a plantear las tareas de b\u00fasqueda de informaci\u00f3n que les permitir\u00e1n comprender y definir adecuadamente el problema para pasar a la generaci\u00f3n de ideas.<\/p>\n<p>&nbsp;<\/p>\n","protected":false},"excerpt":{"rendered":"<p>El martes 18 de febrero dio comienzo en el IES Doctor Fleming de Oviedo el Reto TMP para estudiantes de<\/p>\n","protected":false},"author":3,"featured_media":0,"comment_status":"open","ping_status":"open","sticky":false,"template":"","format":"standard","meta":{"spay_email":""},"categories":[10,30],"tags":[35,36,37,38],"jetpack_featured_media_url":"","jetpack-related-posts":[{"id":1454,"url":"https:\/\/retotmp.valnaloneduca.com\/?p=1454","url_meta":{"origin":1441,"position":0},"title":"Reto Eberibadi: Asesinato en Vetusta - Sesi\u00f3n 1","date":"febrero 18, 2020","format":false,"excerpt":"El martes 18 de febrero estudiantes de\u00a01\u00ba de Bachillerato Humanidades y Ciencias Sociales del IES Doctor Fleming de Oviedo comenzaron su participaci\u00f3n en el Reto TMP dentro de la asignatura de Econom\u00eda y con la colaboraci\u00f3n de la empresa de experiencias Eberibadi. Su socia promotora, Laura Mateo, acudi\u00f3 al aula\u2026","rel":"","context":"En \u00abIES Doctor Fleming 2019-2020\u00bb","img":{"alt_text":"IMG_20200218_110156513","src":"https:\/\/i0.wp.com\/retotmp.valnaloneduca.com\/wp-content\/uploads\/2020\/02\/img_20200218_110156513.jpg?resize=350%2C200","width":350,"height":200},"classes":[]},{"id":1533,"url":"https:\/\/retotmp.valnaloneduca.com\/?p=1533","url_meta":{"origin":1441,"position":1},"title":"Reto Eberibadi: Estrategias de comunicaci\u00f3n - Sesi\u00f3n 2","date":"marzo 4, 2020","format":false,"excerpt":"Esta semana se celebr\u00f3 la segunda sesi\u00f3n de trabajo de uno de los dos Reto TMP desarrollado en el\u00a0IES Doctor Fleming\u00a0de\u00a0Oviedo.\u00a0 Al inicio de esta sesi\u00f3n ese abord\u00f3 las fase de Definici\u00f3n del reto planteado por Eberibadi: \"Como mejorar la comunicaci\u00f3n externa de la empresa a trav\u00e9s de campa\u00f1as de\u2026","rel":"","context":"En \u00abIES Doctor Fleming 2019-2020\u00bb","img":{"alt_text":"IMG_20200303_121027699","src":"https:\/\/i2.wp.com\/retotmp.valnaloneduca.com\/wp-content\/uploads\/2020\/03\/img_20200303_121027699-2.jpg?resize=350%2C200","width":350,"height":200},"classes":[]},{"id":1895,"url":"https:\/\/retotmp.valnaloneduca.com\/?p=1895","url_meta":{"origin":1441,"position":2},"title":"Reto Eberibadi: Estrategias de comunicaci\u00f3n \u2013 Sesi\u00f3n 4","date":"mayo 7, 2020","format":false,"excerpt":"El Reto TMP planteado por Eberibadi sobre la mejora de estrategias de comunicaci\u00f3n de la empresa y sus servicios llega a la \u00faltima sesi\u00f3n. El cierre de las aulas a causa del Coronavirus no ha hecho posible que la presentaci\u00f3n de propuestas para resolver el reto se pudiera llevar a\u2026","rel":"","context":"En \u00abIES Doctor Fleming 2019-2020\u00bb","img":{"alt_text":"hs1fleming","src":"https:\/\/i2.wp.com\/retotmp.valnaloneduca.com\/wp-content\/uploads\/2020\/05\/hs1fleming-3.jpg?resize=350%2C200","width":350,"height":200},"classes":[]},{"id":1523,"url":"https:\/\/retotmp.valnaloneduca.com\/?p=1523","url_meta":{"origin":1441,"position":3},"title":"Reto Eberibadi: Asesinato en Vetusta - Sesi\u00f3n 2","date":"marzo 4, 2020","format":false,"excerpt":"El Reto TMP desarrollado en el IES Doctor Fleming de Oviedo llega a su segunda sesi\u00f3n y en este momento, los estudiantes proceden a poner en com\u00fan informaci\u00f3n relevante que han podido conseguir sobre el reto propuesto por Eberibadi: \"Propuestas de mejora para la experiencia Asesinato en Vetusta y b\u00fasqueda\u2026","rel":"","context":"En \u00abIES Doctor Fleming 2019-2020\u00bb","img":{"alt_text":"IMG_20200303_112004187","src":"https:\/\/i0.wp.com\/retotmp.valnaloneduca.com\/wp-content\/uploads\/2020\/03\/img_20200303_112004187.jpg?resize=350%2C200","width":350,"height":200},"classes":[]},{"id":1558,"url":"https:\/\/retotmp.valnaloneduca.com\/?p=1558","url_meta":{"origin":1441,"position":4},"title":"Reto Eberibadi: Estrategias de comunicaci\u00f3n - Sesi\u00f3n 3","date":"marzo 11, 2020","format":false,"excerpt":"Los equipos contin\u00faan trabajando en el Reto TMP planteado por Eberibadi sobre la mejora de las estrategias de comunicaci\u00f3n de la empresas y sus servicios. Tras la Sesi\u00f3n 2 el alumnado trabaj\u00f3 intensamente con la ayuda de su profesora en la generaci\u00f3n de ideas, la puesta en com\u00fan y la\u2026","rel":"","context":"En \u00abIES Doctor Fleming 2019-2020\u00bb","img":{"alt_text":"IMG_20200310_121853458","src":"https:\/\/i1.wp.com\/retotmp.valnaloneduca.com\/wp-content\/uploads\/2020\/03\/img_20200310_121853458.jpg?resize=350%2C200","width":350,"height":200},"classes":[]},{"id":1904,"url":"https:\/\/retotmp.valnaloneduca.com\/?p=1904","url_meta":{"origin":1441,"position":5},"title":"Reto Eberibadi: Asesinato en Vetusta \u2013 Sesi\u00f3n 4","date":"mayo 7, 2020","format":false,"excerpt":"El Reto TMP planteado por Eberibadi sobre la mejora de su experiencia Asesinato en Vetusta llega a la \u00faltima sesi\u00f3n. Debido al cierre de las aulas a causa del Coronavirus ha hecho imposible que la presentaci\u00f3n de propuestas para resolver el reto se pudiera llevar a cabo tal y como\u2026","rel":"","context":"En \u00abIES Doctor Fleming 2019-2020\u00bb","img":{"alt_text":"hs2fleming","src":"https:\/\/i0.wp.com\/retotmp.valnaloneduca.com\/wp-content\/uploads\/2020\/05\/hs2fleming.jpg?resize=350%2C200","width":350,"height":200},"classes":[]}],"_links":{"self":[{"href":"https:\/\/retotmp.valnaloneduca.com\/index.php?rest_route=\/wp\/v2\/posts\/1441"}],"collection":[{"href":"https:\/\/retotmp.valnaloneduca.com\/index.php?rest_route=\/wp\/v2\/posts"}],"about":[{"href":"https:\/\/retotmp.valnaloneduca.com\/index.php?rest_route=\/wp\/v2\/types\/post"}],"author":[{"embeddable":true,"href":"https:\/\/retotmp.valnaloneduca.com\/index.php?rest_route=\/wp\/v2\/users\/3"}],"replies":[{"embeddable":true,"href":"https:\/\/retotmp.valnaloneduca.com\/index.php?rest_route=%2Fwp%2Fv2%2Fcomments&post=1441"}],"version-history":[{"count":0,"href":"https:\/\/retotmp.valnaloneduca.com\/index.php?rest_route=\/wp\/v2\/posts\/1441\/revisions"}],"wp:attachment":[{"href":"https:\/\/retotmp.valnaloneduca.com\/index.php?rest_route=%2Fwp%2Fv2%2Fmedia&parent=1441"}],"wp:term":[{"taxonomy":"category","embeddable":true,"href":"https:\/\/retotmp.valnaloneduca.com\/index.php?rest_route=%2Fwp%2Fv2%2Fcategories&post=1441"},{"taxonomy":"post_tag","embeddable":true,"href":"https:\/\/retotmp.valnaloneduca.com\/index.php?rest_route=%2Fwp%2Fv2%2Ftags&post=1441"}],"curies":[{"name":"wp","href":"https:\/\/api.w.org\/{rel}","templated":true}]}}