{"id":1478,"date":"2020-02-14T14:55:14","date_gmt":"2020-02-14T14:55:14","guid":{"rendered":"https:\/\/retotmp.wordpress.com\/?p=1478"},"modified":"2020-02-14T14:55:14","modified_gmt":"2020-02-14T14:55:14","slug":"reto-administracion-asincar-sesion-1","status":"publish","type":"post","link":"https:\/\/retotmp.valnaloneduca.com\/?p=1478","title":{"rendered":"Reto ASINCAR: Administraci\u00f3n &#8211; Sesi\u00f3n 1"},"content":{"rendered":"<p style=\"text-align:justify;\">El alumnado de <strong>1\u00ba CFGM Gesti\u00f3n Administrativa<\/strong> y de <strong>1\u00ba CFGS Administraci\u00f3n y Finanzas<\/strong> del <strong>IES Nore\u00f1a<\/strong> comenz\u00f3 el pasado viernes 14 de febrero su participaci\u00f3n en el proyecto Reto TMP. Para esta actividad contamos con la participaci\u00f3n de <strong><a href=\"https:\/\/www.asincar.com\" target=\"_blank\" rel=\"noopener noreferrer\">ASINCAR<\/a><\/strong> (Asociaci\u00f3n de Investigaci\u00f3n de Industrias C\u00e1rnicas del Principado de Asturias) como entidad colaboradora a la hora de plantear el reto y con la presencia en el aula de su Coordinadora <strong>Mayte Villastrigo<\/strong>.<\/p>\n<p><img loading=\"lazy\" class=\"alignnone size-full wp-image-1485\" src=\"https:\/\/i1.wp.com\/retotmp.valnaloneduca.com\/wp-content\/uploads\/2020\/02\/img_20200214_102139422-3.jpg?resize=910%2C512\" alt=\"IMG_20200214_102139422\" width=\"910\" height=\"512\" data-recalc-dims=\"1\" \/><\/p>\n<p style=\"text-align:justify;\">En la primera parte de la sesi\u00f3n se dedic\u00f3 tiempo a conocer de manera pormenorizada la labor desarrollada por ASINCAR y tras las preguntas y aclaraciones por parte del alumnado se dio paso a la presentaci\u00f3n del reto: <strong>\u00abComo mejorar la difusi\u00f3n de las acciones formativas de Asincar para conseguir aumentar el n\u00famero de clientes y usuarios de estas acciones formativas\u00bb<\/strong>.<\/p>\n<p><img loading=\"lazy\" class=\"alignnone size-full wp-image-1486\" src=\"https:\/\/i0.wp.com\/retotmp.valnaloneduca.com\/wp-content\/uploads\/2020\/02\/img_20200214_102229754.jpg?resize=910%2C512\" alt=\"IMG_20200214_102229754\" width=\"910\" height=\"512\" data-recalc-dims=\"1\" \/><\/p>\n<p style=\"text-align:justify;\">Para finalizar la jornada se plantearon las bases y dieron algunas instrucciones y consejos para que los participantes buscaran informaci\u00f3n relevante sobre el reto entre la primera y segunda sesi\u00f3n para intentar tener un panorama de trabajo m\u00e1s claro y comenzar con la generaci\u00f3n de ideas.<\/p>\n","protected":false},"excerpt":{"rendered":"<p>El alumnado de 1\u00ba CFGM Gesti\u00f3n Administrativa y de 1\u00ba CFGS Administraci\u00f3n y Finanzas del IES Nore\u00f1a comenz\u00f3 el pasado<\/p>\n","protected":false},"author":3,"featured_media":0,"comment_status":"open","ping_status":"open","sticky":false,"template":"","format":"standard","meta":{"spay_email":""},"categories":[20,30],"tags":[31,33,39,44],"jetpack_featured_media_url":"","jetpack-related-posts":[{"id":1514,"url":"https:\/\/retotmp.valnaloneduca.com\/?p=1514","url_meta":{"origin":1478,"position":0},"title":"Reto ASINCAR: Administraci\u00f3n - Sesi\u00f3n 2","date":"febrero 28, 2020","format":false,"excerpt":"El Reto TMP planteado por ASINCAR al alumnado de\u00a01\u00ba CFGM Gesti\u00f3n Administrativa y de 1\u00ba CFGS Administraci\u00f3n y Finanzas del IES Nore\u00f1a llega a su segunda sesi\u00f3n de trabajo. En esta jornada inicialmente se realiz\u00f3 una puesta en com\u00fan de la informaci\u00f3n recabada por cada uno de los participantes con\u2026","rel":"","context":"En \u00abIES Nore\u00f1a 2019-2020\u00bb","img":{"alt_text":"IMG_20200228_103223151","src":"https:\/\/i2.wp.com\/retotmp.valnaloneduca.com\/wp-content\/uploads\/2020\/02\/img_20200228_103223151.jpg?resize=350%2C200","width":350,"height":200},"classes":[]},{"id":1910,"url":"https:\/\/retotmp.valnaloneduca.com\/?p=1910","url_meta":{"origin":1478,"position":1},"title":"Reto ASINCAR: Administraci\u00f3n - Sesi\u00f3n 3","date":"mayo 12, 2020","format":false,"excerpt":"El Reto TMP planteado por ASINCAR llega a la \u00faltima sesi\u00f3n. Pero debido al cierre de las aulas a causa del Coronavirus ha sido imposible que la presentaci\u00f3n de propuestas para resolver el reto se pudiera llevar a cabo tal y como estaba prevista de manera presencial el 19 de\u2026","rel":"","context":"En \u00abIES Nore\u00f1a 2019-2020\u00bb","img":{"alt_text":"reto_asincar_nore\u00c3\u00b1a2_sesion3","src":"https:\/\/i0.wp.com\/retotmp.valnaloneduca.com\/wp-content\/uploads\/2020\/05\/reto_asincar_norec3b1a2_sesion3-1.jpg?resize=350%2C200","width":350,"height":200},"classes":[]},{"id":1429,"url":"https:\/\/retotmp.valnaloneduca.com\/?p=1429","url_meta":{"origin":1478,"position":2},"title":"Reto Recicauto: Automoci\u00f3n: Recicauto - Sesi\u00f3n 3","date":"febrero 14, 2020","format":false,"excerpt":"El jueves 13 de febrero conclu\u00eda en el IES Nore\u00f1a el Reto TMP organizado con alumnado de \u00a01\u00ba Ciclo Formativo de Grado Superior de Automoci\u00f3n y con la colaboraci\u00f3n de Recicauto. En esta \u00faltima sesi\u00f3n, \u00c1lvaro Garc\u00eda, responsable de la empresa, se acerc\u00f3 una vez m\u00e1s al centro para ver\u2026","rel":"","context":"En \u00abIES Nore\u00f1a 2019-2020\u00bb","img":{"alt_text":"IMG_20200213_094329956","src":"https:\/\/i2.wp.com\/retotmp.valnaloneduca.com\/wp-content\/uploads\/2020\/02\/img_20200213_094329956.jpg?resize=350%2C200","width":350,"height":200},"classes":[]},{"id":1401,"url":"https:\/\/retotmp.valnaloneduca.com\/?p=1401","url_meta":{"origin":1478,"position":3},"title":"Reto Recicauto: Automoci\u00f3n - Sesi\u00f3n 1","date":"enero 31, 2020","format":false,"excerpt":"El jueves 30 de enero comenz\u00f3 en el IES Nore\u00f1a el Reto TMP para los estudiantes de 1\u00ba Ciclo Formativo de Grado Superior de Automoci\u00f3n. En este reto contamos con la colaboraci\u00f3n de \u00c1lvaro Garc\u00eda, responsable de Recicauto, desguace y Centro Autorizado de Tratamiento del Veh\u00edculo al Final de su\u2026","rel":"","context":"En \u00abIES Nore\u00f1a 2019-2020\u00bb","img":{"alt_text":"reto_tmp_recicauto_nore\u00c3\u00b1a_30-01-20 (2)","src":"https:\/\/i0.wp.com\/retotmp.valnaloneduca.com\/wp-content\/uploads\/2020\/02\/reto_tmp_recicauto_norec3b1a_30-01-20-2.jpg?resize=350%2C200","width":350,"height":200},"classes":[]},{"id":1413,"url":"https:\/\/retotmp.valnaloneduca.com\/?p=1413","url_meta":{"origin":1478,"position":4},"title":"Reto Recicauto: Automoci\u00f3n - Sesi\u00f3n 2","date":"febrero 7, 2020","format":false,"excerpt":"El jueves 6 de febrero el grupo de 1\u00ba Ciclo Formativo de Grado Superior de Automoci\u00f3n del IES Nore\u00f1a continu\u00f3 trabajando en el Reto TMP propuesto por Recicauto. Al comenzar la segunda sesi\u00f3n los equipos de trabajo pusieron en com\u00fan la informaci\u00f3n relevante sobre el tema que hab\u00edan podido recopilar\u2026","rel":"","context":"En \u00abIES Nore\u00f1a 2019-2020\u00bb","img":{"alt_text":"IMG_20200206_093510559","src":"https:\/\/i2.wp.com\/retotmp.valnaloneduca.com\/wp-content\/uploads\/2020\/02\/img_20200206_093510559-1.jpg?resize=350%2C200","width":350,"height":200},"classes":[]},{"id":492,"url":"https:\/\/retotmp.valnaloneduca.com\/?p=492","url_meta":{"origin":1478,"position":5},"title":"Guahes Natura_Reto IES Nore\u00f1a","date":"enero 11, 2019","format":false,"excerpt":"","rel":"","context":"En \u00abIES Nore\u00f1a\u00bb","img":{"alt_text":"","src":"https:\/\/i1.wp.com\/retotmp.valnaloneduca.com\/wp-content\/uploads\/2019\/01\/29571236_185144638955498_6085843975745702222_n-2.png?resize=350%2C200","width":350,"height":200},"classes":[]}],"_links":{"self":[{"href":"https:\/\/retotmp.valnaloneduca.com\/index.php?rest_route=\/wp\/v2\/posts\/1478"}],"collection":[{"href":"https:\/\/retotmp.valnaloneduca.com\/index.php?rest_route=\/wp\/v2\/posts"}],"about":[{"href":"https:\/\/retotmp.valnaloneduca.com\/index.php?rest_route=\/wp\/v2\/types\/post"}],"author":[{"embeddable":true,"href":"https:\/\/retotmp.valnaloneduca.com\/index.php?rest_route=\/wp\/v2\/users\/3"}],"replies":[{"embeddable":true,"href":"https:\/\/retotmp.valnaloneduca.com\/index.php?rest_route=%2Fwp%2Fv2%2Fcomments&post=1478"}],"version-history":[{"count":0,"href":"https:\/\/retotmp.valnaloneduca.com\/index.php?rest_route=\/wp\/v2\/posts\/1478\/revisions"}],"wp:attachment":[{"href":"https:\/\/retotmp.valnaloneduca.com\/index.php?rest_route=%2Fwp%2Fv2%2Fmedia&parent=1478"}],"wp:term":[{"taxonomy":"category","embeddable":true,"href":"https:\/\/retotmp.valnaloneduca.com\/index.php?rest_route=%2Fwp%2Fv2%2Fcategories&post=1478"},{"taxonomy":"post_tag","embeddable":true,"href":"https:\/\/retotmp.valnaloneduca.com\/index.php?rest_route=%2Fwp%2Fv2%2Ftags&post=1478"}],"curies":[{"name":"wp","href":"https:\/\/api.w.org\/{rel}","templated":true}]}}