{"id":1523,"date":"2020-03-04T13:12:13","date_gmt":"2020-03-04T13:12:13","guid":{"rendered":"https:\/\/retotmp.wordpress.com\/?p=1523"},"modified":"2020-03-04T13:12:13","modified_gmt":"2020-03-04T13:12:13","slug":"reto-eberibadi-asesinato-en-vetusta-sesion-2","status":"publish","type":"post","link":"https:\/\/retotmp.valnaloneduca.com\/?p=1523","title":{"rendered":"Reto Eberibadi: Asesinato en Vetusta &#8211; Sesi\u00f3n 2"},"content":{"rendered":"<p style=\"text-align:justify;\">El <strong>Reto TMP<\/strong> desarrollado en el <strong>IES Doctor Fleming<\/strong> de <strong>Oviedo<\/strong> llega a su segunda sesi\u00f3n y en este momento, los estudiantes proceden a poner en com\u00fan informaci\u00f3n relevante que han podido conseguir sobre el reto propuesto por <strong><a href=\"https:\/\/ebribadi.es\" target=\"_blank\" rel=\"noopener noreferrer\">Eberibadi<\/a><\/strong>: <strong>\u00abPropuestas de mejora para la experiencia <em><a href=\"https:\/\/ebribadi.es\/asesinato-en-vetusta\" target=\"_blank\" rel=\"noopener noreferrer\">Asesinato en Vetusta<\/a><\/em> y b\u00fasqueda de nuevos modos de difusi\u00f3n de esta experiencia\u00bb<\/strong>.<\/p>\n<p><img loading=\"lazy\" class=\"alignnone size-full wp-image-1530\" src=\"https:\/\/i0.wp.com\/retotmp.valnaloneduca.com\/wp-content\/uploads\/2020\/03\/img_20200303_112004187.jpg?resize=910%2C512\" alt=\"IMG_20200303_112004187\" width=\"910\" height=\"512\" data-recalc-dims=\"1\" \/><\/p>\n<p style=\"text-align:justify;\">Se inici\u00f3 la sesi\u00f3n de trabajo con cinco grupos ya creados y se dedic\u00f3 la primera parte de la jornada a organizar y categorizar la informaci\u00f3n aportada por cada grupo con el fin de comprender correctamente el reto y el objetivo perseguido. La informaci\u00f3n recopilada hace referencia tanto al an\u00e1lisis de la actividad como a la informaci\u00f3n disponible para el p\u00fablico objetivo, principalmente en p\u00e1ginas web y redes sociales.<\/p>\n<p><img loading=\"lazy\" class=\"alignnone size-full wp-image-1531\" src=\"https:\/\/i1.wp.com\/retotmp.valnaloneduca.com\/wp-content\/uploads\/2020\/03\/img_20200303_112019316.jpg?resize=910%2C512\" alt=\"IMG_20200303_112019316\" width=\"910\" height=\"512\" data-recalc-dims=\"1\" \/><\/p>\n<p style=\"text-align:justify;\">Tras esta primera parte se pas\u00f3 a la explicaci\u00f3n de contenidos sobre la generaci\u00f3n y selecci\u00f3n de ideas, tarea que los grupos se proponen realizar y terminar entre la segunda y la tercera sesi\u00f3n a celebrar el pr\u00f3ximo martes 10 de marzo.<\/p>\n","protected":false},"excerpt":{"rendered":"<p>El Reto TMP desarrollado en el IES Doctor Fleming de Oviedo llega a su segunda sesi\u00f3n y en este momento,<\/p>\n","protected":false},"author":3,"featured_media":0,"comment_status":"open","ping_status":"open","sticky":false,"template":"","format":"standard","meta":{"spay_email":""},"categories":[10,30],"tags":[32,35,36,38],"jetpack_featured_media_url":"","jetpack-related-posts":[{"id":1454,"url":"https:\/\/retotmp.valnaloneduca.com\/?p=1454","url_meta":{"origin":1523,"position":0},"title":"Reto Eberibadi: Asesinato en Vetusta - Sesi\u00f3n 1","date":"febrero 18, 2020","format":false,"excerpt":"El martes 18 de febrero estudiantes de\u00a01\u00ba de Bachillerato Humanidades y Ciencias Sociales del IES Doctor Fleming de Oviedo comenzaron su participaci\u00f3n en el Reto TMP dentro de la asignatura de Econom\u00eda y con la colaboraci\u00f3n de la empresa de experiencias Eberibadi. Su socia promotora, Laura Mateo, acudi\u00f3 al aula\u2026","rel":"","context":"En \u00abIES Doctor Fleming 2019-2020\u00bb","img":{"alt_text":"IMG_20200218_110156513","src":"https:\/\/i0.wp.com\/retotmp.valnaloneduca.com\/wp-content\/uploads\/2020\/02\/img_20200218_110156513.jpg?resize=350%2C200","width":350,"height":200},"classes":[]},{"id":1904,"url":"https:\/\/retotmp.valnaloneduca.com\/?p=1904","url_meta":{"origin":1523,"position":1},"title":"Reto Eberibadi: Asesinato en Vetusta \u2013 Sesi\u00f3n 4","date":"mayo 7, 2020","format":false,"excerpt":"El Reto TMP planteado por Eberibadi sobre la mejora de su experiencia Asesinato en Vetusta llega a la \u00faltima sesi\u00f3n. Debido al cierre de las aulas a causa del Coronavirus ha hecho imposible que la presentaci\u00f3n de propuestas para resolver el reto se pudiera llevar a cabo tal y como\u2026","rel":"","context":"En \u00abIES Doctor Fleming 2019-2020\u00bb","img":{"alt_text":"hs2fleming","src":"https:\/\/i0.wp.com\/retotmp.valnaloneduca.com\/wp-content\/uploads\/2020\/05\/hs2fleming.jpg?resize=350%2C200","width":350,"height":200},"classes":[]},{"id":1533,"url":"https:\/\/retotmp.valnaloneduca.com\/?p=1533","url_meta":{"origin":1523,"position":2},"title":"Reto Eberibadi: Estrategias de comunicaci\u00f3n - Sesi\u00f3n 2","date":"marzo 4, 2020","format":false,"excerpt":"Esta semana se celebr\u00f3 la segunda sesi\u00f3n de trabajo de uno de los dos Reto TMP desarrollado en el\u00a0IES Doctor Fleming\u00a0de\u00a0Oviedo.\u00a0 Al inicio de esta sesi\u00f3n ese abord\u00f3 las fase de Definici\u00f3n del reto planteado por Eberibadi: \"Como mejorar la comunicaci\u00f3n externa de la empresa a trav\u00e9s de campa\u00f1as de\u2026","rel":"","context":"En \u00abIES Doctor Fleming 2019-2020\u00bb","img":{"alt_text":"IMG_20200303_121027699","src":"https:\/\/i2.wp.com\/retotmp.valnaloneduca.com\/wp-content\/uploads\/2020\/03\/img_20200303_121027699-2.jpg?resize=350%2C200","width":350,"height":200},"classes":[]},{"id":1441,"url":"https:\/\/retotmp.valnaloneduca.com\/?p=1441","url_meta":{"origin":1523,"position":3},"title":"Reto Eberibadi: Estrategias de Comunicaci\u00f3n - Sesi\u00f3n 1","date":"febrero 18, 2020","format":false,"excerpt":"El martes 18 de febrero dio comienzo en el IES Doctor Fleming de Oviedo el Reto TMP para estudiantes de 1\u00ba de Bachillerato Humanidades y Ciencias Sociales dentro de la asignatura de Econom\u00eda. Para este trabajo contamos con la participaci\u00f3n de la empresa de experiencias Eberibadi cuya socia promotora, Laura\u2026","rel":"","context":"En \u00abIES Doctor Fleming 2019-2020\u00bb","img":{"alt_text":"IMG_20200218_110041542","src":"https:\/\/i2.wp.com\/retotmp.valnaloneduca.com\/wp-content\/uploads\/2020\/02\/img_20200218_110041542.jpg?resize=350%2C200","width":350,"height":200},"classes":[]},{"id":1566,"url":"https:\/\/retotmp.valnaloneduca.com\/?p=1566","url_meta":{"origin":1523,"position":4},"title":"Reto Eberibadi: Asesinato en Vetusta \u2013 Sesi\u00f3n 3","date":"marzo 11, 2020","format":false,"excerpt":"El Reto TMP planteado por Eberibadi sobre la mejora de su experiencia Asesinato en Vetusta avanza hacia su recta final Al finalizar la Sesi\u00f3n 2 el alumnado recibe el encargo de trabajar con la\u00a0 colaboraci\u00f3n de su profesora en la generaci\u00f3n de ideas, la puesta en com\u00fan y la clasificaci\u00f3n\u2026","rel":"","context":"En \u00abIES Doctor Fleming 2019-2020\u00bb","img":{"alt_text":"IMG_20200310_112826346","src":"https:\/\/i2.wp.com\/retotmp.valnaloneduca.com\/wp-content\/uploads\/2020\/03\/img_20200310_112826346-1.jpg?resize=350%2C200","width":350,"height":200},"classes":[]},{"id":1558,"url":"https:\/\/retotmp.valnaloneduca.com\/?p=1558","url_meta":{"origin":1523,"position":5},"title":"Reto Eberibadi: Estrategias de comunicaci\u00f3n - Sesi\u00f3n 3","date":"marzo 11, 2020","format":false,"excerpt":"Los equipos contin\u00faan trabajando en el Reto TMP planteado por Eberibadi sobre la mejora de las estrategias de comunicaci\u00f3n de la empresas y sus servicios. Tras la Sesi\u00f3n 2 el alumnado trabaj\u00f3 intensamente con la ayuda de su profesora en la generaci\u00f3n de ideas, la puesta en com\u00fan y la\u2026","rel":"","context":"En \u00abIES Doctor Fleming 2019-2020\u00bb","img":{"alt_text":"IMG_20200310_121853458","src":"https:\/\/i1.wp.com\/retotmp.valnaloneduca.com\/wp-content\/uploads\/2020\/03\/img_20200310_121853458.jpg?resize=350%2C200","width":350,"height":200},"classes":[]}],"_links":{"self":[{"href":"https:\/\/retotmp.valnaloneduca.com\/index.php?rest_route=\/wp\/v2\/posts\/1523"}],"collection":[{"href":"https:\/\/retotmp.valnaloneduca.com\/index.php?rest_route=\/wp\/v2\/posts"}],"about":[{"href":"https:\/\/retotmp.valnaloneduca.com\/index.php?rest_route=\/wp\/v2\/types\/post"}],"author":[{"embeddable":true,"href":"https:\/\/retotmp.valnaloneduca.com\/index.php?rest_route=\/wp\/v2\/users\/3"}],"replies":[{"embeddable":true,"href":"https:\/\/retotmp.valnaloneduca.com\/index.php?rest_route=%2Fwp%2Fv2%2Fcomments&post=1523"}],"version-history":[{"count":0,"href":"https:\/\/retotmp.valnaloneduca.com\/index.php?rest_route=\/wp\/v2\/posts\/1523\/revisions"}],"wp:attachment":[{"href":"https:\/\/retotmp.valnaloneduca.com\/index.php?rest_route=%2Fwp%2Fv2%2Fmedia&parent=1523"}],"wp:term":[{"taxonomy":"category","embeddable":true,"href":"https:\/\/retotmp.valnaloneduca.com\/index.php?rest_route=%2Fwp%2Fv2%2Fcategories&post=1523"},{"taxonomy":"post_tag","embeddable":true,"href":"https:\/\/retotmp.valnaloneduca.com\/index.php?rest_route=%2Fwp%2Fv2%2Ftags&post=1523"}],"curies":[{"name":"wp","href":"https:\/\/api.w.org\/{rel}","templated":true}]}}