{"id":1550,"date":"2020-03-06T08:04:21","date_gmt":"2020-03-06T08:04:21","guid":{"rendered":"https:\/\/retotmp.wordpress.com\/?p=1550"},"modified":"2020-03-06T08:04:21","modified_gmt":"2020-03-06T08:04:21","slug":"la-salud-es-lo-que-importa-1ob","status":"publish","type":"post","link":"https:\/\/retotmp.valnaloneduca.com\/?p=1550","title":{"rendered":"LA SALUD ES LO QUE IMPORTA 1\u00baB"},"content":{"rendered":"<p>Hemos empezado otro curso de TMP con 16 temeperos del aula de 1\u00ba BCH B, que van a trabajar en el RETO que le ha comunicado MIREIA SIRVENT, Responsable de Actividades Complementarias y Extraescolares.<\/p>\n<p><img loading=\"lazy\" class=\"size-medium wp-image-1552 aligncenter\" src=\"https:\/\/i1.wp.com\/retotmp.valnaloneduca.com\/wp-content\/uploads\/2020\/03\/trbj-1b.jpg?resize=300%2C225\" alt=\"\" width=\"300\" height=\"225\" srcset=\"https:\/\/i1.wp.com\/retotmp.valnaloneduca.com\/wp-content\/uploads\/2020\/03\/trbj-1b.jpg?w=645&amp;ssl=1 645w, https:\/\/i1.wp.com\/retotmp.valnaloneduca.com\/wp-content\/uploads\/2020\/03\/trbj-1b.jpg?resize=300%2C225&amp;ssl=1 300w\" sizes=\"(max-width: 300px) 100vw, 300px\" data-recalc-dims=\"1\" \/><\/p>\n<p>El centro propone al alumnado de BCH que aporte ideas para mejorar, desde el centro, los h\u00e1bitos saludables..<\/p>\n<p>Realizamos diferentes DIN\u00c1MICAS para conocernos y desarrollar la creatividad y el trabajo en equipo. Formulamos actividades para elaborar peque\u00f1os PROTOTIPOS y explicarlos en p\u00fablico para ir dominando la COMUNICACI\u00d3N.<\/p>\n<p><img loading=\"lazy\" class=\"size-medium wp-image-1553 aligncenter\" src=\"https:\/\/i0.wp.com\/retotmp.valnaloneduca.com\/wp-content\/uploads\/2020\/03\/proto-1.jpg?resize=225%2C300\" alt=\"\" width=\"225\" height=\"300\" data-recalc-dims=\"1\" \/><img loading=\"lazy\" class=\"size-medium wp-image-1555 aligncenter\" src=\"https:\/\/i1.wp.com\/retotmp.valnaloneduca.com\/wp-content\/uploads\/2020\/03\/proto-2.jpg?resize=225%2C300\" alt=\"\" width=\"225\" height=\"300\" data-recalc-dims=\"1\" \/><\/p>\n<p>La metodolog\u00eda explicada le servira para afrontar los diferentes problemas que se puedan enfrentar en el d\u00eda a d\u00eda.<\/p>\n<p>Explicamos como se deben realizar las ENTREVISTAS y el cometido que tienen. Se han comprometido a traerlas la semana que viene.<\/p>\n<p>Os vamos contando\u2026<\/p>\n","protected":false},"excerpt":{"rendered":"<p>Hemos empezado otro curso de TMP con 16 temeperos del aula de 1\u00ba BCH B, que van a trabajar en<\/p>\n","protected":false},"author":3,"featured_media":0,"comment_status":"open","ping_status":"open","sticky":false,"template":"","format":"standard","meta":{"spay_email":""},"categories":[14],"tags":[],"jetpack_featured_media_url":"","jetpack-related-posts":[{"id":1098,"url":"https:\/\/retotmp.valnaloneduca.com\/?p=1098","url_meta":{"origin":1550,"position":0},"title":"EXPONIENDO-RETO BCH B","date":"mayo 9, 2019","format":false,"excerpt":"Hemos empezado la 1\u00ba sesi\u00f3n del curso de TMP para el aula de 1\u00ba BCH B comunicandoles el mismo reto que el 1\u00ba BCH A, esta vez fue MIREIA SIRVENT NAVARRO-Responsable de Actividades Complementarias y Extraescolares- quien les definio EL RETO. El centro propone al alumnado de BCH que aporte\u2026","rel":"","context":"En \u00abIES Infiesto\u00bb","img":{"alt_text":"","src":"","width":0,"height":0},"classes":[]},{"id":2171,"url":"https:\/\/retotmp.valnaloneduca.com\/?p=2171","url_meta":{"origin":1550,"position":1},"title":"COLEGIO VIRGEN MEDIADORA-LAS DOMINICAS-GIJ\u00d3N   2021-22","date":"abril 8, 2022","format":false,"excerpt":"En el mes de abril vamos a realizar\u00a0un RETO de Taller para Emprender (tmp) en el COLEGIO VIRGEN MEDIADORA-LAS DOMINICAS de Gij\u00f3n a dos cursos de 1\u00ba de bachiller a diferentes horas pero mismo d\u00eda. Hemos empezado\u00a0el RETO\u00a0con el alumnado de\u00a01\u00ba bachiller A y en las siguientes horas lo hicimos\u2026","rel":"","context":"En \u00abColegio Virgen mediadora las dominicas 2021-2022\u00bb","img":{"alt_text":"","src":"https:\/\/i1.wp.com\/retotmp.valnaloneduca.com\/wp-content\/uploads\/2022\/05\/Ideas-selcc.jpg?resize=350%2C200&ssl=1","width":350,"height":200},"classes":[]},{"id":2452,"url":"https:\/\/retotmp.valnaloneduca.com\/?p=2452","url_meta":{"origin":1550,"position":2},"title":"COLEGIO VIRGEN MEDIADORA-LAS DOMINICAS-GIJ\u00d3N 2022-23","date":"abril 12, 2023","format":false,"excerpt":"En el mes de abril vamos a realizar\u00a0un RETO de Taller para Emprender (tmp) en el COLEGIO VIRGEN MEDIADORA-LAS DOMINICAS de Gij\u00f3n\u00a0a dos cursos de 1\u00ba de bachiller. Hemos empezado\u00a0el RETO\u00a0con el alumnado de\u00a01\u00ba bachiller\u00a0A\u00a0y en las siguientes d\u00edas lo haremos para\u00a01\u00ba bachiller B. En\u00a0la primera sesi\u00f3n\u00a0el\u00a0departamento de comunicaci\u00f3n\u00a0del centro\u2026","rel":"","context":"En \u00abColegio Virgen Mediadora-Dominicas 2022-23\u00bb","img":{"alt_text":"","src":"https:\/\/i2.wp.com\/retotmp.valnaloneduca.com\/wp-content\/uploads\/2023\/04\/RETO-3-PROFE.jpg?resize=350%2C200&ssl=1","width":350,"height":200},"classes":[]},{"id":1032,"url":"https:\/\/retotmp.valnaloneduca.com\/?p=1032","url_meta":{"origin":1550,"position":3},"title":"APORTANDO IDEAS-RETO BCH A","date":"mayo 6, 2019","format":false,"excerpt":"Hemos empezado la primera sesi\u00f3n del curso de TMP con 27 temeperos del aula de 1\u00ba BCH A, que van a trabajar en el RETO que le ha comunicado su directora Covadonga. El centro propone al alumnado de BCH que aporte ideas para que consuman en la cafeteria del instituto\u2026","rel":"","context":"En \u00abIES Infiesto\u00bb","img":{"alt_text":"","src":"https:\/\/i0.wp.com\/retotmp.valnaloneduca.com\/wp-content\/uploads\/2019\/05\/img_20190506_114211.jpg?resize=350%2C200","width":350,"height":200},"classes":[]},{"id":2647,"url":"https:\/\/retotmp.valnaloneduca.com\/?p=2647","url_meta":{"origin":1550,"position":4},"title":"COLEGIO VIRGEN MEDIADORA-LAS DOMINICAS-GIJ\u00d3N 2023-24","date":"abril 10, 2024","format":false,"excerpt":"En el mes de abril realizamos\u00a0un RETO de Taller para Emprender (tmp) en el COLEGIO VIRGEN MEDIADORA-LAS DOMINICAS de Gij\u00f3n\u00a0a dos cursos de 1\u00ba de bachiller A y B Este a\u00f1o colaboramos con la\u00a0Asociaci\u00f3n Mercado Artesano y Ecol\u00f3gico\u00a0en cuya representaci\u00f3n acuden\u00a0Javier Ruiz-Cuevas\u00a0( presidente ) y\u00a0Vicen Sanz ( ceramista ) quienes\u2026","rel":"","context":"En \u00abColegio Virgen Mediadora-Dominicas 2023-24\u00bb","img":{"alt_text":"","src":"https:\/\/i2.wp.com\/retotmp.valnaloneduca.com\/wp-content\/uploads\/2024\/05\/g2.jpg?resize=350%2C200&ssl=1","width":350,"height":200},"classes":[]},{"id":1544,"url":"https:\/\/retotmp.valnaloneduca.com\/?p=1544","url_meta":{"origin":1550,"position":5},"title":"LA SALUD ES LO QUE IMPORTA-1\u00baA","date":"marzo 6, 2020","format":false,"excerpt":"Hemos empezado el curso de TMP con 21 temeperos del aula de 1\u00ba BCH A, que van a trabajar en el RETO que le ha comunicado MIREIA SIRVENT, Responsable de Actividades Complementarias y Extraescolares. El centro propone al alumnado de BCH que aporte ideas para mejorar, desde el centro, los\u2026","rel":"","context":"En \u00abIES Infiesto 2019-2020\u00bb","img":{"alt_text":"","src":"https:\/\/i1.wp.com\/retotmp.valnaloneduca.com\/wp-content\/uploads\/2020\/03\/1c2baa.jpg?resize=350%2C200","width":350,"height":200},"classes":[]}],"_links":{"self":[{"href":"https:\/\/retotmp.valnaloneduca.com\/index.php?rest_route=\/wp\/v2\/posts\/1550"}],"collection":[{"href":"https:\/\/retotmp.valnaloneduca.com\/index.php?rest_route=\/wp\/v2\/posts"}],"about":[{"href":"https:\/\/retotmp.valnaloneduca.com\/index.php?rest_route=\/wp\/v2\/types\/post"}],"author":[{"embeddable":true,"href":"https:\/\/retotmp.valnaloneduca.com\/index.php?rest_route=\/wp\/v2\/users\/3"}],"replies":[{"embeddable":true,"href":"https:\/\/retotmp.valnaloneduca.com\/index.php?rest_route=%2Fwp%2Fv2%2Fcomments&post=1550"}],"version-history":[{"count":0,"href":"https:\/\/retotmp.valnaloneduca.com\/index.php?rest_route=\/wp\/v2\/posts\/1550\/revisions"}],"wp:attachment":[{"href":"https:\/\/retotmp.valnaloneduca.com\/index.php?rest_route=%2Fwp%2Fv2%2Fmedia&parent=1550"}],"wp:term":[{"taxonomy":"category","embeddable":true,"href":"https:\/\/retotmp.valnaloneduca.com\/index.php?rest_route=%2Fwp%2Fv2%2Fcategories&post=1550"},{"taxonomy":"post_tag","embeddable":true,"href":"https:\/\/retotmp.valnaloneduca.com\/index.php?rest_route=%2Fwp%2Fv2%2Ftags&post=1550"}],"curies":[{"name":"wp","href":"https:\/\/api.w.org\/{rel}","templated":true}]}}