{"id":1566,"date":"2020-03-11T10:15:12","date_gmt":"2020-03-11T10:15:12","guid":{"rendered":"https:\/\/retotmp.wordpress.com\/?p=1566"},"modified":"2020-03-11T10:15:12","modified_gmt":"2020-03-11T10:15:12","slug":"reto-eberibadi-asesinato-en-vetusta-sesion-3","status":"publish","type":"post","link":"https:\/\/retotmp.valnaloneduca.com\/?p=1566","title":{"rendered":"Reto Eberibadi: Asesinato en Vetusta \u2013 Sesi\u00f3n 3"},"content":{"rendered":"<p style=\"text-align:justify;\">El Reto TMP planteado por <strong><a href=\"https:\/\/ebribadi.es\/\" target=\"_blank\" rel=\"noopener noreferrer\">Eberibadi <\/a><\/strong>sobre la mejora de su experiencia <strong><em><a href=\"https:\/\/ebribadi.es\/asesinato-en-vetusta\" target=\"_blank\" rel=\"noopener noreferrer\">Asesinato en Vetusta<\/a><\/em><\/strong> avanza hacia su recta final<\/p>\n<p style=\"text-align:justify;\">Al finalizar la Sesi\u00f3n 2 el alumnado recibe el encargo de trabajar con la\u00a0 colaboraci\u00f3n de su profesora en la generaci\u00f3n de ideas, la puesta en com\u00fan y la clasificaci\u00f3n de las mismas tras celebrar un proceso de votaci\u00f3n siguiendo unos criterios predefinidos.<\/p>\n<p style=\"text-align:justify;\"><img loading=\"lazy\" class=\"alignnone size-full wp-image-1576\" src=\"https:\/\/i2.wp.com\/retotmp.valnaloneduca.com\/wp-content\/uploads\/2020\/03\/img_20200310_112826346-1.jpg?resize=910%2C512\" alt=\"IMG_20200310_112826346\" width=\"910\" height=\"512\" data-recalc-dims=\"1\" \/>En esta Sesi\u00f3n 3 se usa como punto de partida el listado de ideas generado y los 4 grupos de com\u00fan acuerdo se organizan para el reparto de las ideas de manera que cada grupo\u00a0 desarrolle y presente una idea. De esta manera las ideas finalmente seleccionadas fueron las siguientes:<\/p>\n<p style=\"text-align:justify;\"><strong>Equipo A &#8211;<\/strong> B\u00fasqueda de aliados (influencers y personas relevantes) e invitaci\u00f3n a participar en las actividades para difundir y publicitar la labor de la empresa.<br \/>\n<strong>Equipo B\u00a0 &#8211;<\/strong> Publicidad en centros educativos (Universidades, Institutos y Colegios) para comercializar sus activiades para estudiantes (alumnado en general, alumnado extranjero que quiera conocer la ciudad la cultura local y La Regenta).<br \/>\n<strong>Equipo C\u00a0 &#8211;<\/strong> Organizar sesiones de \u00abAsesinato en Vetusta\u00bb con fines ben\u00e9ficos (dedicar parte de la recaudaci\u00f3n a una bora social) y\/o para determinados colectivos desfavorecidos. Ser\u00eda una medida de Responsabilidad Social Corporativa.<br \/>\n<strong>Equipo D &#8211;<\/strong> Elaboraci\u00f3n de un video promocional de la experiencia.<\/p>\n<p style=\"text-align:justify;\"><img loading=\"lazy\" class=\"alignnone size-full wp-image-1577\" src=\"https:\/\/i0.wp.com\/retotmp.valnaloneduca.com\/wp-content\/uploads\/2020\/03\/img_20200310_112854813-1.jpg?resize=910%2C512\" alt=\"IMG_20200310_112854813\" width=\"910\" height=\"512\" data-recalc-dims=\"1\" \/>Durante el resto de la sesi\u00f3n de dedica tiempo a trabajar sobre la idea usando distintas herramientas como el Modelo Canvas y a avanzar el prototipado y la presentaci\u00f3n de las ideas, actividad que pondr\u00e1 punto final al reto.<\/p>\n<p style=\"text-align:justify;\">\n<p style=\"text-align:justify;\">\n","protected":false},"excerpt":{"rendered":"<p>El Reto TMP planteado por Eberibadi sobre la mejora de su experiencia Asesinato en Vetusta avanza hacia su recta final<\/p>\n","protected":false},"author":3,"featured_media":0,"comment_status":"open","ping_status":"open","sticky":false,"template":"","format":"standard","meta":{"spay_email":""},"categories":[10,30],"tags":[32,35,36,38],"jetpack_featured_media_url":"","jetpack-related-posts":[{"id":1523,"url":"https:\/\/retotmp.valnaloneduca.com\/?p=1523","url_meta":{"origin":1566,"position":0},"title":"Reto Eberibadi: Asesinato en Vetusta - Sesi\u00f3n 2","date":"marzo 4, 2020","format":false,"excerpt":"El Reto TMP desarrollado en el IES Doctor Fleming de Oviedo llega a su segunda sesi\u00f3n y en este momento, los estudiantes proceden a poner en com\u00fan informaci\u00f3n relevante que han podido conseguir sobre el reto propuesto por Eberibadi: \"Propuestas de mejora para la experiencia Asesinato en Vetusta y b\u00fasqueda\u2026","rel":"","context":"En \u00abIES Doctor Fleming 2019-2020\u00bb","img":{"alt_text":"IMG_20200303_112004187","src":"https:\/\/i0.wp.com\/retotmp.valnaloneduca.com\/wp-content\/uploads\/2020\/03\/img_20200303_112004187.jpg?resize=350%2C200","width":350,"height":200},"classes":[]},{"id":1454,"url":"https:\/\/retotmp.valnaloneduca.com\/?p=1454","url_meta":{"origin":1566,"position":1},"title":"Reto Eberibadi: Asesinato en Vetusta - Sesi\u00f3n 1","date":"febrero 18, 2020","format":false,"excerpt":"El martes 18 de febrero estudiantes de\u00a01\u00ba de Bachillerato Humanidades y Ciencias Sociales del IES Doctor Fleming de Oviedo comenzaron su participaci\u00f3n en el Reto TMP dentro de la asignatura de Econom\u00eda y con la colaboraci\u00f3n de la empresa de experiencias Eberibadi. Su socia promotora, Laura Mateo, acudi\u00f3 al aula\u2026","rel":"","context":"En \u00abIES Doctor Fleming 2019-2020\u00bb","img":{"alt_text":"IMG_20200218_110156513","src":"https:\/\/i0.wp.com\/retotmp.valnaloneduca.com\/wp-content\/uploads\/2020\/02\/img_20200218_110156513.jpg?resize=350%2C200","width":350,"height":200},"classes":[]},{"id":1533,"url":"https:\/\/retotmp.valnaloneduca.com\/?p=1533","url_meta":{"origin":1566,"position":2},"title":"Reto Eberibadi: Estrategias de comunicaci\u00f3n - Sesi\u00f3n 2","date":"marzo 4, 2020","format":false,"excerpt":"Esta semana se celebr\u00f3 la segunda sesi\u00f3n de trabajo de uno de los dos Reto TMP desarrollado en el\u00a0IES Doctor Fleming\u00a0de\u00a0Oviedo.\u00a0 Al inicio de esta sesi\u00f3n ese abord\u00f3 las fase de Definici\u00f3n del reto planteado por Eberibadi: \"Como mejorar la comunicaci\u00f3n externa de la empresa a trav\u00e9s de campa\u00f1as de\u2026","rel":"","context":"En \u00abIES Doctor Fleming 2019-2020\u00bb","img":{"alt_text":"IMG_20200303_121027699","src":"https:\/\/i2.wp.com\/retotmp.valnaloneduca.com\/wp-content\/uploads\/2020\/03\/img_20200303_121027699-2.jpg?resize=350%2C200","width":350,"height":200},"classes":[]},{"id":1441,"url":"https:\/\/retotmp.valnaloneduca.com\/?p=1441","url_meta":{"origin":1566,"position":3},"title":"Reto Eberibadi: Estrategias de Comunicaci\u00f3n - Sesi\u00f3n 1","date":"febrero 18, 2020","format":false,"excerpt":"El martes 18 de febrero dio comienzo en el IES Doctor Fleming de Oviedo el Reto TMP para estudiantes de 1\u00ba de Bachillerato Humanidades y Ciencias Sociales dentro de la asignatura de Econom\u00eda. Para este trabajo contamos con la participaci\u00f3n de la empresa de experiencias Eberibadi cuya socia promotora, Laura\u2026","rel":"","context":"En \u00abIES Doctor Fleming 2019-2020\u00bb","img":{"alt_text":"IMG_20200218_110041542","src":"https:\/\/i2.wp.com\/retotmp.valnaloneduca.com\/wp-content\/uploads\/2020\/02\/img_20200218_110041542.jpg?resize=350%2C200","width":350,"height":200},"classes":[]},{"id":1904,"url":"https:\/\/retotmp.valnaloneduca.com\/?p=1904","url_meta":{"origin":1566,"position":4},"title":"Reto Eberibadi: Asesinato en Vetusta \u2013 Sesi\u00f3n 4","date":"mayo 7, 2020","format":false,"excerpt":"El Reto TMP planteado por Eberibadi sobre la mejora de su experiencia Asesinato en Vetusta llega a la \u00faltima sesi\u00f3n. Debido al cierre de las aulas a causa del Coronavirus ha hecho imposible que la presentaci\u00f3n de propuestas para resolver el reto se pudiera llevar a cabo tal y como\u2026","rel":"","context":"En \u00abIES Doctor Fleming 2019-2020\u00bb","img":{"alt_text":"hs2fleming","src":"https:\/\/i0.wp.com\/retotmp.valnaloneduca.com\/wp-content\/uploads\/2020\/05\/hs2fleming.jpg?resize=350%2C200","width":350,"height":200},"classes":[]},{"id":1558,"url":"https:\/\/retotmp.valnaloneduca.com\/?p=1558","url_meta":{"origin":1566,"position":5},"title":"Reto Eberibadi: Estrategias de comunicaci\u00f3n - Sesi\u00f3n 3","date":"marzo 11, 2020","format":false,"excerpt":"Los equipos contin\u00faan trabajando en el Reto TMP planteado por Eberibadi sobre la mejora de las estrategias de comunicaci\u00f3n de la empresas y sus servicios. Tras la Sesi\u00f3n 2 el alumnado trabaj\u00f3 intensamente con la ayuda de su profesora en la generaci\u00f3n de ideas, la puesta en com\u00fan y la\u2026","rel":"","context":"En \u00abIES Doctor Fleming 2019-2020\u00bb","img":{"alt_text":"IMG_20200310_121853458","src":"https:\/\/i1.wp.com\/retotmp.valnaloneduca.com\/wp-content\/uploads\/2020\/03\/img_20200310_121853458.jpg?resize=350%2C200","width":350,"height":200},"classes":[]}],"_links":{"self":[{"href":"https:\/\/retotmp.valnaloneduca.com\/index.php?rest_route=\/wp\/v2\/posts\/1566"}],"collection":[{"href":"https:\/\/retotmp.valnaloneduca.com\/index.php?rest_route=\/wp\/v2\/posts"}],"about":[{"href":"https:\/\/retotmp.valnaloneduca.com\/index.php?rest_route=\/wp\/v2\/types\/post"}],"author":[{"embeddable":true,"href":"https:\/\/retotmp.valnaloneduca.com\/index.php?rest_route=\/wp\/v2\/users\/3"}],"replies":[{"embeddable":true,"href":"https:\/\/retotmp.valnaloneduca.com\/index.php?rest_route=%2Fwp%2Fv2%2Fcomments&post=1566"}],"version-history":[{"count":0,"href":"https:\/\/retotmp.valnaloneduca.com\/index.php?rest_route=\/wp\/v2\/posts\/1566\/revisions"}],"wp:attachment":[{"href":"https:\/\/retotmp.valnaloneduca.com\/index.php?rest_route=%2Fwp%2Fv2%2Fmedia&parent=1566"}],"wp:term":[{"taxonomy":"category","embeddable":true,"href":"https:\/\/retotmp.valnaloneduca.com\/index.php?rest_route=%2Fwp%2Fv2%2Fcategories&post=1566"},{"taxonomy":"post_tag","embeddable":true,"href":"https:\/\/retotmp.valnaloneduca.com\/index.php?rest_route=%2Fwp%2Fv2%2Ftags&post=1566"}],"curies":[{"name":"wp","href":"https:\/\/api.w.org\/{rel}","templated":true}]}}