{"id":1664,"date":"2020-03-23T11:08:16","date_gmt":"2020-03-23T11:08:16","guid":{"rendered":"https:\/\/retotmp.wordpress.com\/?p=1664"},"modified":"2020-03-23T11:08:16","modified_gmt":"2020-03-23T11:08:16","slug":"reto-1-el-manantial-ideas-para-decorar-su-escaparate-navideno-fase-4","status":"publish","type":"post","link":"https:\/\/retotmp.valnaloneduca.com\/?p=1664","title":{"rendered":"Reto 1 EL MANANTIAL &#8211; Escaparate navide\u00f1o. Fase 4"},"content":{"rendered":"<p><strong><a href=\"http:\/\/retotmp.valnaloneduca.com\/wp-content\/uploads\/2020\/03\/20191120_105339-1.jpg\"><br \/>\n<\/a>Redefinir y prototipar la idea<\/strong><\/p>\n<p>Cada equipo evoluciona su idea, dise\u00f1ando una su respuesta adaptada al cliente-tienda.y usuario-comprador. Las entrevistas les han aportado mucha m\u00e1s informaci\u00f3n. \u00a1Y la competencia, tambi\u00e9n&#8230;!\u00a0<a href=\"http:\/\/retotmp.valnaloneduca.com\/wp-content\/uploads\/2020\/03\/20191120_104228.jpg\"><br \/>\n<\/a><a href=\"https:\/\/i1.wp.com\/retotmp.valnaloneduca.com\/wp-content\/uploads\/2020\/03\/20191127_110810.jpg\"><img loading=\"lazy\" class=\"aligncenter size-medium wp-image-1710\" src=\"https:\/\/i1.wp.com\/retotmp.valnaloneduca.com\/wp-content\/uploads\/2020\/03\/20191127_110810.jpg?resize=300%2C300\" alt=\"\" width=\"300\" height=\"300\" srcset=\"https:\/\/i1.wp.com\/retotmp.valnaloneduca.com\/wp-content\/uploads\/2020\/03\/20191127_110810.jpg?w=1440&amp;ssl=1 1440w, https:\/\/i1.wp.com\/retotmp.valnaloneduca.com\/wp-content\/uploads\/2020\/03\/20191127_110810.jpg?resize=300%2C300&amp;ssl=1 300w, https:\/\/i1.wp.com\/retotmp.valnaloneduca.com\/wp-content\/uploads\/2020\/03\/20191127_110810.jpg?resize=1024%2C1024&amp;ssl=1 1024w, https:\/\/i1.wp.com\/retotmp.valnaloneduca.com\/wp-content\/uploads\/2020\/03\/20191127_110810.jpg?resize=150%2C150&amp;ssl=1 150w, https:\/\/i1.wp.com\/retotmp.valnaloneduca.com\/wp-content\/uploads\/2020\/03\/20191127_110810.jpg?resize=768%2C768&amp;ssl=1 768w, https:\/\/i1.wp.com\/retotmp.valnaloneduca.com\/wp-content\/uploads\/2020\/03\/20191127_110810.jpg?resize=100%2C100&amp;ssl=1 100w\" sizes=\"(max-width: 300px) 100vw, 300px\" data-recalc-dims=\"1\" \/><\/a><\/p>\n<p><a href=\"https:\/\/i2.wp.com\/retotmp.valnaloneduca.com\/wp-content\/uploads\/2020\/03\/20191120_104228.jpg\"><img loading=\"lazy\" class=\"aligncenter size-medium wp-image-1712\" src=\"https:\/\/i2.wp.com\/retotmp.valnaloneduca.com\/wp-content\/uploads\/2020\/03\/20191120_104228.jpg?resize=300%2C300\" alt=\"\" width=\"300\" height=\"300\" srcset=\"https:\/\/i2.wp.com\/retotmp.valnaloneduca.com\/wp-content\/uploads\/2020\/03\/20191120_104228.jpg?w=1440&amp;ssl=1 1440w, https:\/\/i2.wp.com\/retotmp.valnaloneduca.com\/wp-content\/uploads\/2020\/03\/20191120_104228.jpg?resize=300%2C300&amp;ssl=1 300w, https:\/\/i2.wp.com\/retotmp.valnaloneduca.com\/wp-content\/uploads\/2020\/03\/20191120_104228.jpg?resize=1024%2C1024&amp;ssl=1 1024w, https:\/\/i2.wp.com\/retotmp.valnaloneduca.com\/wp-content\/uploads\/2020\/03\/20191120_104228.jpg?resize=150%2C150&amp;ssl=1 150w, https:\/\/i2.wp.com\/retotmp.valnaloneduca.com\/wp-content\/uploads\/2020\/03\/20191120_104228.jpg?resize=768%2C768&amp;ssl=1 768w, https:\/\/i2.wp.com\/retotmp.valnaloneduca.com\/wp-content\/uploads\/2020\/03\/20191120_104228.jpg?resize=100%2C100&amp;ssl=1 100w\" sizes=\"(max-width: 300px) 100vw, 300px\" data-recalc-dims=\"1\" \/><\/a><a href=\"http:\/\/retotmp.valnaloneduca.com\/wp-content\/uploads\/2020\/03\/20191127_110810.jpg\"><br \/>\n<\/a><strong><a href=\"https:\/\/i0.wp.com\/retotmp.valnaloneduca.com\/wp-content\/uploads\/2020\/03\/20191120_105339-1.jpg\"><img loading=\"lazy\" class=\"aligncenter size-medium wp-image-1711\" src=\"https:\/\/i0.wp.com\/retotmp.valnaloneduca.com\/wp-content\/uploads\/2020\/03\/20191120_105339-1.jpg?resize=300%2C300\" alt=\"\" width=\"300\" height=\"300\" srcset=\"https:\/\/i0.wp.com\/retotmp.valnaloneduca.com\/wp-content\/uploads\/2020\/03\/20191120_105339-1.jpg?w=1440&amp;ssl=1 1440w, https:\/\/i0.wp.com\/retotmp.valnaloneduca.com\/wp-content\/uploads\/2020\/03\/20191120_105339-1.jpg?resize=300%2C300&amp;ssl=1 300w, https:\/\/i0.wp.com\/retotmp.valnaloneduca.com\/wp-content\/uploads\/2020\/03\/20191120_105339-1.jpg?resize=1024%2C1024&amp;ssl=1 1024w, https:\/\/i0.wp.com\/retotmp.valnaloneduca.com\/wp-content\/uploads\/2020\/03\/20191120_105339-1.jpg?resize=150%2C150&amp;ssl=1 150w, https:\/\/i0.wp.com\/retotmp.valnaloneduca.com\/wp-content\/uploads\/2020\/03\/20191120_105339-1.jpg?resize=768%2C768&amp;ssl=1 768w, https:\/\/i0.wp.com\/retotmp.valnaloneduca.com\/wp-content\/uploads\/2020\/03\/20191120_105339-1.jpg?resize=100%2C100&amp;ssl=1 100w\" sizes=\"(max-width: 300px) 100vw, 300px\" data-recalc-dims=\"1\" \/><\/a><\/strong><br \/>\n<a href=\"https:\/\/retotmp.files.wordpress.com\/2020\/03\/20191120_094631.jpg\"><br \/>\n<\/a><a href=\"http:\/\/retotmp.valnaloneduca.com\/wp-content\/uploads\/2020\/03\/20191120_104228.jpg\"><br \/>\n<\/a><a href=\"http:\/\/retotmp.valnaloneduca.com\/wp-content\/uploads\/2020\/03\/20191120_104549.jpg\"><br \/>\n<\/a><\/p>\n<p>&nbsp;<\/p>\n<p>&nbsp;<\/p>\n","protected":false},"excerpt":{"rendered":"<p>Redefinir y prototipar la idea Cada equipo evoluciona su idea, dise\u00f1ando una su respuesta adaptada al cliente-tienda.y usuario-comprador. Las entrevistas<\/p>\n","protected":false},"author":5,"featured_media":0,"comment_status":"open","ping_status":"open","sticky":false,"template":"","format":"standard","meta":{"spay_email":""},"categories":[2,30],"tags":[],"jetpack_featured_media_url":"","jetpack-related-posts":[{"id":1910,"url":"https:\/\/retotmp.valnaloneduca.com\/?p=1910","url_meta":{"origin":1664,"position":0},"title":"Reto ASINCAR: Administraci\u00f3n - Sesi\u00f3n 3","date":"mayo 12, 2020","format":false,"excerpt":"El Reto TMP planteado por ASINCAR llega a la \u00faltima sesi\u00f3n. Pero debido al cierre de las aulas a causa del Coronavirus ha sido imposible que la presentaci\u00f3n de propuestas para resolver el reto se pudiera llevar a cabo tal y como estaba prevista de manera presencial el 19 de\u2026","rel":"","context":"En \u00abIES Nore\u00f1a 2019-2020\u00bb","img":{"alt_text":"reto_asincar_nore\u00c3\u00b1a2_sesion3","src":"https:\/\/i0.wp.com\/retotmp.valnaloneduca.com\/wp-content\/uploads\/2020\/05\/reto_asincar_norec3b1a2_sesion3-1.jpg?resize=350%2C200","width":350,"height":200},"classes":[]},{"id":1629,"url":"https:\/\/retotmp.valnaloneduca.com\/?p=1629","url_meta":{"origin":1664,"position":1},"title":"Reto 2 EL MANANTIAL - Ideas para dinamizar sus RRSS. Fase 0","date":"marzo 23, 2020","format":false,"excerpt":"\u00a0 Y con Concha de la Hoz, estuvimos, tambi\u00e9n, los estudiantes del Ciclo de GESTI\u00d3N ADMINISTRATIVA. Para este grupo, la empresa EL MANANTIAL lanza otro reto: necesita ideas que la ayuden a dinamizar sus RRSS.","rel":"","context":"En \u00abCFPE LLANA 2019-2020\u00bb","img":{"alt_text":"","src":"https:\/\/i1.wp.com\/retotmp.valnaloneduca.com\/wp-content\/uploads\/2020\/03\/20191105_105646.jpg?resize=350%2C200","width":350,"height":200},"classes":[]},{"id":2774,"url":"https:\/\/retotmp.valnaloneduca.com\/?p=2774","url_meta":{"origin":1664,"position":2},"title":"RETO TMP TALENT en el IES CARRE\u00d1O MIRANDA: Alumnos desarrollan habilidades clave para el futuro","date":"febrero 13, 2025","format":false,"excerpt":"Un grupo de 24 alumnos y alumnas de 1\u00ba, 2\u00ba y 3\u00ba de la ESO del IES Carre\u00f1o Miranda de Avil\u00e9s han participado en el RETO TMP de Valnal\u00f3n. Durante un mes, divididos en tres grupos, los estudiantes trabajaron con la metodolog\u00eda Design Thinking para resolver tres retos planteados por\u2026","rel":"","context":"En \u00abCurso 2024-2025\u00bb","img":{"alt_text":"","src":"https:\/\/i0.wp.com\/retotmp.valnaloneduca.com\/wp-content\/uploads\/2025\/02\/Cocuyo-2.jpg?resize=350%2C200&ssl=1","width":350,"height":200},"classes":[]},{"id":2234,"url":"https:\/\/retotmp.valnaloneduca.com\/?p=2234","url_meta":{"origin":1664,"position":3},"title":"ESCUELA 2\u00ba OPORTUNIDAD-GIJ\u00d3N 2021-22","date":"mayo 24, 2022","format":false,"excerpt":"En los meses de mayo y junio realizaremos\u00a0\u00a0un RETO de Taller para Emprender\u00a0(tmp) en la escuela de segunda oportunidad\u00a0donde est\u00e1n colaborado tanto\u00a0la escuela como la agencia local de promoci\u00f3n econ\u00f3mica\u00a0 https:\/\/www.facebook.com\/EmpleoGijon\u00a0del ayuntamiento de Gij\u00f3n. Calentando motores El\u00a0RETO\u00a0nos lo propone la empresa \u00a0PUERTO DEPORTIVO GIJ\u00d3N http:\/\/www.puertodeportivogijon.es comunicado por Flor Guardado-Directora de\u2026","rel":"","context":"En \u00abCurso 2021-2022\u00bb","img":{"alt_text":"","src":"https:\/\/i0.wp.com\/retotmp.valnaloneduca.com\/wp-content\/uploads\/2022\/06\/mesa-redonda.png?resize=350%2C200&ssl=1","width":350,"height":200},"classes":[]},{"id":1995,"url":"https:\/\/retotmp.valnaloneduca.com\/?p=1995","url_meta":{"origin":1664,"position":4},"title":"IES Doctor Fleming 2020-2021","date":"abril 19, 2021","format":false,"excerpt":"Entre enero y abril de 2021 se desarrollaron en el IES Doctor Fleming de Oviedo dos curso Reto TMP organizados por Valnal\u00f3n, con los grupos de 1\u00ba Bachillerato Humanidades y Ciencias Sociales (un total de 46 alumnos y alumnas). Para la ocasi\u00f3n, contamos con la emprendedora Brezo Rub\u00edn de la\u2026","rel":"","context":"En \u00abCurso 2020-2021\u00bb","img":{"alt_text":"","src":"https:\/\/i2.wp.com\/retotmp.valnaloneduca.com\/wp-content\/uploads\/2021\/05\/reto_tu_estrategia_presentacion_ideas-1.jpg?resize=350%2C200&ssl=1","width":350,"height":200},"classes":[]},{"id":1895,"url":"https:\/\/retotmp.valnaloneduca.com\/?p=1895","url_meta":{"origin":1664,"position":5},"title":"Reto Eberibadi: Estrategias de comunicaci\u00f3n \u2013 Sesi\u00f3n 4","date":"mayo 7, 2020","format":false,"excerpt":"El Reto TMP planteado por Eberibadi sobre la mejora de estrategias de comunicaci\u00f3n de la empresa y sus servicios llega a la \u00faltima sesi\u00f3n. El cierre de las aulas a causa del Coronavirus no ha hecho posible que la presentaci\u00f3n de propuestas para resolver el reto se pudiera llevar a\u2026","rel":"","context":"En \u00abIES Doctor Fleming 2019-2020\u00bb","img":{"alt_text":"hs1fleming","src":"https:\/\/i2.wp.com\/retotmp.valnaloneduca.com\/wp-content\/uploads\/2020\/05\/hs1fleming-3.jpg?resize=350%2C200","width":350,"height":200},"classes":[]}],"_links":{"self":[{"href":"https:\/\/retotmp.valnaloneduca.com\/index.php?rest_route=\/wp\/v2\/posts\/1664"}],"collection":[{"href":"https:\/\/retotmp.valnaloneduca.com\/index.php?rest_route=\/wp\/v2\/posts"}],"about":[{"href":"https:\/\/retotmp.valnaloneduca.com\/index.php?rest_route=\/wp\/v2\/types\/post"}],"author":[{"embeddable":true,"href":"https:\/\/retotmp.valnaloneduca.com\/index.php?rest_route=\/wp\/v2\/users\/5"}],"replies":[{"embeddable":true,"href":"https:\/\/retotmp.valnaloneduca.com\/index.php?rest_route=%2Fwp%2Fv2%2Fcomments&post=1664"}],"version-history":[{"count":0,"href":"https:\/\/retotmp.valnaloneduca.com\/index.php?rest_route=\/wp\/v2\/posts\/1664\/revisions"}],"wp:attachment":[{"href":"https:\/\/retotmp.valnaloneduca.com\/index.php?rest_route=%2Fwp%2Fv2%2Fmedia&parent=1664"}],"wp:term":[{"taxonomy":"category","embeddable":true,"href":"https:\/\/retotmp.valnaloneduca.com\/index.php?rest_route=%2Fwp%2Fv2%2Fcategories&post=1664"},{"taxonomy":"post_tag","embeddable":true,"href":"https:\/\/retotmp.valnaloneduca.com\/index.php?rest_route=%2Fwp%2Fv2%2Ftags&post=1664"}],"curies":[{"name":"wp","href":"https:\/\/api.w.org\/{rel}","templated":true}]}}