{"id":1848,"date":"2020-04-03T09:02:28","date_gmt":"2020-04-03T09:02:28","guid":{"rendered":"https:\/\/retotmp.wordpress.com\/?p=1848"},"modified":"2020-04-03T09:02:28","modified_gmt":"2020-04-03T09:02:28","slug":"reto-1-cafeteria-del-ies-fase-1","status":"publish","type":"post","link":"https:\/\/retotmp.valnaloneduca.com\/?p=1848","title":{"rendered":"Reto Cafeter\u00eda del IES &#8211; Fase 1"},"content":{"rendered":"<p>Organizados en equipos de trabajo, nos disponemos a abordar el reto.<\/p>\n<p>En primer lugar, un debate sobre los problemas de la cafeter\u00eda. <strong>\u00bfSabemos realmente cu\u00e1les son?<\/strong>\u00a0Debemos definir bien el problema.<\/p>\n<p>Cada equipo sugiere 1-3 problemas, hacemos una puesta en com\u00fan y reorganizamos, por consenso, los problemas en tres \u00e1mbitos: <strong>SERVICIO-ESPACIO-PRODUCTOS<\/strong>.<a href=\"https:\/\/i0.wp.com\/retotmp.valnaloneduca.com\/wp-content\/uploads\/2020\/04\/20200210_152159.jpg\"><img loading=\"lazy\" class=\"aligncenter size-medium wp-image-1828\" src=\"https:\/\/i0.wp.com\/retotmp.valnaloneduca.com\/wp-content\/uploads\/2020\/04\/20200210_152159.jpg?resize=300%2C225\" alt=\"\" width=\"300\" height=\"225\" srcset=\"https:\/\/i0.wp.com\/retotmp.valnaloneduca.com\/wp-content\/uploads\/2020\/04\/20200210_152159.jpg?w=2048&amp;ssl=1 2048w, https:\/\/i0.wp.com\/retotmp.valnaloneduca.com\/wp-content\/uploads\/2020\/04\/20200210_152159.jpg?resize=300%2C225&amp;ssl=1 300w, https:\/\/i0.wp.com\/retotmp.valnaloneduca.com\/wp-content\/uploads\/2020\/04\/20200210_152159.jpg?resize=1024%2C768&amp;ssl=1 1024w, https:\/\/i0.wp.com\/retotmp.valnaloneduca.com\/wp-content\/uploads\/2020\/04\/20200210_152159.jpg?resize=768%2C576&amp;ssl=1 768w, https:\/\/i0.wp.com\/retotmp.valnaloneduca.com\/wp-content\/uploads\/2020\/04\/20200210_152159.jpg?resize=1536%2C1152&amp;ssl=1 1536w, https:\/\/i0.wp.com\/retotmp.valnaloneduca.com\/wp-content\/uploads\/2020\/04\/20200210_152159.jpg?w=1820 1820w\" sizes=\"(max-width: 300px) 100vw, 300px\" data-recalc-dims=\"1\" \/><\/a><a href=\"https:\/\/i1.wp.com\/retotmp.valnaloneduca.com\/wp-content\/uploads\/2020\/04\/20200320_094454-e1585904431433.jpg\"><img loading=\"lazy\" class=\"aligncenter wp-image-1829 size-medium\" src=\"https:\/\/i1.wp.com\/retotmp.valnaloneduca.com\/wp-content\/uploads\/2020\/04\/20200320_094454-e1585904431433.jpg?resize=300%2C300\" alt=\"\" width=\"300\" height=\"300\" srcset=\"https:\/\/i1.wp.com\/retotmp.valnaloneduca.com\/wp-content\/uploads\/2020\/04\/20200320_094454-e1585904431433.jpg?w=1440&amp;ssl=1 1440w, https:\/\/i1.wp.com\/retotmp.valnaloneduca.com\/wp-content\/uploads\/2020\/04\/20200320_094454-e1585904431433.jpg?resize=300%2C300&amp;ssl=1 300w, https:\/\/i1.wp.com\/retotmp.valnaloneduca.com\/wp-content\/uploads\/2020\/04\/20200320_094454-e1585904431433.jpg?resize=1024%2C1024&amp;ssl=1 1024w, https:\/\/i1.wp.com\/retotmp.valnaloneduca.com\/wp-content\/uploads\/2020\/04\/20200320_094454-e1585904431433.jpg?resize=150%2C150&amp;ssl=1 150w, https:\/\/i1.wp.com\/retotmp.valnaloneduca.com\/wp-content\/uploads\/2020\/04\/20200320_094454-e1585904431433.jpg?resize=768%2C768&amp;ssl=1 768w, https:\/\/i1.wp.com\/retotmp.valnaloneduca.com\/wp-content\/uploads\/2020\/04\/20200320_094454-e1585904431433.jpg?resize=100%2C100&amp;ssl=1 100w\" sizes=\"(max-width: 300px) 100vw, 300px\" data-recalc-dims=\"1\" \/><\/a><a href=\"https:\/\/retotmp.files.wordpress.com\/2020\/04\/20200320_093030.jpg\"><img loading=\"lazy\" class=\"aligncenter wp-image-1881 size-medium\" src=\"https:\/\/i2.wp.com\/retotmp.valnaloneduca.com\/wp-content\/uploads\/2020\/04\/20200320_093030-e1585909164892.jpg?resize=300%2C300\" alt=\"\" width=\"300\" height=\"300\" srcset=\"https:\/\/i2.wp.com\/retotmp.valnaloneduca.com\/wp-content\/uploads\/2020\/04\/20200320_093030-e1585909164892.jpg?w=1440&amp;ssl=1 1440w, https:\/\/i2.wp.com\/retotmp.valnaloneduca.com\/wp-content\/uploads\/2020\/04\/20200320_093030-e1585909164892.jpg?resize=300%2C300&amp;ssl=1 300w, https:\/\/i2.wp.com\/retotmp.valnaloneduca.com\/wp-content\/uploads\/2020\/04\/20200320_093030-e1585909164892.jpg?resize=1024%2C1024&amp;ssl=1 1024w, https:\/\/i2.wp.com\/retotmp.valnaloneduca.com\/wp-content\/uploads\/2020\/04\/20200320_093030-e1585909164892.jpg?resize=150%2C150&amp;ssl=1 150w, https:\/\/i2.wp.com\/retotmp.valnaloneduca.com\/wp-content\/uploads\/2020\/04\/20200320_093030-e1585909164892.jpg?resize=768%2C768&amp;ssl=1 768w, https:\/\/i2.wp.com\/retotmp.valnaloneduca.com\/wp-content\/uploads\/2020\/04\/20200320_093030-e1585909164892.jpg?resize=100%2C100&amp;ssl=1 100w\" sizes=\"(max-width: 300px) 100vw, 300px\" data-recalc-dims=\"1\" \/><\/a><\/p>\n","protected":false},"excerpt":{"rendered":"<p>Organizados en equipos de trabajo, nos disponemos a abordar el reto. En primer lugar, un debate sobre los problemas de<\/p>\n","protected":false},"author":5,"featured_media":0,"comment_status":"open","ping_status":"open","sticky":false,"template":"","format":"standard","meta":{"spay_email":""},"categories":[12,30],"tags":[],"jetpack_featured_media_url":"","jetpack-related-posts":[{"id":1823,"url":"https:\/\/retotmp.valnaloneduca.com\/?p=1823","url_meta":{"origin":1848,"position":0},"title":"Reto Cafeter\u00eda del IES - Fase 0","date":"abril 3, 2020","format":false,"excerpt":"En el IES Escultor Juan Villanueva de Siero se han propuesto buscar soluciones que resuelvan ciertos problemas que surgen en la cafeter\u00eda del Centro..\u00a0 \u00bfQui\u00e9nes ser\u00e1n los responsables de buscar esa soluci\u00f3n? Pues el alumnado de 1\u00ba de Bachillerato.. \u00bfCu\u00e1ndo y c\u00f3mo? En la hora de tutor\u00eda, organizando al alumnado\u2026","rel":"","context":"En \u00abIES Escultor Juan Villanueva 2019-2020\u00bb","img":{"alt_text":"","src":"https:\/\/i1.wp.com\/retotmp.valnaloneduca.com\/wp-content\/uploads\/2020\/04\/20200203_153817.jpg?resize=350%2C200","width":350,"height":200},"classes":[]},{"id":1098,"url":"https:\/\/retotmp.valnaloneduca.com\/?p=1098","url_meta":{"origin":1848,"position":1},"title":"EXPONIENDO-RETO BCH B","date":"mayo 9, 2019","format":false,"excerpt":"Hemos empezado la 1\u00ba sesi\u00f3n del curso de TMP para el aula de 1\u00ba BCH B comunicandoles el mismo reto que el 1\u00ba BCH A, esta vez fue MIREIA SIRVENT NAVARRO-Responsable de Actividades Complementarias y Extraescolares- quien les definio EL RETO. El centro propone al alumnado de BCH que aporte\u2026","rel":"","context":"En \u00abIES Infiesto\u00bb","img":{"alt_text":"","src":"","width":0,"height":0},"classes":[]},{"id":1032,"url":"https:\/\/retotmp.valnaloneduca.com\/?p=1032","url_meta":{"origin":1848,"position":2},"title":"APORTANDO IDEAS-RETO BCH A","date":"mayo 6, 2019","format":false,"excerpt":"Hemos empezado la primera sesi\u00f3n del curso de TMP con 27 temeperos del aula de 1\u00ba BCH A, que van a trabajar en el RETO que le ha comunicado su directora Covadonga. El centro propone al alumnado de BCH que aporte ideas para que consuman en la cafeteria del instituto\u2026","rel":"","context":"En \u00abIES Infiesto\u00bb","img":{"alt_text":"","src":"https:\/\/i0.wp.com\/retotmp.valnaloneduca.com\/wp-content\/uploads\/2019\/05\/img_20190506_114211.jpg?resize=350%2C200","width":350,"height":200},"classes":[]},{"id":1854,"url":"https:\/\/retotmp.valnaloneduca.com\/?p=1854","url_meta":{"origin":1848,"position":3},"title":"Reto Cafeter\u00eda del IES - Fase 2","date":"abril 3, 2020","format":false,"excerpt":"Tras una selecci\u00f3n cr\u00edtica de los problemas, trabajamos en las soluciones para los tres \u00e1mbitos SERVICIO_ESPACIO _PRODUCTO. No se trata de criticar, sino de buscar soluciones. \u00a0Trabajamos con m\u00faltiples herramientas y t\u00e9cnicas. Pensamos en qu\u00e9 eliminamos y en qu\u00e9 creamos nuevo para mejorar. Tambi\u00e9n pedimos la opini\u00f3n al resto del\u2026","rel":"","context":"En \u00abIES Escultor Juan Villanueva 2019-2020\u00bb","img":{"alt_text":"","src":"https:\/\/i1.wp.com\/retotmp.valnaloneduca.com\/wp-content\/uploads\/2020\/04\/20200320_093143.jpg?resize=350%2C200","width":350,"height":200},"classes":[]},{"id":1871,"url":"https:\/\/retotmp.valnaloneduca.com\/?p=1871","url_meta":{"origin":1848,"position":4},"title":"Reto Cafeter\u00eda del IES - Fase 4","date":"abril 3, 2020","format":false,"excerpt":"Sin perder de vista el objetivo, llegamos a la fase de cierre. Rematamos nuestras respuestas \u00a0en un prototipo. Nos preparamos para exponerlas. Las compartimos y hacemos puesta en com\u00fan. \u00a1Toca abrir, de nuevo, el problema poniendo estas soluciones en pr\u00e1ctica! Muchas de ellas son buen\u00edsimas, pero con su puesta en\u2026","rel":"","context":"En \u00abIES Escultor Juan Villanueva 2019-2020\u00bb","img":{"alt_text":"","src":"https:\/\/i0.wp.com\/retotmp.valnaloneduca.com\/wp-content\/uploads\/2020\/04\/20200210_153104.jpg?resize=350%2C200","width":350,"height":200},"classes":[]},{"id":1864,"url":"https:\/\/retotmp.valnaloneduca.com\/?p=1864","url_meta":{"origin":1848,"position":5},"title":"Reto Cafeter\u00eda del IES - Fase 3","date":"abril 3, 2020","format":false,"excerpt":"Saturamos e interpretamos toda la informaci\u00f3n recabada (entrevistas+cuestionarios). Visitamos la cafeter\u00eda para valorar la viabilidad de las ideas aportadas hasta ahora y poder seguir saturando ideas. Y manos a la obra, prototipamos nuestras respuestas soluci\u00f3n.","rel":"","context":"En \u00abIES Escultor Juan Villanueva 2019-2020\u00bb","img":{"alt_text":"","src":"https:\/\/i1.wp.com\/retotmp.valnaloneduca.com\/wp-content\/uploads\/2020\/04\/20200210_145409.jpg?resize=350%2C200","width":350,"height":200},"classes":[]}],"_links":{"self":[{"href":"https:\/\/retotmp.valnaloneduca.com\/index.php?rest_route=\/wp\/v2\/posts\/1848"}],"collection":[{"href":"https:\/\/retotmp.valnaloneduca.com\/index.php?rest_route=\/wp\/v2\/posts"}],"about":[{"href":"https:\/\/retotmp.valnaloneduca.com\/index.php?rest_route=\/wp\/v2\/types\/post"}],"author":[{"embeddable":true,"href":"https:\/\/retotmp.valnaloneduca.com\/index.php?rest_route=\/wp\/v2\/users\/5"}],"replies":[{"embeddable":true,"href":"https:\/\/retotmp.valnaloneduca.com\/index.php?rest_route=%2Fwp%2Fv2%2Fcomments&post=1848"}],"version-history":[{"count":0,"href":"https:\/\/retotmp.valnaloneduca.com\/index.php?rest_route=\/wp\/v2\/posts\/1848\/revisions"}],"wp:attachment":[{"href":"https:\/\/retotmp.valnaloneduca.com\/index.php?rest_route=%2Fwp%2Fv2%2Fmedia&parent=1848"}],"wp:term":[{"taxonomy":"category","embeddable":true,"href":"https:\/\/retotmp.valnaloneduca.com\/index.php?rest_route=%2Fwp%2Fv2%2Fcategories&post=1848"},{"taxonomy":"post_tag","embeddable":true,"href":"https:\/\/retotmp.valnaloneduca.com\/index.php?rest_route=%2Fwp%2Fv2%2Ftags&post=1848"}],"curies":[{"name":"wp","href":"https:\/\/api.w.org\/{rel}","templated":true}]}}