{"id":1904,"date":"2020-05-07T13:07:19","date_gmt":"2020-05-07T13:07:19","guid":{"rendered":"https:\/\/retotmp.wordpress.com\/?p=1904"},"modified":"2020-05-07T13:07:19","modified_gmt":"2020-05-07T13:07:19","slug":"reto-eberibadi-asesinato-en-vetusta-sesion-4","status":"publish","type":"post","link":"https:\/\/retotmp.valnaloneduca.com\/?p=1904","title":{"rendered":"Reto Eberibadi: Asesinato en Vetusta \u2013 Sesi\u00f3n 4"},"content":{"rendered":"<p style=\"text-align:justify;\"><img loading=\"lazy\" class=\" size-full wp-image-1908 aligncenter\" src=\"https:\/\/i0.wp.com\/retotmp.valnaloneduca.com\/wp-content\/uploads\/2020\/05\/hs2fleming.jpg?resize=910%2C303\" alt=\"hs2fleming\" width=\"910\" height=\"303\" srcset=\"https:\/\/i0.wp.com\/retotmp.valnaloneduca.com\/wp-content\/uploads\/2020\/05\/hs2fleming.jpg?w=1954&amp;ssl=1 1954w, https:\/\/i0.wp.com\/retotmp.valnaloneduca.com\/wp-content\/uploads\/2020\/05\/hs2fleming.jpg?resize=300%2C100&amp;ssl=1 300w, https:\/\/i0.wp.com\/retotmp.valnaloneduca.com\/wp-content\/uploads\/2020\/05\/hs2fleming.jpg?resize=1024%2C341&amp;ssl=1 1024w, https:\/\/i0.wp.com\/retotmp.valnaloneduca.com\/wp-content\/uploads\/2020\/05\/hs2fleming.jpg?resize=768%2C255&amp;ssl=1 768w, https:\/\/i0.wp.com\/retotmp.valnaloneduca.com\/wp-content\/uploads\/2020\/05\/hs2fleming.jpg?resize=1536%2C511&amp;ssl=1 1536w, https:\/\/i0.wp.com\/retotmp.valnaloneduca.com\/wp-content\/uploads\/2020\/05\/hs2fleming.jpg?w=1820 1820w\" sizes=\"(max-width: 910px) 100vw, 910px\" data-recalc-dims=\"1\" \/>El Reto TMP planteado por <strong><a href=\"https:\/\/ebribadi.es\" target=\"_blank\" rel=\"noopener noreferrer\">Eberibadi<\/a><\/strong> sobre la mejora de su experiencia <strong><em><a href=\"https:\/\/ebribadi.es\/asesinato-en-vetusta\" target=\"_blank\" rel=\"noopener noreferrer\">Asesinato en Vetusta<\/a><\/em><\/strong> llega a la \u00faltima sesi\u00f3n.<\/p>\n<p style=\"text-align:justify;\">Debido al cierre de las aulas a causa del Coronavirus ha hecho imposible que la presentaci\u00f3n de propuestas para resolver el reto se pudiera llevar a cabo tal y como estaba prevista de manera presencial el 17 de marzo.<\/p>\n<p style=\"text-align:justify;\">Para conseguir finalizar la actividad, durante el mes de abril se facilitaron a los centros paraticipantes en los cursos <strong>Reto TMP<\/strong> distintas opciones para poder presentar las ideas a los emprendedores y gracias al trabajo del profesorado y al esfuerzo de los estudiantes se ha podido cerrar la actividad presentando las propuestas de manera telem\u00e1tica.<\/p>\n<p style=\"text-align:justify;\">Es el caso dede este grupo de estudiantes de <strong>1\u00ba de Bachillerato Humanidades y Ciencias Sociales<\/strong> del <strong>IES Doctor Fleming<\/strong> de <strong>Oviedo<\/strong> cuyo reto giraba entorno a la elaboraci\u00f3n de <strong>\u201cPropuestas de mejora para la experiencia Asesinato en Vetusta y b\u00fasqueda de nuevos modos de difusi\u00f3n de esta experiencia\u201d<\/strong>, tras el trabajo en las anteriores sesiones, las ideas generadas por los grupos fueron, como comentamos en anteriores post de este blog, las siguientes:<\/p>\n<p style=\"text-align:justify;\"><strong>Equipo A \u2013<\/strong> B\u00fasqueda de aliados (influencers y personas relevantes) e invitaci\u00f3n a participar en las actividades para difundir y publicitar la labor de la empresa.<br \/>\n<strong>Equipo B \u2013<\/strong> Publicidad en centros educativos (Universidades, Institutos y Colegios) para comercializar sus activiades para estudiantes (alumnado en general, alumnado extranjero que quiera conocer la ciudad la cultura local y La Regenta).<br \/>\n<strong>Equipo C \u2013<\/strong> Organizar sesiones de \u201cAsesinato en Vetusta\u201d con fines ben\u00e9ficos (dedicar parte de la recaudaci\u00f3n a una bora social) y\/o para determinados colectivos desfavorecidos. Ser\u00eda una medida de Responsabilidad Social Corporativa.<br \/>\n<strong>Equipo D \u2013<\/strong> Elaboraci\u00f3n de un video promocional de la experiencia.<\/p>\n<p style=\"text-align:justify;\">Los estudiantes trabajaron de manera coordinada desde casa, con la gu\u00eda y direcci\u00f3n de la profesora <strong>\u00c1ngeles Luengo<\/strong>, quien tambi\u00e9n desarroll\u00f3 clases virtuales para ayudar al desarrollo de las ideas.<\/p>\n<p style=\"text-align:justify;\">El resultado final de este trabajo se hizo llegar a <strong>Laura Nieto<\/strong> de <strong>Ebribadi<\/strong> quien tras revisar las propuestas aport\u00f3 feedback, mostr\u00f3 su inter\u00e9s por las ideas aportadas por los alumnos y alumnas y valor\u00f3 la experiencia positivamente.<\/p>\n<p style=\"text-align:justify;\">Estas ideas quedaron tambi\u00e9n recogidas en un <a href=\"http:\/\/econoangeles.blogspot.com\/2020\/04\/prototipado-reto-valnalon-tmp-ebribadi.html?m=1\" target=\"_blank\" rel=\"noopener noreferrer\">post<\/a> disponible en el blog de la asignatura.<\/p>\n<p style=\"text-align:justify;\">Se llega por tanto al cierre de la actividad, un trabajo que parece haber sido muy satisfactorio y productivo tanto para los estudiantes como para nuestro colaborador <strong>Ebribadi<\/strong>. Nuestras felicitaciones por el trabajo realizado y por haber sorteado todas las dificultades.<\/p>\n","protected":false},"excerpt":{"rendered":"<p>El Reto TMP planteado por Eberibadi sobre la mejora de su experiencia Asesinato en Vetusta llega a la \u00faltima sesi\u00f3n.<\/p>\n","protected":false},"author":3,"featured_media":0,"comment_status":"open","ping_status":"open","sticky":false,"template":"","format":"standard","meta":{"spay_email":""},"categories":[10,30],"tags":[32,35,36,38],"jetpack_featured_media_url":"","jetpack-related-posts":[{"id":1454,"url":"https:\/\/retotmp.valnaloneduca.com\/?p=1454","url_meta":{"origin":1904,"position":0},"title":"Reto Eberibadi: Asesinato en Vetusta - Sesi\u00f3n 1","date":"febrero 18, 2020","format":false,"excerpt":"El martes 18 de febrero estudiantes de\u00a01\u00ba de Bachillerato Humanidades y Ciencias Sociales del IES Doctor Fleming de Oviedo comenzaron su participaci\u00f3n en el Reto TMP dentro de la asignatura de Econom\u00eda y con la colaboraci\u00f3n de la empresa de experiencias Eberibadi. Su socia promotora, Laura Mateo, acudi\u00f3 al aula\u2026","rel":"","context":"En \u00abIES Doctor Fleming 2019-2020\u00bb","img":{"alt_text":"IMG_20200218_110156513","src":"https:\/\/i0.wp.com\/retotmp.valnaloneduca.com\/wp-content\/uploads\/2020\/02\/img_20200218_110156513.jpg?resize=350%2C200","width":350,"height":200},"classes":[]},{"id":1523,"url":"https:\/\/retotmp.valnaloneduca.com\/?p=1523","url_meta":{"origin":1904,"position":1},"title":"Reto Eberibadi: Asesinato en Vetusta - Sesi\u00f3n 2","date":"marzo 4, 2020","format":false,"excerpt":"El Reto TMP desarrollado en el IES Doctor Fleming de Oviedo llega a su segunda sesi\u00f3n y en este momento, los estudiantes proceden a poner en com\u00fan informaci\u00f3n relevante que han podido conseguir sobre el reto propuesto por Eberibadi: \"Propuestas de mejora para la experiencia Asesinato en Vetusta y b\u00fasqueda\u2026","rel":"","context":"En \u00abIES Doctor Fleming 2019-2020\u00bb","img":{"alt_text":"IMG_20200303_112004187","src":"https:\/\/i0.wp.com\/retotmp.valnaloneduca.com\/wp-content\/uploads\/2020\/03\/img_20200303_112004187.jpg?resize=350%2C200","width":350,"height":200},"classes":[]},{"id":1533,"url":"https:\/\/retotmp.valnaloneduca.com\/?p=1533","url_meta":{"origin":1904,"position":2},"title":"Reto Eberibadi: Estrategias de comunicaci\u00f3n - Sesi\u00f3n 2","date":"marzo 4, 2020","format":false,"excerpt":"Esta semana se celebr\u00f3 la segunda sesi\u00f3n de trabajo de uno de los dos Reto TMP desarrollado en el\u00a0IES Doctor Fleming\u00a0de\u00a0Oviedo.\u00a0 Al inicio de esta sesi\u00f3n ese abord\u00f3 las fase de Definici\u00f3n del reto planteado por Eberibadi: \"Como mejorar la comunicaci\u00f3n externa de la empresa a trav\u00e9s de campa\u00f1as de\u2026","rel":"","context":"En \u00abIES Doctor Fleming 2019-2020\u00bb","img":{"alt_text":"IMG_20200303_121027699","src":"https:\/\/i2.wp.com\/retotmp.valnaloneduca.com\/wp-content\/uploads\/2020\/03\/img_20200303_121027699-2.jpg?resize=350%2C200","width":350,"height":200},"classes":[]},{"id":1566,"url":"https:\/\/retotmp.valnaloneduca.com\/?p=1566","url_meta":{"origin":1904,"position":3},"title":"Reto Eberibadi: Asesinato en Vetusta \u2013 Sesi\u00f3n 3","date":"marzo 11, 2020","format":false,"excerpt":"El Reto TMP planteado por Eberibadi sobre la mejora de su experiencia Asesinato en Vetusta avanza hacia su recta final Al finalizar la Sesi\u00f3n 2 el alumnado recibe el encargo de trabajar con la\u00a0 colaboraci\u00f3n de su profesora en la generaci\u00f3n de ideas, la puesta en com\u00fan y la clasificaci\u00f3n\u2026","rel":"","context":"En \u00abIES Doctor Fleming 2019-2020\u00bb","img":{"alt_text":"IMG_20200310_112826346","src":"https:\/\/i2.wp.com\/retotmp.valnaloneduca.com\/wp-content\/uploads\/2020\/03\/img_20200310_112826346-1.jpg?resize=350%2C200","width":350,"height":200},"classes":[]},{"id":1441,"url":"https:\/\/retotmp.valnaloneduca.com\/?p=1441","url_meta":{"origin":1904,"position":4},"title":"Reto Eberibadi: Estrategias de Comunicaci\u00f3n - Sesi\u00f3n 1","date":"febrero 18, 2020","format":false,"excerpt":"El martes 18 de febrero dio comienzo en el IES Doctor Fleming de Oviedo el Reto TMP para estudiantes de 1\u00ba de Bachillerato Humanidades y Ciencias Sociales dentro de la asignatura de Econom\u00eda. Para este trabajo contamos con la participaci\u00f3n de la empresa de experiencias Eberibadi cuya socia promotora, Laura\u2026","rel":"","context":"En \u00abIES Doctor Fleming 2019-2020\u00bb","img":{"alt_text":"IMG_20200218_110041542","src":"https:\/\/i2.wp.com\/retotmp.valnaloneduca.com\/wp-content\/uploads\/2020\/02\/img_20200218_110041542.jpg?resize=350%2C200","width":350,"height":200},"classes":[]},{"id":1558,"url":"https:\/\/retotmp.valnaloneduca.com\/?p=1558","url_meta":{"origin":1904,"position":5},"title":"Reto Eberibadi: Estrategias de comunicaci\u00f3n - Sesi\u00f3n 3","date":"marzo 11, 2020","format":false,"excerpt":"Los equipos contin\u00faan trabajando en el Reto TMP planteado por Eberibadi sobre la mejora de las estrategias de comunicaci\u00f3n de la empresas y sus servicios. Tras la Sesi\u00f3n 2 el alumnado trabaj\u00f3 intensamente con la ayuda de su profesora en la generaci\u00f3n de ideas, la puesta en com\u00fan y la\u2026","rel":"","context":"En \u00abIES Doctor Fleming 2019-2020\u00bb","img":{"alt_text":"IMG_20200310_121853458","src":"https:\/\/i1.wp.com\/retotmp.valnaloneduca.com\/wp-content\/uploads\/2020\/03\/img_20200310_121853458.jpg?resize=350%2C200","width":350,"height":200},"classes":[]}],"_links":{"self":[{"href":"https:\/\/retotmp.valnaloneduca.com\/index.php?rest_route=\/wp\/v2\/posts\/1904"}],"collection":[{"href":"https:\/\/retotmp.valnaloneduca.com\/index.php?rest_route=\/wp\/v2\/posts"}],"about":[{"href":"https:\/\/retotmp.valnaloneduca.com\/index.php?rest_route=\/wp\/v2\/types\/post"}],"author":[{"embeddable":true,"href":"https:\/\/retotmp.valnaloneduca.com\/index.php?rest_route=\/wp\/v2\/users\/3"}],"replies":[{"embeddable":true,"href":"https:\/\/retotmp.valnaloneduca.com\/index.php?rest_route=%2Fwp%2Fv2%2Fcomments&post=1904"}],"version-history":[{"count":0,"href":"https:\/\/retotmp.valnaloneduca.com\/index.php?rest_route=\/wp\/v2\/posts\/1904\/revisions"}],"wp:attachment":[{"href":"https:\/\/retotmp.valnaloneduca.com\/index.php?rest_route=%2Fwp%2Fv2%2Fmedia&parent=1904"}],"wp:term":[{"taxonomy":"category","embeddable":true,"href":"https:\/\/retotmp.valnaloneduca.com\/index.php?rest_route=%2Fwp%2Fv2%2Fcategories&post=1904"},{"taxonomy":"post_tag","embeddable":true,"href":"https:\/\/retotmp.valnaloneduca.com\/index.php?rest_route=%2Fwp%2Fv2%2Ftags&post=1904"}],"curies":[{"name":"wp","href":"https:\/\/api.w.org\/{rel}","templated":true}]}}