{"id":2019,"date":"2021-05-10T10:26:10","date_gmt":"2021-05-10T10:26:10","guid":{"rendered":"http:\/\/retotmp.valnaloneduca.com\/?p=2019"},"modified":"2021-05-10T10:26:10","modified_gmt":"2021-05-10T10:26:10","slug":"ies-no-5-aviles-2020-21","status":"publish","type":"post","link":"https:\/\/retotmp.valnaloneduca.com\/?p=2019","title":{"rendered":"IES N\u00ba 5 AVILES 2020-21"},"content":{"rendered":"\n<p>En el mes de abril realizamos&nbsp;<strong> <\/strong><strong>un <\/strong><strong>RETO de Taller para Emprender (tmp) en el <\/strong><strong>IES N\u00ba5 de Avil\u00e9s.<\/strong><\/p>\n\n\n\n<p>En&nbsp;<strong>la primera sesi\u00f3n<\/strong>&nbsp;le hemos definido el <strong>RETO<\/strong>&nbsp;,como entidad, para que vean lo que tienen que trabajar durante estas sesiones.<\/p>\n\n\n\n<p>El<strong>&nbsp;<\/strong><strong>reto<\/strong>&nbsp;se basa en&nbsp;buscar ideas para crear un plan de movilidad en el Centro Tecnol\u00f3gico del Valle del Nal\u00f3n en la Felguera.<\/p>\n\n\n\n<p>Explicamos al alumnado como adaptar la metodolog\u00eda del\u00a0<strong>design thinking<\/strong>\u00a0ante estas acciones y trabajar las competencia y capacidades que nos demanda la sociedad para saber enfrentarnos a las diferentes situaciones tanto laborables como sociales.<\/p>\n\n\n\n<div class=\"wp-block-image\"><figure class=\"aligncenter size-large is-resized\"><img loading=\"lazy\" src=\"https:\/\/i2.wp.com\/retotmp.valnaloneduca.com\/wp-content\/uploads\/2021\/05\/ALMN-BLOG-1024x768.jpg?resize=517%2C388&#038;ssl=1\" alt=\"\" class=\"wp-image-2020\" width=\"517\" height=\"388\" srcset=\"https:\/\/i2.wp.com\/retotmp.valnaloneduca.com\/wp-content\/uploads\/2021\/05\/ALMN-BLOG.jpg?resize=1024%2C768&amp;ssl=1 1024w, https:\/\/i2.wp.com\/retotmp.valnaloneduca.com\/wp-content\/uploads\/2021\/05\/ALMN-BLOG.jpg?resize=300%2C225&amp;ssl=1 300w, https:\/\/i2.wp.com\/retotmp.valnaloneduca.com\/wp-content\/uploads\/2021\/05\/ALMN-BLOG.jpg?resize=768%2C576&amp;ssl=1 768w, https:\/\/i2.wp.com\/retotmp.valnaloneduca.com\/wp-content\/uploads\/2021\/05\/ALMN-BLOG.jpg?resize=600%2C450&amp;ssl=1 600w, https:\/\/i2.wp.com\/retotmp.valnaloneduca.com\/wp-content\/uploads\/2021\/05\/ALMN-BLOG.jpg?w=1500&amp;ssl=1 1500w\" sizes=\"(max-width: 517px) 100vw, 517px\" data-recalc-dims=\"1\" \/><figcaption>Alumnado IES N\u00ba5 Avil\u00e9s<\/figcaption><\/figure><\/div>\n\n\n\n<p>Intentaremos convertir los cursos en herramientas creativas y din\u00e1micas para que los estudiantes aprendan a enfrentarse a las incertidumbres y salir de ellas con buenas ideas.<\/p>\n\n\n\n<p>Trabajamos la fase de <strong>la Empat\u00eda<\/strong> mediante una din\u00e1mica en la cual el alumnado tenia que seleccionar un objeto de los tres mostrados e intentar venderlo al resto de los compa\u00f1eros. Desarrollamos la creatividad y la comunicaci\u00f3n y a la vez vamos conociendo al grupo.<\/p>\n\n\n\n<p>Para la pr\u00f3xima sesi\u00f3n tienen que traer unas entrevistas realizadas a su entorno para poder empezar a idear las posibles soluciones al <strong>RETO<\/strong>.<\/p>\n\n\n\n<p>En&nbsp;<strong>la segunda sesi\u00f3n<\/strong>&nbsp;nos hemos centrando en las fases de definir e idear mediante las&nbsp;<strong>ENTREVISTAS<\/strong>&nbsp;realizadas por el alumnado dirigidas a gente de su entorno y familiares m\u00e1s cercanos rondando desde los 16 hasta los 60 a\u00f1os. Las hemos estructurado y desglosado entre todos para acercarnos a las posibles soluciones al&nbsp;<strong>RETO<\/strong>&nbsp;que nos han planteado.<\/p>\n\n\n\n<p>Han salido dos pizarras llenas de ideas. Desde fletar autobuses saliendo de las ciudades m\u00e1s importantes de Asturias,a realizar un parking subterr\u00e1neos, compartir coches, fomentar veh\u00edculos el\u00e9ctricos,arrendar el hotel cercano al pol\u00edgono para alquilar habitaciones para personas que tenga su casa alejada de la empresa y ahorrarse el coche, fomentar el teletrabajo,promover bonos de transporte publico\u2026.Todas las acciones definidas est\u00e1n referidas para que la mayor\u00eda de la gente que trabaje en el pol\u00edgono no venga en coche y se tenga plazas suficientes para aparcar y se tenga una movilidad fluida.<\/p>\n\n\n\n<div class=\"wp-block-image\"><figure class=\"aligncenter size-large is-resized\"><img loading=\"lazy\" src=\"https:\/\/i1.wp.com\/retotmp.valnaloneduca.com\/wp-content\/uploads\/2021\/05\/PIZARRA-BLOG-1024x768.jpg?resize=559%2C419&#038;ssl=1\" alt=\"\" class=\"wp-image-2021\" width=\"559\" height=\"419\" srcset=\"https:\/\/i2.wp.com\/retotmp.valnaloneduca.com\/wp-content\/uploads\/2021\/05\/PIZARRA-BLOG.jpg?resize=1024%2C768&amp;ssl=1 1024w, https:\/\/i2.wp.com\/retotmp.valnaloneduca.com\/wp-content\/uploads\/2021\/05\/PIZARRA-BLOG.jpg?resize=300%2C225&amp;ssl=1 300w, https:\/\/i2.wp.com\/retotmp.valnaloneduca.com\/wp-content\/uploads\/2021\/05\/PIZARRA-BLOG.jpg?resize=768%2C576&amp;ssl=1 768w, https:\/\/i2.wp.com\/retotmp.valnaloneduca.com\/wp-content\/uploads\/2021\/05\/PIZARRA-BLOG.jpg?resize=600%2C450&amp;ssl=1 600w, https:\/\/i2.wp.com\/retotmp.valnaloneduca.com\/wp-content\/uploads\/2021\/05\/PIZARRA-BLOG.jpg?w=1500&amp;ssl=1 1500w\" sizes=\"(max-width: 559px) 100vw, 559px\" data-recalc-dims=\"1\" \/><figcaption>Pizarra ideas<\/figcaption><\/figure><\/div>\n\n\n\n<p>Seleccionamos las mejores y se han dividido entre ellos las ideas para desarrollarlas y comunicarlas en la pr\u00f3xima sesi\u00f3n.<\/p>\n\n\n\n<p>En&nbsp;<strong>la tercera sesi\u00f3n<\/strong>&nbsp;realizan, cada uno de ellos, su propia&nbsp;<strong>TORMENTA DE IDEAS&nbsp;<\/strong>y seleccionado tres o cuatro ideas para desarrollarlas y exponerlas p\u00fablicamente para aportar soluciones al&nbsp;<strong>RETO<\/strong>&nbsp;expuesto.<\/p>\n\n\n\n<p>El alumnado exponen las medidas que han pensado para mejorar el plan de movilidad para el centro tecnol\u00f3gico.<\/p>\n\n\n\n<div class=\"wp-block-image\"><figure class=\"aligncenter size-large is-resized\"><img loading=\"lazy\" src=\"https:\/\/i1.wp.com\/retotmp.valnaloneduca.com\/wp-content\/uploads\/2021\/05\/almn-exp-blog1-1024x768.jpg?resize=462%2C347&#038;ssl=1\" alt=\"\" class=\"wp-image-2022\" width=\"462\" height=\"347\" srcset=\"https:\/\/i0.wp.com\/retotmp.valnaloneduca.com\/wp-content\/uploads\/2021\/05\/almn-exp-blog1.jpg?resize=1024%2C768&amp;ssl=1 1024w, https:\/\/i0.wp.com\/retotmp.valnaloneduca.com\/wp-content\/uploads\/2021\/05\/almn-exp-blog1.jpg?resize=300%2C225&amp;ssl=1 300w, https:\/\/i0.wp.com\/retotmp.valnaloneduca.com\/wp-content\/uploads\/2021\/05\/almn-exp-blog1.jpg?resize=768%2C576&amp;ssl=1 768w, https:\/\/i0.wp.com\/retotmp.valnaloneduca.com\/wp-content\/uploads\/2021\/05\/almn-exp-blog1.jpg?resize=600%2C450&amp;ssl=1 600w, https:\/\/i0.wp.com\/retotmp.valnaloneduca.com\/wp-content\/uploads\/2021\/05\/almn-exp-blog1.jpg?w=1500&amp;ssl=1 1500w\" sizes=\"(max-width: 462px) 100vw, 462px\" data-recalc-dims=\"1\" \/><figcaption>Grupo 1<br><\/figcaption><\/figure><\/div>\n\n\n\n<div class=\"wp-block-image\"><figure class=\"aligncenter size-large is-resized\"><img loading=\"lazy\" src=\"https:\/\/i0.wp.com\/retotmp.valnaloneduca.com\/wp-content\/uploads\/2021\/05\/almn-exp-blog2-1024x768.jpg?resize=474%2C355&#038;ssl=1\" alt=\"\" class=\"wp-image-2023\" width=\"474\" height=\"355\" srcset=\"https:\/\/i2.wp.com\/retotmp.valnaloneduca.com\/wp-content\/uploads\/2021\/05\/almn-exp-blog2.jpg?resize=1024%2C768&amp;ssl=1 1024w, https:\/\/i2.wp.com\/retotmp.valnaloneduca.com\/wp-content\/uploads\/2021\/05\/almn-exp-blog2.jpg?resize=300%2C225&amp;ssl=1 300w, https:\/\/i2.wp.com\/retotmp.valnaloneduca.com\/wp-content\/uploads\/2021\/05\/almn-exp-blog2.jpg?resize=768%2C576&amp;ssl=1 768w, https:\/\/i2.wp.com\/retotmp.valnaloneduca.com\/wp-content\/uploads\/2021\/05\/almn-exp-blog2.jpg?resize=600%2C450&amp;ssl=1 600w, https:\/\/i2.wp.com\/retotmp.valnaloneduca.com\/wp-content\/uploads\/2021\/05\/almn-exp-blog2.jpg?w=1500&amp;ssl=1 1500w\" sizes=\"(max-width: 474px) 100vw, 474px\" data-recalc-dims=\"1\" \/><figcaption>Grupo 2<\/figcaption><\/figure><\/div>\n\n\n\n<div class=\"wp-block-image\"><figure class=\"aligncenter size-large is-resized\"><img loading=\"lazy\" src=\"https:\/\/i0.wp.com\/retotmp.valnaloneduca.com\/wp-content\/uploads\/2021\/05\/almn-exp-blog3-1024x768.jpg?resize=476%2C357&#038;ssl=1\" alt=\"\" class=\"wp-image-2024\" width=\"476\" height=\"357\" srcset=\"https:\/\/i1.wp.com\/retotmp.valnaloneduca.com\/wp-content\/uploads\/2021\/05\/almn-exp-blog3.jpg?resize=1024%2C768&amp;ssl=1 1024w, https:\/\/i1.wp.com\/retotmp.valnaloneduca.com\/wp-content\/uploads\/2021\/05\/almn-exp-blog3.jpg?resize=300%2C225&amp;ssl=1 300w, https:\/\/i1.wp.com\/retotmp.valnaloneduca.com\/wp-content\/uploads\/2021\/05\/almn-exp-blog3.jpg?resize=768%2C576&amp;ssl=1 768w, https:\/\/i1.wp.com\/retotmp.valnaloneduca.com\/wp-content\/uploads\/2021\/05\/almn-exp-blog3.jpg?resize=600%2C450&amp;ssl=1 600w, https:\/\/i1.wp.com\/retotmp.valnaloneduca.com\/wp-content\/uploads\/2021\/05\/almn-exp-blog3.jpg?w=1500&amp;ssl=1 1500w\" sizes=\"(max-width: 476px) 100vw, 476px\" data-recalc-dims=\"1\" \/><figcaption>Grupo 3<br><\/figcaption><\/figure><\/div>\n\n\n\n<div class=\"wp-block-image\"><figure class=\"aligncenter size-large is-resized\"><img loading=\"lazy\" src=\"https:\/\/i2.wp.com\/retotmp.valnaloneduca.com\/wp-content\/uploads\/2021\/05\/almn-exp-blog-4-1024x768.jpg?resize=481%2C361&#038;ssl=1\" alt=\"\" class=\"wp-image-2025\" width=\"481\" height=\"361\" srcset=\"https:\/\/i0.wp.com\/retotmp.valnaloneduca.com\/wp-content\/uploads\/2021\/05\/almn-exp-blog-4.jpg?resize=1024%2C768&amp;ssl=1 1024w, https:\/\/i0.wp.com\/retotmp.valnaloneduca.com\/wp-content\/uploads\/2021\/05\/almn-exp-blog-4.jpg?resize=300%2C225&amp;ssl=1 300w, https:\/\/i0.wp.com\/retotmp.valnaloneduca.com\/wp-content\/uploads\/2021\/05\/almn-exp-blog-4.jpg?resize=768%2C576&amp;ssl=1 768w, https:\/\/i0.wp.com\/retotmp.valnaloneduca.com\/wp-content\/uploads\/2021\/05\/almn-exp-blog-4.jpg?resize=600%2C450&amp;ssl=1 600w, https:\/\/i0.wp.com\/retotmp.valnaloneduca.com\/wp-content\/uploads\/2021\/05\/almn-exp-blog-4.jpg?w=1500&amp;ssl=1 1500w\" sizes=\"(max-width: 481px) 100vw, 481px\" data-recalc-dims=\"1\" \/><figcaption>Grupo 4<\/figcaption><\/figure><\/div>\n\n\n\n<p>Llegan a la conclusi\u00f3n que en general el plan de movilidad del centro necesita mejoras. Entre ellas est\u00e1n:<\/p>\n\n\n\n<p>Ordenar aparcamientos por matriculas ( Par e impar, semanas alternas). Con m\u00e1s horas en el trabajo mas preferencia a la hora de aparcar en el centro. Transporte lanzaderas desde diferentes puntos de Asturias para utilizar menos el transporte privado. Coches compartidos incentivados por las empresas. Acuerdos con los hoteles para alojar personas que vivan alejados de su trabajo y que puedan pernoctar en la ciudad. Bonos de transporte p\u00fablico a repartir en la plantilla de cada empresa. Fomentar el teletrabajo. Adquirir terreno para construir parking elevados y ocupar el menor espacio posible. Redistribuir el pol\u00edgono para m\u00e1s plazas de aparcamiento&#8230;<\/p>\n\n\n\n<p>Todas estas medidas las han trabajado el alumnado durante estas sesiones del curso y comunicadas en la \u00faltima sesi\u00f3n para trabajar la comunicaci\u00f3n entre ellos.<\/p>\n\n\n\n<p>Han sido tres sesiones muy aprovechadas, donde los estudiantes han creado diferentes soluciones para un reforzamiento al plan de movilidad a del centro.<\/p>\n\n\n\n<p>Agradecer al&nbsp;<strong>IES N\u00ba5 <\/strong><strong>de <\/strong><strong>Avil\u00e9s <\/strong>&nbsp;por apoyar la iniciativa y a&nbsp;<strong>ANA ROSA CUERVO<\/strong>, orientadora del centro, por su implicaci\u00f3n para hacer el curso de&nbsp;<strong>TALLER PARA EMPRENDER ( tmp )<\/strong>&nbsp;, en horario escolar, realizado por&nbsp;<strong>VALNAL\u00d3N<\/strong>.<\/p>\n","protected":false},"excerpt":{"rendered":"<p>En el mes de abril realizamos&nbsp; un RETO de Taller para Emprender (tmp) en el IES N\u00ba5 de Avil\u00e9s. En&nbsp;la<\/p>\n","protected":false},"author":3,"featured_media":0,"comment_status":"open","ping_status":"open","sticky":false,"template":"","format":"standard","meta":{"spay_email":""},"categories":[48,51],"tags":[],"jetpack_featured_media_url":"","jetpack-related-posts":[{"id":527,"url":"https:\/\/retotmp.valnaloneduca.com\/?p=527","url_meta":{"origin":2019,"position":0},"title":"Reto art\u00edstico y cultural","date":"febrero 4, 2019","format":false,"excerpt":"La semana pasada comenzamos 4 cursos tmp con algo m\u00e1s de 100 estudiantes de 1\u00ba bachillerato del IES N\u00ba 5 de Avil\u00e9s. Los retos han sido propuestos por la FACTOR\u00cdA CULTURAL de AVIL\u00c9S, Centro Art\u00edstico Multidisciplinar de la Fundaci\u00f3n Municipal de Cultura del Ayuntamiento de Avil\u00e9s. Y dado el perfil\u2026","rel":"","context":"En \u00abIES N\u00ba 5\u00bb","img":{"alt_text":"","src":"","width":0,"height":0},"classes":[]},{"id":688,"url":"https:\/\/retotmp.valnaloneduca.com\/?p=688","url_meta":{"origin":2019,"position":1},"title":"Decenas de entrevistas, decenas de ideas...","date":"febrero 20, 2019","format":false,"excerpt":"En tan s\u00f3lo 3 sesiones de trabajo con los estudiantes de 1\u00ba Bachillerato del IES N\u00aa 5 ya han surgido decenas de ideas para presentar a la Facotor\u00eda Cultural de Avil\u00e9s. A\u00fan est\u00e1n por madurar y perfilar pero, ya tenemos una primera aproximaci\u00f3n a los futuros prototipos que presentaremos. Seguiendo\u2026","rel":"","context":"En \u00abIES N\u00ba 5\u00bb","img":{"alt_text":"Designthinking","src":"https:\/\/i1.wp.com\/retotmp.valnaloneduca.com\/wp-content\/uploads\/2019\/02\/designthinking.png?resize=350%2C200","width":350,"height":200},"classes":[]},{"id":920,"url":"https:\/\/retotmp.valnaloneduca.com\/?p=920","url_meta":{"origin":2019,"position":2},"title":"Talento del IES N\u00ba5 en la Factor\u00eda Cultural","date":"abril 3, 2019","format":false,"excerpt":"Tras cinco semanas de trabajo con los retos, lleg\u00f3 el momento esperado...la presentaci\u00f3n de las ideas trabajadas. Muchos\/as estaban nerviosas pero tambi\u00e9n con la ilusi\u00f3n de presentar las propuestas para la Noche Blanca de Avil\u00e9s y la Programaci\u00f3n art\u00edstica, cultural y formativa de la Factor\u00eda Cultural. Fueron pocas horas pero,\u2026","rel":"","context":"En \u00abIES N\u00ba 5\u00bb","img":{"alt_text":"","src":"https:\/\/i2.wp.com\/retotmp.valnaloneduca.com\/wp-content\/uploads\/2019\/04\/img_20190320_105454_748-scaled.jpg?resize=350%2C200","width":350,"height":200},"classes":[]},{"id":2067,"url":"https:\/\/retotmp.valnaloneduca.com\/?p=2067","url_meta":{"origin":2019,"position":3},"title":"IES LLANES-LLANES 2020-21","date":"junio 1, 2021","format":false,"excerpt":"En el mes de abril realizamos\u00a0 un RETO ON LINE+PRESENCIAL de Taller para Emprender (tmp) en el IES LLANES de Llanes. En\u00a0la primera sesi\u00f3n\u00a0ha definido el RETO\u00a0 la empresa QNK https:\/\/www.qnkarquitectura.com , estudio de arquitectura situado en Sama de Langreo, comunic\u00e1ndoselo al alumnado v\u00eda on line. Alumnado QNK- Reto ON\u2026","rel":"","context":"En \u00abCurso 2020-2021\u00bb","img":{"alt_text":"","src":"https:\/\/i1.wp.com\/retotmp.valnaloneduca.com\/wp-content\/uploads\/2021\/06\/almn-1.jpg?resize=350%2C200&ssl=1","width":350,"height":200},"classes":[]},{"id":1533,"url":"https:\/\/retotmp.valnaloneduca.com\/?p=1533","url_meta":{"origin":2019,"position":4},"title":"Reto Eberibadi: Estrategias de comunicaci\u00f3n - Sesi\u00f3n 2","date":"marzo 4, 2020","format":false,"excerpt":"Esta semana se celebr\u00f3 la segunda sesi\u00f3n de trabajo de uno de los dos Reto TMP desarrollado en el\u00a0IES Doctor Fleming\u00a0de\u00a0Oviedo.\u00a0 Al inicio de esta sesi\u00f3n ese abord\u00f3 las fase de Definici\u00f3n del reto planteado por Eberibadi: \"Como mejorar la comunicaci\u00f3n externa de la empresa a trav\u00e9s de campa\u00f1as de\u2026","rel":"","context":"En \u00abIES Doctor Fleming 2019-2020\u00bb","img":{"alt_text":"IMG_20200303_121027699","src":"https:\/\/i2.wp.com\/retotmp.valnaloneduca.com\/wp-content\/uploads\/2020\/03\/img_20200303_121027699-2.jpg?resize=350%2C200","width":350,"height":200},"classes":[]},{"id":1478,"url":"https:\/\/retotmp.valnaloneduca.com\/?p=1478","url_meta":{"origin":2019,"position":5},"title":"Reto ASINCAR: Administraci\u00f3n - Sesi\u00f3n 1","date":"febrero 14, 2020","format":false,"excerpt":"El alumnado de 1\u00ba CFGM Gesti\u00f3n Administrativa y de 1\u00ba CFGS Administraci\u00f3n y Finanzas del IES Nore\u00f1a comenz\u00f3 el pasado viernes 14 de febrero su participaci\u00f3n en el proyecto Reto TMP. Para esta actividad contamos con la participaci\u00f3n de ASINCAR (Asociaci\u00f3n de Investigaci\u00f3n de Industrias C\u00e1rnicas del Principado de Asturias)\u2026","rel":"","context":"En \u00abIES Nore\u00f1a 2019-2020\u00bb","img":{"alt_text":"IMG_20200214_102139422","src":"https:\/\/i1.wp.com\/retotmp.valnaloneduca.com\/wp-content\/uploads\/2020\/02\/img_20200214_102139422-3.jpg?resize=350%2C200","width":350,"height":200},"classes":[]}],"_links":{"self":[{"href":"https:\/\/retotmp.valnaloneduca.com\/index.php?rest_route=\/wp\/v2\/posts\/2019"}],"collection":[{"href":"https:\/\/retotmp.valnaloneduca.com\/index.php?rest_route=\/wp\/v2\/posts"}],"about":[{"href":"https:\/\/retotmp.valnaloneduca.com\/index.php?rest_route=\/wp\/v2\/types\/post"}],"author":[{"embeddable":true,"href":"https:\/\/retotmp.valnaloneduca.com\/index.php?rest_route=\/wp\/v2\/users\/3"}],"replies":[{"embeddable":true,"href":"https:\/\/retotmp.valnaloneduca.com\/index.php?rest_route=%2Fwp%2Fv2%2Fcomments&post=2019"}],"version-history":[{"count":1,"href":"https:\/\/retotmp.valnaloneduca.com\/index.php?rest_route=\/wp\/v2\/posts\/2019\/revisions"}],"predecessor-version":[{"id":2026,"href":"https:\/\/retotmp.valnaloneduca.com\/index.php?rest_route=\/wp\/v2\/posts\/2019\/revisions\/2026"}],"wp:attachment":[{"href":"https:\/\/retotmp.valnaloneduca.com\/index.php?rest_route=%2Fwp%2Fv2%2Fmedia&parent=2019"}],"wp:term":[{"taxonomy":"category","embeddable":true,"href":"https:\/\/retotmp.valnaloneduca.com\/index.php?rest_route=%2Fwp%2Fv2%2Fcategories&post=2019"},{"taxonomy":"post_tag","embeddable":true,"href":"https:\/\/retotmp.valnaloneduca.com\/index.php?rest_route=%2Fwp%2Fv2%2Ftags&post=2019"}],"curies":[{"name":"wp","href":"https:\/\/api.w.org\/{rel}","templated":true}]}}