{"id":2087,"date":"2022-01-20T07:21:46","date_gmt":"2022-01-20T07:21:46","guid":{"rendered":"https:\/\/retotmp.valnaloneduca.com\/?p=2087"},"modified":"2022-02-24T08:38:11","modified_gmt":"2022-02-24T08:38:11","slug":"cifp-laboral-gijon-2021-22","status":"publish","type":"post","link":"https:\/\/retotmp.valnaloneduca.com\/?p=2087","title":{"rendered":"CIFP LABORAL GIJ\u00d3N 2021-22"},"content":{"rendered":"\n<p>En los meses de enero y febrero realizamos&nbsp;<strong>dos RETOS de Taller para Emprender (tmp) en el CIFP LA LABORAL de Gij\u00f3n<\/strong>.<\/p>\n\n\n\n<p>Hemos empezado<span style=\"text-decoration: underline;\"> <strong>el primer RETO<\/strong><\/span> con el alumnado del <strong>CFGS de administraci\u00f3n y finanzas<\/strong>, tutorizado por su profesor de econom\u00eda <strong>Sergio Alc\u00f3n<\/strong>.<\/p>\n\n\n\n<p>En&nbsp;<strong>la primera sesi\u00f3n<\/strong>&nbsp;la entidad <strong>VALNAL\u00d3N<\/strong> les ha definido, al alumnado, el&nbsp;<strong>RETO<\/strong>&nbsp;que tienen que trabajar durante estas sesiones.<\/p>\n\n\n\n<p><strong>El RETO<\/strong> est\u00e1 basado en dar soluciones para integrar un <strong>AULA DE EMPRENDIMIENTO<\/strong> en el <strong>CIFP LA LABORAL<\/strong>. Hay que trabajar aportando ideas basadas en la ubicaci\u00f3n, en la adecuaci\u00f3n del espacio y la difusi\u00f3n del mismo.<\/p>\n\n\n\n<p>Explicamos al alumnado como adaptar la metodolog\u00eda del&nbsp;<strong>design thinking<\/strong>&nbsp;ante estas acciones y trabajar las competencia y capacidades que nos demanda la sociedad para saber enfrentarnos a las diferentes situaciones tanto laborables como sociales.<\/p>\n\n\n\n<div class=\"wp-block-image\"><figure class=\"aligncenter size-large is-resized\"><img loading=\"lazy\" src=\"https:\/\/i2.wp.com\/retotmp.valnaloneduca.com\/wp-content\/uploads\/2022\/01\/IMG20220117130649-1024x526.jpg?resize=740%2C380&#038;ssl=1\" alt=\"\" class=\"wp-image-2097\" width=\"740\" height=\"380\" srcset=\"https:\/\/i0.wp.com\/retotmp.valnaloneduca.com\/wp-content\/uploads\/2022\/01\/IMG20220117130649.jpg?resize=1024%2C526&amp;ssl=1 1024w, https:\/\/i0.wp.com\/retotmp.valnaloneduca.com\/wp-content\/uploads\/2022\/01\/IMG20220117130649.jpg?resize=300%2C154&amp;ssl=1 300w, https:\/\/i0.wp.com\/retotmp.valnaloneduca.com\/wp-content\/uploads\/2022\/01\/IMG20220117130649.jpg?resize=768%2C395&amp;ssl=1 768w, https:\/\/i0.wp.com\/retotmp.valnaloneduca.com\/wp-content\/uploads\/2022\/01\/IMG20220117130649.jpg?resize=1536%2C789&amp;ssl=1 1536w, https:\/\/i0.wp.com\/retotmp.valnaloneduca.com\/wp-content\/uploads\/2022\/01\/IMG20220117130649.jpg?resize=2048%2C1052&amp;ssl=1 2048w, https:\/\/i0.wp.com\/retotmp.valnaloneduca.com\/wp-content\/uploads\/2022\/01\/IMG20220117130649.jpg?w=1820 1820w\" sizes=\"(max-width: 740px) 100vw, 740px\" data-recalc-dims=\"1\" \/><figcaption>Explicando la Metodolog\u00eda<\/figcaption><\/figure><\/div>\n\n\n\n<p>Hemos desarrollado una actividad  basada en conocernos como grupo y ver las dotes comunicativas del alumnado. Durante 20 segundos tienen que presentarse y hablar de un tema determinado.<\/p>\n\n\n\n<div class=\"wp-block-image\"><figure class=\"aligncenter size-large is-resized\"><img loading=\"lazy\" src=\"https:\/\/i2.wp.com\/retotmp.valnaloneduca.com\/wp-content\/uploads\/2022\/01\/EXPPECHA1-1-1024x768.jpg?resize=552%2C414&#038;ssl=1\" alt=\"\" class=\"wp-image-2092\" width=\"552\" height=\"414\" srcset=\"https:\/\/i2.wp.com\/retotmp.valnaloneduca.com\/wp-content\/uploads\/2022\/01\/EXPPECHA1-1.jpg?resize=1024%2C768&amp;ssl=1 1024w, https:\/\/i2.wp.com\/retotmp.valnaloneduca.com\/wp-content\/uploads\/2022\/01\/EXPPECHA1-1.jpg?resize=300%2C225&amp;ssl=1 300w, https:\/\/i2.wp.com\/retotmp.valnaloneduca.com\/wp-content\/uploads\/2022\/01\/EXPPECHA1-1.jpg?resize=768%2C576&amp;ssl=1 768w, https:\/\/i2.wp.com\/retotmp.valnaloneduca.com\/wp-content\/uploads\/2022\/01\/EXPPECHA1-1.jpg?resize=1536%2C1152&amp;ssl=1 1536w, https:\/\/i2.wp.com\/retotmp.valnaloneduca.com\/wp-content\/uploads\/2022\/01\/EXPPECHA1-1.jpg?resize=600%2C450&amp;ssl=1 600w, https:\/\/i2.wp.com\/retotmp.valnaloneduca.com\/wp-content\/uploads\/2022\/01\/EXPPECHA1-1.jpg?w=1632&amp;ssl=1 1632w\" sizes=\"(max-width: 552px) 100vw, 552px\" data-recalc-dims=\"1\" \/><figcaption>Actividad Comunicando<\/figcaption><\/figure><\/div>\n\n\n\n<p>Intentaremos convertir los cursos en herramientas creativas y din\u00e1micas para que los estudiantes aprendan a enfrentarse a las incertidumbres y salir de ellas con buenas ideas.<\/p>\n\n\n\n<p>En&nbsp;<strong>la segunda y tercera sesi\u00f3n<\/strong>&nbsp;nos hemos centrando en las fases de definir e idear. <\/p>\n\n\n\n<div class=\"wp-block-image\"><figure class=\"aligncenter size-large is-resized\"><img loading=\"lazy\" src=\"https:\/\/i2.wp.com\/retotmp.valnaloneduca.com\/wp-content\/uploads\/2022\/01\/trabj1-1024x768.jpg?resize=459%2C344&#038;ssl=1\" alt=\"\" class=\"wp-image-2095\" width=\"459\" height=\"344\" srcset=\"https:\/\/i1.wp.com\/retotmp.valnaloneduca.com\/wp-content\/uploads\/2022\/01\/trabj1.jpg?resize=1024%2C768&amp;ssl=1 1024w, https:\/\/i1.wp.com\/retotmp.valnaloneduca.com\/wp-content\/uploads\/2022\/01\/trabj1.jpg?resize=300%2C225&amp;ssl=1 300w, https:\/\/i1.wp.com\/retotmp.valnaloneduca.com\/wp-content\/uploads\/2022\/01\/trabj1.jpg?resize=768%2C576&amp;ssl=1 768w, https:\/\/i1.wp.com\/retotmp.valnaloneduca.com\/wp-content\/uploads\/2022\/01\/trabj1.jpg?resize=1536%2C1152&amp;ssl=1 1536w, https:\/\/i1.wp.com\/retotmp.valnaloneduca.com\/wp-content\/uploads\/2022\/01\/trabj1.jpg?resize=600%2C450&amp;ssl=1 600w, https:\/\/i1.wp.com\/retotmp.valnaloneduca.com\/wp-content\/uploads\/2022\/01\/trabj1.jpg?w=1632&amp;ssl=1 1632w\" sizes=\"(max-width: 459px) 100vw, 459px\" data-recalc-dims=\"1\" \/><figcaption>Trabajando<\/figcaption><\/figure><\/div>\n\n\n\n<p>Hemos explicado a los estudiantes diferentes matrices de identificaci\u00f3n y an\u00e1lisis, como el&nbsp;<strong>DAFO<\/strong>&nbsp;y el&nbsp;<strong>CANVAS<\/strong>, para desglosar y conocer las herramientas que disponen para enfrentarse al&nbsp;<strong>RETO<\/strong>.<\/p>\n\n\n\n<div class=\"wp-block-image\"><figure class=\"aligncenter size-large is-resized\"><img loading=\"lazy\" src=\"https:\/\/i2.wp.com\/retotmp.valnaloneduca.com\/wp-content\/uploads\/2022\/01\/canvas-1024x768.jpg?resize=439%2C329&#038;ssl=1\" alt=\"\" class=\"wp-image-2093\" width=\"439\" height=\"329\" srcset=\"https:\/\/i2.wp.com\/retotmp.valnaloneduca.com\/wp-content\/uploads\/2022\/01\/canvas.jpg?resize=1024%2C768&amp;ssl=1 1024w, https:\/\/i2.wp.com\/retotmp.valnaloneduca.com\/wp-content\/uploads\/2022\/01\/canvas.jpg?resize=300%2C225&amp;ssl=1 300w, https:\/\/i2.wp.com\/retotmp.valnaloneduca.com\/wp-content\/uploads\/2022\/01\/canvas.jpg?resize=768%2C576&amp;ssl=1 768w, https:\/\/i2.wp.com\/retotmp.valnaloneduca.com\/wp-content\/uploads\/2022\/01\/canvas.jpg?resize=1536%2C1152&amp;ssl=1 1536w, https:\/\/i2.wp.com\/retotmp.valnaloneduca.com\/wp-content\/uploads\/2022\/01\/canvas.jpg?resize=600%2C450&amp;ssl=1 600w, https:\/\/i2.wp.com\/retotmp.valnaloneduca.com\/wp-content\/uploads\/2022\/01\/canvas.jpg?w=1632&amp;ssl=1 1632w\" sizes=\"(max-width: 439px) 100vw, 439px\" data-recalc-dims=\"1\" \/><figcaption>CANVAS<\/figcaption><\/figure><\/div>\n\n\n\n<div class=\"wp-block-image\"><figure class=\"aligncenter size-large is-resized\"><img loading=\"lazy\" src=\"https:\/\/i2.wp.com\/retotmp.valnaloneduca.com\/wp-content\/uploads\/2022\/01\/CMN2-1024x768.jpg?resize=537%2C403&#038;ssl=1\" alt=\"\" class=\"wp-image-2094\" width=\"537\" height=\"403\" srcset=\"https:\/\/i1.wp.com\/retotmp.valnaloneduca.com\/wp-content\/uploads\/2022\/01\/CMN2.jpg?resize=1024%2C768&amp;ssl=1 1024w, https:\/\/i1.wp.com\/retotmp.valnaloneduca.com\/wp-content\/uploads\/2022\/01\/CMN2.jpg?resize=300%2C225&amp;ssl=1 300w, https:\/\/i1.wp.com\/retotmp.valnaloneduca.com\/wp-content\/uploads\/2022\/01\/CMN2.jpg?resize=768%2C576&amp;ssl=1 768w, https:\/\/i1.wp.com\/retotmp.valnaloneduca.com\/wp-content\/uploads\/2022\/01\/CMN2.jpg?resize=1536%2C1152&amp;ssl=1 1536w, https:\/\/i1.wp.com\/retotmp.valnaloneduca.com\/wp-content\/uploads\/2022\/01\/CMN2.jpg?resize=600%2C450&amp;ssl=1 600w, https:\/\/i1.wp.com\/retotmp.valnaloneduca.com\/wp-content\/uploads\/2022\/01\/CMN2.jpg?w=1632&amp;ssl=1 1632w\" sizes=\"(max-width: 537px) 100vw, 537px\" data-recalc-dims=\"1\" \/><figcaption>Exposici\u00f3n del CANVAS por equipos<\/figcaption><\/figure><\/div>\n\n\n\n<p>Damos el siguiente paso, estudiando las diferentes <strong>ENTREVISTAS<\/strong>&nbsp;que han realizado el alumnado dirigidas a un publico objetivo anteriormente definido.<\/p>\n\n\n\n<p>Las hemos estructurado y desglosado entre todos para acercarnos a las posibles soluciones al&nbsp;<strong>RETO<\/strong>&nbsp;que nos han planteado.<\/p>\n\n\n\n<div class=\"wp-block-image\"><figure class=\"aligncenter size-large is-resized\"><img loading=\"lazy\" src=\"https:\/\/i2.wp.com\/retotmp.valnaloneduca.com\/wp-content\/uploads\/2022\/02\/ENTRV-3-1024x768.jpg?resize=467%2C350&#038;ssl=1\" alt=\"\" class=\"wp-image-2101\" width=\"467\" height=\"350\" srcset=\"https:\/\/i1.wp.com\/retotmp.valnaloneduca.com\/wp-content\/uploads\/2022\/02\/ENTRV-3.jpg?resize=1024%2C768&amp;ssl=1 1024w, https:\/\/i1.wp.com\/retotmp.valnaloneduca.com\/wp-content\/uploads\/2022\/02\/ENTRV-3.jpg?resize=300%2C225&amp;ssl=1 300w, https:\/\/i1.wp.com\/retotmp.valnaloneduca.com\/wp-content\/uploads\/2022\/02\/ENTRV-3.jpg?resize=768%2C576&amp;ssl=1 768w, https:\/\/i1.wp.com\/retotmp.valnaloneduca.com\/wp-content\/uploads\/2022\/02\/ENTRV-3.jpg?resize=1536%2C1152&amp;ssl=1 1536w, https:\/\/i1.wp.com\/retotmp.valnaloneduca.com\/wp-content\/uploads\/2022\/02\/ENTRV-3.jpg?resize=600%2C450&amp;ssl=1 600w, https:\/\/i1.wp.com\/retotmp.valnaloneduca.com\/wp-content\/uploads\/2022\/02\/ENTRV-3.jpg?w=1632&amp;ssl=1 1632w\" sizes=\"(max-width: 467px) 100vw, 467px\" data-recalc-dims=\"1\" \/><figcaption>Entrevistas<\/figcaption><\/figure><\/div>\n\n\n\n<div class=\"wp-block-image\"><figure class=\"aligncenter size-large is-resized\"><img loading=\"lazy\" src=\"https:\/\/i1.wp.com\/retotmp.valnaloneduca.com\/wp-content\/uploads\/2022\/02\/PIZARRA-1-1024x768.jpg?resize=480%2C360&#038;ssl=1\" alt=\"\" class=\"wp-image-2103\" width=\"480\" height=\"360\" srcset=\"https:\/\/i0.wp.com\/retotmp.valnaloneduca.com\/wp-content\/uploads\/2022\/02\/PIZARRA-1.jpg?resize=1024%2C768&amp;ssl=1 1024w, https:\/\/i0.wp.com\/retotmp.valnaloneduca.com\/wp-content\/uploads\/2022\/02\/PIZARRA-1.jpg?resize=300%2C225&amp;ssl=1 300w, https:\/\/i0.wp.com\/retotmp.valnaloneduca.com\/wp-content\/uploads\/2022\/02\/PIZARRA-1.jpg?resize=768%2C576&amp;ssl=1 768w, https:\/\/i0.wp.com\/retotmp.valnaloneduca.com\/wp-content\/uploads\/2022\/02\/PIZARRA-1.jpg?resize=1536%2C1152&amp;ssl=1 1536w, https:\/\/i0.wp.com\/retotmp.valnaloneduca.com\/wp-content\/uploads\/2022\/02\/PIZARRA-1.jpg?resize=600%2C450&amp;ssl=1 600w, https:\/\/i0.wp.com\/retotmp.valnaloneduca.com\/wp-content\/uploads\/2022\/02\/PIZARRA-1.jpg?w=1632&amp;ssl=1 1632w\" sizes=\"(max-width: 480px) 100vw, 480px\" data-recalc-dims=\"1\" \/><figcaption>Selecci\u00f3n de ideas y Definir<\/figcaption><\/figure><\/div>\n\n\n\n<p>Entramos en la recta final del primer <strong>RETO<\/strong>. El alumnado va a comunicar a la entidad <strong>Valnal\u00f3n<\/strong> y a su profesor de econom\u00eda, <strong>Sergio Alc\u00f3n<\/strong>, las soluciones que han trabajado.<\/p>\n\n\n\n<div class=\"wp-block-image\"><figure class=\"aligncenter size-large is-resized\"><img loading=\"lazy\" src=\"https:\/\/i2.wp.com\/retotmp.valnaloneduca.com\/wp-content\/uploads\/2022\/02\/Preparando-sesion-2-1024x768.jpg?resize=513%2C385&#038;ssl=1\" alt=\"\" class=\"wp-image-2106\" width=\"513\" height=\"385\" srcset=\"https:\/\/i0.wp.com\/retotmp.valnaloneduca.com\/wp-content\/uploads\/2022\/02\/Preparando-sesion-2-scaled.jpg?resize=1024%2C768&amp;ssl=1 1024w, https:\/\/i0.wp.com\/retotmp.valnaloneduca.com\/wp-content\/uploads\/2022\/02\/Preparando-sesion-2-scaled.jpg?resize=300%2C225&amp;ssl=1 300w, https:\/\/i0.wp.com\/retotmp.valnaloneduca.com\/wp-content\/uploads\/2022\/02\/Preparando-sesion-2-scaled.jpg?resize=768%2C576&amp;ssl=1 768w, https:\/\/i0.wp.com\/retotmp.valnaloneduca.com\/wp-content\/uploads\/2022\/02\/Preparando-sesion-2-scaled.jpg?resize=1536%2C1152&amp;ssl=1 1536w, https:\/\/i0.wp.com\/retotmp.valnaloneduca.com\/wp-content\/uploads\/2022\/02\/Preparando-sesion-2-scaled.jpg?resize=2048%2C1536&amp;ssl=1 2048w, https:\/\/i0.wp.com\/retotmp.valnaloneduca.com\/wp-content\/uploads\/2022\/02\/Preparando-sesion-2-scaled.jpg?resize=600%2C450&amp;ssl=1 600w, https:\/\/i0.wp.com\/retotmp.valnaloneduca.com\/wp-content\/uploads\/2022\/02\/Preparando-sesion-2-scaled.jpg?w=1820 1820w\" sizes=\"(max-width: 513px) 100vw, 513px\" data-recalc-dims=\"1\" \/><figcaption>Preparando sesi\u00f3n<\/figcaption><\/figure><\/div>\n\n\n\n<p>Os exponemos <strong>un resumen del trabajo<\/strong> realizado por el  alumnado:<\/p>\n\n\n\n<div class=\"wp-block-image\"><figure class=\"aligncenter size-large is-resized\"><img loading=\"lazy\" src=\"https:\/\/i2.wp.com\/retotmp.valnaloneduca.com\/wp-content\/uploads\/2022\/02\/Entrevistas-1024x497.jpg?resize=544%2C264&#038;ssl=1\" alt=\"\" class=\"wp-image-2107\" width=\"544\" height=\"264\" srcset=\"https:\/\/i1.wp.com\/retotmp.valnaloneduca.com\/wp-content\/uploads\/2022\/02\/Entrevistas.jpg?resize=1024%2C497&amp;ssl=1 1024w, https:\/\/i1.wp.com\/retotmp.valnaloneduca.com\/wp-content\/uploads\/2022\/02\/Entrevistas.jpg?resize=300%2C146&amp;ssl=1 300w, https:\/\/i1.wp.com\/retotmp.valnaloneduca.com\/wp-content\/uploads\/2022\/02\/Entrevistas.jpg?resize=768%2C373&amp;ssl=1 768w, https:\/\/i1.wp.com\/retotmp.valnaloneduca.com\/wp-content\/uploads\/2022\/02\/Entrevistas.jpg?w=1298&amp;ssl=1 1298w\" sizes=\"(max-width: 544px) 100vw, 544px\" data-recalc-dims=\"1\" \/><figcaption>Entrevistas<\/figcaption><\/figure><\/div>\n\n\n\n<div class=\"wp-block-image\"><figure class=\"aligncenter size-large is-resized\"><img loading=\"lazy\" src=\"https:\/\/i0.wp.com\/retotmp.valnaloneduca.com\/wp-content\/uploads\/2022\/02\/Espacio-1024x715.png?resize=547%2C382&#038;ssl=1\" alt=\"\" class=\"wp-image-2108\" width=\"547\" height=\"382\" srcset=\"https:\/\/i1.wp.com\/retotmp.valnaloneduca.com\/wp-content\/uploads\/2022\/02\/Espacio.png?resize=1024%2C715&amp;ssl=1 1024w, https:\/\/i1.wp.com\/retotmp.valnaloneduca.com\/wp-content\/uploads\/2022\/02\/Espacio.png?resize=300%2C209&amp;ssl=1 300w, https:\/\/i1.wp.com\/retotmp.valnaloneduca.com\/wp-content\/uploads\/2022\/02\/Espacio.png?resize=768%2C536&amp;ssl=1 768w, https:\/\/i1.wp.com\/retotmp.valnaloneduca.com\/wp-content\/uploads\/2022\/02\/Espacio.png?w=1056&amp;ssl=1 1056w\" sizes=\"(max-width: 547px) 100vw, 547px\" data-recalc-dims=\"1\" \/><figcaption>Ubicaci\u00f3n<\/figcaption><\/figure><\/div>\n\n\n\n<div class=\"wp-block-image\"><figure class=\"aligncenter size-large is-resized\"><img loading=\"lazy\" src=\"https:\/\/i0.wp.com\/retotmp.valnaloneduca.com\/wp-content\/uploads\/2022\/02\/Imagen1.jpg?resize=542%2C408&#038;ssl=1\" alt=\"\" class=\"wp-image-2111\" width=\"542\" height=\"408\" srcset=\"https:\/\/i0.wp.com\/retotmp.valnaloneduca.com\/wp-content\/uploads\/2022\/02\/Imagen1.jpg?w=912&amp;ssl=1 912w, https:\/\/i0.wp.com\/retotmp.valnaloneduca.com\/wp-content\/uploads\/2022\/02\/Imagen1.jpg?resize=300%2C225&amp;ssl=1 300w, https:\/\/i0.wp.com\/retotmp.valnaloneduca.com\/wp-content\/uploads\/2022\/02\/Imagen1.jpg?resize=768%2C577&amp;ssl=1 768w, https:\/\/i0.wp.com\/retotmp.valnaloneduca.com\/wp-content\/uploads\/2022\/02\/Imagen1.jpg?resize=600%2C450&amp;ssl=1 600w\" sizes=\"(max-width: 542px) 100vw, 542px\" data-recalc-dims=\"1\" \/><figcaption>Buscando el espacio<\/figcaption><\/figure><\/div>\n\n\n\n<div class=\"wp-block-image\"><figure class=\"aligncenter size-large is-resized\"><img loading=\"lazy\" src=\"https:\/\/i0.wp.com\/retotmp.valnaloneduca.com\/wp-content\/uploads\/2022\/02\/Difusion-1.jpg?resize=613%2C337&#038;ssl=1\" alt=\"\" class=\"wp-image-2112\" width=\"613\" height=\"337\" srcset=\"https:\/\/i0.wp.com\/retotmp.valnaloneduca.com\/wp-content\/uploads\/2022\/02\/Difusion-1.jpg?w=618&amp;ssl=1 618w, https:\/\/i0.wp.com\/retotmp.valnaloneduca.com\/wp-content\/uploads\/2022\/02\/Difusion-1.jpg?resize=300%2C165&amp;ssl=1 300w\" sizes=\"(max-width: 613px) 100vw, 613px\" data-recalc-dims=\"1\" \/><figcaption>Difusi\u00f3n de las aulas de emprendimiento<\/figcaption><\/figure><\/div>\n\n\n\n<p>Ha continuaci\u00f3n os ponemos dos enlaces de las presentaciones realizadas por el alumnado de como resolvieron el <strong>RETO<\/strong>.<\/p>\n\n\n\n<p><a href=\"http:\/\/corneey.com\/eaYA6X\">http:\/\/corneey.com\/eaYA6X<\/a><\/p>\n\n\n\n<p><a href=\"http:\/\/corneey.com\/eaYS0b\">http:\/\/corneey.com\/eaYS0b<\/a><\/p>\n\n\n\n<p>Las conclusiones de este <strong>primer RETO<\/strong> han sido muy positivas. Han comprendido el planteamiento de la metodolog\u00eda a partir de un problema o acci\u00f3n, donde el propio alumnado le ha parecido muy enriquecedor para realizarlo a futuro.<\/p>\n\n\n\n<p>El alumnado se lo ha trabajado bastante, sobre todo en reflejar el espacio y de como seria, defini\u00e9ndolo en <strong>infograf\u00edas<\/strong>, a partir del lugar elegido en el propio centro educativo.<\/p>\n\n\n\n<p>Comenzamos con<strong><span style=\"text-decoration: underline;\"> el segundo RETO<\/span><\/strong>  con el alumnado del <strong>CFGM de Gesti\u00f3n administrativa<\/strong>, tutorizado por su profesorado de econom\u00eda <strong>Teresa \u00c1lvarez<\/strong> y <strong>Jos\u00e9 Manuel Fern\u00e1ndez<\/strong>.<\/p>\n\n\n\n<p>En&nbsp;<strong>la primera sesi\u00f3n<\/strong>&nbsp;la entidad <strong>VALNAL\u00d3N<\/strong> les ha definido, al alumnado, el&nbsp;<strong>RETO<\/strong>&nbsp;que tienen que trabajar durante estas sesiones.<\/p>\n\n\n\n<p><strong>El RETO<\/strong> est\u00e1 basado en dar soluciones para integrar un <strong>AULA DE EMPRENDIMIENTO<\/strong> en el <strong>CIFP LA LABORAL<\/strong>. Hay que trabajar aportando ideas basadas en la difusi\u00f3n del mismo.<\/p>\n\n\n\n<p>Aprovechando el trabajo realizado por el alumnado del primer <strong>RETO<\/strong>, haremos un desarrollo ampliado en el tema de la comunicaci\u00f3n de los espacios elegidos y lo que se quiere trabajar para transmitirlo al p\u00fablico objetivo,  en definitiva al alumnado del centro educativo y tambi\u00e9n al resto del personal que trabaja en el <strong>CIFP LA LABORAL<\/strong>.<\/p>\n\n\n\n<p>Explicamos al alumnado como adaptar la metodolog\u00eda del&nbsp;<strong>design thinking<\/strong>&nbsp;ante estas acciones y trabajar las competencia y capacidades que nos demanda la sociedad para saber enfrentarnos a las diferentes situaciones tanto laborables como sociales.<\/p>\n\n\n\n<p>Hemos desarrollado una actividad basada en conocernos como grupo y ver las <strong>dotes comunicativas<\/strong> del alumnado. Durante 20 segundos tienen que presentarse y hablar de un tema determinado.<\/p>\n\n\n\n<div class=\"wp-block-image\"><figure class=\"aligncenter size-large is-resized\"><img loading=\"lazy\" src=\"https:\/\/i0.wp.com\/retotmp.valnaloneduca.com\/wp-content\/uploads\/2022\/02\/IMG_20220208_102648-1024x768.jpg?resize=558%2C419&#038;ssl=1\" alt=\"\" class=\"wp-image-2113\" width=\"558\" height=\"419\" srcset=\"https:\/\/i1.wp.com\/retotmp.valnaloneduca.com\/wp-content\/uploads\/2022\/02\/IMG_20220208_102648.jpg?resize=1024%2C768&amp;ssl=1 1024w, https:\/\/i1.wp.com\/retotmp.valnaloneduca.com\/wp-content\/uploads\/2022\/02\/IMG_20220208_102648.jpg?resize=300%2C225&amp;ssl=1 300w, https:\/\/i1.wp.com\/retotmp.valnaloneduca.com\/wp-content\/uploads\/2022\/02\/IMG_20220208_102648.jpg?resize=768%2C576&amp;ssl=1 768w, https:\/\/i1.wp.com\/retotmp.valnaloneduca.com\/wp-content\/uploads\/2022\/02\/IMG_20220208_102648.jpg?resize=1536%2C1152&amp;ssl=1 1536w, https:\/\/i1.wp.com\/retotmp.valnaloneduca.com\/wp-content\/uploads\/2022\/02\/IMG_20220208_102648.jpg?resize=600%2C450&amp;ssl=1 600w, https:\/\/i1.wp.com\/retotmp.valnaloneduca.com\/wp-content\/uploads\/2022\/02\/IMG_20220208_102648.jpg?w=1632&amp;ssl=1 1632w\" sizes=\"(max-width: 558px) 100vw, 558px\" data-recalc-dims=\"1\" \/><figcaption>Comunicando<\/figcaption><\/figure><\/div>\n\n\n\n<p>A continuaci\u00f3n realizamos una din\u00e1mica para <strong>explotar la creatividad<\/strong> del alumnado creando <strong>prototipos <\/strong>a partir de objetos encontrados en una papelera y una tienda especializada.<\/p>\n\n\n\n<div class=\"wp-block-image\"><figure class=\"aligncenter size-large is-resized\"><img loading=\"lazy\" src=\"https:\/\/i2.wp.com\/retotmp.valnaloneduca.com\/wp-content\/uploads\/2022\/02\/IMG_20220208_104826-1024x768.jpg?resize=562%2C422&#038;ssl=1\" alt=\"\" class=\"wp-image-2114\" width=\"562\" height=\"422\" srcset=\"https:\/\/i0.wp.com\/retotmp.valnaloneduca.com\/wp-content\/uploads\/2022\/02\/IMG_20220208_104826.jpg?resize=1024%2C768&amp;ssl=1 1024w, https:\/\/i0.wp.com\/retotmp.valnaloneduca.com\/wp-content\/uploads\/2022\/02\/IMG_20220208_104826.jpg?resize=300%2C225&amp;ssl=1 300w, https:\/\/i0.wp.com\/retotmp.valnaloneduca.com\/wp-content\/uploads\/2022\/02\/IMG_20220208_104826.jpg?resize=768%2C576&amp;ssl=1 768w, https:\/\/i0.wp.com\/retotmp.valnaloneduca.com\/wp-content\/uploads\/2022\/02\/IMG_20220208_104826.jpg?resize=1536%2C1152&amp;ssl=1 1536w, https:\/\/i0.wp.com\/retotmp.valnaloneduca.com\/wp-content\/uploads\/2022\/02\/IMG_20220208_104826.jpg?resize=600%2C450&amp;ssl=1 600w, https:\/\/i0.wp.com\/retotmp.valnaloneduca.com\/wp-content\/uploads\/2022\/02\/IMG_20220208_104826.jpg?w=1632&amp;ssl=1 1632w\" sizes=\"(max-width: 562px) 100vw, 562px\" data-recalc-dims=\"1\" \/><figcaption>Explotando la creatividad<\/figcaption><\/figure><\/div>\n\n\n\n<p>Intentaremos convertir los cursos en herramientas <strong>creativas y din\u00e1micas<\/strong> para que los estudiantes aprendan a enfrentarse a las incertidumbres y salir de ellas con buenas ideas.<\/p>\n\n\n\n<p>Estamos en <strong>la segunda sesi\u00f3n<\/strong> cargados de informaci\u00f3n y dispuestas a plasmar las entrevistas y sacar conclusiones.<\/p>\n\n\n\n<p>Pero antes, hemos explicado a los estudiantes diferentes matrices de identificaci\u00f3n y an\u00e1lisis, como el&nbsp;<strong>DAFO<\/strong>&nbsp;y el&nbsp;<strong>CANVAS<\/strong>, para desglosar y conocer las herramientas que disponen para enfrentarse al&nbsp;<strong>RETO<\/strong>.<\/p>\n\n\n\n<div class=\"wp-block-image\"><figure class=\"aligncenter size-large is-resized\"><img loading=\"lazy\" src=\"https:\/\/i2.wp.com\/retotmp.valnaloneduca.com\/wp-content\/uploads\/2022\/02\/trabajando-1024x768.jpg?resize=553%2C415&#038;ssl=1\" alt=\"\" class=\"wp-image-2121\" width=\"553\" height=\"415\" srcset=\"https:\/\/i2.wp.com\/retotmp.valnaloneduca.com\/wp-content\/uploads\/2022\/02\/trabajando.jpg?resize=1024%2C768&amp;ssl=1 1024w, https:\/\/i2.wp.com\/retotmp.valnaloneduca.com\/wp-content\/uploads\/2022\/02\/trabajando.jpg?resize=300%2C225&amp;ssl=1 300w, https:\/\/i2.wp.com\/retotmp.valnaloneduca.com\/wp-content\/uploads\/2022\/02\/trabajando.jpg?resize=768%2C576&amp;ssl=1 768w, https:\/\/i2.wp.com\/retotmp.valnaloneduca.com\/wp-content\/uploads\/2022\/02\/trabajando.jpg?resize=1536%2C1152&amp;ssl=1 1536w, https:\/\/i2.wp.com\/retotmp.valnaloneduca.com\/wp-content\/uploads\/2022\/02\/trabajando.jpg?resize=600%2C450&amp;ssl=1 600w, https:\/\/i2.wp.com\/retotmp.valnaloneduca.com\/wp-content\/uploads\/2022\/02\/trabajando.jpg?w=1632&amp;ssl=1 1632w\" sizes=\"(max-width: 553px) 100vw, 553px\" data-recalc-dims=\"1\" \/><figcaption>Trabajando<\/figcaption><\/figure><\/div>\n\n\n\n<p>A continuaci\u00f3n trabajamos las diferentes <strong>entrevistas<\/strong>, que fueron muchas, del alumnado. Decir que tuvieron un apoyo importante por parte de su profesorado. Aprovechamos muy bien <strong>las m\u00e9tricas<\/strong> que acompa\u00f1aron a las entrevistas.<\/p>\n\n\n\n<div class=\"wp-block-image\"><figure class=\"aligncenter size-large is-resized\"><img loading=\"lazy\" src=\"https:\/\/i2.wp.com\/retotmp.valnaloneduca.com\/wp-content\/uploads\/2022\/02\/pizarra-1024x768.jpg?resize=551%2C413&#038;ssl=1\" alt=\"\" class=\"wp-image-2122\" width=\"551\" height=\"413\" srcset=\"https:\/\/i2.wp.com\/retotmp.valnaloneduca.com\/wp-content\/uploads\/2022\/02\/pizarra.jpg?resize=1024%2C768&amp;ssl=1 1024w, https:\/\/i2.wp.com\/retotmp.valnaloneduca.com\/wp-content\/uploads\/2022\/02\/pizarra.jpg?resize=300%2C225&amp;ssl=1 300w, https:\/\/i2.wp.com\/retotmp.valnaloneduca.com\/wp-content\/uploads\/2022\/02\/pizarra.jpg?resize=768%2C576&amp;ssl=1 768w, https:\/\/i2.wp.com\/retotmp.valnaloneduca.com\/wp-content\/uploads\/2022\/02\/pizarra.jpg?resize=1536%2C1152&amp;ssl=1 1536w, https:\/\/i2.wp.com\/retotmp.valnaloneduca.com\/wp-content\/uploads\/2022\/02\/pizarra.jpg?resize=600%2C450&amp;ssl=1 600w, https:\/\/i2.wp.com\/retotmp.valnaloneduca.com\/wp-content\/uploads\/2022\/02\/pizarra.jpg?w=1632&amp;ssl=1 1632w\" sizes=\"(max-width: 551px) 100vw, 551px\" data-recalc-dims=\"1\" \/><figcaption>Entrevistas<\/figcaption><\/figure><\/div>\n\n\n\n<p>A partir de aqu\u00ed hay trabajo por hacer. <strong>Definir e idear<\/strong>. En equipos tendr\u00e1n que hacer una tormenta de ideas y seleccionar las mejores ideas y desarrollarlas para <strong>comunicarlas<\/strong> , en la siguiente sesi\u00f3n, a su profesorado y a la entidad.<\/p>\n\n\n\n<p>Entramos en la recta final del <strong>segundo<\/strong> <strong>RETO<\/strong>. El alumnado va a comunicar a la entidad <strong>Valnal\u00f3n<\/strong> y a su profesorado de econom\u00eda <strong>Teresa \u00c1lvarez<\/strong> y <strong>Jos\u00e9 Manuel Fern\u00e1ndez<\/strong> las soluciones que han trabajado.<\/p>\n\n\n\n<div class=\"wp-block-image\"><figure class=\"aligncenter size-large is-resized\"><img loading=\"lazy\" src=\"https:\/\/i0.wp.com\/retotmp.valnaloneduca.com\/wp-content\/uploads\/2022\/02\/TRABAJANDO-1-1024x768.jpg?resize=534%2C401&#038;ssl=1\" alt=\"\" class=\"wp-image-2125\" width=\"534\" height=\"401\" srcset=\"https:\/\/i0.wp.com\/retotmp.valnaloneduca.com\/wp-content\/uploads\/2022\/02\/TRABAJANDO-1.jpg?resize=1024%2C768&amp;ssl=1 1024w, https:\/\/i0.wp.com\/retotmp.valnaloneduca.com\/wp-content\/uploads\/2022\/02\/TRABAJANDO-1.jpg?resize=300%2C225&amp;ssl=1 300w, https:\/\/i0.wp.com\/retotmp.valnaloneduca.com\/wp-content\/uploads\/2022\/02\/TRABAJANDO-1.jpg?resize=768%2C576&amp;ssl=1 768w, https:\/\/i0.wp.com\/retotmp.valnaloneduca.com\/wp-content\/uploads\/2022\/02\/TRABAJANDO-1.jpg?resize=1536%2C1152&amp;ssl=1 1536w, https:\/\/i0.wp.com\/retotmp.valnaloneduca.com\/wp-content\/uploads\/2022\/02\/TRABAJANDO-1.jpg?resize=600%2C450&amp;ssl=1 600w, https:\/\/i0.wp.com\/retotmp.valnaloneduca.com\/wp-content\/uploads\/2022\/02\/TRABAJANDO-1.jpg?w=1632&amp;ssl=1 1632w\" sizes=\"(max-width: 534px) 100vw, 534px\" data-recalc-dims=\"1\" \/><figcaption>Trabajando la comunicaci\u00f3n<\/figcaption><\/figure><\/div>\n\n\n\n<p>Os exponemos <strong>un resumen del trabajo<\/strong> realizado por el alumnado:<\/p>\n\n\n\n<div class=\"wp-block-image\"><figure class=\"aligncenter size-large is-resized\"><img loading=\"lazy\" src=\"https:\/\/i1.wp.com\/retotmp.valnaloneduca.com\/wp-content\/uploads\/2022\/02\/SOLUCION-1-1024x564.jpg?resize=533%2C293&#038;ssl=1\" alt=\"\" class=\"wp-image-2126\" width=\"533\" height=\"293\" srcset=\"https:\/\/i1.wp.com\/retotmp.valnaloneduca.com\/wp-content\/uploads\/2022\/02\/SOLUCION-1.jpg?resize=1024%2C564&amp;ssl=1 1024w, https:\/\/i1.wp.com\/retotmp.valnaloneduca.com\/wp-content\/uploads\/2022\/02\/SOLUCION-1.jpg?resize=300%2C165&amp;ssl=1 300w, https:\/\/i1.wp.com\/retotmp.valnaloneduca.com\/wp-content\/uploads\/2022\/02\/SOLUCION-1.jpg?resize=768%2C423&amp;ssl=1 768w, https:\/\/i1.wp.com\/retotmp.valnaloneduca.com\/wp-content\/uploads\/2022\/02\/SOLUCION-1.jpg?w=1394&amp;ssl=1 1394w\" sizes=\"(max-width: 533px) 100vw, 533px\" data-recalc-dims=\"1\" \/><figcaption>Entrevistas<\/figcaption><\/figure><\/div>\n\n\n\n<div class=\"wp-block-image\"><figure class=\"aligncenter size-large is-resized\"><img loading=\"lazy\" src=\"https:\/\/i0.wp.com\/retotmp.valnaloneduca.com\/wp-content\/uploads\/2022\/02\/SOLUCION-2-1024x529.jpg?resize=542%2C279&#038;ssl=1\" alt=\"\" class=\"wp-image-2127\" width=\"542\" height=\"279\" srcset=\"https:\/\/i2.wp.com\/retotmp.valnaloneduca.com\/wp-content\/uploads\/2022\/02\/SOLUCION-2.jpg?resize=1024%2C529&amp;ssl=1 1024w, https:\/\/i2.wp.com\/retotmp.valnaloneduca.com\/wp-content\/uploads\/2022\/02\/SOLUCION-2.jpg?resize=300%2C155&amp;ssl=1 300w, https:\/\/i2.wp.com\/retotmp.valnaloneduca.com\/wp-content\/uploads\/2022\/02\/SOLUCION-2.jpg?resize=768%2C396&amp;ssl=1 768w, https:\/\/i2.wp.com\/retotmp.valnaloneduca.com\/wp-content\/uploads\/2022\/02\/SOLUCION-2.jpg?w=1387&amp;ssl=1 1387w\" sizes=\"(max-width: 542px) 100vw, 542px\" data-recalc-dims=\"1\" \/><figcaption>Soluciones<\/figcaption><\/figure><\/div>\n\n\n\n<div class=\"wp-block-image\"><figure class=\"aligncenter size-large is-resized\"><img loading=\"lazy\" src=\"https:\/\/i1.wp.com\/retotmp.valnaloneduca.com\/wp-content\/uploads\/2022\/02\/EQUIPO1-1024x768.jpg?resize=607%2C455&#038;ssl=1\" alt=\"\" class=\"wp-image-2128\" width=\"607\" height=\"455\" srcset=\"https:\/\/i0.wp.com\/retotmp.valnaloneduca.com\/wp-content\/uploads\/2022\/02\/EQUIPO1.jpg?resize=1024%2C768&amp;ssl=1 1024w, https:\/\/i0.wp.com\/retotmp.valnaloneduca.com\/wp-content\/uploads\/2022\/02\/EQUIPO1.jpg?resize=300%2C225&amp;ssl=1 300w, https:\/\/i0.wp.com\/retotmp.valnaloneduca.com\/wp-content\/uploads\/2022\/02\/EQUIPO1.jpg?resize=768%2C576&amp;ssl=1 768w, https:\/\/i0.wp.com\/retotmp.valnaloneduca.com\/wp-content\/uploads\/2022\/02\/EQUIPO1.jpg?resize=1536%2C1152&amp;ssl=1 1536w, https:\/\/i0.wp.com\/retotmp.valnaloneduca.com\/wp-content\/uploads\/2022\/02\/EQUIPO1.jpg?resize=600%2C450&amp;ssl=1 600w, https:\/\/i0.wp.com\/retotmp.valnaloneduca.com\/wp-content\/uploads\/2022\/02\/EQUIPO1.jpg?w=1632&amp;ssl=1 1632w\" sizes=\"(max-width: 607px) 100vw, 607px\" data-recalc-dims=\"1\" \/><figcaption>Comunicando Equipo 1<\/figcaption><\/figure><\/div>\n\n\n\n<div class=\"wp-block-image\"><figure class=\"aligncenter size-large is-resized\"><img loading=\"lazy\" src=\"https:\/\/i1.wp.com\/retotmp.valnaloneduca.com\/wp-content\/uploads\/2022\/02\/EQUIPO2-1024x768.jpg?resize=612%2C459&#038;ssl=1\" alt=\"\" class=\"wp-image-2129\" width=\"612\" height=\"459\" srcset=\"https:\/\/i2.wp.com\/retotmp.valnaloneduca.com\/wp-content\/uploads\/2022\/02\/EQUIPO2.jpg?resize=1024%2C768&amp;ssl=1 1024w, https:\/\/i2.wp.com\/retotmp.valnaloneduca.com\/wp-content\/uploads\/2022\/02\/EQUIPO2.jpg?resize=300%2C225&amp;ssl=1 300w, https:\/\/i2.wp.com\/retotmp.valnaloneduca.com\/wp-content\/uploads\/2022\/02\/EQUIPO2.jpg?resize=768%2C576&amp;ssl=1 768w, https:\/\/i2.wp.com\/retotmp.valnaloneduca.com\/wp-content\/uploads\/2022\/02\/EQUIPO2.jpg?resize=1536%2C1152&amp;ssl=1 1536w, https:\/\/i2.wp.com\/retotmp.valnaloneduca.com\/wp-content\/uploads\/2022\/02\/EQUIPO2.jpg?resize=600%2C450&amp;ssl=1 600w, https:\/\/i2.wp.com\/retotmp.valnaloneduca.com\/wp-content\/uploads\/2022\/02\/EQUIPO2.jpg?w=1632&amp;ssl=1 1632w\" sizes=\"(max-width: 612px) 100vw, 612px\" data-recalc-dims=\"1\" \/><figcaption>Comunicando Equipo 2<\/figcaption><\/figure><\/div>\n\n\n\n<p>Las soluciones de este <strong>segundo<\/strong> <strong>RETO<\/strong> han sido trabajadas. Han entendido la funci\u00f3n de la metodolog\u00eda a partir de un problema o acci\u00f3n, donde el propio alumnado le ha parecido muy interesante para realizarlo en sus diferentes trabajos.<\/p>\n\n\n\n<p>El estudiante se ha implicado. Han buscado herramientas comunicativas para llegar al publico objetivo definido. Han valorado utilizar las rrss, sobre todo instagram, y adecuar el contenido al perfil de persona que va a utilizar el servicio de las <strong>Aulas de emprendimiento<\/strong>. Aprovecharan la red del propio centro educativo, como su plataforma on line como su web y sus rrss para difundir mensajes y comunicar acciones de dichas aulas. No solo quieren difundir el servicio solo interior sino tambi\u00e9n exterior como un servicio educativo m\u00e1s de apoyo.<\/p>\n\n\n\n<p>El valor del contenido que se quiera realizar es fundamental a parte del soporte. Fue una de las claves que llegamos en este curso porque hoy en d\u00eda la comunicaci\u00f3n ha cambiado y la forma de transmitir el mensaje y el medio es b\u00e1sico para que la retroalimentaci\u00f3n funcione.<\/p>\n\n\n\n<p>Agradecer al centro <strong>CIFP LA LABORAL de Gij\u00f3n<\/strong>, a su profesorado por su implicaci\u00f3n y saber hacer y al alumnado por su trabajado.<\/p>\n","protected":false},"excerpt":{"rendered":"<p>En los meses de enero y febrero realizamos&nbsp;dos RETOS de Taller para Emprender (tmp) en el CIFP LA LABORAL de<\/p>\n","protected":false},"author":3,"featured_media":0,"comment_status":"open","ping_status":"open","sticky":false,"template":"","format":"standard","meta":{"spay_email":""},"categories":[56,55],"tags":[],"jetpack_featured_media_url":"","jetpack-related-posts":[{"id":1963,"url":"https:\/\/retotmp.valnaloneduca.com\/?p=1963","url_meta":{"origin":2087,"position":0},"title":"CIFP LABORAL GIJ\u00d3N 2020-21","date":"noviembre 25, 2020","format":false,"excerpt":"En los meses de noviembre y diciembre realizamos dos RETOS de Taller para Emprender (tmp) en el CIFP LA LABORAL de Gij\u00f3n. En la primera sesi\u00f3n el profesor de econom\u00eda del CF de administraci\u00f3n y finanzas, Sergio Alc\u00f3n, les ha definido, al alumnado, el RETO que tienen que trabajar durante\u2026","rel":"","context":"En \u00abCIFP LABORAL CURSO 20-21\u00bb","img":{"alt_text":"","src":"https:\/\/i1.wp.com\/retotmp.valnaloneduca.com\/wp-content\/uploads\/2020\/11\/IMG_20201125_102004-scaled.jpg?resize=350%2C200&ssl=1","width":350,"height":200},"classes":[]},{"id":2285,"url":"https:\/\/retotmp.valnaloneduca.com\/?p=2285","url_meta":{"origin":2087,"position":1},"title":"CIFP LABORAL GIJ\u00d3N 2022-23","date":"noviembre 14, 2022","format":false,"excerpt":"En los meses de noviembre y diciembre realizamos\u00a0dos RETOS de Taller para Emprender (tmp) en el CIFP LA LABORAL de Gij\u00f3n. Hemos empezado\u00a0el primer RETO\u00a0con el alumnado del\u00a0CFGM Gesti\u00f3n Administrativa, tutorizado por su profesora de econom\u00eda\u00a0Teresa \u00c1lvarez\u00a0Casta\u00f1\u00f3n. En\u00a0la primera sesi\u00f3n\u00a0la profesora les ha definido, al alumnado, el\u00a0RETO\u00a0que tienen que trabajar\u2026","rel":"","context":"En \u00abCIFP LA LABORAL GIJ\u00d3N 2022-23\u00bb","img":{"alt_text":"","src":"https:\/\/i2.wp.com\/retotmp.valnaloneduca.com\/wp-content\/uploads\/2022\/11\/Pizarra.jpg?resize=350%2C200&ssl=1","width":350,"height":200},"classes":[]},{"id":2541,"url":"https:\/\/retotmp.valnaloneduca.com\/?p=2541","url_meta":{"origin":2087,"position":2},"title":"CIFP LA LABORAL 2023-24","date":"octubre 26, 2023","format":false,"excerpt":"En los meses de noviembre y diciembre realizaremos\u00a0dos RETOS de Taller para Emprender (tmp) en el CIFP LA LABORAL de Gij\u00f3n. Hemos empezado\u00a0el primer RETO\u00a0con el alumnado del\u00a0CFGM Gesti\u00f3n Administrativa, tutorizado por Jos\u00e9 Manuel Fern\u00e1ndez Busto, Jefe de departamento de Administraci\u00f3n y Gesti\u00f3n-Coordinador de bienestar y por su profesora de\u2026","rel":"","context":"En \u00abCIFP LA LABORAL GIJ\u00d3N 2023-24\u00bb","img":{"alt_text":"","src":"https:\/\/i2.wp.com\/retotmp.valnaloneduca.com\/wp-content\/uploads\/2023\/11\/Imagen1.jpg?resize=350%2C200&ssl=1","width":350,"height":200},"classes":[]},{"id":2335,"url":"https:\/\/retotmp.valnaloneduca.com\/?p=2335","url_meta":{"origin":2087,"position":3},"title":"IES INFIESTO 2022-23","date":"marzo 8, 2023","format":false,"excerpt":"En el mes de marzo vamos a realizar\u00a0un RETO de Taller para Emprender (tmp) en el IES INFIESTO de Infiesto. Va dirigido a\u00a0alumnado del\u00a01\u00ba y 2\u00ba de CFGM Gesti\u00f3n Administrativa, tutorizado por su profesora de econom\u00eda\u00a0Ana Rosa M\u00fa\u00f1iz. En\u00a0la primera sesi\u00f3n\u00a0el alcalde del Ayuntamiento de Pilo\u00f1a, Don Iv\u00e1n Allende Tora\u00f1o,\u2026","rel":"","context":"En \u00abCurso 2022-2023\u00bb","img":{"alt_text":"","src":"https:\/\/i2.wp.com\/retotmp.valnaloneduca.com\/wp-content\/uploads\/2023\/05\/arkous.jpg?resize=350%2C200&ssl=1","width":350,"height":200},"classes":[]},{"id":2234,"url":"https:\/\/retotmp.valnaloneduca.com\/?p=2234","url_meta":{"origin":2087,"position":4},"title":"ESCUELA 2\u00ba OPORTUNIDAD-GIJ\u00d3N 2021-22","date":"mayo 24, 2022","format":false,"excerpt":"En los meses de mayo y junio realizaremos\u00a0\u00a0un RETO de Taller para Emprender\u00a0(tmp) en la escuela de segunda oportunidad\u00a0donde est\u00e1n colaborado tanto\u00a0la escuela como la agencia local de promoci\u00f3n econ\u00f3mica\u00a0 https:\/\/www.facebook.com\/EmpleoGijon\u00a0del ayuntamiento de Gij\u00f3n. Calentando motores El\u00a0RETO\u00a0nos lo propone la empresa \u00a0PUERTO DEPORTIVO GIJ\u00d3N http:\/\/www.puertodeportivogijon.es comunicado por Flor Guardado-Directora de\u2026","rel":"","context":"En \u00abCurso 2021-2022\u00bb","img":{"alt_text":"","src":"https:\/\/i0.wp.com\/retotmp.valnaloneduca.com\/wp-content\/uploads\/2022\/06\/mesa-redonda.png?resize=350%2C200&ssl=1","width":350,"height":200},"classes":[]},{"id":563,"url":"https:\/\/retotmp.valnaloneduca.com\/?p=563","url_meta":{"origin":2087,"position":5},"title":"NO TODO ES FABADA","date":"febrero 8, 2019","format":false,"excerpt":"Comenzamos el curso de TMP en la Escuela de segunda oportunidad del Ayt. de Gij\u00f3n. Nos reunimos en la escuela para hacer grupo y tener claro que habia que preguntar todas las dudas que nos pudiese surgir cuando nos comunicasen el RETO. Cogemos el autobus y nos vamos a visitar\u2026","rel":"","context":"En \u00abEscuela 2\u00ba Oportunidad-Gij\u00f3n\u00bb","img":{"alt_text":"","src":"https:\/\/i1.wp.com\/retotmp.valnaloneduca.com\/wp-content\/uploads\/2019\/02\/empresa1.png?resize=350%2C200","width":350,"height":200},"classes":[]}],"_links":{"self":[{"href":"https:\/\/retotmp.valnaloneduca.com\/index.php?rest_route=\/wp\/v2\/posts\/2087"}],"collection":[{"href":"https:\/\/retotmp.valnaloneduca.com\/index.php?rest_route=\/wp\/v2\/posts"}],"about":[{"href":"https:\/\/retotmp.valnaloneduca.com\/index.php?rest_route=\/wp\/v2\/types\/post"}],"author":[{"embeddable":true,"href":"https:\/\/retotmp.valnaloneduca.com\/index.php?rest_route=\/wp\/v2\/users\/3"}],"replies":[{"embeddable":true,"href":"https:\/\/retotmp.valnaloneduca.com\/index.php?rest_route=%2Fwp%2Fv2%2Fcomments&post=2087"}],"version-history":[{"count":10,"href":"https:\/\/retotmp.valnaloneduca.com\/index.php?rest_route=\/wp\/v2\/posts\/2087\/revisions"}],"predecessor-version":[{"id":2132,"href":"https:\/\/retotmp.valnaloneduca.com\/index.php?rest_route=\/wp\/v2\/posts\/2087\/revisions\/2132"}],"wp:attachment":[{"href":"https:\/\/retotmp.valnaloneduca.com\/index.php?rest_route=%2Fwp%2Fv2%2Fmedia&parent=2087"}],"wp:term":[{"taxonomy":"category","embeddable":true,"href":"https:\/\/retotmp.valnaloneduca.com\/index.php?rest_route=%2Fwp%2Fv2%2Fcategories&post=2087"},{"taxonomy":"post_tag","embeddable":true,"href":"https:\/\/retotmp.valnaloneduca.com\/index.php?rest_route=%2Fwp%2Fv2%2Ftags&post=2087"}],"curies":[{"name":"wp","href":"https:\/\/api.w.org\/{rel}","templated":true}]}}