{"id":2222,"date":"2022-05-13T10:46:11","date_gmt":"2022-05-13T10:46:11","guid":{"rendered":"https:\/\/retotmp.valnaloneduca.com\/?p=2222"},"modified":"2022-06-03T10:28:27","modified_gmt":"2022-06-03T10:28:27","slug":"colegio-la-corolla-gijon-2021-22","status":"publish","type":"post","link":"https:\/\/retotmp.valnaloneduca.com\/?p=2222","title":{"rendered":"COLEGIO LA COROLLA GIJ\u00d3N 2021-22"},"content":{"rendered":"\n<p>En los meses de mayo y junio realizaremos&nbsp;<strong>un RETO de Taller para Emprender (tmp) en el COLEGIO LA COROLLA de Gij\u00f3n<\/strong>.<\/p>\n\n\n\n<p>Estamos trabajando&nbsp;con el alumnado del&nbsp;<strong>1\u00ba de bachiller<\/strong>, tutorizado por su profesora de econom\u00eda&nbsp;<strong>Nuria A\u00f1\u00f3n Zapico<\/strong>.<\/p>\n\n\n\n<p>En&nbsp;<strong>la primera sesi\u00f3n<\/strong>&nbsp;la directora del centro educativo&nbsp;les ha definido, al alumnado, el&nbsp;<strong>RETO<\/strong>&nbsp;que tienen que trabajar durante estas sesiones.<\/p>\n\n\n\n<div class=\"wp-block-image\"><figure class=\"aligncenter size-large is-resized\"><img loading=\"lazy\" src=\"https:\/\/i2.wp.com\/retotmp.valnaloneduca.com\/wp-content\/uploads\/2022\/05\/IMG_20220505_123758-1024x768.jpg?resize=482%2C362&#038;ssl=1\" alt=\"\" class=\"wp-image-2224\" width=\"482\" height=\"362\" srcset=\"https:\/\/i0.wp.com\/retotmp.valnaloneduca.com\/wp-content\/uploads\/2022\/05\/IMG_20220505_123758.jpg?resize=1024%2C768&amp;ssl=1 1024w, https:\/\/i0.wp.com\/retotmp.valnaloneduca.com\/wp-content\/uploads\/2022\/05\/IMG_20220505_123758.jpg?resize=300%2C225&amp;ssl=1 300w, https:\/\/i0.wp.com\/retotmp.valnaloneduca.com\/wp-content\/uploads\/2022\/05\/IMG_20220505_123758.jpg?resize=768%2C576&amp;ssl=1 768w, https:\/\/i0.wp.com\/retotmp.valnaloneduca.com\/wp-content\/uploads\/2022\/05\/IMG_20220505_123758.jpg?resize=1536%2C1152&amp;ssl=1 1536w, https:\/\/i0.wp.com\/retotmp.valnaloneduca.com\/wp-content\/uploads\/2022\/05\/IMG_20220505_123758.jpg?resize=2048%2C1536&amp;ssl=1 2048w, https:\/\/i0.wp.com\/retotmp.valnaloneduca.com\/wp-content\/uploads\/2022\/05\/IMG_20220505_123758.jpg?resize=600%2C450&amp;ssl=1 600w, https:\/\/i0.wp.com\/retotmp.valnaloneduca.com\/wp-content\/uploads\/2022\/05\/IMG_20220505_123758.jpg?w=1820 1820w\" sizes=\"(max-width: 482px) 100vw, 482px\" data-recalc-dims=\"1\" \/><figcaption>Definiendo el RETO<\/figcaption><\/figure><\/div>\n\n\n\n<p><strong>El RETO<\/strong>&nbsp;est\u00e1 basado en proponer , por parte del alumnado, medidas que quisieran que se cambien en el centro desde una argumentaci\u00f3n y defensa de las mismas.<\/p>\n\n\n\n<p>Explicamos al alumnado como adaptar la metodolog\u00eda del&nbsp;<strong>design thinking<\/strong>&nbsp;ante estas acciones y trabajar las competencia y capacidades que nos demanda la sociedad para saber enfrentarnos a las diferentes situaciones tanto laborables como sociales.<\/p>\n\n\n\n<p>Hemos desarrollado una actividad basada en&nbsp;<strong>conocernos como grupo y ver las dotes comunicativas&nbsp;<\/strong>del alumnado. Durante 20 segundos tienen que presentarse y hablar de un tema determinado.<\/p>\n\n\n\n<div class=\"wp-block-image\"><figure class=\"aligncenter size-large is-resized\"><img loading=\"lazy\" src=\"https:\/\/i2.wp.com\/retotmp.valnaloneduca.com\/wp-content\/uploads\/2022\/05\/IMG_20220505_130033-1024x768.jpg?resize=575%2C431&#038;ssl=1\" alt=\"\" class=\"wp-image-2223\" width=\"575\" height=\"431\" srcset=\"https:\/\/i2.wp.com\/retotmp.valnaloneduca.com\/wp-content\/uploads\/2022\/05\/IMG_20220505_130033.jpg?resize=1024%2C768&amp;ssl=1 1024w, https:\/\/i2.wp.com\/retotmp.valnaloneduca.com\/wp-content\/uploads\/2022\/05\/IMG_20220505_130033.jpg?resize=300%2C225&amp;ssl=1 300w, https:\/\/i2.wp.com\/retotmp.valnaloneduca.com\/wp-content\/uploads\/2022\/05\/IMG_20220505_130033.jpg?resize=768%2C576&amp;ssl=1 768w, https:\/\/i2.wp.com\/retotmp.valnaloneduca.com\/wp-content\/uploads\/2022\/05\/IMG_20220505_130033.jpg?resize=1536%2C1152&amp;ssl=1 1536w, https:\/\/i2.wp.com\/retotmp.valnaloneduca.com\/wp-content\/uploads\/2022\/05\/IMG_20220505_130033.jpg?resize=2048%2C1536&amp;ssl=1 2048w, https:\/\/i2.wp.com\/retotmp.valnaloneduca.com\/wp-content\/uploads\/2022\/05\/IMG_20220505_130033.jpg?resize=600%2C450&amp;ssl=1 600w, https:\/\/i2.wp.com\/retotmp.valnaloneduca.com\/wp-content\/uploads\/2022\/05\/IMG_20220505_130033.jpg?w=1820 1820w\" sizes=\"(max-width: 575px) 100vw, 575px\" data-recalc-dims=\"1\" \/><figcaption>Comunicando<\/figcaption><\/figure><\/div>\n\n\n\n<p>Intentaremos convertir&nbsp;<strong>los cursos<\/strong>&nbsp;en&nbsp;<strong>herramientas creativas y din\u00e1micas&nbsp;<\/strong>para que los estudiantes aprendan a enfrentarse a las incertidumbres y salir de ellas con buenas ideas.<\/p>\n\n\n\n<p>El alumnado deber\u00e1 tener, para la siguiente sesi\u00f3n, un listado, por equipos, donde defina que cosas hay que mejorar en el centro e ir pensando en las&nbsp;<strong>ENTREVISTAS<\/strong> para saber a quien realiz\u00e1rselas y que preguntas hacerles.<\/p>\n\n\n\n<p>Comenzamos la sesi\u00f3n con un <strong>DAFO<\/strong> para hacer un an\u00e1lisis del centro definiendo la debilidades, amenazas, fortalezas y oportunidades del mismo.<\/p>\n\n\n\n<div class=\"wp-block-image\"><figure class=\"aligncenter size-large is-resized\"><img loading=\"lazy\" src=\"https:\/\/i2.wp.com\/retotmp.valnaloneduca.com\/wp-content\/uploads\/2022\/05\/TRABAJANDO.jpg?resize=453%2C340&#038;ssl=1\" alt=\"\" class=\"wp-image-2227\" width=\"453\" height=\"340\" srcset=\"https:\/\/i2.wp.com\/retotmp.valnaloneduca.com\/wp-content\/uploads\/2022\/05\/TRABAJANDO.jpg?w=625&amp;ssl=1 625w, https:\/\/i2.wp.com\/retotmp.valnaloneduca.com\/wp-content\/uploads\/2022\/05\/TRABAJANDO.jpg?resize=300%2C225&amp;ssl=1 300w, https:\/\/i2.wp.com\/retotmp.valnaloneduca.com\/wp-content\/uploads\/2022\/05\/TRABAJANDO.jpg?resize=600%2C450&amp;ssl=1 600w\" sizes=\"(max-width: 453px) 100vw, 453px\" data-recalc-dims=\"1\" \/><figcaption>Trabajando el DAFO<\/figcaption><\/figure><\/div>\n\n\n\n<p> El alumnado, por equipos, lo han <strong>expuesto<\/strong> al resto de sus compa\u00f1eros y profesorado.<\/p>\n\n\n\n<div class=\"wp-block-image\"><figure class=\"aligncenter size-large is-resized\"><img loading=\"lazy\" src=\"https:\/\/i0.wp.com\/retotmp.valnaloneduca.com\/wp-content\/uploads\/2022\/05\/CMN-1.jpg?resize=447%2C335&#038;ssl=1\" alt=\"\" class=\"wp-image-2228\" width=\"447\" height=\"335\" srcset=\"https:\/\/i0.wp.com\/retotmp.valnaloneduca.com\/wp-content\/uploads\/2022\/05\/CMN-1.jpg?w=587&amp;ssl=1 587w, https:\/\/i0.wp.com\/retotmp.valnaloneduca.com\/wp-content\/uploads\/2022\/05\/CMN-1.jpg?resize=300%2C225&amp;ssl=1 300w\" sizes=\"(max-width: 447px) 100vw, 447px\" data-recalc-dims=\"1\" \/><figcaption>Comunicando el DAFO<\/figcaption><\/figure><\/div>\n\n\n\n<p>A continuaci\u00f3n, entre todos, han expuesto, por equipos, las cosas a mejorar en el centro educativo y abrimos un <strong>debate<\/strong> para definir y empezar a trabajarlas para buscar las soluciones.<\/p>\n\n\n\n<div class=\"wp-block-image\"><figure class=\"aligncenter size-large is-resized\"><img loading=\"lazy\" src=\"https:\/\/i2.wp.com\/retotmp.valnaloneduca.com\/wp-content\/uploads\/2022\/05\/CMN-2.jpg?resize=460%2C345&#038;ssl=1\" alt=\"\" class=\"wp-image-2231\" width=\"460\" height=\"345\" srcset=\"https:\/\/i2.wp.com\/retotmp.valnaloneduca.com\/wp-content\/uploads\/2022\/05\/CMN-2.jpg?w=587&amp;ssl=1 587w, https:\/\/i2.wp.com\/retotmp.valnaloneduca.com\/wp-content\/uploads\/2022\/05\/CMN-2.jpg?resize=300%2C225&amp;ssl=1 300w\" sizes=\"(max-width: 460px) 100vw, 460px\" data-recalc-dims=\"1\" \/><figcaption>Debate abierto<\/figcaption><\/figure><\/div>\n\n\n\n<p>En la sesi\u00f3n de hoy hubo <strong>trabajo, trabajo y trabajo<\/strong>. Hemos desarrollado una <strong>tormenta de ideas<\/strong> para quedarnos con las mejores y toca desarrollarlas.<\/p>\n\n\n\n<p>Han ido a <strong>detectarlas e identificarlas <\/strong>in situ, en el propio centro, mediante <strong>fotograf\u00edas y videos<\/strong> para definirlas en una presentaci\u00f3n y<strong> comunic\u00e1rselas a su directora <\/strong>en la pr\u00f3xima sesi\u00f3n.<\/p>\n\n\n\n<div class=\"wp-block-image\"><figure class=\"aligncenter size-large is-resized\"><img loading=\"lazy\" src=\"https:\/\/i2.wp.com\/retotmp.valnaloneduca.com\/wp-content\/uploads\/2022\/05\/trabajando-grupo-1024x768.jpg?resize=480%2C360&#038;ssl=1\" alt=\"\" class=\"wp-image-2255\" width=\"480\" height=\"360\" srcset=\"https:\/\/i1.wp.com\/retotmp.valnaloneduca.com\/wp-content\/uploads\/2022\/05\/trabajando-grupo.jpg?resize=1024%2C768&amp;ssl=1 1024w, https:\/\/i1.wp.com\/retotmp.valnaloneduca.com\/wp-content\/uploads\/2022\/05\/trabajando-grupo.jpg?resize=300%2C225&amp;ssl=1 300w, https:\/\/i1.wp.com\/retotmp.valnaloneduca.com\/wp-content\/uploads\/2022\/05\/trabajando-grupo.jpg?resize=768%2C576&amp;ssl=1 768w, https:\/\/i1.wp.com\/retotmp.valnaloneduca.com\/wp-content\/uploads\/2022\/05\/trabajando-grupo.jpg?resize=1536%2C1152&amp;ssl=1 1536w, https:\/\/i1.wp.com\/retotmp.valnaloneduca.com\/wp-content\/uploads\/2022\/05\/trabajando-grupo.jpg?resize=2048%2C1536&amp;ssl=1 2048w, https:\/\/i1.wp.com\/retotmp.valnaloneduca.com\/wp-content\/uploads\/2022\/05\/trabajando-grupo.jpg?resize=600%2C450&amp;ssl=1 600w, https:\/\/i1.wp.com\/retotmp.valnaloneduca.com\/wp-content\/uploads\/2022\/05\/trabajando-grupo.jpg?w=1820 1820w\" sizes=\"(max-width: 480px) 100vw, 480px\" data-recalc-dims=\"1\" \/><figcaption>Trabajando<\/figcaption><\/figure><\/div>\n\n\n\n<div class=\"wp-block-image\"><figure class=\"aligncenter size-large is-resized\"><img loading=\"lazy\" src=\"https:\/\/i2.wp.com\/retotmp.valnaloneduca.com\/wp-content\/uploads\/2022\/05\/trabajando-equipo-1024x768.jpg?resize=485%2C364&#038;ssl=1\" alt=\"\" class=\"wp-image-2256\" width=\"485\" height=\"364\" srcset=\"https:\/\/i1.wp.com\/retotmp.valnaloneduca.com\/wp-content\/uploads\/2022\/05\/trabajando-equipo.jpg?resize=1024%2C768&amp;ssl=1 1024w, https:\/\/i1.wp.com\/retotmp.valnaloneduca.com\/wp-content\/uploads\/2022\/05\/trabajando-equipo.jpg?resize=300%2C225&amp;ssl=1 300w, https:\/\/i1.wp.com\/retotmp.valnaloneduca.com\/wp-content\/uploads\/2022\/05\/trabajando-equipo.jpg?resize=768%2C576&amp;ssl=1 768w, https:\/\/i1.wp.com\/retotmp.valnaloneduca.com\/wp-content\/uploads\/2022\/05\/trabajando-equipo.jpg?resize=1536%2C1152&amp;ssl=1 1536w, https:\/\/i1.wp.com\/retotmp.valnaloneduca.com\/wp-content\/uploads\/2022\/05\/trabajando-equipo.jpg?resize=2048%2C1536&amp;ssl=1 2048w, https:\/\/i1.wp.com\/retotmp.valnaloneduca.com\/wp-content\/uploads\/2022\/05\/trabajando-equipo.jpg?resize=600%2C450&amp;ssl=1 600w, https:\/\/i1.wp.com\/retotmp.valnaloneduca.com\/wp-content\/uploads\/2022\/05\/trabajando-equipo.jpg?w=1820 1820w\" sizes=\"(max-width: 485px) 100vw, 485px\" data-recalc-dims=\"1\" \/><figcaption>Trabajando<\/figcaption><\/figure><\/div>\n\n\n\n<div class=\"wp-block-image\"><figure class=\"aligncenter size-large is-resized\"><img loading=\"lazy\" src=\"https:\/\/i0.wp.com\/retotmp.valnaloneduca.com\/wp-content\/uploads\/2022\/05\/trabajando-equipo2-1024x768.jpg?resize=483%2C362&#038;ssl=1\" alt=\"\" class=\"wp-image-2257\" width=\"483\" height=\"362\" srcset=\"https:\/\/i2.wp.com\/retotmp.valnaloneduca.com\/wp-content\/uploads\/2022\/05\/trabajando-equipo2.jpg?resize=1024%2C768&amp;ssl=1 1024w, https:\/\/i2.wp.com\/retotmp.valnaloneduca.com\/wp-content\/uploads\/2022\/05\/trabajando-equipo2.jpg?resize=300%2C225&amp;ssl=1 300w, https:\/\/i2.wp.com\/retotmp.valnaloneduca.com\/wp-content\/uploads\/2022\/05\/trabajando-equipo2.jpg?resize=768%2C576&amp;ssl=1 768w, https:\/\/i2.wp.com\/retotmp.valnaloneduca.com\/wp-content\/uploads\/2022\/05\/trabajando-equipo2.jpg?resize=1536%2C1152&amp;ssl=1 1536w, https:\/\/i2.wp.com\/retotmp.valnaloneduca.com\/wp-content\/uploads\/2022\/05\/trabajando-equipo2.jpg?resize=2048%2C1536&amp;ssl=1 2048w, https:\/\/i2.wp.com\/retotmp.valnaloneduca.com\/wp-content\/uploads\/2022\/05\/trabajando-equipo2.jpg?resize=600%2C450&amp;ssl=1 600w, https:\/\/i2.wp.com\/retotmp.valnaloneduca.com\/wp-content\/uploads\/2022\/05\/trabajando-equipo2.jpg?w=1820 1820w\" sizes=\"(max-width: 483px) 100vw, 483px\" data-recalc-dims=\"1\" \/><figcaption>Trabajando<\/figcaption><\/figure><\/div>\n\n\n\n<div class=\"wp-block-image\"><figure class=\"aligncenter size-large is-resized\"><img loading=\"lazy\" src=\"https:\/\/i2.wp.com\/retotmp.valnaloneduca.com\/wp-content\/uploads\/2022\/05\/trabajando-equipo-1-1024x768.jpg?resize=488%2C366&#038;ssl=1\" alt=\"\" class=\"wp-image-2258\" width=\"488\" height=\"366\" srcset=\"https:\/\/i1.wp.com\/retotmp.valnaloneduca.com\/wp-content\/uploads\/2022\/05\/trabajando-equipo-1.jpg?resize=1024%2C768&amp;ssl=1 1024w, https:\/\/i1.wp.com\/retotmp.valnaloneduca.com\/wp-content\/uploads\/2022\/05\/trabajando-equipo-1.jpg?resize=300%2C225&amp;ssl=1 300w, https:\/\/i1.wp.com\/retotmp.valnaloneduca.com\/wp-content\/uploads\/2022\/05\/trabajando-equipo-1.jpg?resize=768%2C576&amp;ssl=1 768w, https:\/\/i1.wp.com\/retotmp.valnaloneduca.com\/wp-content\/uploads\/2022\/05\/trabajando-equipo-1.jpg?resize=1536%2C1152&amp;ssl=1 1536w, https:\/\/i1.wp.com\/retotmp.valnaloneduca.com\/wp-content\/uploads\/2022\/05\/trabajando-equipo-1.jpg?resize=2048%2C1536&amp;ssl=1 2048w, https:\/\/i1.wp.com\/retotmp.valnaloneduca.com\/wp-content\/uploads\/2022\/05\/trabajando-equipo-1.jpg?resize=600%2C450&amp;ssl=1 600w, https:\/\/i1.wp.com\/retotmp.valnaloneduca.com\/wp-content\/uploads\/2022\/05\/trabajando-equipo-1.jpg?w=1820 1820w\" sizes=\"(max-width: 488px) 100vw, 488px\" data-recalc-dims=\"1\" \/><figcaption>Trabajando<\/figcaption><\/figure><\/div>\n\n\n\n<p>Ha llegado el momento de<strong> comunicar <\/strong>a la directora todo lo trabajado hasta hoy.<\/p>\n\n\n\n<div class=\"wp-block-image\"><figure class=\"aligncenter size-large is-resized\"><img loading=\"lazy\" src=\"https:\/\/i0.wp.com\/retotmp.valnaloneduca.com\/wp-content\/uploads\/2022\/06\/CMN-1024x768.jpg?resize=492%2C369&#038;ssl=1\" alt=\"\" class=\"wp-image-2271\" width=\"492\" height=\"369\" srcset=\"https:\/\/i0.wp.com\/retotmp.valnaloneduca.com\/wp-content\/uploads\/2022\/06\/CMN.jpg?resize=1024%2C768&amp;ssl=1 1024w, https:\/\/i0.wp.com\/retotmp.valnaloneduca.com\/wp-content\/uploads\/2022\/06\/CMN.jpg?resize=300%2C225&amp;ssl=1 300w, https:\/\/i0.wp.com\/retotmp.valnaloneduca.com\/wp-content\/uploads\/2022\/06\/CMN.jpg?resize=768%2C576&amp;ssl=1 768w, https:\/\/i0.wp.com\/retotmp.valnaloneduca.com\/wp-content\/uploads\/2022\/06\/CMN.jpg?resize=1536%2C1152&amp;ssl=1 1536w, https:\/\/i0.wp.com\/retotmp.valnaloneduca.com\/wp-content\/uploads\/2022\/06\/CMN.jpg?resize=2048%2C1536&amp;ssl=1 2048w, https:\/\/i0.wp.com\/retotmp.valnaloneduca.com\/wp-content\/uploads\/2022\/06\/CMN.jpg?resize=600%2C450&amp;ssl=1 600w, https:\/\/i0.wp.com\/retotmp.valnaloneduca.com\/wp-content\/uploads\/2022\/06\/CMN.jpg?w=1820 1820w\" sizes=\"(max-width: 492px) 100vw, 492px\" data-recalc-dims=\"1\" \/><figcaption>Comunicando<\/figcaption><\/figure><\/div>\n\n\n\n<p><strong>El alumnado ha detectado posibles mejoras en su centro educativo, las han expuesto y han dado sus soluciones<\/strong>. Las directora las ha apuntado y las estudiar\u00e1 con el equipo directivo.<\/p>\n\n\n\n<div class=\"wp-block-image\"><figure class=\"aligncenter size-large is-resized\"><img loading=\"lazy\" src=\"https:\/\/i0.wp.com\/retotmp.valnaloneduca.com\/wp-content\/uploads\/2022\/06\/PUBLICO-1024x768.jpg?resize=579%2C434&#038;ssl=1\" alt=\"\" class=\"wp-image-2273\" width=\"579\" height=\"434\" srcset=\"https:\/\/i2.wp.com\/retotmp.valnaloneduca.com\/wp-content\/uploads\/2022\/06\/PUBLICO.jpg?resize=1024%2C768&amp;ssl=1 1024w, https:\/\/i2.wp.com\/retotmp.valnaloneduca.com\/wp-content\/uploads\/2022\/06\/PUBLICO.jpg?resize=300%2C225&amp;ssl=1 300w, https:\/\/i2.wp.com\/retotmp.valnaloneduca.com\/wp-content\/uploads\/2022\/06\/PUBLICO.jpg?resize=768%2C576&amp;ssl=1 768w, https:\/\/i2.wp.com\/retotmp.valnaloneduca.com\/wp-content\/uploads\/2022\/06\/PUBLICO.jpg?resize=1536%2C1152&amp;ssl=1 1536w, https:\/\/i2.wp.com\/retotmp.valnaloneduca.com\/wp-content\/uploads\/2022\/06\/PUBLICO.jpg?resize=2048%2C1536&amp;ssl=1 2048w, https:\/\/i2.wp.com\/retotmp.valnaloneduca.com\/wp-content\/uploads\/2022\/06\/PUBLICO.jpg?resize=600%2C450&amp;ssl=1 600w, https:\/\/i2.wp.com\/retotmp.valnaloneduca.com\/wp-content\/uploads\/2022\/06\/PUBLICO.jpg?w=1820 1820w\" sizes=\"(max-width: 579px) 100vw, 579px\" data-recalc-dims=\"1\" \/><figcaption>Alumnado<\/figcaption><\/figure><\/div>\n\n\n\n<p><strong>Dichas acciones<\/strong> van desde la adecuaci\u00f3n a determinadas instalaciones del centro, a tema de viaje de estudios, distribuci\u00f3n y organizaci\u00f3n de ubicaci\u00f3n de las diferentes especialidades de bachiller, utilizaci\u00f3n de m\u00f3viles en el espacio educativo&#8230;..<\/p>\n\n\n\n<div class=\"wp-block-image\"><figure class=\"aligncenter size-large is-resized\"><img loading=\"lazy\" src=\"https:\/\/i0.wp.com\/retotmp.valnaloneduca.com\/wp-content\/uploads\/2022\/06\/MESA-REDONDA-1024x768.jpg?resize=465%2C349&#038;ssl=1\" alt=\"\" class=\"wp-image-2272\" width=\"465\" height=\"349\" srcset=\"https:\/\/i0.wp.com\/retotmp.valnaloneduca.com\/wp-content\/uploads\/2022\/06\/MESA-REDONDA.jpg?resize=1024%2C768&amp;ssl=1 1024w, https:\/\/i0.wp.com\/retotmp.valnaloneduca.com\/wp-content\/uploads\/2022\/06\/MESA-REDONDA.jpg?resize=300%2C225&amp;ssl=1 300w, https:\/\/i0.wp.com\/retotmp.valnaloneduca.com\/wp-content\/uploads\/2022\/06\/MESA-REDONDA.jpg?resize=768%2C576&amp;ssl=1 768w, https:\/\/i0.wp.com\/retotmp.valnaloneduca.com\/wp-content\/uploads\/2022\/06\/MESA-REDONDA.jpg?resize=1536%2C1152&amp;ssl=1 1536w, https:\/\/i0.wp.com\/retotmp.valnaloneduca.com\/wp-content\/uploads\/2022\/06\/MESA-REDONDA.jpg?resize=2048%2C1536&amp;ssl=1 2048w, https:\/\/i0.wp.com\/retotmp.valnaloneduca.com\/wp-content\/uploads\/2022\/06\/MESA-REDONDA.jpg?resize=600%2C450&amp;ssl=1 600w, https:\/\/i0.wp.com\/retotmp.valnaloneduca.com\/wp-content\/uploads\/2022\/06\/MESA-REDONDA.jpg?w=1820 1820w\" sizes=\"(max-width: 465px) 100vw, 465px\" data-recalc-dims=\"1\" \/><figcaption>Mesa redonda<\/figcaption><\/figure><\/div>\n\n\n\n<p>Al final de las exposiciones realizamos <strong>una mesa redonda <\/strong>con la directora, la profesora de econom\u00eda y el alumnado, para rebatir todo lo expuesto.<\/p>\n\n\n\n<p>El alumnado se lo ha trabajado y han saco cosas positivas del curso. Han visto lo positivo de la metodolog\u00eda y del sentido que tiene a la hora de enfrentarse a los <strong>RETOS<\/strong>. <\/p>\n\n\n\n<p>Agradecer al alumnado, a su profesorado como a la direcci\u00f3n del centro educativo por su <strong>implicaci\u00f3n<\/strong> a la hora de desarrollar el curso en sus instalaciones.<\/p>\n\n\n\n<p><\/p>\n","protected":false},"excerpt":{"rendered":"<p>En los meses de mayo y junio realizaremos&nbsp;un RETO de Taller para Emprender (tmp) en el COLEGIO LA COROLLA de<\/p>\n","protected":false},"author":3,"featured_media":0,"comment_status":"open","ping_status":"open","sticky":false,"template":"","format":"standard","meta":{"spay_email":""},"categories":[79,55],"tags":[],"jetpack_featured_media_url":"","jetpack-related-posts":[{"id":2027,"url":"https:\/\/retotmp.valnaloneduca.com\/?p=2027","url_meta":{"origin":2222,"position":0},"title":"COLEGIO LA COROLLA GIJ\u00d3N 2020-21","date":"mayo 10, 2021","format":false,"excerpt":"En el mes de abril realizamos\u00a0 un RETO ON LINE de Taller para Emprender (tmp) en el COLEGIO LA COROLLA de Gij\u00f3n. En\u00a0la primera sesi\u00f3n\u00a0ha definido el RETO\u00a0 su profesora de econom\u00eda , para que vean lo que tienen que trabajar durante estas sesiones. El\u00a0reto\u00a0se basa en\u00a0buscar ideas nuevas para\u2026","rel":"","context":"En \u00abColegio Corolla 2020-2021\u00bb","img":{"alt_text":"","src":"https:\/\/i2.wp.com\/retotmp.valnaloneduca.com\/wp-content\/uploads\/2021\/05\/almn-trabajando-blog.jpg?resize=350%2C200&ssl=1","width":350,"height":200},"classes":[]},{"id":996,"url":"https:\/\/retotmp.valnaloneduca.com\/?p=996","url_meta":{"origin":2222,"position":1},"title":"Cobayas en apuros para m\u00f3viles o smart TV","date":"abril 16, 2019","format":false,"excerpt":"Estudiantes de 1\u00ba de Bachiller del colegio la Corolla ya est\u00e1n trabajando para dar respuesta al reto lanzado por Pablo GarMen de Cuicui Studios: Dise\u00f1ar un juego educativo para m\u00f3vil o smart TV que tendr\u00e1 como protagonista a la cobaya de su imagen corporativa. Juego, inteligencias m\u00faltiples, dise\u00f1o, rentabilidad, ...veamos\u2026","rel":"","context":"En \u00abColegio La Corolla\u00bb","img":{"alt_text":"","src":"https:\/\/i0.wp.com\/retotmp.valnaloneduca.com\/wp-content\/uploads\/2019\/04\/col_corolla-cuicuistudios-1.jpg?resize=350%2C200","width":350,"height":200},"classes":[]},{"id":2171,"url":"https:\/\/retotmp.valnaloneduca.com\/?p=2171","url_meta":{"origin":2222,"position":2},"title":"COLEGIO VIRGEN MEDIADORA-LAS DOMINICAS-GIJ\u00d3N   2021-22","date":"abril 8, 2022","format":false,"excerpt":"En el mes de abril vamos a realizar\u00a0un RETO de Taller para Emprender (tmp) en el COLEGIO VIRGEN MEDIADORA-LAS DOMINICAS de Gij\u00f3n a dos cursos de 1\u00ba de bachiller a diferentes horas pero mismo d\u00eda. Hemos empezado\u00a0el RETO\u00a0con el alumnado de\u00a01\u00ba bachiller A y en las siguientes horas lo hicimos\u2026","rel":"","context":"En \u00abColegio Virgen mediadora las dominicas 2021-2022\u00bb","img":{"alt_text":"","src":"https:\/\/i1.wp.com\/retotmp.valnaloneduca.com\/wp-content\/uploads\/2022\/05\/Ideas-selcc.jpg?resize=350%2C200&ssl=1","width":350,"height":200},"classes":[]},{"id":2819,"url":"https:\/\/retotmp.valnaloneduca.com\/?p=2819","url_meta":{"origin":2222,"position":3},"title":"ESCUELA DE SEGUNDA OPORTUNIDAD GIJ\u00d3N 2024-25","date":"marzo 21, 2025","format":false,"excerpt":"En el mes de\u00a0marzo y abril\u00a0vamos a realizar\u00a0\u00a0un RETO\u00a0de Taller para Emprender\u00a0(tmp) en la escuela de segunda oportunidad\u00a0donde han colaborado tanto\u00a0la escuela como la agencia local de promoci\u00f3n econ\u00f3mica\u00a0https:\/\/www.facebook.com\/EmpleoGijon\u00a0del ayuntamiento de Gij\u00f3n. El\u00a0RETO\u00a0nos lo pondr\u00e1\u00a0https:\/\/immersiveoasis.io\/es que nos lo definir\u00e1 en la sesi\u00f3n donde iremos a visitar sus instalaciones y conocer\u2026","rel":"","context":"En \u00abCurso 2024-2025\u00bb","img":{"alt_text":"","src":"https:\/\/i2.wp.com\/retotmp.valnaloneduca.com\/wp-content\/uploads\/2025\/04\/image-4.png?resize=350%2C200&ssl=1","width":350,"height":200},"classes":[]},{"id":2234,"url":"https:\/\/retotmp.valnaloneduca.com\/?p=2234","url_meta":{"origin":2222,"position":4},"title":"ESCUELA 2\u00ba OPORTUNIDAD-GIJ\u00d3N 2021-22","date":"mayo 24, 2022","format":false,"excerpt":"En los meses de mayo y junio realizaremos\u00a0\u00a0un RETO de Taller para Emprender\u00a0(tmp) en la escuela de segunda oportunidad\u00a0donde est\u00e1n colaborado tanto\u00a0la escuela como la agencia local de promoci\u00f3n econ\u00f3mica\u00a0 https:\/\/www.facebook.com\/EmpleoGijon\u00a0del ayuntamiento de Gij\u00f3n. Calentando motores El\u00a0RETO\u00a0nos lo propone la empresa \u00a0PUERTO DEPORTIVO GIJ\u00d3N http:\/\/www.puertodeportivogijon.es comunicado por Flor Guardado-Directora de\u2026","rel":"","context":"En \u00abCurso 2021-2022\u00bb","img":{"alt_text":"","src":"https:\/\/i0.wp.com\/retotmp.valnaloneduca.com\/wp-content\/uploads\/2022\/06\/mesa-redonda.png?resize=350%2C200&ssl=1","width":350,"height":200},"classes":[]},{"id":2933,"url":"https:\/\/retotmp.valnaloneduca.com\/?p=2933","url_meta":{"origin":2222,"position":5},"title":"COLEGIO VIRGEN MEDIADORA-LAS DOMINICAS-GIJ\u00d3N 2025-26","date":"abril 14, 2026","format":false,"excerpt":"En el mes de abril estamos realizando\u00a0un RETO de Taller para Emprender (tmp) en el COLEGIO VIRGEN MEDIADORA-LAS DOMINICAS de Gij\u00f3n\u00a0a dos cursos de\u00a01\u00ba de bachiller A y B. Isabel G\u00f3mez-El Comercio Este a\u00f1o colaboramos con \u00a0El Comercio\u00a0, en cuya representaci\u00f3n acude Isabel G\u00f3mez, editora y estratega digital de la\u2026","rel":"","context":"En \u00abColegio Virgen Mediadora-Dominicas 2025-26\u00bb","img":{"alt_text":"","src":"https:\/\/i1.wp.com\/retotmp.valnaloneduca.com\/wp-content\/uploads\/2026\/04\/entrevistas.jpg?resize=350%2C200&ssl=1","width":350,"height":200},"classes":[]}],"_links":{"self":[{"href":"https:\/\/retotmp.valnaloneduca.com\/index.php?rest_route=\/wp\/v2\/posts\/2222"}],"collection":[{"href":"https:\/\/retotmp.valnaloneduca.com\/index.php?rest_route=\/wp\/v2\/posts"}],"about":[{"href":"https:\/\/retotmp.valnaloneduca.com\/index.php?rest_route=\/wp\/v2\/types\/post"}],"author":[{"embeddable":true,"href":"https:\/\/retotmp.valnaloneduca.com\/index.php?rest_route=\/wp\/v2\/users\/3"}],"replies":[{"embeddable":true,"href":"https:\/\/retotmp.valnaloneduca.com\/index.php?rest_route=%2Fwp%2Fv2%2Fcomments&post=2222"}],"version-history":[{"count":5,"href":"https:\/\/retotmp.valnaloneduca.com\/index.php?rest_route=\/wp\/v2\/posts\/2222\/revisions"}],"predecessor-version":[{"id":2274,"href":"https:\/\/retotmp.valnaloneduca.com\/index.php?rest_route=\/wp\/v2\/posts\/2222\/revisions\/2274"}],"wp:attachment":[{"href":"https:\/\/retotmp.valnaloneduca.com\/index.php?rest_route=%2Fwp%2Fv2%2Fmedia&parent=2222"}],"wp:term":[{"taxonomy":"category","embeddable":true,"href":"https:\/\/retotmp.valnaloneduca.com\/index.php?rest_route=%2Fwp%2Fv2%2Fcategories&post=2222"},{"taxonomy":"post_tag","embeddable":true,"href":"https:\/\/retotmp.valnaloneduca.com\/index.php?rest_route=%2Fwp%2Fv2%2Ftags&post=2222"}],"curies":[{"name":"wp","href":"https:\/\/api.w.org\/{rel}","templated":true}]}}