{"id":2421,"date":"2023-03-07T09:29:00","date_gmt":"2023-03-07T09:29:00","guid":{"rendered":"https:\/\/retotmp.valnaloneduca.com\/?p=2421"},"modified":"2023-04-02T22:52:09","modified_gmt":"2023-04-02T22:52:09","slug":"ies-doctor-fleming-2022-2023","status":"publish","type":"post","link":"https:\/\/retotmp.valnaloneduca.com\/?p=2421","title":{"rendered":"IES Doctor Fleming 2022-2023"},"content":{"rendered":"\n<p>En el presente curso escolar y como viene siendo habitual desde el curso 2019-2020, el <strong>IES Doctor Fleming<\/strong> (Oviedo) particip\u00f3 en el proyecto <strong>Reto TMP<\/strong>, actividad organizada por <a rel=\"noreferrer noopener\" href=\"http:\/\/www.valnaloneduca.com\/\" target=\"_blank\"><strong>Valnal\u00f3n<\/strong><\/a> y dirigida a estudiantes de 1\u00ba Bachillerato (en este caso dos grupos de Humanidades y Ciencias Sociales). En el presente curso escolar contamos con la participaci\u00f3n de un total de 43 alumnos y alumnas, en dos cursos Reto TMP diferentes desarrollados entre enero y marzo. Este curso la actividad tuvo una vertiente cultural y fue planteada por la <strong><a rel=\"noreferrer noopener\" href=\"https:\/\/amigosmuseobbaa.com\" data-type=\"URL\" data-id=\"https:\/\/amigosmuseobbaa.com\" target=\"_blank\">Asociaci\u00f3n Amigos del Museo de Bellas Artes de Asturias<\/a><\/strong> que como parte de sus acciones tuvo a bien colaborar con esta actividad educativa. Para ello contamos con la presencia y apoyo constante de <strong>Alfonso Mart\u00ednez<\/strong> (presidente), <strong>Carlos Osoro<\/strong> y <strong>Eduardo S\u00e1nchez<\/strong> (responsables de actividades para j\u00f3venes y escolares).<\/p>\n\n\n\n<div class=\"wp-block-image\"><figure class=\"aligncenter size-large\"><img loading=\"lazy\" width=\"910\" height=\"496\" src=\"https:\/\/i0.wp.com\/retotmp.valnaloneduca.com\/wp-content\/uploads\/2023\/04\/sesion1-1024x558.jpg?resize=910%2C496&#038;ssl=1\" alt=\"\" class=\"wp-image-2422\" srcset=\"https:\/\/i0.wp.com\/retotmp.valnaloneduca.com\/wp-content\/uploads\/2023\/04\/sesion1.jpg?resize=1024%2C558&amp;ssl=1 1024w, https:\/\/i0.wp.com\/retotmp.valnaloneduca.com\/wp-content\/uploads\/2023\/04\/sesion1.jpg?resize=300%2C163&amp;ssl=1 300w, https:\/\/i0.wp.com\/retotmp.valnaloneduca.com\/wp-content\/uploads\/2023\/04\/sesion1.jpg?resize=768%2C418&amp;ssl=1 768w, https:\/\/i0.wp.com\/retotmp.valnaloneduca.com\/wp-content\/uploads\/2023\/04\/sesion1.jpg?w=1500&amp;ssl=1 1500w\" sizes=\"(max-width: 910px) 100vw, 910px\" data-recalc-dims=\"1\" \/><\/figure><\/div>\n\n\n\n<p>Los dos retos se desarrollaron de forma simult\u00e1nea y fueron guiados por uno te los t\u00e9cnicos de Valnal\u00f3n que actu\u00f3 de facilitador a lo largo de cuatro sesiones presenciales, la primera (presentaci\u00f3n de los retos) y la \u00faltima (presentaci\u00f3n de soluciones) acompa\u00f1ados de los responsables del museo. M\u00e1s all\u00e1 de estas sesiones, <strong>\u00c1ngeles Luengo<\/strong> y <strong>Pilar Gallego<\/strong>, profesoras de econom\u00eda, facilitaron el proceso de organizaci\u00f3n de los equipos, cediendo adem\u00e1s horas de clase para que el alumnado continuara avanzando las tareas planteadas en las sesiones presenciales, algo necesario para conseguir completar el proceso de trabajo.<\/p>\n\n\n\n<p>La propuesta de retos tuvo lugar en la primera sesi\u00f3n, tras la presentaci\u00f3n por parte de la asociaci\u00f3n. En este momento se aprovecha no solamente para presentar los retos, ya que una parte muy interesante de este primer contacto es dar a conocer la asociaci\u00f3n, sus objetivos, filosof\u00eda y valores. De esta forma el alumnado puede conocer el valor e importancia de la cultura y el arte, as\u00ed como la labor de las asociaciones que velan por su conservaci\u00f3n y difusi\u00f3n.<\/p>\n\n\n\n<p>Los retos planteados son dos:<br><strong>Reto 1: <\/strong>\u2013 \u00bfC\u00f3mo aumentar el n\u00famero de<em> Amigos<\/em>?<br><strong>Reto 2: <\/strong>\u2013 \u00bfC\u00f3mo atraer a los j\u00f3venes asturianos al Museo?<\/p>\n\n\n\n<p>Como es habitual en este formato de trabajo, para encontrar soluciones a los retos se sigue una adaptaci\u00f3n de la metodolog\u00eda <a href=\"http:\/\/www.designthinking.es\/\" target=\"_blank\" rel=\"noreferrer noopener\"><strong>Desing Thinking<\/strong><\/a> completando cada una de sus fases: <strong>Empatizar<\/strong>, <strong>Definir<\/strong>, <strong>Idear<\/strong>, <strong>Prototipar<\/strong>, <strong>Evaluar<\/strong>. Los grupos se organizan con las ayuda de las profesoras para repartirse los retos y a su vez se subdividen en distintos equipos y trabajan siguiendo el mismo proceso de forma aut\u00f3noma.<\/p>\n\n\n\n<div class=\"wp-block-image\"><figure class=\"aligncenter size-large\"><img loading=\"lazy\" width=\"910\" height=\"512\" src=\"https:\/\/i1.wp.com\/retotmp.valnaloneduca.com\/wp-content\/uploads\/2023\/04\/sesion2-1024x576.jpg?resize=910%2C512&#038;ssl=1\" alt=\"\" class=\"wp-image-2423\" srcset=\"https:\/\/i2.wp.com\/retotmp.valnaloneduca.com\/wp-content\/uploads\/2023\/04\/sesion2.jpg?resize=1024%2C576&amp;ssl=1 1024w, https:\/\/i2.wp.com\/retotmp.valnaloneduca.com\/wp-content\/uploads\/2023\/04\/sesion2.jpg?resize=300%2C169&amp;ssl=1 300w, https:\/\/i2.wp.com\/retotmp.valnaloneduca.com\/wp-content\/uploads\/2023\/04\/sesion2.jpg?resize=768%2C432&amp;ssl=1 768w, https:\/\/i2.wp.com\/retotmp.valnaloneduca.com\/wp-content\/uploads\/2023\/04\/sesion2.jpg?w=1280&amp;ssl=1 1280w\" sizes=\"(max-width: 910px) 100vw, 910px\" data-recalc-dims=\"1\" \/><\/figure><\/div>\n\n\n\n<p>Tras la primera sesi\u00f3n, ambos grupos fueron invitados a realizar una visita guiada al museo en la que miembros de la asociaci\u00f3n fueron ilustrando a los estudiantes sobre las particularidades de un buen n\u00famero de obras as\u00ed como de las caracter\u00edsticas e historia del museo y de los edificios que lo albergan. Tras la visita, los equipos avanzan en el proceso de resoluci\u00f3n de estos retos siguiendo el esquema de trabajo Design Thinking para buscar y compartir informaci\u00f3n relevante, generar y seleccionar ideas y elaboraci\u00f3n de prototipos para presentar sus soluciones a los problemas planteados.<\/p>\n\n\n\n<div class=\"wp-block-image\"><figure class=\"aligncenter size-large\"><img loading=\"lazy\" width=\"910\" height=\"675\" src=\"https:\/\/i0.wp.com\/retotmp.valnaloneduca.com\/wp-content\/uploads\/2023\/04\/sesion4-1024x759.jpg?resize=910%2C675&#038;ssl=1\" alt=\"\" class=\"wp-image-2424\" srcset=\"https:\/\/i0.wp.com\/retotmp.valnaloneduca.com\/wp-content\/uploads\/2023\/04\/sesion4.jpg?resize=1024%2C759&amp;ssl=1 1024w, https:\/\/i0.wp.com\/retotmp.valnaloneduca.com\/wp-content\/uploads\/2023\/04\/sesion4.jpg?resize=300%2C222&amp;ssl=1 300w, https:\/\/i0.wp.com\/retotmp.valnaloneduca.com\/wp-content\/uploads\/2023\/04\/sesion4.jpg?resize=768%2C569&amp;ssl=1 768w, https:\/\/i0.wp.com\/retotmp.valnaloneduca.com\/wp-content\/uploads\/2023\/04\/sesion4.jpg?w=1500&amp;ssl=1 1500w\" sizes=\"(max-width: 910px) 100vw, 910px\" data-recalc-dims=\"1\" \/><\/figure><\/div>\n\n\n\n<p>Algunas de las ideas propuestas como soluci\u00f3n y presentadas en la sesi\u00f3n final por parte de los distintos equipos fueron las siguientes:<\/p>\n\n\n\n<p><strong>Reto 1<\/strong> \u2013 \u00bfC\u00f3mo aumentar el n\u00famero de <em>Amigos<\/em>?<br>&#8211; Mejora integral de redes sociales<br>&#8211; Mejorar la difusi\u00f3n de las actividades a trav\u00e9s de la organizaci\u00f3n de charla y con el uso de folletos y carteler\u00eda informativa<br>&#8211; Creaci\u00f3n de tarjeta de asociado para familias<br>&#8211; Bonos de descuento en comercio local asociados al carn\u00e9 de amigo del museo<br>&#8211; Puesta en marcha de talleres orientados a p\u00fablico juvenil e infantil<br>&#8211; B\u00fasqueda de colaboradores externos que puedan atraer a j\u00f3venes<br>&#8211; Mejorar la presencia online<\/p>\n\n\n\n<p><strong>Reto 2:<\/strong><strong> <\/strong>\u2013 \u00bfC\u00f3mo atraer a los j\u00f3venes asturianos al Museo?<br>&#8211; Creaci\u00f3n de una zona de descanso en el museo con cafeter\u00eda propia<br>&#8211; Realizaci\u00f3n de actividades art\u00edsticas destinadas a j\u00f3venes (talleres de grafiti, presentaciones de libros, recitales de poes\u00eda, etc.)<br>&#8211; Creaci\u00f3n de una sala espec\u00edfica de arte urbano<br>&#8211; Creaci\u00f3n y uso de una cuenta de Tik Tok<br>&#8211; Pues en marcha de actividades complementarias a las visitas que resulten de inter\u00e9s para j\u00f3venes (Ej.: escape room)<\/p>\n\n\n\n<figure class=\"wp-block-image size-large\"><img loading=\"lazy\" width=\"910\" height=\"512\" src=\"https:\/\/i1.wp.com\/retotmp.valnaloneduca.com\/wp-content\/uploads\/2023\/04\/sesion5-1024x576.jpg?resize=910%2C512&#038;ssl=1\" alt=\"\" class=\"wp-image-2425\" srcset=\"https:\/\/i2.wp.com\/retotmp.valnaloneduca.com\/wp-content\/uploads\/2023\/04\/sesion5.jpg?resize=1024%2C576&amp;ssl=1 1024w, https:\/\/i2.wp.com\/retotmp.valnaloneduca.com\/wp-content\/uploads\/2023\/04\/sesion5.jpg?resize=300%2C169&amp;ssl=1 300w, https:\/\/i2.wp.com\/retotmp.valnaloneduca.com\/wp-content\/uploads\/2023\/04\/sesion5.jpg?resize=768%2C432&amp;ssl=1 768w, https:\/\/i2.wp.com\/retotmp.valnaloneduca.com\/wp-content\/uploads\/2023\/04\/sesion5.jpg?resize=1360%2C765&amp;ssl=1 1360w, https:\/\/i2.wp.com\/retotmp.valnaloneduca.com\/wp-content\/uploads\/2023\/04\/sesion5.jpg?w=1500&amp;ssl=1 1500w\" sizes=\"(max-width: 910px) 100vw, 910px\" data-recalc-dims=\"1\" \/><\/figure>\n\n\n\n<p>En la sesi\u00f3n final los equipos tuvieron la oportunidad de presentar el resultado a los miembros de la asocaici\u00f3n que nos acompa\u00f1aron al inicio del proyecto que adem\u00e1s de escuchar atentamente las propuestas tambi\u00e9n realizaron una valoraci\u00f3n de las mismas as\u00ed como la puesta en com\u00fan de opiniones aportando feedback a cada equipo. La experiencia result\u00f3 de mucho inter\u00e9s para todas las partes implicadas. Adem\u00e1s la actividad ha sido valiosa por permitir a los estudiantes descubrir el <strong><a rel=\"noreferrer noopener\" href=\"http:\/\/www.museobbaa.com\" data-type=\"URL\" data-id=\"http:\/\/www.museobbaa.com\" target=\"_blank\">Museo de Bellas Artes de Asturias<\/a><\/strong> y la importancia de conservar y difundir el arte y la cultura y la importancia de las asociaciones que de manera desinteresada apuestan por esta labor.<\/p>\n\n\n\n<p>Esperamos que algunas de las ideas puedan ser llevadas a cabo. \u00a1Enhorabuena por el trabajo realizado!<\/p>\n","protected":false},"excerpt":{"rendered":"<p>En el presente curso escolar y como viene siendo habitual desde el curso 2019-2020, el IES Doctor Fleming (Oviedo) particip\u00f3<\/p>\n","protected":false},"author":3,"featured_media":0,"comment_status":"open","ping_status":"open","sticky":false,"template":"","format":"standard","meta":{"spay_email":""},"categories":[81,85],"tags":[88,86,75,89,38,87],"jetpack_featured_media_url":"","jetpack-related-posts":[{"id":1441,"url":"https:\/\/retotmp.valnaloneduca.com\/?p=1441","url_meta":{"origin":2421,"position":0},"title":"Reto Eberibadi: Estrategias de Comunicaci\u00f3n - Sesi\u00f3n 1","date":"febrero 18, 2020","format":false,"excerpt":"El martes 18 de febrero dio comienzo en el IES Doctor Fleming de Oviedo el Reto TMP para estudiantes de 1\u00ba de Bachillerato Humanidades y Ciencias Sociales dentro de la asignatura de Econom\u00eda. Para este trabajo contamos con la participaci\u00f3n de la empresa de experiencias Eberibadi cuya socia promotora, Laura\u2026","rel":"","context":"En \u00abIES Doctor Fleming 2019-2020\u00bb","img":{"alt_text":"IMG_20200218_110041542","src":"https:\/\/i2.wp.com\/retotmp.valnaloneduca.com\/wp-content\/uploads\/2020\/02\/img_20200218_110041542.jpg?resize=350%2C200","width":350,"height":200},"classes":[]},{"id":1904,"url":"https:\/\/retotmp.valnaloneduca.com\/?p=1904","url_meta":{"origin":2421,"position":1},"title":"Reto Eberibadi: Asesinato en Vetusta \u2013 Sesi\u00f3n 4","date":"mayo 7, 2020","format":false,"excerpt":"El Reto TMP planteado por Eberibadi sobre la mejora de su experiencia Asesinato en Vetusta llega a la \u00faltima sesi\u00f3n. Debido al cierre de las aulas a causa del Coronavirus ha hecho imposible que la presentaci\u00f3n de propuestas para resolver el reto se pudiera llevar a cabo tal y como\u2026","rel":"","context":"En \u00abIES Doctor Fleming 2019-2020\u00bb","img":{"alt_text":"hs2fleming","src":"https:\/\/i0.wp.com\/retotmp.valnaloneduca.com\/wp-content\/uploads\/2020\/05\/hs2fleming.jpg?resize=350%2C200","width":350,"height":200},"classes":[]},{"id":1533,"url":"https:\/\/retotmp.valnaloneduca.com\/?p=1533","url_meta":{"origin":2421,"position":2},"title":"Reto Eberibadi: Estrategias de comunicaci\u00f3n - Sesi\u00f3n 2","date":"marzo 4, 2020","format":false,"excerpt":"Esta semana se celebr\u00f3 la segunda sesi\u00f3n de trabajo de uno de los dos Reto TMP desarrollado en el\u00a0IES Doctor Fleming\u00a0de\u00a0Oviedo.\u00a0 Al inicio de esta sesi\u00f3n ese abord\u00f3 las fase de Definici\u00f3n del reto planteado por Eberibadi: \"Como mejorar la comunicaci\u00f3n externa de la empresa a trav\u00e9s de campa\u00f1as de\u2026","rel":"","context":"En \u00abIES Doctor Fleming 2019-2020\u00bb","img":{"alt_text":"IMG_20200303_121027699","src":"https:\/\/i2.wp.com\/retotmp.valnaloneduca.com\/wp-content\/uploads\/2020\/03\/img_20200303_121027699-2.jpg?resize=350%2C200","width":350,"height":200},"classes":[]},{"id":1895,"url":"https:\/\/retotmp.valnaloneduca.com\/?p=1895","url_meta":{"origin":2421,"position":3},"title":"Reto Eberibadi: Estrategias de comunicaci\u00f3n \u2013 Sesi\u00f3n 4","date":"mayo 7, 2020","format":false,"excerpt":"El Reto TMP planteado por Eberibadi sobre la mejora de estrategias de comunicaci\u00f3n de la empresa y sus servicios llega a la \u00faltima sesi\u00f3n. El cierre de las aulas a causa del Coronavirus no ha hecho posible que la presentaci\u00f3n de propuestas para resolver el reto se pudiera llevar a\u2026","rel":"","context":"En \u00abIES Doctor Fleming 2019-2020\u00bb","img":{"alt_text":"hs1fleming","src":"https:\/\/i2.wp.com\/retotmp.valnaloneduca.com\/wp-content\/uploads\/2020\/05\/hs1fleming-3.jpg?resize=350%2C200","width":350,"height":200},"classes":[]},{"id":1995,"url":"https:\/\/retotmp.valnaloneduca.com\/?p=1995","url_meta":{"origin":2421,"position":4},"title":"IES Doctor Fleming 2020-2021","date":"abril 19, 2021","format":false,"excerpt":"Entre enero y abril de 2021 se desarrollaron en el IES Doctor Fleming de Oviedo dos curso Reto TMP organizados por Valnal\u00f3n, con los grupos de 1\u00ba Bachillerato Humanidades y Ciencias Sociales (un total de 46 alumnos y alumnas). Para la ocasi\u00f3n, contamos con la emprendedora Brezo Rub\u00edn de la\u2026","rel":"","context":"En \u00abCurso 2020-2021\u00bb","img":{"alt_text":"","src":"https:\/\/i2.wp.com\/retotmp.valnaloneduca.com\/wp-content\/uploads\/2021\/05\/reto_tu_estrategia_presentacion_ideas-1.jpg?resize=350%2C200&ssl=1","width":350,"height":200},"classes":[]},{"id":2191,"url":"https:\/\/retotmp.valnaloneduca.com\/?p=2191","url_meta":{"origin":2421,"position":5},"title":"IES Doctor Fleming 2021-2022","date":"marzo 14, 2022","format":false,"excerpt":"Un curso m\u00e1s el IES Doctor Fleming (Oviedo) particip\u00f3 en el proyecto Reto TMP, actividad organizada por\u00a0Valnal\u00f3n y dirigida a estudiantes de 1\u00ba Bachillerato (en este caso grupos de Humanidades y Ciencias Sociales). En esta actividad participaron un total de 31 alumnos y alumnas, en dos cursos Reto TMP diferentes\u2026","rel":"","context":"En \u00abCurso 2021-2022\u00bb","img":{"alt_text":"","src":"https:\/\/i0.wp.com\/retotmp.valnaloneduca.com\/wp-content\/uploads\/2022\/04\/fleming1.jpg?resize=350%2C200&ssl=1","width":350,"height":200},"classes":[]}],"_links":{"self":[{"href":"https:\/\/retotmp.valnaloneduca.com\/index.php?rest_route=\/wp\/v2\/posts\/2421"}],"collection":[{"href":"https:\/\/retotmp.valnaloneduca.com\/index.php?rest_route=\/wp\/v2\/posts"}],"about":[{"href":"https:\/\/retotmp.valnaloneduca.com\/index.php?rest_route=\/wp\/v2\/types\/post"}],"author":[{"embeddable":true,"href":"https:\/\/retotmp.valnaloneduca.com\/index.php?rest_route=\/wp\/v2\/users\/3"}],"replies":[{"embeddable":true,"href":"https:\/\/retotmp.valnaloneduca.com\/index.php?rest_route=%2Fwp%2Fv2%2Fcomments&post=2421"}],"version-history":[{"count":11,"href":"https:\/\/retotmp.valnaloneduca.com\/index.php?rest_route=\/wp\/v2\/posts\/2421\/revisions"}],"predecessor-version":[{"id":2441,"href":"https:\/\/retotmp.valnaloneduca.com\/index.php?rest_route=\/wp\/v2\/posts\/2421\/revisions\/2441"}],"wp:attachment":[{"href":"https:\/\/retotmp.valnaloneduca.com\/index.php?rest_route=%2Fwp%2Fv2%2Fmedia&parent=2421"}],"wp:term":[{"taxonomy":"category","embeddable":true,"href":"https:\/\/retotmp.valnaloneduca.com\/index.php?rest_route=%2Fwp%2Fv2%2Fcategories&post=2421"},{"taxonomy":"post_tag","embeddable":true,"href":"https:\/\/retotmp.valnaloneduca.com\/index.php?rest_route=%2Fwp%2Fv2%2Ftags&post=2421"}],"curies":[{"name":"wp","href":"https:\/\/api.w.org\/{rel}","templated":true}]}}