{"id":2443,"date":"2023-03-30T14:12:00","date_gmt":"2023-03-30T14:12:00","guid":{"rendered":"https:\/\/retotmp.valnaloneduca.com\/?p=2443"},"modified":"2023-06-27T07:13:31","modified_gmt":"2023-06-27T07:13:31","slug":"ies-la-eria-2022-2023","status":"publish","type":"post","link":"https:\/\/retotmp.valnaloneduca.com\/?p=2443","title":{"rendered":"IES La Er\u00eda 2022-2023"},"content":{"rendered":"\n<p>Durante el mes de marzo del curso 2022-2023 el grupo de <strong>1\u00ba de Ciclo Formativo de Grado Superior Gesti\u00f3n de Ventas y Espacios Comerciales<\/strong> del <strong>IES La Er\u00eda<\/strong> (Oviedo), con un total de 18 estudiantes, particip\u00f3 en el proyecto <strong>Reto TMP<\/strong>, actividad organizada por <a rel=\"noreferrer noopener\" href=\"http:\/\/www.valnaloneduca.com\/\" target=\"_blank\"><strong>Valnal\u00f3n<\/strong><\/a>. Para la realizaci\u00f3n de este curso tuvimos la posibilidad de contar con la colaboraci\u00f3n de la <strong><a href=\"https:\/\/mercadoartesanoyecologico.com\/\" data-type=\"URL\" data-id=\"https:\/\/mercadoartesanoyecologico.com\/\" target=\"_blank\" rel=\"noreferrer noopener\">Asociaci\u00f3n Mercado Artesano y Ecol\u00f3gico<\/a><\/strong> en cuya representaci\u00f3n acudieron <strong>Javier Ruiz-Cuevas<\/strong> (presidente) y <strong>Emma \u00c1lvarez<\/strong> (tesorera) quienes adem\u00e1s de formar parte activa de la asociaci\u00f3n son tambi\u00e9n emprendedores con una larga e interesante trayectoria a sus espaldas.<\/p>\n\n\n\n<div class=\"wp-block-image\"><figure class=\"aligncenter size-large\"><img loading=\"lazy\" width=\"910\" height=\"512\" src=\"https:\/\/i0.wp.com\/retotmp.valnaloneduca.com\/wp-content\/uploads\/2023\/04\/reto_ies_la_eria-1-1024x576.jpg?resize=910%2C512&#038;ssl=1\" alt=\"\" class=\"wp-image-2444\" srcset=\"https:\/\/i1.wp.com\/retotmp.valnaloneduca.com\/wp-content\/uploads\/2023\/04\/reto_ies_la_eria-1.jpg?resize=1024%2C576&amp;ssl=1 1024w, https:\/\/i1.wp.com\/retotmp.valnaloneduca.com\/wp-content\/uploads\/2023\/04\/reto_ies_la_eria-1.jpg?resize=300%2C169&amp;ssl=1 300w, https:\/\/i1.wp.com\/retotmp.valnaloneduca.com\/wp-content\/uploads\/2023\/04\/reto_ies_la_eria-1.jpg?resize=768%2C432&amp;ssl=1 768w, https:\/\/i1.wp.com\/retotmp.valnaloneduca.com\/wp-content\/uploads\/2023\/04\/reto_ies_la_eria-1.jpg?resize=1360%2C765&amp;ssl=1 1360w, https:\/\/i1.wp.com\/retotmp.valnaloneduca.com\/wp-content\/uploads\/2023\/04\/reto_ies_la_eria-1.jpg?w=1500&amp;ssl=1 1500w\" sizes=\"(max-width: 910px) 100vw, 910px\" data-recalc-dims=\"1\" \/><\/figure><\/div>\n\n\n\n<p>El reto se desarroll\u00f3 a lo largo de un total de 4 sesiones presenciales y fue guiado por uno de los t\u00e9cnicos de Valnal\u00f3n, si bien en la primera de las sesiones (presentaci\u00f3n de los retos) y en la \u00faltima (presentaci\u00f3n de soluciones) se contaba con la presencia y colaboraci\u00f3n de los responsables de la asociaci\u00f3n. M\u00e1s all\u00e1 de estas sesiones, el grupo cont\u00f3 con la participaci\u00f3n activa de varios profesores, facilitando el proceso de organizaci\u00f3n de los equipos y cediendo adem\u00e1s horas de clase para que el alumnado continuara avanzando en la realizaci\u00f3n de las tareas planteadas en las sesiones presenciales, algo necesario para conseguir completar el proceso de trabajo.<\/p>\n\n\n\n<p>En la primera sesi\u00f3n, tras la presentaci\u00f3n de la actividad, la asociaci\u00f3n da a conocer no solamente el reto, si no tambi\u00e9n la labor desarrollada por su entidad, sus objetivos, valores, planes de futuro y nuevos proyectos. Es este primer contacto el momento ideal para que los estudiantes puedan recabar informaci\u00f3n relevante sobre la entidad as\u00ed como conocer el trabajo que desarrollan y la importancia del mismo para un sector del que aspiran ser futuros profesionales.<\/p>\n\n\n\n<p>El reto planteado por la asociaci\u00f3n fue formulado en los siguientes t\u00e9rminos: <strong>\u00bfc\u00f3mo atraer a gente joven al mercado?<\/strong><strong><\/strong><\/p>\n\n\n\n<p>Para encontrar soluciones al reto, se sigue una adaptaci\u00f3n de la metodolog\u00eda <a rel=\"noreferrer noopener\" href=\"http:\/\/www.designthinking.es\/\" target=\"_blank\"><strong>Desing Thinking<\/strong><\/a> y se trabaja en completar cada una de sus fases: <strong>Empatizar<\/strong>, <strong>Definir<\/strong>, <strong>Idear<\/strong>, <strong>Prototipar<\/strong>, <strong>Evaluar<\/strong>. El grupo se organiza y subdivide en distintos equipos que trabajan siguiendo el mismo proceso y completando todas las fases.<\/p>\n\n\n\n<div class=\"wp-block-image\"><figure class=\"aligncenter size-large\"><img loading=\"lazy\" width=\"910\" height=\"512\" src=\"https:\/\/i0.wp.com\/retotmp.valnaloneduca.com\/wp-content\/uploads\/2023\/04\/reto_ies_la_eria-2.jpg?resize=910%2C512\" alt=\"\" class=\"wp-image-2445\" srcset=\"https:\/\/i0.wp.com\/retotmp.valnaloneduca.com\/wp-content\/uploads\/2023\/04\/reto_ies_la_eria-2.jpg?resize=1024%2C576&amp;ssl=1 1024w, https:\/\/i0.wp.com\/retotmp.valnaloneduca.com\/wp-content\/uploads\/2023\/04\/reto_ies_la_eria-2.jpg?resize=300%2C169&amp;ssl=1 300w, https:\/\/i0.wp.com\/retotmp.valnaloneduca.com\/wp-content\/uploads\/2023\/04\/reto_ies_la_eria-2.jpg?resize=768%2C432&amp;ssl=1 768w, https:\/\/i0.wp.com\/retotmp.valnaloneduca.com\/wp-content\/uploads\/2023\/04\/reto_ies_la_eria-2.jpg?resize=1360%2C765&amp;ssl=1 1360w, https:\/\/i0.wp.com\/retotmp.valnaloneduca.com\/wp-content\/uploads\/2023\/04\/reto_ies_la_eria-2.jpg?w=1500&amp;ssl=1 1500w\" sizes=\"(max-width: 910px) 100vw, 910px\" data-recalc-dims=\"1\" \/><\/figure><\/div>\n\n\n\n<p>A partir de la segunda sesi\u00f3n y hasta el final los equipos avanzan en el proceso de resoluci\u00f3n de estos retos siguiendo el esquema de trabajo Design Thinking para buscar y compartir informaci\u00f3n relevante, generar y seleccionar ideas y elaboraci\u00f3n de prototipos para presentar las soluciones a los problemas planteados.<\/p>\n\n\n\n<p>Tras el trabajo realizado, las ideas propuestas como soluci\u00f3n al reto fueron las siguientes:<br>&#8211; Equipo 1: redefinir la oferta de productos del mercado incluyendo m\u00e1s productos para j\u00f3venes (ropa usada, l\u00ednea de artesan\u00eda m\u00e1s orientadas para p\u00fablico juvenil, etc.)<br>&#8211; Equipo 2: potenciar la estrategia online para acercarse m\u00e1s al p\u00fablico juvenil (redefinir como usar las redes sociales, tipo de publicaciones y de fotos, uso de Tik Tok, etc.)<br>&#8211; Equipo 3: crear una aplicaci\u00f3n m\u00f3vil propia para el mercado en la que se incluya informaci\u00f3n m\u00e1s detallada, cat\u00e1logo actualizado a tiempo real, ofertas, posibilidad de comparar online y recoger en el mercado, etc.<br>&#8211; Equipo 4: redise\u00f1ar el formato de mercado para que se acerque m\u00e1s a los intereses y gustos de los j\u00f3venes (mercados tem\u00e1ticos, mercados sobre pa\u00edses, ampliar horarios, incluir establecimientos hosteleros, crear peque\u00f1os mercados llamados \u201cPop Up\u201d en otras localidades a modo de mercados sat\u00e9lite, incluir diversidad de talleres, etc.)<\/p>\n\n\n\n<figure class=\"wp-block-image size-large\"><img loading=\"lazy\" width=\"910\" height=\"512\" src=\"https:\/\/i1.wp.com\/retotmp.valnaloneduca.com\/wp-content\/uploads\/2023\/04\/reto_ies_la_eria-3.jpg?resize=910%2C512\" alt=\"\" class=\"wp-image-2446\" srcset=\"https:\/\/i1.wp.com\/retotmp.valnaloneduca.com\/wp-content\/uploads\/2023\/04\/reto_ies_la_eria-3.jpg?resize=1024%2C576&amp;ssl=1 1024w, https:\/\/i1.wp.com\/retotmp.valnaloneduca.com\/wp-content\/uploads\/2023\/04\/reto_ies_la_eria-3.jpg?resize=300%2C169&amp;ssl=1 300w, https:\/\/i1.wp.com\/retotmp.valnaloneduca.com\/wp-content\/uploads\/2023\/04\/reto_ies_la_eria-3.jpg?resize=768%2C432&amp;ssl=1 768w, https:\/\/i1.wp.com\/retotmp.valnaloneduca.com\/wp-content\/uploads\/2023\/04\/reto_ies_la_eria-3.jpg?resize=1360%2C765&amp;ssl=1 1360w, https:\/\/i1.wp.com\/retotmp.valnaloneduca.com\/wp-content\/uploads\/2023\/04\/reto_ies_la_eria-3.jpg?w=1500&amp;ssl=1 1500w\" sizes=\"(max-width: 910px) 100vw, 910px\" data-recalc-dims=\"1\" \/><\/figure>\n\n\n\n<p>Tras la generaci\u00f3n de ideas y con la llegada de la sesi\u00f3n final, los equipos tuvieron la oportunidad de presentar el resultado a los miembros de la asociaci\u00f3n que volvieron al aula para acompa\u00f1aron en este \u00faltimo tramo de la actividad y que adem\u00e1s de escuchar atentamente las propuestas tambi\u00e9n realizaron una valoraci\u00f3n de las mismas as\u00ed como la puesta en com\u00fan de opiniones aportando feedback a cada equipo. La experiencia result\u00f3 m\u00e1s que interesante para todas las partes y la asociaci\u00f3n recibi\u00f3 las propuestas con mucho inter\u00e9s y el firme compromiso de trabajar en la puesta en marcha de varias de las ideas por resultar viables y novedosas.<\/p>\n\n\n\n<div class=\"wp-block-image\"><figure class=\"aligncenter size-large\"><img loading=\"lazy\" width=\"910\" height=\"512\" src=\"https:\/\/i2.wp.com\/retotmp.valnaloneduca.com\/wp-content\/uploads\/2023\/04\/reto_ies_la_eria-4-1024x576.jpg?resize=910%2C512&#038;ssl=1\" alt=\"\" class=\"wp-image-2447\" srcset=\"https:\/\/i0.wp.com\/retotmp.valnaloneduca.com\/wp-content\/uploads\/2023\/04\/reto_ies_la_eria-4.jpg?resize=1024%2C576&amp;ssl=1 1024w, https:\/\/i0.wp.com\/retotmp.valnaloneduca.com\/wp-content\/uploads\/2023\/04\/reto_ies_la_eria-4.jpg?resize=300%2C169&amp;ssl=1 300w, https:\/\/i0.wp.com\/retotmp.valnaloneduca.com\/wp-content\/uploads\/2023\/04\/reto_ies_la_eria-4.jpg?resize=768%2C432&amp;ssl=1 768w, https:\/\/i0.wp.com\/retotmp.valnaloneduca.com\/wp-content\/uploads\/2023\/04\/reto_ies_la_eria-4.jpg?resize=1360%2C765&amp;ssl=1 1360w, https:\/\/i0.wp.com\/retotmp.valnaloneduca.com\/wp-content\/uploads\/2023\/04\/reto_ies_la_eria-4.jpg?w=1500&amp;ssl=1 1500w\" sizes=\"(max-width: 910px) 100vw, 910px\" data-recalc-dims=\"1\" \/><\/figure><\/div>\n\n\n\n<p>Gracias a los estudiantes y la comunidad educativa por su trabajo e implicaci\u00f3n.<\/p>\n","protected":false},"excerpt":{"rendered":"<p>Durante el mes de marzo del curso 2022-2023 el grupo de 1\u00ba de Ciclo Formativo de Grado Superior Gesti\u00f3n de<\/p>\n","protected":false},"author":3,"featured_media":0,"comment_status":"open","ping_status":"open","sticky":false,"template":"","format":"standard","meta":{"spay_email":""},"categories":[81],"tags":[91,90,93,94,92],"jetpack_featured_media_url":"","jetpack-related-posts":[{"id":2647,"url":"https:\/\/retotmp.valnaloneduca.com\/?p=2647","url_meta":{"origin":2443,"position":0},"title":"COLEGIO VIRGEN MEDIADORA-LAS DOMINICAS-GIJ\u00d3N 2023-24","date":"abril 10, 2024","format":false,"excerpt":"En el mes de abril realizamos\u00a0un RETO de Taller para Emprender (tmp) en el COLEGIO VIRGEN MEDIADORA-LAS DOMINICAS de Gij\u00f3n\u00a0a dos cursos de 1\u00ba de bachiller A y B Este a\u00f1o colaboramos con la\u00a0Asociaci\u00f3n Mercado Artesano y Ecol\u00f3gico\u00a0en cuya representaci\u00f3n acuden\u00a0Javier Ruiz-Cuevas\u00a0( presidente ) y\u00a0Vicen Sanz ( ceramista ) quienes\u2026","rel":"","context":"En \u00abColegio Virgen Mediadora-Dominicas 2023-24\u00bb","img":{"alt_text":"","src":"https:\/\/i2.wp.com\/retotmp.valnaloneduca.com\/wp-content\/uploads\/2024\/05\/g2.jpg?resize=350%2C200&ssl=1","width":350,"height":200},"classes":[]},{"id":2421,"url":"https:\/\/retotmp.valnaloneduca.com\/?p=2421","url_meta":{"origin":2443,"position":1},"title":"IES Doctor Fleming 2022-2023","date":"marzo 7, 2023","format":false,"excerpt":"En el presente curso escolar y como viene siendo habitual desde el curso 2019-2020, el IES Doctor Fleming (Oviedo) particip\u00f3 en el proyecto Reto TMP, actividad organizada por Valnal\u00f3n y dirigida a estudiantes de 1\u00ba Bachillerato (en este caso dos grupos de Humanidades y Ciencias Sociales). En el presente curso\u2026","rel":"","context":"En \u00abCurso 2022-2023\u00bb","img":{"alt_text":"","src":"https:\/\/i0.wp.com\/retotmp.valnaloneduca.com\/wp-content\/uploads\/2023\/04\/sesion1.jpg?resize=350%2C200&ssl=1","width":350,"height":200},"classes":[]},{"id":2134,"url":"https:\/\/retotmp.valnaloneduca.com\/?p=2134","url_meta":{"origin":2443,"position":2},"title":"IES La Fresneda 2021-2022","date":"febrero 25, 2022","format":false,"excerpt":"Los meses de enero y febrero de 2022 se desarrollaron en el\u00a0IES La Fresneda dos curso\u00a0Reto TMP\u00a0organizados por\u00a0Valnal\u00f3n y dirigidos a estudiantes de 1\u00ba Bachillerato (uno de Ciencia y Tecnolog\u00eda y otro de Humanidades y Ciencias Sociales). En esta actividad participaron un total de 45 alumnos y alumnas, una experiencia\u2026","rel":"","context":"En \u00abCurso 2021-2022\u00bb","img":{"alt_text":"","src":"https:\/\/i0.wp.com\/retotmp.valnaloneduca.com\/wp-content\/uploads\/2022\/03\/foto1-scaled.jpg?resize=350%2C200&ssl=1","width":350,"height":200},"classes":[]},{"id":2526,"url":"https:\/\/retotmp.valnaloneduca.com\/?p=2526","url_meta":{"origin":2443,"position":3},"title":"IES C\u00e9sar Rodr\u00edguez 2022-2023","date":"junio 20, 2023","format":false,"excerpt":"Durante el mes de junio del curso 2022-2023 el IES C\u00e9sar Rodr\u00edguez (Grado) se sum\u00f3 a las acciones Reto TMP. En este caso estudiantes de los grupos de 1\u00ba de Bachillerato X e Y participaron en esta actividad organizada por Valnal\u00f3n, un total de 15 estudiantes que decidieron trabajar las\u2026","rel":"","context":"En \u00abCurso 2022-2023\u00bb","img":{"alt_text":"","src":"https:\/\/i1.wp.com\/retotmp.valnaloneduca.com\/wp-content\/uploads\/2023\/06\/IMG20230608095949.jpg?resize=350%2C200&ssl=1","width":350,"height":200},"classes":[]},{"id":1478,"url":"https:\/\/retotmp.valnaloneduca.com\/?p=1478","url_meta":{"origin":2443,"position":4},"title":"Reto ASINCAR: Administraci\u00f3n - Sesi\u00f3n 1","date":"febrero 14, 2020","format":false,"excerpt":"El alumnado de 1\u00ba CFGM Gesti\u00f3n Administrativa y de 1\u00ba CFGS Administraci\u00f3n y Finanzas del IES Nore\u00f1a comenz\u00f3 el pasado viernes 14 de febrero su participaci\u00f3n en el proyecto Reto TMP. Para esta actividad contamos con la participaci\u00f3n de ASINCAR (Asociaci\u00f3n de Investigaci\u00f3n de Industrias C\u00e1rnicas del Principado de Asturias)\u2026","rel":"","context":"En \u00abIES Nore\u00f1a 2019-2020\u00bb","img":{"alt_text":"IMG_20200214_102139422","src":"https:\/\/i1.wp.com\/retotmp.valnaloneduca.com\/wp-content\/uploads\/2020\/02\/img_20200214_102139422-3.jpg?resize=350%2C200","width":350,"height":200},"classes":[]},{"id":983,"url":"https:\/\/retotmp.valnaloneduca.com\/?p=983","url_meta":{"origin":2443,"position":5},"title":"DENOMINACI\u00d3N DE ORIGEN YA-RETO CF","date":"abril 10, 2019","format":false,"excerpt":"Hemos realizado la ultima sesi\u00f3n y el alumnado a expuesto sus soluciones a su profesora de FOL. Tras sacarle jugo a las entrevistas, realizamos una tormenta de ideas y los estudiantes eligieron las mejores. A partir de la selecci\u00f3n, las desarrollaron y realizaron un power point para comunicarselas a su\u2026","rel":"","context":"En \u00abIES Infiesto\u00bb","img":{"alt_text":"","src":"https:\/\/i0.wp.com\/retotmp.valnaloneduca.com\/wp-content\/uploads\/2019\/04\/pizarra-1.jpg?resize=350%2C200","width":350,"height":200},"classes":[]}],"_links":{"self":[{"href":"https:\/\/retotmp.valnaloneduca.com\/index.php?rest_route=\/wp\/v2\/posts\/2443"}],"collection":[{"href":"https:\/\/retotmp.valnaloneduca.com\/index.php?rest_route=\/wp\/v2\/posts"}],"about":[{"href":"https:\/\/retotmp.valnaloneduca.com\/index.php?rest_route=\/wp\/v2\/types\/post"}],"author":[{"embeddable":true,"href":"https:\/\/retotmp.valnaloneduca.com\/index.php?rest_route=\/wp\/v2\/users\/3"}],"replies":[{"embeddable":true,"href":"https:\/\/retotmp.valnaloneduca.com\/index.php?rest_route=%2Fwp%2Fv2%2Fcomments&post=2443"}],"version-history":[{"count":4,"href":"https:\/\/retotmp.valnaloneduca.com\/index.php?rest_route=\/wp\/v2\/posts\/2443\/revisions"}],"predecessor-version":[{"id":2528,"href":"https:\/\/retotmp.valnaloneduca.com\/index.php?rest_route=\/wp\/v2\/posts\/2443\/revisions\/2528"}],"wp:attachment":[{"href":"https:\/\/retotmp.valnaloneduca.com\/index.php?rest_route=%2Fwp%2Fv2%2Fmedia&parent=2443"}],"wp:term":[{"taxonomy":"category","embeddable":true,"href":"https:\/\/retotmp.valnaloneduca.com\/index.php?rest_route=%2Fwp%2Fv2%2Fcategories&post=2443"},{"taxonomy":"post_tag","embeddable":true,"href":"https:\/\/retotmp.valnaloneduca.com\/index.php?rest_route=%2Fwp%2Fv2%2Ftags&post=2443"}],"curies":[{"name":"wp","href":"https:\/\/api.w.org\/{rel}","templated":true}]}}