{"id":2526,"date":"2023-06-20T06:33:00","date_gmt":"2023-06-20T06:33:00","guid":{"rendered":"https:\/\/retotmp.valnaloneduca.com\/?p=2526"},"modified":"2023-06-27T08:34:34","modified_gmt":"2023-06-27T08:34:34","slug":"ies-cesar-rodriguez-2022-2023","status":"publish","type":"post","link":"https:\/\/retotmp.valnaloneduca.com\/?p=2526","title":{"rendered":"IES C\u00e9sar Rodr\u00edguez 2022-2023"},"content":{"rendered":"\n<p>Durante el mes de junio del curso 2022-2023 el <strong>IES C\u00e9sar Rodr\u00edguez<\/strong> (Grado) se sum\u00f3 a las acciones <strong>Reto TMP<\/strong>. En este caso estudiantes de los grupos de <strong>1\u00ba de Bachillerato X e Y<\/strong> participaron en esta actividad organizada por <a rel=\"noreferrer noopener\" href=\"http:\/\/www.valnaloneduca.com\/\" target=\"_blank\"><strong>Valnal\u00f3n<\/strong><\/a>, un total de 15 estudiantes que decidieron trabajar las \u00faltimas semanas de clase de manera diferente e implicados en un proyecto para mejorar su entorno y en concreto las alternativas de ocio juvenil.<\/p>\n\n\n\n<p>Y es que precisamente el reto fue planteado por la <strong><a rel=\"noreferrer noopener\" href=\"https:\/\/www.ayto-grado.es\/oficina-de-informacion-juvenill\" data-type=\"URL\" data-id=\"https:\/\/www.ayto-grado.es\/oficina-de-informacion-juvenill\" target=\"_blank\">Oficina de Informaci\u00f3n Juvenil del Ayuntamiento de Grado<\/a><\/strong>, en concreto por su T\u00e9cnica de Juventud, <strong>Emilia Barrio<\/strong>. La actividad se desarroll\u00f3 a lo largo de un total de 4 sesiones presenciales bajo la gu\u00eda de uno de los t\u00e9cnicos de Valnal\u00f3n, si bien en la primera de las sesiones y en la \u00faltima pudimos contar con la presencia y colaboraci\u00f3n de la T\u00e9cnica de Juventud tanto para plantear el reto como para recibir las propuestas.<\/p>\n\n\n\n<figure class=\"wp-block-image size-large\"><img loading=\"lazy\" width=\"910\" height=\"512\" src=\"https:\/\/i0.wp.com\/retotmp.valnaloneduca.com\/wp-content\/uploads\/2023\/06\/IMG20230608095949-1024x576.jpg?resize=910%2C512&#038;ssl=1\" alt=\"\" class=\"wp-image-2529\" srcset=\"https:\/\/i1.wp.com\/retotmp.valnaloneduca.com\/wp-content\/uploads\/2023\/06\/IMG20230608095949.jpg?resize=1024%2C576&amp;ssl=1 1024w, https:\/\/i1.wp.com\/retotmp.valnaloneduca.com\/wp-content\/uploads\/2023\/06\/IMG20230608095949.jpg?resize=300%2C169&amp;ssl=1 300w, https:\/\/i1.wp.com\/retotmp.valnaloneduca.com\/wp-content\/uploads\/2023\/06\/IMG20230608095949.jpg?resize=768%2C432&amp;ssl=1 768w, https:\/\/i1.wp.com\/retotmp.valnaloneduca.com\/wp-content\/uploads\/2023\/06\/IMG20230608095949.jpg?w=1200&amp;ssl=1 1200w\" sizes=\"(max-width: 910px) 100vw, 910px\" data-recalc-dims=\"1\" \/><\/figure>\n\n\n\n<p>La primera de las sesiones se llev\u00f3 a cabo fuera del centro educativo. El alumnado fue recibido en el <strong>Centro de Moced\u00e1 La Panera<\/strong>, lugar sobre el que pivotaba el reto que se les plantear\u00eda al final de la sesi\u00f3n. Durante esta visita los participantes pudieron conocer este centro como recurso y la labor que desde el \u00e1rea de juventud de un ayuntamiento se realiza en cuanto a pol\u00edtica de juventud. Al finalizar la sesi\u00f3n se plante\u00f3 el reto que fue definido en los siguientes t\u00e9rminos: <strong>formulaci\u00f3n de propuestas para la dinamizaci\u00f3n el Espacio Joven La Panera, en la Planta baja del Centro de Moced\u00e1<\/strong>.<\/p>\n\n\n\n<p>En este caso el reto es especialmente relevante para los estudiantes puesto que ellos mismos son los potenciales usuarios de las actividades a proponer como soluci\u00f3n al reto y esto hace entonces que la motivaci\u00f3n e implicaci\u00f3n en la actividad sea mayor al igual que el sentido y el significado de la misma.<\/p>\n\n\n\n<p>Para encontrar las soluciones al reto se sigue una adaptaci\u00f3n de la metodolog\u00eda <a rel=\"noreferrer noopener\" href=\"http:\/\/www.designthinking.es\/\" target=\"_blank\"><strong>Desing Thinking<\/strong><\/a> y se trabaja en completar cada una de sus fases: <strong>Empatizar, Definir, Idear, Prototipar, Evaluar<\/strong>. El grupo se organiza y subdivide en tres equipos que trabajan siguiendo el mismo proceso y completando todas las fases.<\/p>\n\n\n\n<figure class=\"wp-block-image size-large\"><img loading=\"lazy\" width=\"910\" height=\"512\" src=\"https:\/\/i1.wp.com\/retotmp.valnaloneduca.com\/wp-content\/uploads\/2023\/06\/IMG20230612100628-1024x576.jpg?resize=910%2C512&#038;ssl=1\" alt=\"\" class=\"wp-image-2530\" srcset=\"https:\/\/i2.wp.com\/retotmp.valnaloneduca.com\/wp-content\/uploads\/2023\/06\/IMG20230612100628.jpg?resize=1024%2C576&amp;ssl=1 1024w, https:\/\/i2.wp.com\/retotmp.valnaloneduca.com\/wp-content\/uploads\/2023\/06\/IMG20230612100628.jpg?resize=300%2C169&amp;ssl=1 300w, https:\/\/i2.wp.com\/retotmp.valnaloneduca.com\/wp-content\/uploads\/2023\/06\/IMG20230612100628.jpg?resize=768%2C432&amp;ssl=1 768w, https:\/\/i2.wp.com\/retotmp.valnaloneduca.com\/wp-content\/uploads\/2023\/06\/IMG20230612100628.jpg?w=1200&amp;ssl=1 1200w\" sizes=\"(max-width: 910px) 100vw, 910px\" data-recalc-dims=\"1\" \/><\/figure>\n\n\n\n<p>En la segunda sesi\u00f3n, ya en el centro educativo, los equipos ponen en com\u00fan sus anotaciones sobre lo observado en la primera jornada y tambi\u00e9n la informaci\u00f3n relevante obtenida mediante entrevistas, b\u00fasqueda web, reflexi\u00f3n personal, etc. para comprender el reto de manera m\u00e1s profunda y terminar de definir el mismo, momento en el que se comienza a trabajar en la generaci\u00f3n de ideas y selecci\u00f3n de las mismas. Al inicio de la tercera sesi\u00f3n las ideas ya vienen seleccionadas y han sido analizadas y mejoradas usando el modelo Canvas, tarea encomendada a los estudiantes como trabajo entre sesi\u00f3n y sesi\u00f3n. Con las ideas ya cerradas se hace una primera presentaci\u00f3n interna para obtener feedback de los compa\u00f1eros y compa\u00f1eras y se comienza a trabajar la parte del prototipado, tarea que han de perfeccionar de cara a la \u00faltima sesi\u00f3n. Con todo este trabajo llegamos a la \u00faltima sesi\u00f3n donde se presentan las soluciones al reto ante la T\u00e9cnica de Juventud que adem\u00e1s aporta observaciones de inter\u00e9s para los estudiantes.<\/p>\n\n\n\n<p>Tras el trabajo realizado, las ideas propuestas como soluci\u00f3n al reto fueron las siguientes:<br>&#8211; Equipo 1: talleres tem\u00e1ticos orientados a p\u00fablico juvenil. Entre las distintas propuestas encontramos costura, personalizaci\u00f3n de ropa, improvisaci\u00f3n y teatro, fiestas tem\u00e1ticas, literatura, cine , m\u00fasica, artes pl\u00e1sticas, talleres culturales (comida, vestuario, costumbres de otras culturas, etc.), comic y manga, reparaci\u00f3n de objetos, etc.<br>&#8211; Equipo 2 &#8211; Actividades din\u00e1micas al aire libre orientadas a p\u00fablico juvenil. Dentro de estas proponen airsoft, rutas guiadas, senderismo, rutas en bicicleta, etc.<br>&#8211; Equipo 3 &#8211; Actividades formativas para gente joven. Talleres de cocina, primeros auxilios, bisuter\u00eda, crochet, etc.<\/p>\n\n\n\n<figure class=\"wp-block-image size-large\"><img loading=\"lazy\" width=\"910\" height=\"512\" src=\"https:\/\/i2.wp.com\/retotmp.valnaloneduca.com\/wp-content\/uploads\/2023\/06\/IMG20230614130313-1024x576.jpg?resize=910%2C512&#038;ssl=1\" alt=\"\" class=\"wp-image-2531\" srcset=\"https:\/\/i2.wp.com\/retotmp.valnaloneduca.com\/wp-content\/uploads\/2023\/06\/IMG20230614130313.jpg?resize=1024%2C576&amp;ssl=1 1024w, https:\/\/i2.wp.com\/retotmp.valnaloneduca.com\/wp-content\/uploads\/2023\/06\/IMG20230614130313.jpg?resize=300%2C169&amp;ssl=1 300w, https:\/\/i2.wp.com\/retotmp.valnaloneduca.com\/wp-content\/uploads\/2023\/06\/IMG20230614130313.jpg?resize=768%2C432&amp;ssl=1 768w, https:\/\/i2.wp.com\/retotmp.valnaloneduca.com\/wp-content\/uploads\/2023\/06\/IMG20230614130313.jpg?w=1200&amp;ssl=1 1200w\" sizes=\"(max-width: 910px) 100vw, 910px\" data-recalc-dims=\"1\" \/><\/figure>\n\n\n\n<p>Tras el cierre de actividad, en conversaciones informales, pudimos comprobar como la experiencia result\u00f3 m\u00e1s relevante para todas las partes implicadas. Las propuestas resultaron ser de inter\u00e9s, tanto es as\u00ed que el \u00c1rea de Juventud ofrece a los estudiantes que as\u00ed lo deseen, la oportunidad de llevar a cabo una primera colaboraci\u00f3n, el dise\u00f1o y organizaci\u00f3n de una excursi\u00f3n destinada a p\u00fablico adolescente de su misma edad al lugar que ellos decidan y para realizar las actividades que tambi\u00e9n definan previamente. Es un punto de partida, el origen de una colaboraci\u00f3n que esperan tome forma en el futuro a modo de asociaci\u00f3n juvenil y que permita que los j\u00f3venes del concejo est\u00e9n representados e implicados en la toma de decisiones sobre las actividades de ocio y tiempo libre a las que pueden optar.<\/p>\n\n\n\n<figure class=\"wp-block-image size-large\"><img loading=\"lazy\" width=\"910\" height=\"512\" src=\"https:\/\/i0.wp.com\/retotmp.valnaloneduca.com\/wp-content\/uploads\/2023\/06\/IMG20230619091140-1024x576.jpg?resize=910%2C512&#038;ssl=1\" alt=\"\" class=\"wp-image-2532\" srcset=\"https:\/\/i1.wp.com\/retotmp.valnaloneduca.com\/wp-content\/uploads\/2023\/06\/IMG20230619091140.jpg?resize=1024%2C576&amp;ssl=1 1024w, https:\/\/i1.wp.com\/retotmp.valnaloneduca.com\/wp-content\/uploads\/2023\/06\/IMG20230619091140.jpg?resize=300%2C169&amp;ssl=1 300w, https:\/\/i1.wp.com\/retotmp.valnaloneduca.com\/wp-content\/uploads\/2023\/06\/IMG20230619091140.jpg?resize=768%2C432&amp;ssl=1 768w, https:\/\/i1.wp.com\/retotmp.valnaloneduca.com\/wp-content\/uploads\/2023\/06\/IMG20230619091140.jpg?w=1200&amp;ssl=1 1200w\" sizes=\"(max-width: 910px) 100vw, 910px\" data-recalc-dims=\"1\" \/><\/figure>\n\n\n\n<p>Gracias a los participantes y la comunidad educativa por su trabajo e implicaci\u00f3n.<\/p>\n","protected":false},"excerpt":{"rendered":"<p>Durante el mes de junio del curso 2022-2023 el IES C\u00e9sar Rodr\u00edguez (Grado) se sum\u00f3 a las acciones Reto TMP.<\/p>\n","protected":false},"author":3,"featured_media":0,"comment_status":"open","ping_status":"open","sticky":false,"template":"","format":"standard","meta":{"spay_email":""},"categories":[81],"tags":[100,93,101,97,102,103,99,98],"jetpack_featured_media_url":"","jetpack-related-posts":[{"id":1284,"url":"https:\/\/retotmp.valnaloneduca.com\/?p=1284","url_meta":{"origin":2526,"position":0},"title":"Oferta cultural y de ocio para la juventud Vegadense","date":"junio 13, 2019","format":false,"excerpt":"El pr\u00f3ximo martes 18, tras la constituci\u00f3n de los ayuntamientos despu\u00e9s de las pasadas elecciones municipales, comenzamos reto en el IES Elisa y Luis Villamil de Vegadeo. Y es que la estrenada concejal\u00eda de Cultura del Ayuntamiento, recibir\u00e1 las propuestas que los\/as estudiantes de Bachillerato y ciclo formativo de Atenci\u00f3n\u2026","rel":"","context":"En \u00abIES Elisa y Luis Villamil\u00bb","img":{"alt_text":"Suar\u00c3\u00b3n_river,_Vegadeo","src":"https:\/\/i2.wp.com\/retotmp.valnaloneduca.com\/wp-content\/uploads\/2019\/06\/suarc3b3n_river_vegadeo.jpg?resize=350%2C200","width":350,"height":200},"classes":[]},{"id":1306,"url":"https:\/\/retotmp.valnaloneduca.com\/?p=1306","url_meta":{"origin":2526,"position":1},"title":"Una comarca con oportunidades","date":"junio 20, 2019","format":false,"excerpt":"Ocho horas en dos ma\u00f1anas, trabajo y mucha ilusi\u00f3n por generar ideas para dinamizar Vegadeo. Orgullosos\/as de ser parte del Occidente y preocupados por crear una comarca\u00a0 con oportunidades para la juventud. Pero, tambi\u00e9n conscientes de que el origen debe estar en la participaci\u00f3n de la poblaci\u00f3n, en la presentaci\u00f3n\u2026","rel":"","context":"En \u00abIES Elisa y Luis Villamil\u00bb","img":{"alt_text":"WhatsApp Image 2019-06-20 at 09.59.03","src":"https:\/\/i2.wp.com\/retotmp.valnaloneduca.com\/wp-content\/uploads\/2019\/06\/whatsapp-image-2019-06-20-at-09.59.03.jpeg?resize=350%2C200","width":350,"height":200},"classes":[]},{"id":1293,"url":"https:\/\/retotmp.valnaloneduca.com\/?p=1293","url_meta":{"origin":2526,"position":2},"title":"El papel de la Oficina de Informaci\u00f3n Juvenil","date":"junio 19, 2019","format":false,"excerpt":"Somos un equipo de estudiantes de bachillerato y del ciclo formativo de socio-sanitario del IES Elisa y Luis Villamil de Vegadeo. Ayer contamos con la participaci\u00f3n de Aurora L\u00f3pez, responsable de la OIJ del Ayuntamiento de Vegadeo. Nos pareci\u00f3 muy interesante contar con ella ya que nos explic\u00f3 todos los\u2026","rel":"","context":"En \u00abIES Elisa y Luis Villamil\u00bb","img":{"alt_text":"","src":"https:\/\/i0.wp.com\/retotmp.valnaloneduca.com\/wp-content\/uploads\/2019\/06\/sin-tc3adtulo.png?resize=350%2C200","width":350,"height":200},"classes":[]},{"id":2443,"url":"https:\/\/retotmp.valnaloneduca.com\/?p=2443","url_meta":{"origin":2526,"position":3},"title":"IES La Er\u00eda 2022-2023","date":"marzo 30, 2023","format":false,"excerpt":"Durante el mes de marzo del curso 2022-2023 el grupo de 1\u00ba de Ciclo Formativo de Grado Superior Gesti\u00f3n de Ventas y Espacios Comerciales del IES La Er\u00eda (Oviedo), con un total de 18 estudiantes, particip\u00f3 en el proyecto Reto TMP, actividad organizada por Valnal\u00f3n. Para la realizaci\u00f3n de este\u2026","rel":"","context":"En \u00abCurso 2022-2023\u00bb","img":{"alt_text":"","src":"https:\/\/i1.wp.com\/retotmp.valnaloneduca.com\/wp-content\/uploads\/2023\/04\/reto_ies_la_eria-1.jpg?resize=350%2C200&ssl=1","width":350,"height":200},"classes":[]},{"id":2134,"url":"https:\/\/retotmp.valnaloneduca.com\/?p=2134","url_meta":{"origin":2526,"position":4},"title":"IES La Fresneda 2021-2022","date":"febrero 25, 2022","format":false,"excerpt":"Los meses de enero y febrero de 2022 se desarrollaron en el\u00a0IES La Fresneda dos curso\u00a0Reto TMP\u00a0organizados por\u00a0Valnal\u00f3n y dirigidos a estudiantes de 1\u00ba Bachillerato (uno de Ciencia y Tecnolog\u00eda y otro de Humanidades y Ciencias Sociales). En esta actividad participaron un total de 45 alumnos y alumnas, una experiencia\u2026","rel":"","context":"En \u00abCurso 2021-2022\u00bb","img":{"alt_text":"","src":"https:\/\/i0.wp.com\/retotmp.valnaloneduca.com\/wp-content\/uploads\/2022\/03\/foto1-scaled.jpg?resize=350%2C200&ssl=1","width":350,"height":200},"classes":[]},{"id":1309,"url":"https:\/\/retotmp.valnaloneduca.com\/?p=1309","url_meta":{"origin":2526,"position":5},"title":"La participaci\u00f3n como clave del cambio","date":"junio 20, 2019","format":false,"excerpt":"El Ayuntamiento de Vegadeo sintoniza con los estudiantes en su preocupaci\u00f3n por dinamizar la comarca y mejorar la oferta cultural y de ocio de la juventud. Prueba de ello ha sido su inter\u00e9s en acercarse al IES Elisa y Luis Villamil a escuchar y debatir las propuestas que el alumnado\u2026","rel":"","context":"En \u00abIES Elisa y Luis Villamil\u00bb","img":{"alt_text":"","src":"https:\/\/i0.wp.com\/retotmp.valnaloneduca.com\/wp-content\/uploads\/2019\/06\/vegadeo-en-forma_page-0001.jpg?resize=350%2C200","width":350,"height":200},"classes":[]}],"_links":{"self":[{"href":"https:\/\/retotmp.valnaloneduca.com\/index.php?rest_route=\/wp\/v2\/posts\/2526"}],"collection":[{"href":"https:\/\/retotmp.valnaloneduca.com\/index.php?rest_route=\/wp\/v2\/posts"}],"about":[{"href":"https:\/\/retotmp.valnaloneduca.com\/index.php?rest_route=\/wp\/v2\/types\/post"}],"author":[{"embeddable":true,"href":"https:\/\/retotmp.valnaloneduca.com\/index.php?rest_route=\/wp\/v2\/users\/3"}],"replies":[{"embeddable":true,"href":"https:\/\/retotmp.valnaloneduca.com\/index.php?rest_route=%2Fwp%2Fv2%2Fcomments&post=2526"}],"version-history":[{"count":1,"href":"https:\/\/retotmp.valnaloneduca.com\/index.php?rest_route=\/wp\/v2\/posts\/2526\/revisions"}],"predecessor-version":[{"id":2533,"href":"https:\/\/retotmp.valnaloneduca.com\/index.php?rest_route=\/wp\/v2\/posts\/2526\/revisions\/2533"}],"wp:attachment":[{"href":"https:\/\/retotmp.valnaloneduca.com\/index.php?rest_route=%2Fwp%2Fv2%2Fmedia&parent=2526"}],"wp:term":[{"taxonomy":"category","embeddable":true,"href":"https:\/\/retotmp.valnaloneduca.com\/index.php?rest_route=%2Fwp%2Fv2%2Fcategories&post=2526"},{"taxonomy":"post_tag","embeddable":true,"href":"https:\/\/retotmp.valnaloneduca.com\/index.php?rest_route=%2Fwp%2Fv2%2Ftags&post=2526"}],"curies":[{"name":"wp","href":"https:\/\/api.w.org\/{rel}","templated":true}]}}