{"id":2541,"date":"2023-10-26T07:45:18","date_gmt":"2023-10-26T07:45:18","guid":{"rendered":"https:\/\/retotmp.valnaloneduca.com\/?p=2541"},"modified":"2023-12-22T08:43:19","modified_gmt":"2023-12-22T08:43:19","slug":"cifp-la-laboral-2023-24","status":"publish","type":"post","link":"https:\/\/retotmp.valnaloneduca.com\/?p=2541","title":{"rendered":"CIFP LA LABORAL 2023-24"},"content":{"rendered":"\n<p>En los meses de noviembre y diciembre realizaremos&nbsp;<strong>dos RETOS de Taller para Emprender (tmp) en el CIFP LA LABORAL de Gij\u00f3n<\/strong>.<\/p>\n\n\n\n<p>Hemos empezado&nbsp;<strong>el primer RETO<\/strong>&nbsp;con el alumnado del&nbsp;<strong>CFGM Gesti\u00f3n Administrativa<\/strong>, tutorizado por <strong>Jos\u00e9 Manuel Fern\u00e1ndez Busto<\/strong>, Jefe de departamento de Administraci\u00f3n y Gesti\u00f3n-Coordinador de bienestar y por su profesora de econom\u00eda&nbsp;<strong>Teresa \u00c1lvarez&nbsp;Casta\u00f1\u00f3n<\/strong>.<\/p>\n\n\n\n<p>En&nbsp;<strong>la primera sesi\u00f3n<\/strong>&nbsp;la profesora les ha definido, al alumnado, el&nbsp;<strong>RETO<\/strong>&nbsp;que tienen que trabajar durante estas sesiones.<\/p>\n\n\n\n<p><strong>El RETO<\/strong>&nbsp;est\u00e1 basado en crear el plan de marketing , definiendo la parte promocional , para dar salida al catalogo de productos de la empresa ficticia, que est\u00e1n trabajando en la asignatura,&nbsp;<strong>GAMES COSMETIC S.L<\/strong>.<\/p>\n\n\n\n<p>En esta ocasi\u00f3n tendr\u00e1n que relanzar <strong>un pack de tres productos <\/strong>de higiene personal dirigido para hombres. coincidiendo con la campa\u00f1a del 19 de marzo ( d\u00eda del padre ). Dichos productos son un after shave, gel de afeitado y un contorno de ojos. El producto estrella del pack ser\u00e1 el <strong>contorno de ojos <\/strong>puesto que hay que darle posici\u00f3n de marca y ser producto de referencia. Trabajaremos en <strong>campa\u00f1as promocionales<\/strong> entre los diferentes clientes de la empresa.<\/p>\n\n\n\n<div class=\"wp-block-image\"><figure class=\"aligncenter size-large\"><img loading=\"lazy\" width=\"650\" height=\"429\" src=\"https:\/\/i2.wp.com\/retotmp.valnaloneduca.com\/wp-content\/uploads\/2023\/11\/Imagen1.jpg?resize=650%2C429&#038;ssl=1\" alt=\"\" class=\"wp-image-2545\" srcset=\"https:\/\/i2.wp.com\/retotmp.valnaloneduca.com\/wp-content\/uploads\/2023\/11\/Imagen1.jpg?w=650&amp;ssl=1 650w, https:\/\/i2.wp.com\/retotmp.valnaloneduca.com\/wp-content\/uploads\/2023\/11\/Imagen1.jpg?resize=300%2C198&amp;ssl=1 300w\" sizes=\"(max-width: 650px) 100vw, 650px\" data-recalc-dims=\"1\" \/><figcaption><strong>Cat\u00e1logo<\/strong> <strong>GAMES COSMETIC S.L<\/strong><\/figcaption><\/figure><\/div>\n\n\n\n<p>Explicamos al alumnado como adaptar la metodolog\u00eda del&nbsp;<strong>design thinking<\/strong>&nbsp;ante estas acciones para trabajar las competencia y capacidades que nos demanda la sociedad y enfrentarnos a las diferentes situaciones tanto laborables como sociales.<\/p>\n\n\n\n<p>Hemos desarrollado <strong>una actividad<\/strong> basada en conocernos como grupo y ver las dotes comunicativas del alumnado. Durante 20 segundos tienen que presentarse y hablar de un tema determinado.<\/p>\n\n\n\n<div class=\"wp-block-image\"><figure class=\"aligncenter size-large is-resized\"><img loading=\"lazy\" src=\"https:\/\/i0.wp.com\/retotmp.valnaloneduca.com\/wp-content\/uploads\/2023\/11\/Pecha-kucha-768x1024.jpg?resize=324%2C432&#038;ssl=1\" alt=\"\" class=\"wp-image-2546\" width=\"324\" height=\"432\" srcset=\"https:\/\/i2.wp.com\/retotmp.valnaloneduca.com\/wp-content\/uploads\/2023\/11\/Pecha-kucha.jpg?resize=768%2C1024&amp;ssl=1 768w, https:\/\/i2.wp.com\/retotmp.valnaloneduca.com\/wp-content\/uploads\/2023\/11\/Pecha-kucha.jpg?resize=225%2C300&amp;ssl=1 225w, https:\/\/i2.wp.com\/retotmp.valnaloneduca.com\/wp-content\/uploads\/2023\/11\/Pecha-kucha.jpg?resize=1152%2C1536&amp;ssl=1 1152w, https:\/\/i2.wp.com\/retotmp.valnaloneduca.com\/wp-content\/uploads\/2023\/11\/Pecha-kucha.jpg?w=1530&amp;ssl=1 1530w\" sizes=\"(max-width: 324px) 100vw, 324px\" data-recalc-dims=\"1\" \/><figcaption><strong>Pecha Kucha<\/strong><\/figcaption><\/figure><\/div>\n\n\n\n<p>Trabajamos&nbsp;<strong>la creatividad y el trabajo en equipo&nbsp;<\/strong>con una din\u00e1mica basada en la construcci\u00f3n de un&nbsp;<strong>PROTOTIPO<\/strong>&nbsp;a partir de varios objetos encontrados en una papelera y en la adquisici\u00f3n de determinados productos en un establecimiento especializado.<\/p>\n\n\n\n<div class=\"wp-block-image\"><figure class=\"aligncenter size-large is-resized\"><img loading=\"lazy\" src=\"https:\/\/i1.wp.com\/retotmp.valnaloneduca.com\/wp-content\/uploads\/2023\/11\/trabajando-1024x768.jpg?resize=436%2C327&#038;ssl=1\" alt=\"\" class=\"wp-image-2547\" width=\"436\" height=\"327\" srcset=\"https:\/\/i1.wp.com\/retotmp.valnaloneduca.com\/wp-content\/uploads\/2023\/11\/trabajando.jpg?resize=1024%2C768&amp;ssl=1 1024w, https:\/\/i1.wp.com\/retotmp.valnaloneduca.com\/wp-content\/uploads\/2023\/11\/trabajando.jpg?resize=300%2C225&amp;ssl=1 300w, https:\/\/i1.wp.com\/retotmp.valnaloneduca.com\/wp-content\/uploads\/2023\/11\/trabajando.jpg?resize=768%2C576&amp;ssl=1 768w, https:\/\/i1.wp.com\/retotmp.valnaloneduca.com\/wp-content\/uploads\/2023\/11\/trabajando.jpg?resize=1536%2C1152&amp;ssl=1 1536w, https:\/\/i1.wp.com\/retotmp.valnaloneduca.com\/wp-content\/uploads\/2023\/11\/trabajando.jpg?resize=600%2C450&amp;ssl=1 600w, https:\/\/i1.wp.com\/retotmp.valnaloneduca.com\/wp-content\/uploads\/2023\/11\/trabajando.jpg?w=2040&amp;ssl=1 2040w, https:\/\/i1.wp.com\/retotmp.valnaloneduca.com\/wp-content\/uploads\/2023\/11\/trabajando.jpg?w=1820 1820w\" sizes=\"(max-width: 436px) 100vw, 436px\" data-recalc-dims=\"1\" \/><figcaption><strong>Trabajando en Equipo<\/strong><\/figcaption><\/figure><\/div>\n\n\n\n<div class=\"wp-block-image\"><figure class=\"aligncenter size-large is-resized\"><img loading=\"lazy\" src=\"https:\/\/i0.wp.com\/retotmp.valnaloneduca.com\/wp-content\/uploads\/2023\/11\/Equipo-1-1024x768.jpg?resize=437%2C328&#038;ssl=1\" alt=\"\" class=\"wp-image-2548\" width=\"437\" height=\"328\" srcset=\"https:\/\/i0.wp.com\/retotmp.valnaloneduca.com\/wp-content\/uploads\/2023\/11\/Equipo-1.jpg?resize=1024%2C768&amp;ssl=1 1024w, https:\/\/i0.wp.com\/retotmp.valnaloneduca.com\/wp-content\/uploads\/2023\/11\/Equipo-1.jpg?resize=300%2C225&amp;ssl=1 300w, https:\/\/i0.wp.com\/retotmp.valnaloneduca.com\/wp-content\/uploads\/2023\/11\/Equipo-1.jpg?resize=768%2C576&amp;ssl=1 768w, https:\/\/i0.wp.com\/retotmp.valnaloneduca.com\/wp-content\/uploads\/2023\/11\/Equipo-1.jpg?resize=1536%2C1152&amp;ssl=1 1536w, https:\/\/i0.wp.com\/retotmp.valnaloneduca.com\/wp-content\/uploads\/2023\/11\/Equipo-1.jpg?resize=600%2C450&amp;ssl=1 600w, https:\/\/i0.wp.com\/retotmp.valnaloneduca.com\/wp-content\/uploads\/2023\/11\/Equipo-1.jpg?w=2040&amp;ssl=1 2040w, https:\/\/i0.wp.com\/retotmp.valnaloneduca.com\/wp-content\/uploads\/2023\/11\/Equipo-1.jpg?w=1820 1820w\" sizes=\"(max-width: 437px) 100vw, 437px\" data-recalc-dims=\"1\" \/><figcaption><strong>Comunicando<\/strong><\/figcaption><\/figure><\/div>\n\n\n\n<div class=\"wp-block-image\"><figure class=\"aligncenter size-large is-resized\"><img loading=\"lazy\" src=\"https:\/\/i1.wp.com\/retotmp.valnaloneduca.com\/wp-content\/uploads\/2023\/11\/Equipo-2-1024x768.jpg?resize=438%2C329&#038;ssl=1\" alt=\"\" class=\"wp-image-2549\" width=\"438\" height=\"329\" srcset=\"https:\/\/i2.wp.com\/retotmp.valnaloneduca.com\/wp-content\/uploads\/2023\/11\/Equipo-2.jpg?resize=1024%2C768&amp;ssl=1 1024w, https:\/\/i2.wp.com\/retotmp.valnaloneduca.com\/wp-content\/uploads\/2023\/11\/Equipo-2.jpg?resize=300%2C225&amp;ssl=1 300w, https:\/\/i2.wp.com\/retotmp.valnaloneduca.com\/wp-content\/uploads\/2023\/11\/Equipo-2.jpg?resize=768%2C576&amp;ssl=1 768w, https:\/\/i2.wp.com\/retotmp.valnaloneduca.com\/wp-content\/uploads\/2023\/11\/Equipo-2.jpg?resize=1536%2C1152&amp;ssl=1 1536w, https:\/\/i2.wp.com\/retotmp.valnaloneduca.com\/wp-content\/uploads\/2023\/11\/Equipo-2.jpg?resize=600%2C450&amp;ssl=1 600w, https:\/\/i2.wp.com\/retotmp.valnaloneduca.com\/wp-content\/uploads\/2023\/11\/Equipo-2.jpg?w=2040&amp;ssl=1 2040w, https:\/\/i2.wp.com\/retotmp.valnaloneduca.com\/wp-content\/uploads\/2023\/11\/Equipo-2.jpg?w=1820 1820w\" sizes=\"(max-width: 438px) 100vw, 438px\" data-recalc-dims=\"1\" \/><figcaption><strong>Prototipando<\/strong><\/figcaption><\/figure><\/div>\n\n\n\n<div class=\"wp-block-image\"><figure class=\"aligncenter size-large is-resized\"><img loading=\"lazy\" src=\"https:\/\/i2.wp.com\/retotmp.valnaloneduca.com\/wp-content\/uploads\/2023\/11\/prototipando-1-1024x768.jpg?resize=443%2C332&#038;ssl=1\" alt=\"\" class=\"wp-image-2550\" width=\"443\" height=\"332\" srcset=\"https:\/\/i2.wp.com\/retotmp.valnaloneduca.com\/wp-content\/uploads\/2023\/11\/prototipando-1.jpg?resize=1024%2C768&amp;ssl=1 1024w, https:\/\/i2.wp.com\/retotmp.valnaloneduca.com\/wp-content\/uploads\/2023\/11\/prototipando-1.jpg?resize=300%2C225&amp;ssl=1 300w, https:\/\/i2.wp.com\/retotmp.valnaloneduca.com\/wp-content\/uploads\/2023\/11\/prototipando-1.jpg?resize=768%2C576&amp;ssl=1 768w, https:\/\/i2.wp.com\/retotmp.valnaloneduca.com\/wp-content\/uploads\/2023\/11\/prototipando-1.jpg?resize=1536%2C1152&amp;ssl=1 1536w, https:\/\/i2.wp.com\/retotmp.valnaloneduca.com\/wp-content\/uploads\/2023\/11\/prototipando-1.jpg?resize=600%2C450&amp;ssl=1 600w, https:\/\/i2.wp.com\/retotmp.valnaloneduca.com\/wp-content\/uploads\/2023\/11\/prototipando-1.jpg?w=2040&amp;ssl=1 2040w, https:\/\/i2.wp.com\/retotmp.valnaloneduca.com\/wp-content\/uploads\/2023\/11\/prototipando-1.jpg?w=1820 1820w\" sizes=\"(max-width: 443px) 100vw, 443px\" data-recalc-dims=\"1\" \/><figcaption><strong>Exponiendo<\/strong><\/figcaption><\/figure><\/div>\n\n\n\n<p>Intentaremos convertir los cursos en<strong>&nbsp;herramientas creativas y din\u00e1micas<\/strong>&nbsp;para que los estudiantes aprendan a enfrentarse a las incertidumbres y salir de ellas con buenas ideas.<\/p>\n\n\n\n<div class=\"wp-block-image\"><figure class=\"aligncenter size-large is-resized\"><img loading=\"lazy\" src=\"https:\/\/i2.wp.com\/retotmp.valnaloneduca.com\/wp-content\/uploads\/2023\/11\/Prototipos-768x1024.jpg?resize=374%2C499&#038;ssl=1\" alt=\"\" class=\"wp-image-2551\" width=\"374\" height=\"499\" srcset=\"https:\/\/i2.wp.com\/retotmp.valnaloneduca.com\/wp-content\/uploads\/2023\/11\/Prototipos.jpg?resize=768%2C1024&amp;ssl=1 768w, https:\/\/i2.wp.com\/retotmp.valnaloneduca.com\/wp-content\/uploads\/2023\/11\/Prototipos.jpg?resize=225%2C300&amp;ssl=1 225w, https:\/\/i2.wp.com\/retotmp.valnaloneduca.com\/wp-content\/uploads\/2023\/11\/Prototipos.jpg?resize=1152%2C1536&amp;ssl=1 1152w, https:\/\/i2.wp.com\/retotmp.valnaloneduca.com\/wp-content\/uploads\/2023\/11\/Prototipos.jpg?w=1530&amp;ssl=1 1530w\" sizes=\"(max-width: 374px) 100vw, 374px\" data-recalc-dims=\"1\" \/><figcaption><strong>Dise\u00f1o<\/strong><\/figcaption><\/figure><\/div>\n\n\n\n<p>Para seguir con la metodolog\u00eda, deben traer una serie de&nbsp;<strong>entrevistas<\/strong>, cada equipo, para realizar un peque\u00f1o&nbsp;<strong>estudio de investigaci\u00f3n<\/strong>&nbsp;del entorno y ver como vamos a utilizar las respuestas ,entre todos, para sacar conclusiones.<\/p>\n\n\n\n<p>Hemos decidido que en lugar de hacer <strong>el cuestionario<\/strong> destinado a personas particulares (hombres) lo vamos a <strong>enfocar  a negocios relacionados con la venta de productos de belleza y centros de belleza y est\u00e9tica<\/strong>.<\/p>\n\n\n\n<p>El alumnado tendr\u00e1  que ir a <strong>cuatro negocios<\/strong>, con l\u00ednea\/atenci\u00f3n para hombres, y hacerles el cuestionario tomando buena nota de sus respuestas y de sus opiniones.<\/p>\n\n\n\n<p>Cada miembro, de cada uno de los tres equipos, ir\u00e1 hacer el cuestionario a la secci\u00f3n de masajes y belleza de&nbsp;&nbsp;<strong>Talasoponiente de Gij\u00f3n<\/strong> <a href=\"https:\/\/forus.es\/centros-forus\/asturias\/gijon\">https:\/\/forus.es\/centros-forus\/asturias\/gijon<\/a><\/p>\n\n\n\n<p><strong>Hay que pensar bien las preguntas que se va a formular a las empresas <\/strong>y qu\u00e9 i<strong>nformaci\u00f3n queremos conseguir <\/strong>sobre los productos que tenemos en <strong>la competencia<\/strong> y sobre <strong>la opini\u00f3n de los expertos vendiendo sus productos<\/strong> para hombre, en concreto, <strong>el contorno de ojos<\/strong>. <\/p>\n\n\n\n<p>En&nbsp;<strong>la segunda y tercera sesi\u00f3n<\/strong>&nbsp;nos centraremos en las fases de<strong> definir e idear<\/strong>. Para seguir con la metodolog\u00eda, deben traer <strong>los cuestionarios definidos<\/strong>, en la pr\u00f3xima sesi\u00f3n, cada equipo, para  ver como, entre todos, podemos aprovechar las respuestas para sacar conclusiones.<\/p>\n\n\n\n<p>Comenzamos<strong>&nbsp;la segunda sesi\u00f3n<\/strong>&nbsp;plante\u00e1ndonos lo que queremos hacer con respecto a las posibles acciones de marketing para su comercializaci\u00f3n de producto de catalogo.<\/p>\n\n\n\n<div class=\"wp-block-image\"><figure class=\"aligncenter size-large is-resized\"><img loading=\"lazy\" src=\"https:\/\/i1.wp.com\/retotmp.valnaloneduca.com\/wp-content\/uploads\/2023\/11\/20231114_100013-768x1024.jpg?resize=312%2C416&#038;ssl=1\" alt=\"\" class=\"wp-image-2557\" width=\"312\" height=\"416\" srcset=\"https:\/\/i2.wp.com\/retotmp.valnaloneduca.com\/wp-content\/uploads\/2023\/11\/20231114_100013.jpg?resize=768%2C1024&amp;ssl=1 768w, https:\/\/i2.wp.com\/retotmp.valnaloneduca.com\/wp-content\/uploads\/2023\/11\/20231114_100013.jpg?resize=225%2C300&amp;ssl=1 225w, https:\/\/i2.wp.com\/retotmp.valnaloneduca.com\/wp-content\/uploads\/2023\/11\/20231114_100013.jpg?resize=1152%2C1536&amp;ssl=1 1152w, https:\/\/i2.wp.com\/retotmp.valnaloneduca.com\/wp-content\/uploads\/2023\/11\/20231114_100013.jpg?w=1530&amp;ssl=1 1530w\" sizes=\"(max-width: 312px) 100vw, 312px\" data-recalc-dims=\"1\" \/><figcaption><strong>Preparando los cuestionarios, por equipos,  para exponerlos<\/strong><\/figcaption><\/figure><\/div>\n\n\n\n<p>Empezamos con las fases de&nbsp;<strong>definir e idear<\/strong>&nbsp;a partir de&nbsp;<strong>los cuestionarios<\/strong>&nbsp;realizadas, por los grupo de estudiantes,  a diferentes tiendas especializadas y centros de esteticien y peluquer\u00edas de Gij\u00f3n, para sacar conclusiones. Cada equipo expone sus cuestionarios y lo debatimos entre todos.<\/p>\n\n\n\n<div class=\"wp-block-image\"><figure class=\"aligncenter size-large is-resized\"><img loading=\"lazy\" src=\"https:\/\/i1.wp.com\/retotmp.valnaloneduca.com\/wp-content\/uploads\/2023\/11\/Imagen1-1.jpg?resize=835%2C442&#038;ssl=1\" alt=\"\" class=\"wp-image-2559\" width=\"835\" height=\"442\" srcset=\"https:\/\/i1.wp.com\/retotmp.valnaloneduca.com\/wp-content\/uploads\/2023\/11\/Imagen1-1.jpg?w=493&amp;ssl=1 493w, https:\/\/i1.wp.com\/retotmp.valnaloneduca.com\/wp-content\/uploads\/2023\/11\/Imagen1-1.jpg?resize=300%2C159&amp;ssl=1 300w\" sizes=\"(max-width: 835px) 100vw, 835px\" data-recalc-dims=\"1\" \/><figcaption><strong>Puesta en com\u00fan-Trabajo en equipo<\/strong><\/figcaption><\/figure><\/div>\n\n\n\n<p>A partir de ah\u00ed, se han comprometido a realizar<strong>&nbsp;tormentas de ideas<\/strong>&nbsp;por equipos, decidir las acciones posibles a desarrollar y a trabajarlas para&nbsp;<strong>comunicarlas&nbsp;<\/strong>en la pr\u00f3xima sesi\u00f3n.<\/p>\n\n\n\n<p>El alumnado tendr\u00e1 que trabajar en acciones de marketing para  presentar <strong>un pack promocional <\/strong>con tres productos masculinos ( crema de afeitado, gel after shave y el contorno de ojos) de catalogo para <strong>el 19 de marzo-d\u00eda del padre<\/strong> a su clientela. De los tres productos, vamos a resaltar como producto estrella el contorno de ojos, para darlo a conocer. <\/p>\n\n\n\n<p>Estamos en <strong>la 3\u00ba sesi\u00f3n<\/strong> aprendiendo a manejar herramientas, como el  <strong>CANVAS<\/strong>, para ubicarnos, centrando ideas y ver lo que tenemos. Manejamos documentaci\u00f3n y nos podemos a trabajar.<\/p>\n\n\n\n<div class=\"wp-block-image\"><figure class=\"aligncenter size-large is-resized\"><img loading=\"lazy\" src=\"https:\/\/i2.wp.com\/retotmp.valnaloneduca.com\/wp-content\/uploads\/2023\/11\/BIG-DATA-1024x768.jpg?resize=556%2C417&#038;ssl=1\" alt=\"\" class=\"wp-image-2565\" width=\"556\" height=\"417\" srcset=\"https:\/\/i1.wp.com\/retotmp.valnaloneduca.com\/wp-content\/uploads\/2023\/11\/BIG-DATA.jpg?resize=1024%2C768&amp;ssl=1 1024w, https:\/\/i1.wp.com\/retotmp.valnaloneduca.com\/wp-content\/uploads\/2023\/11\/BIG-DATA.jpg?resize=300%2C225&amp;ssl=1 300w, https:\/\/i1.wp.com\/retotmp.valnaloneduca.com\/wp-content\/uploads\/2023\/11\/BIG-DATA.jpg?resize=768%2C576&amp;ssl=1 768w, https:\/\/i1.wp.com\/retotmp.valnaloneduca.com\/wp-content\/uploads\/2023\/11\/BIG-DATA.jpg?resize=1536%2C1152&amp;ssl=1 1536w, https:\/\/i1.wp.com\/retotmp.valnaloneduca.com\/wp-content\/uploads\/2023\/11\/BIG-DATA.jpg?resize=600%2C450&amp;ssl=1 600w, https:\/\/i1.wp.com\/retotmp.valnaloneduca.com\/wp-content\/uploads\/2023\/11\/BIG-DATA.jpg?w=2040&amp;ssl=1 2040w, https:\/\/i1.wp.com\/retotmp.valnaloneduca.com\/wp-content\/uploads\/2023\/11\/BIG-DATA.jpg?w=1820 1820w\" sizes=\"(max-width: 556px) 100vw, 556px\" data-recalc-dims=\"1\" \/><figcaption><strong>Big Data<\/strong><\/figcaption><\/figure><\/div>\n\n\n\n<div class=\"wp-block-image\"><figure class=\"aligncenter size-large is-resized\"><img loading=\"lazy\" src=\"https:\/\/i0.wp.com\/retotmp.valnaloneduca.com\/wp-content\/uploads\/2023\/11\/GRUPO-CON-CANVAS-768x1024.jpg?resize=427%2C570&#038;ssl=1\" alt=\"\" class=\"wp-image-2566\" width=\"427\" height=\"570\" srcset=\"https:\/\/i0.wp.com\/retotmp.valnaloneduca.com\/wp-content\/uploads\/2023\/11\/GRUPO-CON-CANVAS.jpg?resize=768%2C1024&amp;ssl=1 768w, https:\/\/i0.wp.com\/retotmp.valnaloneduca.com\/wp-content\/uploads\/2023\/11\/GRUPO-CON-CANVAS.jpg?resize=225%2C300&amp;ssl=1 225w, https:\/\/i0.wp.com\/retotmp.valnaloneduca.com\/wp-content\/uploads\/2023\/11\/GRUPO-CON-CANVAS.jpg?resize=1152%2C1536&amp;ssl=1 1152w, https:\/\/i0.wp.com\/retotmp.valnaloneduca.com\/wp-content\/uploads\/2023\/11\/GRUPO-CON-CANVAS.jpg?w=1530&amp;ssl=1 1530w\" sizes=\"(max-width: 427px) 100vw, 427px\" data-recalc-dims=\"1\" \/><figcaption><strong>Aprendiendo<\/strong><\/figcaption><\/figure><\/div>\n\n\n\n<div class=\"wp-block-image\"><figure class=\"aligncenter size-large is-resized\"><img loading=\"lazy\" src=\"https:\/\/i1.wp.com\/retotmp.valnaloneduca.com\/wp-content\/uploads\/2023\/11\/TRABAJANDO-2-1024x768.jpg?resize=588%2C441&#038;ssl=1\" alt=\"\" class=\"wp-image-2569\" width=\"588\" height=\"441\" srcset=\"https:\/\/i0.wp.com\/retotmp.valnaloneduca.com\/wp-content\/uploads\/2023\/11\/TRABAJANDO-2.jpg?resize=1024%2C768&amp;ssl=1 1024w, https:\/\/i0.wp.com\/retotmp.valnaloneduca.com\/wp-content\/uploads\/2023\/11\/TRABAJANDO-2.jpg?resize=300%2C225&amp;ssl=1 300w, https:\/\/i0.wp.com\/retotmp.valnaloneduca.com\/wp-content\/uploads\/2023\/11\/TRABAJANDO-2.jpg?resize=768%2C576&amp;ssl=1 768w, https:\/\/i0.wp.com\/retotmp.valnaloneduca.com\/wp-content\/uploads\/2023\/11\/TRABAJANDO-2.jpg?resize=1536%2C1152&amp;ssl=1 1536w, https:\/\/i0.wp.com\/retotmp.valnaloneduca.com\/wp-content\/uploads\/2023\/11\/TRABAJANDO-2.jpg?resize=600%2C450&amp;ssl=1 600w, https:\/\/i0.wp.com\/retotmp.valnaloneduca.com\/wp-content\/uploads\/2023\/11\/TRABAJANDO-2.jpg?w=2040&amp;ssl=1 2040w, https:\/\/i0.wp.com\/retotmp.valnaloneduca.com\/wp-content\/uploads\/2023\/11\/TRABAJANDO-2.jpg?w=1820 1820w\" sizes=\"(max-width: 588px) 100vw, 588px\" data-recalc-dims=\"1\" \/><figcaption><strong>Trabajando en Equipo<\/strong><\/figcaption><\/figure><\/div>\n\n\n\n<div class=\"wp-block-image\"><figure class=\"aligncenter size-large is-resized\"><img loading=\"lazy\" src=\"https:\/\/i2.wp.com\/retotmp.valnaloneduca.com\/wp-content\/uploads\/2023\/11\/EXPONIENDO-1-1024x768.jpg?resize=570%2C428&#038;ssl=1\" alt=\"\" class=\"wp-image-2570\" width=\"570\" height=\"428\" srcset=\"https:\/\/i2.wp.com\/retotmp.valnaloneduca.com\/wp-content\/uploads\/2023\/11\/EXPONIENDO-1.jpg?resize=1024%2C768&amp;ssl=1 1024w, https:\/\/i2.wp.com\/retotmp.valnaloneduca.com\/wp-content\/uploads\/2023\/11\/EXPONIENDO-1.jpg?resize=300%2C225&amp;ssl=1 300w, https:\/\/i2.wp.com\/retotmp.valnaloneduca.com\/wp-content\/uploads\/2023\/11\/EXPONIENDO-1.jpg?resize=768%2C576&amp;ssl=1 768w, https:\/\/i2.wp.com\/retotmp.valnaloneduca.com\/wp-content\/uploads\/2023\/11\/EXPONIENDO-1.jpg?resize=1536%2C1152&amp;ssl=1 1536w, https:\/\/i2.wp.com\/retotmp.valnaloneduca.com\/wp-content\/uploads\/2023\/11\/EXPONIENDO-1.jpg?resize=600%2C450&amp;ssl=1 600w, https:\/\/i2.wp.com\/retotmp.valnaloneduca.com\/wp-content\/uploads\/2023\/11\/EXPONIENDO-1.jpg?w=2040&amp;ssl=1 2040w, https:\/\/i2.wp.com\/retotmp.valnaloneduca.com\/wp-content\/uploads\/2023\/11\/EXPONIENDO-1.jpg?w=1820 1820w\" sizes=\"(max-width: 570px) 100vw, 570px\" data-recalc-dims=\"1\" \/><figcaption><strong>Exponiendo<\/strong><\/figcaption><\/figure><\/div>\n\n\n\n<p>El alumnado perfilan sus ideas, despu\u00e9s de realizar sus&nbsp;<strong>brainstorming<\/strong>. Han elegido las mejores y a partir de ah\u00ed las deben desarrollar y defenderlas en p\u00fablico en la siguiente sesi\u00f3n. Todo ello<strong>&nbsp;en equipo<\/strong>.<\/p>\n\n\n\n<p>Es importante tambi\u00e9n&nbsp;<strong>la evaluaci\u00f3n<\/strong>, como defiende la metodolog\u00eda que estamos aprendiendo, estudiando entre ellos las posibles&nbsp;<strong>acciones de marketing<\/strong>&nbsp;que deben de desarrollar para llegar a su p\u00fablico objetivo, previamente definido y adquieran el producto.<\/p>\n\n\n\n<p>Estamos en la <strong>4\u00ba sesi\u00f3n<\/strong> donde el alumnado va a exponer a su profesorado todo el trabajo realizado durante el curso.<\/p>\n\n\n\n<div class=\"wp-block-image\"><figure class=\"aligncenter size-large is-resized\"><img loading=\"lazy\" src=\"https:\/\/i0.wp.com\/retotmp.valnaloneduca.com\/wp-content\/uploads\/2023\/11\/TRABAJANDO-3-1024x768.jpg?resize=498%2C374&#038;ssl=1\" alt=\"\" class=\"wp-image-2573\" width=\"498\" height=\"374\" srcset=\"https:\/\/i1.wp.com\/retotmp.valnaloneduca.com\/wp-content\/uploads\/2023\/11\/TRABAJANDO-3.jpg?resize=1024%2C768&amp;ssl=1 1024w, https:\/\/i1.wp.com\/retotmp.valnaloneduca.com\/wp-content\/uploads\/2023\/11\/TRABAJANDO-3.jpg?resize=300%2C225&amp;ssl=1 300w, https:\/\/i1.wp.com\/retotmp.valnaloneduca.com\/wp-content\/uploads\/2023\/11\/TRABAJANDO-3.jpg?resize=768%2C576&amp;ssl=1 768w, https:\/\/i1.wp.com\/retotmp.valnaloneduca.com\/wp-content\/uploads\/2023\/11\/TRABAJANDO-3.jpg?resize=1536%2C1152&amp;ssl=1 1536w, https:\/\/i1.wp.com\/retotmp.valnaloneduca.com\/wp-content\/uploads\/2023\/11\/TRABAJANDO-3.jpg?resize=600%2C450&amp;ssl=1 600w, https:\/\/i1.wp.com\/retotmp.valnaloneduca.com\/wp-content\/uploads\/2023\/11\/TRABAJANDO-3.jpg?w=2040&amp;ssl=1 2040w, https:\/\/i1.wp.com\/retotmp.valnaloneduca.com\/wp-content\/uploads\/2023\/11\/TRABAJANDO-3.jpg?w=1820 1820w\" sizes=\"(max-width: 498px) 100vw, 498px\" data-recalc-dims=\"1\" \/><figcaption><strong>Preparando la presentaci\u00f3n por grupos<\/strong><\/figcaption><\/figure><\/div>\n\n\n\n<div class=\"wp-block-image\"><figure class=\"aligncenter size-large is-resized\"><img loading=\"lazy\" src=\"https:\/\/i1.wp.com\/retotmp.valnaloneduca.com\/wp-content\/uploads\/2023\/11\/TUTORES-ALMN-1024x768.jpg?resize=500%2C375&#038;ssl=1\" alt=\"\" class=\"wp-image-2574\" width=\"500\" height=\"375\" srcset=\"https:\/\/i1.wp.com\/retotmp.valnaloneduca.com\/wp-content\/uploads\/2023\/11\/TUTORES-ALMN.jpg?resize=1024%2C768&amp;ssl=1 1024w, https:\/\/i1.wp.com\/retotmp.valnaloneduca.com\/wp-content\/uploads\/2023\/11\/TUTORES-ALMN.jpg?resize=300%2C225&amp;ssl=1 300w, https:\/\/i1.wp.com\/retotmp.valnaloneduca.com\/wp-content\/uploads\/2023\/11\/TUTORES-ALMN.jpg?resize=768%2C576&amp;ssl=1 768w, https:\/\/i1.wp.com\/retotmp.valnaloneduca.com\/wp-content\/uploads\/2023\/11\/TUTORES-ALMN.jpg?resize=1536%2C1152&amp;ssl=1 1536w, https:\/\/i1.wp.com\/retotmp.valnaloneduca.com\/wp-content\/uploads\/2023\/11\/TUTORES-ALMN.jpg?resize=600%2C450&amp;ssl=1 600w, https:\/\/i1.wp.com\/retotmp.valnaloneduca.com\/wp-content\/uploads\/2023\/11\/TUTORES-ALMN.jpg?w=2040&amp;ssl=1 2040w, https:\/\/i1.wp.com\/retotmp.valnaloneduca.com\/wp-content\/uploads\/2023\/11\/TUTORES-ALMN.jpg?w=1820 1820w\" sizes=\"(max-width: 500px) 100vw, 500px\" data-recalc-dims=\"1\" \/><figcaption><strong>Exposici\u00f3n a tutores y alumnado<\/strong><\/figcaption><\/figure><\/div>\n\n\n\n<div class=\"wp-block-image\"><figure class=\"aligncenter size-large is-resized\"><img loading=\"lazy\" src=\"https:\/\/i0.wp.com\/retotmp.valnaloneduca.com\/wp-content\/uploads\/2023\/11\/EXP-2-1024x768.jpg?resize=593%2C445&#038;ssl=1\" alt=\"\" class=\"wp-image-2575\" width=\"593\" height=\"445\" srcset=\"https:\/\/i0.wp.com\/retotmp.valnaloneduca.com\/wp-content\/uploads\/2023\/11\/EXP-2.jpg?resize=1024%2C768&amp;ssl=1 1024w, https:\/\/i0.wp.com\/retotmp.valnaloneduca.com\/wp-content\/uploads\/2023\/11\/EXP-2.jpg?resize=300%2C225&amp;ssl=1 300w, https:\/\/i0.wp.com\/retotmp.valnaloneduca.com\/wp-content\/uploads\/2023\/11\/EXP-2.jpg?resize=768%2C576&amp;ssl=1 768w, https:\/\/i0.wp.com\/retotmp.valnaloneduca.com\/wp-content\/uploads\/2023\/11\/EXP-2.jpg?resize=1536%2C1152&amp;ssl=1 1536w, https:\/\/i0.wp.com\/retotmp.valnaloneduca.com\/wp-content\/uploads\/2023\/11\/EXP-2.jpg?resize=600%2C450&amp;ssl=1 600w, https:\/\/i0.wp.com\/retotmp.valnaloneduca.com\/wp-content\/uploads\/2023\/11\/EXP-2.jpg?w=2040&amp;ssl=1 2040w, https:\/\/i0.wp.com\/retotmp.valnaloneduca.com\/wp-content\/uploads\/2023\/11\/EXP-2.jpg?w=1820 1820w\" sizes=\"(max-width: 593px) 100vw, 593px\" data-recalc-dims=\"1\" \/><figcaption><strong>Equipo 1<\/strong><\/figcaption><\/figure><\/div>\n\n\n\n<div class=\"wp-block-image\"><figure class=\"aligncenter size-large is-resized\"><img loading=\"lazy\" src=\"https:\/\/i2.wp.com\/retotmp.valnaloneduca.com\/wp-content\/uploads\/2023\/11\/EXP-4-1024x768.jpg?resize=594%2C446&#038;ssl=1\" alt=\"\" class=\"wp-image-2576\" width=\"594\" height=\"446\" srcset=\"https:\/\/i0.wp.com\/retotmp.valnaloneduca.com\/wp-content\/uploads\/2023\/11\/EXP-4.jpg?resize=1024%2C768&amp;ssl=1 1024w, https:\/\/i0.wp.com\/retotmp.valnaloneduca.com\/wp-content\/uploads\/2023\/11\/EXP-4.jpg?resize=300%2C225&amp;ssl=1 300w, https:\/\/i0.wp.com\/retotmp.valnaloneduca.com\/wp-content\/uploads\/2023\/11\/EXP-4.jpg?resize=768%2C576&amp;ssl=1 768w, https:\/\/i0.wp.com\/retotmp.valnaloneduca.com\/wp-content\/uploads\/2023\/11\/EXP-4.jpg?resize=1536%2C1152&amp;ssl=1 1536w, https:\/\/i0.wp.com\/retotmp.valnaloneduca.com\/wp-content\/uploads\/2023\/11\/EXP-4.jpg?resize=600%2C450&amp;ssl=1 600w, https:\/\/i0.wp.com\/retotmp.valnaloneduca.com\/wp-content\/uploads\/2023\/11\/EXP-4.jpg?w=2040&amp;ssl=1 2040w, https:\/\/i0.wp.com\/retotmp.valnaloneduca.com\/wp-content\/uploads\/2023\/11\/EXP-4.jpg?w=1820 1820w\" sizes=\"(max-width: 594px) 100vw, 594px\" data-recalc-dims=\"1\" \/><figcaption><strong>Equipo 2<\/strong><\/figcaption><\/figure><\/div>\n\n\n\n<div class=\"wp-block-image\"><figure class=\"aligncenter size-large is-resized\"><img loading=\"lazy\" src=\"https:\/\/i0.wp.com\/retotmp.valnaloneduca.com\/wp-content\/uploads\/2023\/11\/EXP-5-1024x768.jpg?resize=596%2C447&#038;ssl=1\" alt=\"\" class=\"wp-image-2577\" width=\"596\" height=\"447\" srcset=\"https:\/\/i2.wp.com\/retotmp.valnaloneduca.com\/wp-content\/uploads\/2023\/11\/EXP-5.jpg?resize=1024%2C768&amp;ssl=1 1024w, https:\/\/i2.wp.com\/retotmp.valnaloneduca.com\/wp-content\/uploads\/2023\/11\/EXP-5.jpg?resize=300%2C225&amp;ssl=1 300w, https:\/\/i2.wp.com\/retotmp.valnaloneduca.com\/wp-content\/uploads\/2023\/11\/EXP-5.jpg?resize=768%2C576&amp;ssl=1 768w, https:\/\/i2.wp.com\/retotmp.valnaloneduca.com\/wp-content\/uploads\/2023\/11\/EXP-5.jpg?resize=1536%2C1152&amp;ssl=1 1536w, https:\/\/i2.wp.com\/retotmp.valnaloneduca.com\/wp-content\/uploads\/2023\/11\/EXP-5.jpg?resize=600%2C450&amp;ssl=1 600w, https:\/\/i2.wp.com\/retotmp.valnaloneduca.com\/wp-content\/uploads\/2023\/11\/EXP-5.jpg?w=2040&amp;ssl=1 2040w, https:\/\/i2.wp.com\/retotmp.valnaloneduca.com\/wp-content\/uploads\/2023\/11\/EXP-5.jpg?w=1820 1820w\" sizes=\"(max-width: 596px) 100vw, 596px\" data-recalc-dims=\"1\" \/><figcaption><strong>Equipo 3<\/strong><\/figcaption><\/figure><\/div>\n\n\n\n<p><strong>Cada equipo han comunicado las posibles estrategias al reto definido<\/strong>. Han sido muy interesantes y diversas. Desde el <strong>dise\u00f1o del packaging<\/strong>, la utilizaci\u00f3n de <strong>la realidad virtual <\/strong>en mupis expositivos a corners en establecimientos y negocios autorizados. <\/p>\n\n\n\n<div class=\"wp-block-image\"><figure class=\"aligncenter size-large is-resized\"><img loading=\"lazy\" src=\"https:\/\/i0.wp.com\/retotmp.valnaloneduca.com\/wp-content\/uploads\/2023\/11\/sol-eq-1.jpg?resize=517%2C284&#038;ssl=1\" alt=\"\" class=\"wp-image-2578\" width=\"517\" height=\"284\" srcset=\"https:\/\/i0.wp.com\/retotmp.valnaloneduca.com\/wp-content\/uploads\/2023\/11\/sol-eq-1.jpg?w=399&amp;ssl=1 399w, https:\/\/i0.wp.com\/retotmp.valnaloneduca.com\/wp-content\/uploads\/2023\/11\/sol-eq-1.jpg?resize=300%2C165&amp;ssl=1 300w\" sizes=\"(max-width: 517px) 100vw, 517px\" data-recalc-dims=\"1\" \/><figcaption><strong>Soluciones al reto<\/strong><\/figcaption><\/figure><\/div>\n\n\n\n<div class=\"wp-block-image\"><figure class=\"aligncenter size-large is-resized\"><img loading=\"lazy\" src=\"https:\/\/i1.wp.com\/retotmp.valnaloneduca.com\/wp-content\/uploads\/2023\/11\/sol-eq-2.jpg?resize=515%2C305&#038;ssl=1\" alt=\"\" class=\"wp-image-2579\" width=\"515\" height=\"305\" srcset=\"https:\/\/i1.wp.com\/retotmp.valnaloneduca.com\/wp-content\/uploads\/2023\/11\/sol-eq-2.jpg?w=427&amp;ssl=1 427w, https:\/\/i1.wp.com\/retotmp.valnaloneduca.com\/wp-content\/uploads\/2023\/11\/sol-eq-2.jpg?resize=300%2C178&amp;ssl=1 300w\" sizes=\"(max-width: 515px) 100vw, 515px\" data-recalc-dims=\"1\" \/><figcaption><strong>Soluciones al reto<\/strong><\/figcaption><\/figure><\/div>\n\n\n\n<div class=\"wp-block-image\"><figure class=\"aligncenter size-large is-resized\"><img loading=\"lazy\" src=\"https:\/\/i1.wp.com\/retotmp.valnaloneduca.com\/wp-content\/uploads\/2023\/11\/sol-eq-3.jpg?resize=524%2C380&#038;ssl=1\" alt=\"\" class=\"wp-image-2580\" width=\"524\" height=\"380\" srcset=\"https:\/\/i1.wp.com\/retotmp.valnaloneduca.com\/wp-content\/uploads\/2023\/11\/sol-eq-3.jpg?w=413&amp;ssl=1 413w, https:\/\/i1.wp.com\/retotmp.valnaloneduca.com\/wp-content\/uploads\/2023\/11\/sol-eq-3.jpg?resize=300%2C218&amp;ssl=1 300w\" sizes=\"(max-width: 524px) 100vw, 524px\" data-recalc-dims=\"1\" \/><figcaption><strong>Soluciones al reto<\/strong><\/figcaption><\/figure><\/div>\n\n\n\n<p>Han elaborado<strong> cat\u00e1logos de los productos y gu\u00eda de instrucciones<\/strong> de los pasos  a seguir para  utilizar los productos. Han creado <strong>redes sociales <\/strong><a href=\"https:\/\/www.instagram.com\/_games_cosmetics_\/\">https:\/\/www.instagram.com\/_games_cosmetics_\/<\/a>   y tambi\u00e9n en contratar <strong>influencers<\/strong> para promocionar el catalogo.<\/p>\n\n\n\n<div class=\"wp-block-image\"><figure class=\"aligncenter size-large is-resized\"><img loading=\"lazy\" src=\"https:\/\/i1.wp.com\/retotmp.valnaloneduca.com\/wp-content\/uploads\/2023\/11\/guia.jpg?resize=311%2C311&#038;ssl=1\" alt=\"\" class=\"wp-image-2581\" width=\"311\" height=\"311\" srcset=\"https:\/\/i1.wp.com\/retotmp.valnaloneduca.com\/wp-content\/uploads\/2023\/11\/guia.jpg?w=270&amp;ssl=1 270w, https:\/\/i1.wp.com\/retotmp.valnaloneduca.com\/wp-content\/uploads\/2023\/11\/guia.jpg?resize=150%2C150&amp;ssl=1 150w\" sizes=\"(max-width: 311px) 100vw, 311px\" data-recalc-dims=\"1\" \/><figcaption><strong>Gu\u00eda de uso del contorno de ojos<\/strong><\/figcaption><\/figure><\/div>\n\n\n\n<div class=\"wp-block-image\"><figure class=\"aligncenter size-large is-resized\"><img loading=\"lazy\" src=\"https:\/\/i1.wp.com\/retotmp.valnaloneduca.com\/wp-content\/uploads\/2023\/11\/pasos.jpg?resize=313%2C313&#038;ssl=1\" alt=\"\" class=\"wp-image-2582\" width=\"313\" height=\"313\" srcset=\"https:\/\/i1.wp.com\/retotmp.valnaloneduca.com\/wp-content\/uploads\/2023\/11\/pasos.jpg?w=270&amp;ssl=1 270w, https:\/\/i1.wp.com\/retotmp.valnaloneduca.com\/wp-content\/uploads\/2023\/11\/pasos.jpg?resize=150%2C150&amp;ssl=1 150w\" sizes=\"(max-width: 313px) 100vw, 313px\" data-recalc-dims=\"1\" \/><figcaption><strong>Pasos a seguir<\/strong><\/figcaption><\/figure><\/div>\n\n\n\n<div class=\"wp-block-image\"><figure class=\"aligncenter size-large\"><img loading=\"lazy\" width=\"530\" height=\"257\" src=\"https:\/\/i0.wp.com\/retotmp.valnaloneduca.com\/wp-content\/uploads\/2023\/11\/instagram.jpg?resize=530%2C257&#038;ssl=1\" alt=\"\" class=\"wp-image-2583\" srcset=\"https:\/\/i0.wp.com\/retotmp.valnaloneduca.com\/wp-content\/uploads\/2023\/11\/instagram.jpg?w=530&amp;ssl=1 530w, https:\/\/i0.wp.com\/retotmp.valnaloneduca.com\/wp-content\/uploads\/2023\/11\/instagram.jpg?resize=300%2C145&amp;ssl=1 300w\" sizes=\"(max-width: 530px) 100vw, 530px\" data-recalc-dims=\"1\" \/><figcaption><strong> https:\/\/www.instagram.com\/_games_cosmetics<\/strong>_\/<\/figcaption><\/figure><\/div>\n\n\n\n<p><\/p>\n\n\n\n<p>De un curso de tres sesiones se ha pasado a cuatro sesiones, por petici\u00f3n del alumnado, para que su trabajo estuviera bien definido. <strong>Un grupo muy integrado y colaborativo desde el primer momento, con ganas de aprender y comunicar.<\/strong><\/p>\n\n\n\n<p>Agradecer el apoyo del&nbsp;<strong>CIFP LA LABORAL<\/strong>&nbsp;por su implicaci\u00f3n a realizar dicho curso. A&nbsp;<strong>Jos\u00e9 Manuel Fern\u00e1ndez Busto,<\/strong>&nbsp;Jefe de departamento de Administraci\u00f3n y Gesti\u00f3n, y al profesorado de econom\u00eda ,<strong>Teresa \u00c1lvarez&nbsp;Casta\u00f1\u00f3n<\/strong>&nbsp;y&nbsp;<strong>Sergio Alc\u00f3n<\/strong>, por su buen hacer y por las facilidades que nos dieron para impartir dicha acci\u00f3n.<\/p>\n\n\n\n<p>El jueves comenzamos el siguiente reto y esperamos que sea tan intenso como este. <\/p>\n\n\n\n<p>Comenzamos el <strong>siguiente reto<\/strong>, dirigido al alumnado del  <strong>CFGS Administraci\u00f3n y finanzas<\/strong> gestionado por su profesor de simulaci\u00f3n empresarial, <strong>Sergio Alc\u00f3n Marcos<\/strong>, <\/p>\n\n\n\n<p>Les comunicamos el <strong>RETO <\/strong>basado en hacer un peque\u00f1o estudio, como simulaci\u00f3n, para definir los primeros d\u00edas del funcionamiento de la cafeter\u00eda del centro educativo <strong>CIFP LA  LABORAL<\/strong>. Apuesta llevada a cabo por un grupo de hosteler\u00eda de la ciudad.<\/p>\n\n\n\n<p>Aplicaremos la metodolog\u00eda del <strong>Design thinking<\/strong> para ver como podemos enfocar posibles acciones, definidas a partir del estudio, para poder llevarlas a cabo en el d\u00eda a d\u00eda del negocio.<\/p>\n\n\n\n<p>Realizamos un <strong>Pecha Kucha<\/strong> como toma de contacto y formamos los grupos de trabajo.<\/p>\n\n\n\n<div class=\"wp-block-image\"><figure class=\"aligncenter size-large is-resized\"><img loading=\"lazy\" src=\"https:\/\/i0.wp.com\/retotmp.valnaloneduca.com\/wp-content\/uploads\/2023\/12\/CMN-768x1024.jpg?resize=417%2C556&#038;ssl=1\" alt=\"\" class=\"wp-image-2587\" width=\"417\" height=\"556\" srcset=\"https:\/\/i0.wp.com\/retotmp.valnaloneduca.com\/wp-content\/uploads\/2023\/12\/CMN.jpg?resize=768%2C1024&amp;ssl=1 768w, https:\/\/i0.wp.com\/retotmp.valnaloneduca.com\/wp-content\/uploads\/2023\/12\/CMN.jpg?resize=225%2C300&amp;ssl=1 225w, https:\/\/i0.wp.com\/retotmp.valnaloneduca.com\/wp-content\/uploads\/2023\/12\/CMN.jpg?resize=1152%2C1536&amp;ssl=1 1152w, https:\/\/i0.wp.com\/retotmp.valnaloneduca.com\/wp-content\/uploads\/2023\/12\/CMN.jpg?w=1530&amp;ssl=1 1530w\" sizes=\"(max-width: 417px) 100vw, 417px\" data-recalc-dims=\"1\" \/><figcaption><strong>Pecha Kucha<\/strong><\/figcaption><\/figure><\/div>\n\n\n\n<p>Definimos <strong>el reto<\/strong>, trabajamos <strong>la empat\u00eda<\/strong> y la parte de <strong>definir.<\/strong> Entre todos <strong>recopilamos informaci\u00f3n <\/strong>y fuimos preparando <strong>las entrevistas<\/strong> que tienen que trabajar estos d\u00edas, para ir construyendo la encuesta y hacer la <strong>simulaci\u00f3n del estudio<\/strong> que queremos realizar.<\/p>\n\n\n\n<div class=\"wp-block-image\"><figure class=\"aligncenter size-large is-resized\"><img loading=\"lazy\" src=\"https:\/\/i1.wp.com\/retotmp.valnaloneduca.com\/wp-content\/uploads\/2023\/12\/PIZARRA-1024x768.jpg?resize=479%2C359&#038;ssl=1\" alt=\"\" class=\"wp-image-2588\" width=\"479\" height=\"359\" srcset=\"https:\/\/i0.wp.com\/retotmp.valnaloneduca.com\/wp-content\/uploads\/2023\/12\/PIZARRA.jpg?resize=1024%2C768&amp;ssl=1 1024w, https:\/\/i0.wp.com\/retotmp.valnaloneduca.com\/wp-content\/uploads\/2023\/12\/PIZARRA.jpg?resize=300%2C225&amp;ssl=1 300w, https:\/\/i0.wp.com\/retotmp.valnaloneduca.com\/wp-content\/uploads\/2023\/12\/PIZARRA.jpg?resize=768%2C576&amp;ssl=1 768w, https:\/\/i0.wp.com\/retotmp.valnaloneduca.com\/wp-content\/uploads\/2023\/12\/PIZARRA.jpg?resize=1536%2C1152&amp;ssl=1 1536w, https:\/\/i0.wp.com\/retotmp.valnaloneduca.com\/wp-content\/uploads\/2023\/12\/PIZARRA.jpg?resize=600%2C450&amp;ssl=1 600w, https:\/\/i0.wp.com\/retotmp.valnaloneduca.com\/wp-content\/uploads\/2023\/12\/PIZARRA.jpg?w=2040&amp;ssl=1 2040w, https:\/\/i0.wp.com\/retotmp.valnaloneduca.com\/wp-content\/uploads\/2023\/12\/PIZARRA.jpg?w=1820 1820w\" sizes=\"(max-width: 479px) 100vw, 479px\" data-recalc-dims=\"1\" \/><figcaption><strong>Ideas compartidas<\/strong><\/figcaption><\/figure><\/div>\n\n\n\n<p>Comenzamos<strong>&nbsp;la segunda sesi\u00f3n<\/strong>&nbsp;plante\u00e1ndonos lo que queremos hacer para desarrollar acciones.<\/p>\n\n\n\n<p>Para centrarnos utilizamos el&nbsp;<strong>CANVAS<\/strong>&nbsp;para ubicarnos y saber lo que tenemos. Manejamos documentaci\u00f3n y nos ponemos a trabajar.<\/p>\n\n\n\n<div class=\"wp-block-image\"><figure class=\"aligncenter size-large is-resized\"><img loading=\"lazy\" src=\"https:\/\/i2.wp.com\/retotmp.valnaloneduca.com\/wp-content\/uploads\/2023\/12\/TRABAJANDO-1024x768.jpg?resize=509%2C382&#038;ssl=1\" alt=\"\" class=\"wp-image-2592\" width=\"509\" height=\"382\" srcset=\"https:\/\/i0.wp.com\/retotmp.valnaloneduca.com\/wp-content\/uploads\/2023\/12\/TRABAJANDO.jpg?resize=1024%2C768&amp;ssl=1 1024w, https:\/\/i0.wp.com\/retotmp.valnaloneduca.com\/wp-content\/uploads\/2023\/12\/TRABAJANDO.jpg?resize=300%2C225&amp;ssl=1 300w, https:\/\/i0.wp.com\/retotmp.valnaloneduca.com\/wp-content\/uploads\/2023\/12\/TRABAJANDO.jpg?resize=768%2C576&amp;ssl=1 768w, https:\/\/i0.wp.com\/retotmp.valnaloneduca.com\/wp-content\/uploads\/2023\/12\/TRABAJANDO.jpg?resize=1536%2C1152&amp;ssl=1 1536w, https:\/\/i0.wp.com\/retotmp.valnaloneduca.com\/wp-content\/uploads\/2023\/12\/TRABAJANDO.jpg?resize=600%2C450&amp;ssl=1 600w, https:\/\/i0.wp.com\/retotmp.valnaloneduca.com\/wp-content\/uploads\/2023\/12\/TRABAJANDO.jpg?w=2040&amp;ssl=1 2040w, https:\/\/i0.wp.com\/retotmp.valnaloneduca.com\/wp-content\/uploads\/2023\/12\/TRABAJANDO.jpg?w=1820 1820w\" sizes=\"(max-width: 509px) 100vw, 509px\" data-recalc-dims=\"1\" \/><figcaption><strong>Trabajando EL CANVAS<\/strong><\/figcaption><\/figure><\/div>\n\n\n\n<p>Empezamos con las fases de&nbsp;<strong>definir e idear<\/strong>&nbsp;a partir de&nbsp;<strong>las entrevistas<\/strong>&nbsp;realizadas por el grupo y sacar conclusiones entre todos.<\/p>\n\n\n\n<div class=\"wp-block-image\"><figure class=\"aligncenter size-large is-resized\"><img loading=\"lazy\" src=\"https:\/\/i0.wp.com\/retotmp.valnaloneduca.com\/wp-content\/uploads\/2023\/12\/CMN-1-1024x768.jpg?resize=462%2C347&#038;ssl=1\" alt=\"\" class=\"wp-image-2594\" width=\"462\" height=\"347\" srcset=\"https:\/\/i0.wp.com\/retotmp.valnaloneduca.com\/wp-content\/uploads\/2023\/12\/CMN-1.jpg?resize=1024%2C768&amp;ssl=1 1024w, https:\/\/i0.wp.com\/retotmp.valnaloneduca.com\/wp-content\/uploads\/2023\/12\/CMN-1.jpg?resize=300%2C225&amp;ssl=1 300w, https:\/\/i0.wp.com\/retotmp.valnaloneduca.com\/wp-content\/uploads\/2023\/12\/CMN-1.jpg?resize=768%2C576&amp;ssl=1 768w, https:\/\/i0.wp.com\/retotmp.valnaloneduca.com\/wp-content\/uploads\/2023\/12\/CMN-1.jpg?resize=1536%2C1152&amp;ssl=1 1536w, https:\/\/i0.wp.com\/retotmp.valnaloneduca.com\/wp-content\/uploads\/2023\/12\/CMN-1.jpg?resize=600%2C450&amp;ssl=1 600w, https:\/\/i0.wp.com\/retotmp.valnaloneduca.com\/wp-content\/uploads\/2023\/12\/CMN-1.jpg?w=2040&amp;ssl=1 2040w, https:\/\/i0.wp.com\/retotmp.valnaloneduca.com\/wp-content\/uploads\/2023\/12\/CMN-1.jpg?w=1820 1820w\" sizes=\"(max-width: 462px) 100vw, 462px\" data-recalc-dims=\"1\" \/><figcaption><strong>Comunicando <\/strong><\/figcaption><\/figure><\/div>\n\n\n\n<p>A partir de ah\u00ed se han comprometido a realizar<strong>&nbsp;tormentas de ideas<\/strong>&nbsp;por equipos, decidir las acciones posibles y a trabajarlas para&nbsp;<strong>comunicarlas&nbsp;<\/strong>en la pr\u00f3xima sesi\u00f3n.<\/p>\n\n\n\n<p>Ha comenzado<strong>\u00a0la 3\u00ba sesi\u00f3n<\/strong>. El alumnado est\u00e1n perfilando sus presentaciones despu\u00e9s de realizar sus\u00a0<strong>brainstorming<\/strong>. Han elegido sus mejores acciones y a partir de ah\u00ed las deben desarrollar y defenderlas en p\u00fablico. Todo ello<strong>\u00a0trabajando en equipo<\/strong>.<\/p>\n\n\n\n<div class=\"wp-block-image\"><figure class=\"aligncenter size-large is-resized\"><img loading=\"lazy\" src=\"https:\/\/i0.wp.com\/retotmp.valnaloneduca.com\/wp-content\/uploads\/2023\/12\/trabajando-2-1024x768.jpg?resize=437%2C328&#038;ssl=1\" alt=\"\" class=\"wp-image-2600\" width=\"437\" height=\"328\" srcset=\"https:\/\/i2.wp.com\/retotmp.valnaloneduca.com\/wp-content\/uploads\/2023\/12\/trabajando-2.jpg?resize=1024%2C768&amp;ssl=1 1024w, https:\/\/i2.wp.com\/retotmp.valnaloneduca.com\/wp-content\/uploads\/2023\/12\/trabajando-2.jpg?resize=300%2C225&amp;ssl=1 300w, https:\/\/i2.wp.com\/retotmp.valnaloneduca.com\/wp-content\/uploads\/2023\/12\/trabajando-2.jpg?resize=768%2C576&amp;ssl=1 768w, https:\/\/i2.wp.com\/retotmp.valnaloneduca.com\/wp-content\/uploads\/2023\/12\/trabajando-2.jpg?resize=1536%2C1152&amp;ssl=1 1536w, https:\/\/i2.wp.com\/retotmp.valnaloneduca.com\/wp-content\/uploads\/2023\/12\/trabajando-2.jpg?resize=600%2C450&amp;ssl=1 600w, https:\/\/i2.wp.com\/retotmp.valnaloneduca.com\/wp-content\/uploads\/2023\/12\/trabajando-2.jpg?w=2040&amp;ssl=1 2040w, https:\/\/i2.wp.com\/retotmp.valnaloneduca.com\/wp-content\/uploads\/2023\/12\/trabajando-2.jpg?w=1820 1820w\" sizes=\"(max-width: 437px) 100vw, 437px\" data-recalc-dims=\"1\" \/><figcaption><strong>Trabajando en equipo<\/strong><\/figcaption><\/figure><\/div>\n\n\n\n<div class=\"wp-block-image\"><figure class=\"aligncenter size-large is-resized\"><img loading=\"lazy\" src=\"https:\/\/i2.wp.com\/retotmp.valnaloneduca.com\/wp-content\/uploads\/2023\/12\/trabajndo-2-768x1024.jpg?resize=387%2C516&#038;ssl=1\" alt=\"\" class=\"wp-image-2601\" width=\"387\" height=\"516\" srcset=\"https:\/\/i0.wp.com\/retotmp.valnaloneduca.com\/wp-content\/uploads\/2023\/12\/trabajndo-2.jpg?resize=768%2C1024&amp;ssl=1 768w, https:\/\/i0.wp.com\/retotmp.valnaloneduca.com\/wp-content\/uploads\/2023\/12\/trabajndo-2.jpg?resize=225%2C300&amp;ssl=1 225w, https:\/\/i0.wp.com\/retotmp.valnaloneduca.com\/wp-content\/uploads\/2023\/12\/trabajndo-2.jpg?resize=1152%2C1536&amp;ssl=1 1152w, https:\/\/i0.wp.com\/retotmp.valnaloneduca.com\/wp-content\/uploads\/2023\/12\/trabajndo-2.jpg?w=1530&amp;ssl=1 1530w\" sizes=\"(max-width: 387px) 100vw, 387px\" data-recalc-dims=\"1\" \/><figcaption><strong>Preparando la comunicaci\u00f3n<\/strong><\/figcaption><\/figure><\/div>\n\n\n\n<p>Van saliendo por equipos para <strong>exponer sus ideas<\/strong> y nos encontramos con posibles acciones que se pueden llevar a cabo, como por ejemplo, realizar <strong>una app<\/strong> para reservas, publicitar promociones, pedir el caf\u00e9, el men\u00fa, y pagar por adelantado&#8230; Han valorado la importancia de la <strong>la formaci\u00f3n continuada del personal <\/strong>del negocio en un sector muy cambiante y exigente. <strong>Promover<\/strong> <strong>un bot\u00f3n de la felicidad <\/strong>donde el cliente cuantifique la satisfacci\u00f3n del trato del personal para incentivarles y valorarles. <strong>Aprovechar el entorno y realizar acciones<\/strong> <strong>promocionales<\/strong> para que acudan m\u00e1s p\u00fablico al negocio. Hacer <strong>carnets de fidelizaci\u00f3n<\/strong> y <strong>de descuentos<\/strong>. <strong>Crear<\/strong> <strong>fiestas tem\u00e1ticas<\/strong>&#8230; Todo esto  han surgido de su trabajo de campo previo.<\/p>\n\n\n\n<p>Han comunicado su trabajo a su profesor <strong>Sergio Alc\u00f3n Marcos<\/strong> , profesor de <strong>simulaci\u00f3n empresarial <\/strong>del <strong>CFGS Administraci\u00f3n y finanzas<\/strong>.<\/p>\n\n\n\n<div class=\"wp-block-image\"><figure class=\"aligncenter size-large is-resized\"><img loading=\"lazy\" src=\"https:\/\/i2.wp.com\/retotmp.valnaloneduca.com\/wp-content\/uploads\/2023\/12\/cmn-1-1-1024x768.jpg?resize=476%2C357&#038;ssl=1\" alt=\"\" class=\"wp-image-2602\" width=\"476\" height=\"357\" srcset=\"https:\/\/i0.wp.com\/retotmp.valnaloneduca.com\/wp-content\/uploads\/2023\/12\/cmn-1-1.jpg?resize=1024%2C768&amp;ssl=1 1024w, https:\/\/i0.wp.com\/retotmp.valnaloneduca.com\/wp-content\/uploads\/2023\/12\/cmn-1-1.jpg?resize=300%2C225&amp;ssl=1 300w, https:\/\/i0.wp.com\/retotmp.valnaloneduca.com\/wp-content\/uploads\/2023\/12\/cmn-1-1.jpg?resize=768%2C576&amp;ssl=1 768w, https:\/\/i0.wp.com\/retotmp.valnaloneduca.com\/wp-content\/uploads\/2023\/12\/cmn-1-1.jpg?resize=1536%2C1152&amp;ssl=1 1536w, https:\/\/i0.wp.com\/retotmp.valnaloneduca.com\/wp-content\/uploads\/2023\/12\/cmn-1-1.jpg?resize=600%2C450&amp;ssl=1 600w, https:\/\/i0.wp.com\/retotmp.valnaloneduca.com\/wp-content\/uploads\/2023\/12\/cmn-1-1.jpg?w=2040&amp;ssl=1 2040w, https:\/\/i0.wp.com\/retotmp.valnaloneduca.com\/wp-content\/uploads\/2023\/12\/cmn-1-1.jpg?w=1820 1820w\" sizes=\"(max-width: 476px) 100vw, 476px\" data-recalc-dims=\"1\" \/><figcaption><strong>Comunicando<\/strong><\/figcaption><\/figure><\/div>\n\n\n\n<div class=\"wp-block-image\"><figure class=\"aligncenter size-large is-resized\"><img loading=\"lazy\" src=\"https:\/\/i1.wp.com\/retotmp.valnaloneduca.com\/wp-content\/uploads\/2023\/12\/profesor-1024x768.jpg?resize=478%2C359&#038;ssl=1\" alt=\"\" class=\"wp-image-2603\" width=\"478\" height=\"359\" srcset=\"https:\/\/i2.wp.com\/retotmp.valnaloneduca.com\/wp-content\/uploads\/2023\/12\/profesor.jpg?resize=1024%2C768&amp;ssl=1 1024w, https:\/\/i2.wp.com\/retotmp.valnaloneduca.com\/wp-content\/uploads\/2023\/12\/profesor.jpg?resize=300%2C225&amp;ssl=1 300w, https:\/\/i2.wp.com\/retotmp.valnaloneduca.com\/wp-content\/uploads\/2023\/12\/profesor.jpg?resize=768%2C576&amp;ssl=1 768w, https:\/\/i2.wp.com\/retotmp.valnaloneduca.com\/wp-content\/uploads\/2023\/12\/profesor.jpg?resize=1536%2C1152&amp;ssl=1 1536w, https:\/\/i2.wp.com\/retotmp.valnaloneduca.com\/wp-content\/uploads\/2023\/12\/profesor.jpg?resize=600%2C450&amp;ssl=1 600w, https:\/\/i2.wp.com\/retotmp.valnaloneduca.com\/wp-content\/uploads\/2023\/12\/profesor.jpg?w=2040&amp;ssl=1 2040w, https:\/\/i2.wp.com\/retotmp.valnaloneduca.com\/wp-content\/uploads\/2023\/12\/profesor.jpg?w=1820 1820w\" sizes=\"(max-width: 478px) 100vw, 478px\" data-recalc-dims=\"1\" \/><figcaption><strong>El profesor valorando las ideas<\/strong><\/figcaption><\/figure><\/div>\n\n\n\n<div class=\"wp-block-image\"><figure class=\"aligncenter size-large is-resized\"><img loading=\"lazy\" src=\"https:\/\/i1.wp.com\/retotmp.valnaloneduca.com\/wp-content\/uploads\/2023\/12\/cmn-2-1024x768.jpg?resize=478%2C358&#038;ssl=1\" alt=\"\" class=\"wp-image-2604\" width=\"478\" height=\"358\" srcset=\"https:\/\/i0.wp.com\/retotmp.valnaloneduca.com\/wp-content\/uploads\/2023\/12\/cmn-2.jpg?resize=1024%2C768&amp;ssl=1 1024w, https:\/\/i0.wp.com\/retotmp.valnaloneduca.com\/wp-content\/uploads\/2023\/12\/cmn-2.jpg?resize=300%2C225&amp;ssl=1 300w, https:\/\/i0.wp.com\/retotmp.valnaloneduca.com\/wp-content\/uploads\/2023\/12\/cmn-2.jpg?resize=768%2C576&amp;ssl=1 768w, https:\/\/i0.wp.com\/retotmp.valnaloneduca.com\/wp-content\/uploads\/2023\/12\/cmn-2.jpg?resize=1536%2C1152&amp;ssl=1 1536w, https:\/\/i0.wp.com\/retotmp.valnaloneduca.com\/wp-content\/uploads\/2023\/12\/cmn-2.jpg?resize=600%2C450&amp;ssl=1 600w, https:\/\/i0.wp.com\/retotmp.valnaloneduca.com\/wp-content\/uploads\/2023\/12\/cmn-2.jpg?w=2040&amp;ssl=1 2040w, https:\/\/i0.wp.com\/retotmp.valnaloneduca.com\/wp-content\/uploads\/2023\/12\/cmn-2.jpg?w=1820 1820w\" sizes=\"(max-width: 478px) 100vw, 478px\" data-recalc-dims=\"1\" \/><figcaption><strong>Comunicando<\/strong><\/figcaption><\/figure><\/div>\n\n\n\n<p>Realizamos entre todos\u00a0<strong>una mesa redonda\u00a0<\/strong>y llegamos a la conclusi\u00f3n que hay que cambiar el chip y empezar a pensar en la realidad del siglo XXI para realizar acciones que han definido. Meternos de lleno en el\u00a0<strong>metaverso\u00a0<\/strong>y dar la importancia que tiene\u00a0<strong>la inteligencia artificial<\/strong>, <strong>la realidad virtual<\/strong>&#8230; para lo bueno y lo malo, porque ya estamos conviviendo con ello y hay que tenerlas en cuenta porque la competencia lo hace.<\/p>\n\n\n\n<p>Su profesor les ha invitado a <strong>continuar el trabajo y no dejarlo aqu\u00ed<\/strong>. Les hemos animado a seguir con la metodolog\u00eda y proseguir con las dos ultima etapas, que son <strong>el prototipado y la evaluaci\u00f3n,<\/strong> para descubrir si sus  ideas son las acertadas y corresponde con la realidad.<\/p>\n\n\n\n<p>Agradecer el apoyo del\u00a0<strong>CIFP LA LABORAL<\/strong>\u00a0por su implicaci\u00f3n a realizar dicho curso. A\u00a0<strong>Sergio Alc\u00f3n Marcos<\/strong> , profesor de <strong>simulaci\u00f3n empresarial <\/strong>del <strong>CFGS Administraci\u00f3n y finanzas<\/strong>, por su buen hacer y por las facilidades que nos dio para impartir dicha acci\u00f3n y al alumnado por su trabajo.<\/p>\n\n\n\n<p><\/p>\n","protected":false},"excerpt":{"rendered":"<p>En los meses de noviembre y diciembre realizaremos&nbsp;dos RETOS de Taller para Emprender (tmp) en el CIFP LA LABORAL de<\/p>\n","protected":false},"author":3,"featured_media":0,"comment_status":"open","ping_status":"open","sticky":false,"template":"","format":"standard","meta":{"spay_email":""},"categories":[105,104],"tags":[],"jetpack_featured_media_url":"","jetpack-related-posts":[{"id":1963,"url":"https:\/\/retotmp.valnaloneduca.com\/?p=1963","url_meta":{"origin":2541,"position":0},"title":"CIFP LABORAL GIJ\u00d3N 2020-21","date":"noviembre 25, 2020","format":false,"excerpt":"En los meses de noviembre y diciembre realizamos dos RETOS de Taller para Emprender (tmp) en el CIFP LA LABORAL de Gij\u00f3n. En la primera sesi\u00f3n el profesor de econom\u00eda del CF de administraci\u00f3n y finanzas, Sergio Alc\u00f3n, les ha definido, al alumnado, el RETO que tienen que trabajar durante\u2026","rel":"","context":"En \u00abCIFP LABORAL CURSO 20-21\u00bb","img":{"alt_text":"","src":"https:\/\/i1.wp.com\/retotmp.valnaloneduca.com\/wp-content\/uploads\/2020\/11\/IMG_20201125_102004-scaled.jpg?resize=350%2C200&ssl=1","width":350,"height":200},"classes":[]},{"id":2087,"url":"https:\/\/retotmp.valnaloneduca.com\/?p=2087","url_meta":{"origin":2541,"position":1},"title":"CIFP LABORAL GIJ\u00d3N 2021-22","date":"enero 20, 2022","format":false,"excerpt":"En los meses de enero y febrero realizamos\u00a0dos RETOS de Taller para Emprender (tmp) en el CIFP LA LABORAL de Gij\u00f3n. Hemos empezado el primer RETO con el alumnado del CFGS de administraci\u00f3n y finanzas, tutorizado por su profesor de econom\u00eda Sergio Alc\u00f3n. En\u00a0la primera sesi\u00f3n\u00a0la entidad VALNAL\u00d3N les ha\u2026","rel":"","context":"En \u00abCIFP LABORAL CURSO 21-22\u00bb","img":{"alt_text":"","src":"https:\/\/i0.wp.com\/retotmp.valnaloneduca.com\/wp-content\/uploads\/2022\/01\/IMG20220117130649.jpg?resize=350%2C200&ssl=1","width":350,"height":200},"classes":[]},{"id":2285,"url":"https:\/\/retotmp.valnaloneduca.com\/?p=2285","url_meta":{"origin":2541,"position":2},"title":"CIFP LABORAL GIJ\u00d3N 2022-23","date":"noviembre 14, 2022","format":false,"excerpt":"En los meses de noviembre y diciembre realizamos\u00a0dos RETOS de Taller para Emprender (tmp) en el CIFP LA LABORAL de Gij\u00f3n. Hemos empezado\u00a0el primer RETO\u00a0con el alumnado del\u00a0CFGM Gesti\u00f3n Administrativa, tutorizado por su profesora de econom\u00eda\u00a0Teresa \u00c1lvarez\u00a0Casta\u00f1\u00f3n. En\u00a0la primera sesi\u00f3n\u00a0la profesora les ha definido, al alumnado, el\u00a0RETO\u00a0que tienen que trabajar\u2026","rel":"","context":"En \u00abCIFP LA LABORAL GIJ\u00d3N 2022-23\u00bb","img":{"alt_text":"","src":"https:\/\/i2.wp.com\/retotmp.valnaloneduca.com\/wp-content\/uploads\/2022\/11\/Pizarra.jpg?resize=350%2C200&ssl=1","width":350,"height":200},"classes":[]},{"id":2335,"url":"https:\/\/retotmp.valnaloneduca.com\/?p=2335","url_meta":{"origin":2541,"position":3},"title":"IES INFIESTO 2022-23","date":"marzo 8, 2023","format":false,"excerpt":"En el mes de marzo vamos a realizar\u00a0un RETO de Taller para Emprender (tmp) en el IES INFIESTO de Infiesto. Va dirigido a\u00a0alumnado del\u00a01\u00ba y 2\u00ba de CFGM Gesti\u00f3n Administrativa, tutorizado por su profesora de econom\u00eda\u00a0Ana Rosa M\u00fa\u00f1iz. En\u00a0la primera sesi\u00f3n\u00a0el alcalde del Ayuntamiento de Pilo\u00f1a, Don Iv\u00e1n Allende Tora\u00f1o,\u2026","rel":"","context":"En \u00abCurso 2022-2023\u00bb","img":{"alt_text":"","src":"https:\/\/i2.wp.com\/retotmp.valnaloneduca.com\/wp-content\/uploads\/2023\/05\/arkous.jpg?resize=350%2C200&ssl=1","width":350,"height":200},"classes":[]},{"id":2222,"url":"https:\/\/retotmp.valnaloneduca.com\/?p=2222","url_meta":{"origin":2541,"position":4},"title":"COLEGIO LA COROLLA GIJ\u00d3N 2021-22","date":"mayo 13, 2022","format":false,"excerpt":"En los meses de mayo y junio realizaremos\u00a0un RETO de Taller para Emprender (tmp) en el COLEGIO LA COROLLA de Gij\u00f3n. Estamos trabajando\u00a0con el alumnado del\u00a01\u00ba de bachiller, tutorizado por su profesora de econom\u00eda\u00a0Nuria A\u00f1\u00f3n Zapico. En\u00a0la primera sesi\u00f3n\u00a0la directora del centro educativo\u00a0les ha definido, al alumnado, el\u00a0RETO\u00a0que tienen que\u2026","rel":"","context":"En \u00abColegio La Corolla 2021-2022\u00bb","img":{"alt_text":"","src":"https:\/\/i0.wp.com\/retotmp.valnaloneduca.com\/wp-content\/uploads\/2022\/05\/IMG_20220505_123758.jpg?resize=350%2C200&ssl=1","width":350,"height":200},"classes":[]},{"id":2027,"url":"https:\/\/retotmp.valnaloneduca.com\/?p=2027","url_meta":{"origin":2541,"position":5},"title":"COLEGIO LA COROLLA GIJ\u00d3N 2020-21","date":"mayo 10, 2021","format":false,"excerpt":"En el mes de abril realizamos\u00a0 un RETO ON LINE de Taller para Emprender (tmp) en el COLEGIO LA COROLLA de Gij\u00f3n. En\u00a0la primera sesi\u00f3n\u00a0ha definido el RETO\u00a0 su profesora de econom\u00eda , para que vean lo que tienen que trabajar durante estas sesiones. El\u00a0reto\u00a0se basa en\u00a0buscar ideas nuevas para\u2026","rel":"","context":"En \u00abColegio Corolla 2020-2021\u00bb","img":{"alt_text":"","src":"https:\/\/i2.wp.com\/retotmp.valnaloneduca.com\/wp-content\/uploads\/2021\/05\/almn-trabajando-blog.jpg?resize=350%2C200&ssl=1","width":350,"height":200},"classes":[]}],"_links":{"self":[{"href":"https:\/\/retotmp.valnaloneduca.com\/index.php?rest_route=\/wp\/v2\/posts\/2541"}],"collection":[{"href":"https:\/\/retotmp.valnaloneduca.com\/index.php?rest_route=\/wp\/v2\/posts"}],"about":[{"href":"https:\/\/retotmp.valnaloneduca.com\/index.php?rest_route=\/wp\/v2\/types\/post"}],"author":[{"embeddable":true,"href":"https:\/\/retotmp.valnaloneduca.com\/index.php?rest_route=\/wp\/v2\/users\/3"}],"replies":[{"embeddable":true,"href":"https:\/\/retotmp.valnaloneduca.com\/index.php?rest_route=%2Fwp%2Fv2%2Fcomments&post=2541"}],"version-history":[{"count":12,"href":"https:\/\/retotmp.valnaloneduca.com\/index.php?rest_route=\/wp\/v2\/posts\/2541\/revisions"}],"predecessor-version":[{"id":2605,"href":"https:\/\/retotmp.valnaloneduca.com\/index.php?rest_route=\/wp\/v2\/posts\/2541\/revisions\/2605"}],"wp:attachment":[{"href":"https:\/\/retotmp.valnaloneduca.com\/index.php?rest_route=%2Fwp%2Fv2%2Fmedia&parent=2541"}],"wp:term":[{"taxonomy":"category","embeddable":true,"href":"https:\/\/retotmp.valnaloneduca.com\/index.php?rest_route=%2Fwp%2Fv2%2Fcategories&post=2541"},{"taxonomy":"post_tag","embeddable":true,"href":"https:\/\/retotmp.valnaloneduca.com\/index.php?rest_route=%2Fwp%2Fv2%2Ftags&post=2541"}],"curies":[{"name":"wp","href":"https:\/\/api.w.org\/{rel}","templated":true}]}}