{"id":2819,"date":"2025-03-21T09:53:19","date_gmt":"2025-03-21T09:53:19","guid":{"rendered":"https:\/\/retotmp.valnaloneduca.com\/?p=2819"},"modified":"2026-01-14T11:47:20","modified_gmt":"2026-01-14T11:47:20","slug":"escuela-de-segunda-oportunidad-gijon-2024-25","status":"publish","type":"post","link":"https:\/\/retotmp.valnaloneduca.com\/?p=2819","title":{"rendered":"ESCUELA DE SEGUNDA OPORTUNIDAD GIJ\u00d3N 2024-25"},"content":{"rendered":"\n<p>En el mes de\u00a0<strong>marzo y abril<\/strong>\u00a0vamos a realizar\u00a0<strong>\u00a0un RETO\u00a0<\/strong>de Taller para Emprender<strong>\u00a0(tmp) en la escuela de segunda oportunidad\u00a0<\/strong>donde han colaborado tanto\u00a0la escuela como la agencia local de promoci\u00f3n econ\u00f3mica\u00a0<a href=\"https:\/\/www.facebook.com\/EmpleoGijon\/\"><strong>https:\/\/www.facebook.com\/EmpleoGijon<\/strong><\/a>\u00a0del ayuntamiento de Gij\u00f3n.<\/p>\n\n\n\n<p>El<strong>&nbsp;RETO<\/strong>&nbsp;nos lo pondr\u00e1<strong>&nbsp;<a href=\"https:\/\/immersiveoasis.io\/es\">https:\/\/immersiveoasis.io\/es<\/a><\/strong> que nos lo definir\u00e1 en la sesi\u00f3n donde iremos a visitar sus instalaciones y conocer de primera mano como trabajan.<\/p>\n\n\n\n<p>Para definir proyecto hemos realizado una<strong>&nbsp;charla con el alumnado<\/strong>&nbsp;de <strong>la escuela de 2\u00ba oportunidad <\/strong>para que conocieran la metodolog\u00eda con la que se va a trabajar.<\/p>\n\n\n\n<p>Les comunicamos que antes de ir a la visita , tienen que&nbsp;<strong>investigar<\/strong>&nbsp;la empresa, para sacar la mayor informaci\u00f3n posible, y preparar&nbsp;<strong>preguntas a realizar<\/strong>&nbsp;a la entidad ante&nbsp;<strong>el RETO&nbsp;<\/strong>que nos pongan.<\/p>\n\n\n\n<p><strong>En la primera sesi\u00f3n<\/strong>, hemos visitado <a href=\"https:\/\/immersiveoasis.io\/es\"><strong>https:\/\/immersiveoasis.io\/es<\/strong><\/a> Nos han recibido&nbsp;<strong>Iv\u00e1n Ordo\u00f1ez y Gabriel Cerra&nbsp;<\/strong>, <strong>socios de la empresa<\/strong>, que nos han explicado el funcionamiento de la entidad y sus servicios.<\/p>\n\n\n\n<div class=\"wp-block-image\"><figure class=\"aligncenter size-large is-resized\"><img loading=\"lazy\" src=\"https:\/\/i0.wp.com\/retotmp.valnaloneduca.com\/wp-content\/uploads\/2025\/03\/image-1024x492.png?resize=605%2C290&#038;ssl=1\" alt=\"\" class=\"wp-image-2820\" width=\"605\" height=\"290\" srcset=\"https:\/\/i1.wp.com\/retotmp.valnaloneduca.com\/wp-content\/uploads\/2025\/03\/image.png?resize=1024%2C492&amp;ssl=1 1024w, https:\/\/i1.wp.com\/retotmp.valnaloneduca.com\/wp-content\/uploads\/2025\/03\/image.png?resize=300%2C144&amp;ssl=1 300w, https:\/\/i1.wp.com\/retotmp.valnaloneduca.com\/wp-content\/uploads\/2025\/03\/image.png?resize=768%2C369&amp;ssl=1 768w, https:\/\/i1.wp.com\/retotmp.valnaloneduca.com\/wp-content\/uploads\/2025\/03\/image.png?w=1335&amp;ssl=1 1335w\" sizes=\"(max-width: 605px) 100vw, 605px\" data-recalc-dims=\"1\" \/><figcaption><strong>Definici\u00f3n del RETO<\/strong><\/figcaption><\/figure><\/div>\n\n\n\n<p>Despu\u00e9s de la visita.<strong>&nbsp; nos definen el reto&nbsp;<\/strong>y nos explica la importancia de la implicaci\u00f3n de todos para la b\u00fasqueda de las soluciones.<\/p>\n\n\n\n<div class=\"wp-block-image\"><figure class=\"aligncenter size-large is-resized\"><img loading=\"lazy\" src=\"https:\/\/i2.wp.com\/retotmp.valnaloneduca.com\/wp-content\/uploads\/2025\/03\/image-1.png?resize=448%2C299&#038;ssl=1\" alt=\"\" class=\"wp-image-2821\" width=\"448\" height=\"299\" srcset=\"https:\/\/i2.wp.com\/retotmp.valnaloneduca.com\/wp-content\/uploads\/2025\/03\/image-1.png?w=903&amp;ssl=1 903w, https:\/\/i2.wp.com\/retotmp.valnaloneduca.com\/wp-content\/uploads\/2025\/03\/image-1.png?resize=300%2C200&amp;ssl=1 300w, https:\/\/i2.wp.com\/retotmp.valnaloneduca.com\/wp-content\/uploads\/2025\/03\/image-1.png?resize=768%2C513&amp;ssl=1 768w\" sizes=\"(max-width: 448px) 100vw, 448px\" data-recalc-dims=\"1\" \/><figcaption><strong>Conociendo la empresa<\/strong><\/figcaption><\/figure><\/div>\n\n\n\n<p><strong>El RETO<\/strong>&nbsp;se basa en como llevar la realidad virtual, aumentada y mixta al aprendizaje educativo.<\/p>\n\n\n\n<p>La empresa nos invita a probar <strong>un prototipo<\/strong> ,que esta realizando con un grupo farmaceutico,  basado en un <strong>escape room<\/strong>, dirigido a m\u00e9dicos especialistas en la materia. <\/p>\n\n\n\n<div class=\"wp-block-image\"><figure class=\"aligncenter size-large is-resized\"><img loading=\"lazy\" src=\"https:\/\/i2.wp.com\/retotmp.valnaloneduca.com\/wp-content\/uploads\/2025\/03\/image-2.png?resize=540%2C387&#038;ssl=1\" alt=\"\" class=\"wp-image-2822\" width=\"540\" height=\"387\" srcset=\"https:\/\/i2.wp.com\/retotmp.valnaloneduca.com\/wp-content\/uploads\/2025\/03\/image-2.png?w=877&amp;ssl=1 877w, https:\/\/i2.wp.com\/retotmp.valnaloneduca.com\/wp-content\/uploads\/2025\/03\/image-2.png?resize=300%2C215&amp;ssl=1 300w, https:\/\/i2.wp.com\/retotmp.valnaloneduca.com\/wp-content\/uploads\/2025\/03\/image-2.png?resize=768%2C551&amp;ssl=1 768w\" sizes=\"(max-width: 540px) 100vw, 540px\" data-recalc-dims=\"1\" \/><figcaption><strong>Prototipando proyectos de la empresa<\/strong><\/figcaption><\/figure><\/div>\n\n\n\n<p>El alumnado realizaron preguntas <strong>tanto a Iv\u00e1n como a Gabriel <\/strong>para aclarar dudas y ellos ya tienen la premisa que antes de la siguiente sesi\u00f3n, deben de&nbsp;<strong>entrevistar a su entorno<\/strong>&nbsp;y&nbsp;<strong>estudiar la documentaci\u00f3n<\/strong>&nbsp;que nos han dado.<\/p>\n\n\n\n<p>Antes de marcha, hacemos<strong> una mesa redonda<\/strong> con uno de los socios para intercambiar impresiones y centrar el reto.<\/p>\n\n\n\n<div class=\"wp-block-image\"><figure class=\"aligncenter size-large is-resized\"><img loading=\"lazy\" src=\"https:\/\/i1.wp.com\/retotmp.valnaloneduca.com\/wp-content\/uploads\/2025\/03\/image-3-1024x650.png?resize=568%2C360&#038;ssl=1\" alt=\"\" class=\"wp-image-2823\" width=\"568\" height=\"360\" srcset=\"https:\/\/i2.wp.com\/retotmp.valnaloneduca.com\/wp-content\/uploads\/2025\/03\/image-3.png?resize=1024%2C650&amp;ssl=1 1024w, https:\/\/i2.wp.com\/retotmp.valnaloneduca.com\/wp-content\/uploads\/2025\/03\/image-3.png?resize=300%2C191&amp;ssl=1 300w, https:\/\/i2.wp.com\/retotmp.valnaloneduca.com\/wp-content\/uploads\/2025\/03\/image-3.png?resize=768%2C488&amp;ssl=1 768w, https:\/\/i2.wp.com\/retotmp.valnaloneduca.com\/wp-content\/uploads\/2025\/03\/image-3.png?w=1250&amp;ssl=1 1250w\" sizes=\"(max-width: 568px) 100vw, 568px\" data-recalc-dims=\"1\" \/><figcaption><strong>Mesa redonda<\/strong><\/figcaption><\/figure><\/div>\n\n\n\n<p>Nos queda trabajo por hacer y por ganas no queda. Implementaremos en todo momento la metodolog\u00eda del&nbsp;<strong>design thinking<\/strong>&nbsp;para buscar el mejor resultado posible y aprender a&nbsp;<strong>trabajar en equipo<\/strong>,&nbsp;<strong>a comunicar y a explotar la creatividad.<\/strong><\/p>\n\n\n\n<p>En&nbsp;<strong>la segunda sesi\u00f3n<\/strong>&nbsp;explicamos al alumnado como adaptar la metodolog\u00eda del&nbsp;<strong>design thinking<\/strong>&nbsp;ante estas acciones y trabajar las competencia y capacidades que nos demanda la sociedad para saber enfrentarnos a las diferentes situaciones tanto laborables como sociales.<\/p>\n\n\n\n<p>Vamos a&nbsp;<strong>EXPLORAR, IDEAR y EXPERIMENTAR<\/strong>&nbsp;para resolver lo mas satisfactorio posible&nbsp;<strong>el RETO<\/strong>&nbsp;para desarrollar las capacidades que poseen.<\/p>\n\n\n\n<p>Realizamos&nbsp;<strong>una din\u00e1mica<\/strong>&nbsp;basada en construir, en un tiempo determinado, la torre m\u00e1s alta facilit\u00e1ndoles unos determinados materiales para&nbsp;<strong>empatizar y trabajar en equipo<\/strong>.<\/p>\n\n\n\n<div class=\"wp-block-image\"><figure class=\"aligncenter size-large is-resized\"><img loading=\"lazy\" src=\"https:\/\/i2.wp.com\/retotmp.valnaloneduca.com\/wp-content\/uploads\/2025\/03\/image-5.png?resize=549%2C412&#038;ssl=1\" alt=\"\" class=\"wp-image-2826\" width=\"549\" height=\"412\" srcset=\"https:\/\/i2.wp.com\/retotmp.valnaloneduca.com\/wp-content\/uploads\/2025\/03\/image-5.png?w=811&amp;ssl=1 811w, https:\/\/i2.wp.com\/retotmp.valnaloneduca.com\/wp-content\/uploads\/2025\/03\/image-5.png?resize=300%2C225&amp;ssl=1 300w, https:\/\/i2.wp.com\/retotmp.valnaloneduca.com\/wp-content\/uploads\/2025\/03\/image-5.png?resize=768%2C577&amp;ssl=1 768w, https:\/\/i2.wp.com\/retotmp.valnaloneduca.com\/wp-content\/uploads\/2025\/03\/image-5.png?resize=600%2C450&amp;ssl=1 600w\" sizes=\"(max-width: 549px) 100vw, 549px\" data-recalc-dims=\"1\" \/><figcaption><strong>Trabajando en equipo<\/strong><\/figcaption><\/figure><\/div>\n\n\n\n<p>A continuaci\u00f3n, valoramos&nbsp;<strong>las entrevistas<\/strong>&nbsp;realizadas por el alumnado para sacar posibles soluciones al<strong>&nbsp;RETO<\/strong>&nbsp;definido por la empresa.<\/p>\n\n\n\n<div class=\"wp-block-image\"><figure class=\"aligncenter size-large is-resized\"><img loading=\"lazy\" src=\"https:\/\/i2.wp.com\/retotmp.valnaloneduca.com\/wp-content\/uploads\/2025\/03\/image-4-1024x763.png?resize=640%2C477&#038;ssl=1\" alt=\"\" class=\"wp-image-2825\" width=\"640\" height=\"477\" srcset=\"https:\/\/i2.wp.com\/retotmp.valnaloneduca.com\/wp-content\/uploads\/2025\/03\/image-4.png?resize=1024%2C763&amp;ssl=1 1024w, https:\/\/i2.wp.com\/retotmp.valnaloneduca.com\/wp-content\/uploads\/2025\/03\/image-4.png?resize=300%2C224&amp;ssl=1 300w, https:\/\/i2.wp.com\/retotmp.valnaloneduca.com\/wp-content\/uploads\/2025\/03\/image-4.png?resize=768%2C572&amp;ssl=1 768w, https:\/\/i2.wp.com\/retotmp.valnaloneduca.com\/wp-content\/uploads\/2025\/03\/image-4.png?w=1130&amp;ssl=1 1130w\" sizes=\"(max-width: 640px) 100vw, 640px\" data-recalc-dims=\"1\" \/><figcaption><strong>design thinking<\/strong><\/figcaption><\/figure><\/div>\n\n\n\n<p>Con todo ello ya estamos preparados para desarrollar&nbsp;<strong>la tormenta de ideas<\/strong>&nbsp;y&nbsp;<strong>definir<\/strong>&nbsp;las mejores para trabajar con ellas.<\/p>\n\n\n\n<p>Intentamos convertir los cursos en<strong>&nbsp;herramientas creativas y din\u00e1micas<\/strong>&nbsp;para que los estudiantes aprendan a enfrentarse a las incertidumbres y salir de ellas con buenas ideas.<\/p>\n\n\n\n<p>Hemos realizado <strong>la tercera sesi\u00f3n<\/strong> agrupando las ideas e informaci\u00f3n, recopilada en estos d\u00edas, y el alumnado han creado <strong>una tormenta de ideas<\/strong> donde han seleccionado tres de ellas , enfoc\u00e1ndolas al tema educativo.<\/p>\n\n\n\n<div class=\"wp-block-image\"><figure class=\"aligncenter size-large is-resized\"><img loading=\"lazy\" src=\"https:\/\/i0.wp.com\/retotmp.valnaloneduca.com\/wp-content\/uploads\/2025\/03\/image-7.png?resize=591%2C442&#038;ssl=1\" alt=\"\" class=\"wp-image-2831\" width=\"591\" height=\"442\" srcset=\"https:\/\/i0.wp.com\/retotmp.valnaloneduca.com\/wp-content\/uploads\/2025\/03\/image-7.png?w=857&amp;ssl=1 857w, https:\/\/i0.wp.com\/retotmp.valnaloneduca.com\/wp-content\/uploads\/2025\/03\/image-7.png?resize=300%2C225&amp;ssl=1 300w, https:\/\/i0.wp.com\/retotmp.valnaloneduca.com\/wp-content\/uploads\/2025\/03\/image-7.png?resize=768%2C576&amp;ssl=1 768w, https:\/\/i0.wp.com\/retotmp.valnaloneduca.com\/wp-content\/uploads\/2025\/03\/image-7.png?resize=600%2C450&amp;ssl=1 600w\" sizes=\"(max-width: 591px) 100vw, 591px\" data-recalc-dims=\"1\" \/><figcaption><strong>Trabajo en equipo<\/strong><\/figcaption><\/figure><\/div>\n\n\n\n<p>Han tenido la idea de escenificar dichas acciones, haciendo una<strong> \u00abPerformance\u00bb<\/strong> , para reflejar como ven ellos la adaptaci\u00f3n de sus soluciones a la realidad virtual.<\/p>\n\n\n\n<div class=\"wp-block-image\"><figure class=\"aligncenter size-large is-resized\"><img loading=\"lazy\" src=\"https:\/\/i1.wp.com\/retotmp.valnaloneduca.com\/wp-content\/uploads\/2025\/03\/image-8.png?resize=536%2C402&#038;ssl=1\" alt=\"\" class=\"wp-image-2832\" width=\"536\" height=\"402\" srcset=\"https:\/\/i1.wp.com\/retotmp.valnaloneduca.com\/wp-content\/uploads\/2025\/03\/image-8.png?w=948&amp;ssl=1 948w, https:\/\/i1.wp.com\/retotmp.valnaloneduca.com\/wp-content\/uploads\/2025\/03\/image-8.png?resize=300%2C225&amp;ssl=1 300w, https:\/\/i1.wp.com\/retotmp.valnaloneduca.com\/wp-content\/uploads\/2025\/03\/image-8.png?resize=768%2C576&amp;ssl=1 768w, https:\/\/i1.wp.com\/retotmp.valnaloneduca.com\/wp-content\/uploads\/2025\/03\/image-8.png?resize=600%2C450&amp;ssl=1 600w\" sizes=\"(max-width: 536px) 100vw, 536px\" data-recalc-dims=\"1\" \/><figcaption><strong>Prototipo<\/strong><\/figcaption><\/figure><\/div>\n\n\n\n<div class=\"wp-block-image\"><figure class=\"aligncenter size-large\"><img loading=\"lazy\" width=\"910\" height=\"267\" src=\"https:\/\/i0.wp.com\/retotmp.valnaloneduca.com\/wp-content\/uploads\/2025\/03\/image-9-1024x300.png?resize=910%2C267&#038;ssl=1\" alt=\"\" class=\"wp-image-2833\" srcset=\"https:\/\/i2.wp.com\/retotmp.valnaloneduca.com\/wp-content\/uploads\/2025\/03\/image-9.png?resize=1024%2C300&amp;ssl=1 1024w, https:\/\/i2.wp.com\/retotmp.valnaloneduca.com\/wp-content\/uploads\/2025\/03\/image-9.png?resize=300%2C88&amp;ssl=1 300w, https:\/\/i2.wp.com\/retotmp.valnaloneduca.com\/wp-content\/uploads\/2025\/03\/image-9.png?resize=768%2C225&amp;ssl=1 768w, https:\/\/i2.wp.com\/retotmp.valnaloneduca.com\/wp-content\/uploads\/2025\/03\/image-9.png?w=1491&amp;ssl=1 1491w\" sizes=\"(max-width: 910px) 100vw, 910px\" data-recalc-dims=\"1\" \/><figcaption><strong>Performance RV<\/strong><\/figcaption><\/figure><\/div>\n\n\n\n<p>Van a realizar <strong>un canvas<\/strong> definiendo todo lo trabajado estos d\u00edas y preparar<strong> la performance<\/strong> para la pr\u00f3xima sesi\u00f3n que es cuando viene la empresa a recibir todo el trabajo realizado por el alumnado.<\/p>\n\n\n\n<p>Llega el gran d\u00eda y preparamos todo para la visita de la empresa <a href=\"https:\/\/immersiveoasis.io\/es\"><strong>https:\/\/immersiveoasis.io\/es<\/strong><\/a> , la cual va a recibir <strong>las soluciones <\/strong>trabajadas por el alumnado de <strong>la escuela de segunda oportunidad.<\/strong><\/p>\n\n\n\n<div class=\"wp-block-image\"><figure class=\"aligncenter size-large\"><img loading=\"lazy\" width=\"383\" height=\"243\" src=\"https:\/\/i2.wp.com\/retotmp.valnaloneduca.com\/wp-content\/uploads\/2025\/04\/image.png?resize=383%2C243&#038;ssl=1\" alt=\"\" class=\"wp-image-2837\" srcset=\"https:\/\/i2.wp.com\/retotmp.valnaloneduca.com\/wp-content\/uploads\/2025\/04\/image.png?w=383&amp;ssl=1 383w, https:\/\/i2.wp.com\/retotmp.valnaloneduca.com\/wp-content\/uploads\/2025\/04\/image.png?resize=300%2C190&amp;ssl=1 300w\" sizes=\"(max-width: 383px) 100vw, 383px\" data-recalc-dims=\"1\" \/><figcaption><strong>Identificaci\u00f3n<\/strong><\/figcaption><\/figure><\/div>\n\n\n\n<div class=\"wp-block-image\"><figure class=\"aligncenter size-large is-resized\"><img loading=\"lazy\" src=\"https:\/\/i0.wp.com\/retotmp.valnaloneduca.com\/wp-content\/uploads\/2025\/04\/image-1.png?resize=456%2C316&#038;ssl=1\" alt=\"\" class=\"wp-image-2838\" width=\"456\" height=\"316\" srcset=\"https:\/\/i0.wp.com\/retotmp.valnaloneduca.com\/wp-content\/uploads\/2025\/04\/image-1.png?w=614&amp;ssl=1 614w, https:\/\/i0.wp.com\/retotmp.valnaloneduca.com\/wp-content\/uploads\/2025\/04\/image-1.png?resize=300%2C208&amp;ssl=1 300w\" sizes=\"(max-width: 456px) 100vw, 456px\" data-recalc-dims=\"1\" \/><figcaption><strong>Escenograf\u00eda<\/strong><\/figcaption><\/figure><\/div>\n\n\n\n<div class=\"wp-block-image\"><figure class=\"aligncenter size-large is-resized\"><img loading=\"lazy\" src=\"https:\/\/i2.wp.com\/retotmp.valnaloneduca.com\/wp-content\/uploads\/2025\/04\/image-2-1024x418.png?resize=703%2C286&#038;ssl=1\" alt=\"\" class=\"wp-image-2839\" width=\"703\" height=\"286\" srcset=\"https:\/\/i0.wp.com\/retotmp.valnaloneduca.com\/wp-content\/uploads\/2025\/04\/image-2.png?resize=1024%2C418&amp;ssl=1 1024w, https:\/\/i0.wp.com\/retotmp.valnaloneduca.com\/wp-content\/uploads\/2025\/04\/image-2.png?resize=300%2C122&amp;ssl=1 300w, https:\/\/i0.wp.com\/retotmp.valnaloneduca.com\/wp-content\/uploads\/2025\/04\/image-2.png?resize=768%2C313&amp;ssl=1 768w, https:\/\/i0.wp.com\/retotmp.valnaloneduca.com\/wp-content\/uploads\/2025\/04\/image-2.png?w=1044&amp;ssl=1 1044w\" sizes=\"(max-width: 703px) 100vw, 703px\" data-recalc-dims=\"1\" \/><figcaption><strong>Ensayo<\/strong><\/figcaption><\/figure><\/div>\n\n\n\n<div class=\"wp-block-image\"><figure class=\"aligncenter size-large is-resized\"><img loading=\"lazy\" src=\"https:\/\/i2.wp.com\/retotmp.valnaloneduca.com\/wp-content\/uploads\/2025\/04\/Imagen1.jpg?resize=746%2C456&#038;ssl=1\" alt=\"\" class=\"wp-image-2840\" width=\"746\" height=\"456\" srcset=\"https:\/\/i2.wp.com\/retotmp.valnaloneduca.com\/wp-content\/uploads\/2025\/04\/Imagen1.jpg?w=660&amp;ssl=1 660w, https:\/\/i2.wp.com\/retotmp.valnaloneduca.com\/wp-content\/uploads\/2025\/04\/Imagen1.jpg?resize=300%2C183&amp;ssl=1 300w\" sizes=\"(max-width: 746px) 100vw, 746px\" data-recalc-dims=\"1\" \/><figcaption><strong>Performance Hist\u00f3rica<\/strong><\/figcaption><\/figure><\/div>\n\n\n\n<div class=\"wp-block-image\"><figure class=\"aligncenter size-large is-resized\"><img loading=\"lazy\" src=\"https:\/\/i2.wp.com\/retotmp.valnaloneduca.com\/wp-content\/uploads\/2025\/04\/image-4.png?resize=366%2C397&#038;ssl=1\" alt=\"\" class=\"wp-image-2842\" width=\"366\" height=\"397\" srcset=\"https:\/\/i2.wp.com\/retotmp.valnaloneduca.com\/wp-content\/uploads\/2025\/04\/image-4.png?w=516&amp;ssl=1 516w, https:\/\/i2.wp.com\/retotmp.valnaloneduca.com\/wp-content\/uploads\/2025\/04\/image-4.png?resize=276%2C300&amp;ssl=1 276w\" sizes=\"(max-width: 366px) 100vw, 366px\" data-recalc-dims=\"1\" \/><figcaption><strong>Soluciones al Reto + Mesa redonda<\/strong><\/figcaption><\/figure><\/div>\n\n\n\n<p>Todo esto queda resumido en una frase <strong>\u00abUna imagen vale m\u00e1s que mil palabras\u00bb<\/strong>.<\/p>\n\n\n\n<p><strong>la implicaci\u00f3n, la originalidad y la creatividad del alumnado<\/strong>, ha llevado a realizar un trabajo excepcional ante un reto dif\u00edcil.<\/p>\n\n\n\n<p>Os comparto las palabras de los representantes de la empresa que estuvieron con nosotros recibiendo las soluciones que explican perfectamente el trabajo realizado:<\/p>\n\n\n\n<p>\u00ab&#8230; Hace un mes, recibimos la visita de alumnos del Colegio de Segunda Oportunidad de Gij\u00f3n, gracias a la Agencia Local de Empleo de Gij\u00f3n\/Xix\u00f3n. La semana pasada, nos toc\u00f3 a nosotros visitarlos. Durante la visita, los estudiantes compartieron sus experiencias en el proceso de selecci\u00f3n de los profesores. <strong>Un momento que realmente destac\u00f3 fue su presentaci\u00f3n, que nos dej\u00f3 sin palabras<\/strong>. Utilizando las herramientas disponibles en su escuela, recrearon <strong>una experiencia interactiva<\/strong> con una aplicaci\u00f3n de historia que <strong>nos transport\u00f3 virtualmente a la Antigua Roma<\/strong>. Tras la presentaci\u00f3n, celebramos <strong>una mesa redonda reflexiva <\/strong>sobre c\u00f3mo podr\u00eda utilizarse en la educaci\u00f3n para aumentar la motivaci\u00f3n de los estudiantes por aprender.<\/p>\n\n\n\n<p>Conectar virtualmente con otros Colegios de Segunda Oportunidad de Espa\u00f1a, o incluso a nivel internacional, para ayudar a los alumnos a mejorar sus habilidades comunicativas. Aprender historia de forma m\u00e1s inmersiva, donde los alumnos reviven eventos hist\u00f3ricos clave en primera persona. Crear entornos virtuales para aprender idiomas de forma m\u00e1s pr\u00e1ctica y eficaz. <strong>Queremos felicitar tanto al profesorado como al alumnado, que trabajaron juntos para ofrecer esta experiencia inolvidable.<\/strong><\/p>\n\n\n\n<p>Nos dio mucho que reflexionar sobre el uso de la tecnolog\u00eda avanzada en la educaci\u00f3n. <strong>\u00a1Muchas gracias por la invitaci\u00f3n, un trabajo incre\u00edble!<\/strong>&#8230;\u00bb<\/p>\n\n\n\n<p>Ha sido una buena experiencia donde las dos partes han compartido soluciones y han visto como se trabaja con una metodolog\u00eda especifica y se pueden encontrar soluciones a<strong>&nbsp;los RETOS<\/strong>&nbsp;que se proponen.<\/p>\n\n\n\n<p>Agradecer al alumnado, a la&nbsp;empresa<strong> <a href=\"https:\/\/immersiveoasis.io\/es\"><strong>https:\/\/immersiveoasis.io\/es<\/strong><\/a>&nbsp;<\/strong>, a&nbsp;<strong><a href=\"https:\/\/www.gijon.es\/es\/programas\/Escuela-segunda-oportunidad\">la escuela de segunda oportunidad<\/a> <\/strong>como&nbsp;a la&nbsp;<strong><a href=\"https:\/\/www.facebook.com\/EmpleoGijon\">agencia local de promoci\u00f3n econ\u00f3mica<\/a><\/strong> del&nbsp;<strong>ayuntamiento de Gij\u00f3n<\/strong>&nbsp;por su implicaci\u00f3n y su buen hacer.<\/p>\n\n\n\n<p><\/p>\n","protected":false},"excerpt":{"rendered":"<p>En el mes de\u00a0marzo y abril\u00a0vamos a realizar\u00a0\u00a0un RETO\u00a0de Taller para Emprender\u00a0(tmp) en la escuela de segunda oportunidad\u00a0donde han colaborado<\/p>\n","protected":false},"author":3,"featured_media":0,"comment_status":"open","ping_status":"open","sticky":false,"template":"","format":"standard","meta":{"spay_email":""},"categories":[111,114],"tags":[],"jetpack_featured_media_url":"","jetpack-related-posts":[{"id":563,"url":"https:\/\/retotmp.valnaloneduca.com\/?p=563","url_meta":{"origin":2819,"position":0},"title":"NO TODO ES FABADA","date":"febrero 8, 2019","format":false,"excerpt":"Comenzamos el curso de TMP en la Escuela de segunda oportunidad del Ayt. de Gij\u00f3n. Nos reunimos en la escuela para hacer grupo y tener claro que habia que preguntar todas las dudas que nos pudiese surgir cuando nos comunicasen el RETO. Cogemos el autobus y nos vamos a visitar\u2026","rel":"","context":"En \u00abEscuela 2\u00ba Oportunidad-Gij\u00f3n\u00bb","img":{"alt_text":"","src":"https:\/\/i1.wp.com\/retotmp.valnaloneduca.com\/wp-content\/uploads\/2019\/02\/empresa1.png?resize=350%2C200","width":350,"height":200},"classes":[]},{"id":1372,"url":"https:\/\/retotmp.valnaloneduca.com\/?p=1372","url_meta":{"origin":2819,"position":1},"title":"En movimiento","date":"enero 31, 2020","format":false,"excerpt":"Ha arrancado el curso TALLER PARA EMPRENDER que vamos a realizar en la escuela de segunda oportunidad de Gij\u00f3n https:\/\/empleo.gijon.es\/page\/3872-escuela-de-segunda-oportunidad Nos hemos desplazado a las instalaciones de la empresa https:\/\/himobility.es en Aviles donde Jorge Gonz\u00e1lez-Palacios-Director de operaciones- nos ha comunicado los retos que tenemos que hacer frente. Un reto es\u2026","rel":"","context":"En \u00abEscuela 2\u00ba oportunidad 2019-2020-Gij\u00f3n\u00bb","img":{"alt_text":"Coche sin matricula Hi","src":"https:\/\/i2.wp.com\/retotmp.valnaloneduca.com\/wp-content\/uploads\/2020\/01\/coche-sin-matricula-hi.jpg?resize=350%2C200","width":350,"height":200},"classes":[]},{"id":2234,"url":"https:\/\/retotmp.valnaloneduca.com\/?p=2234","url_meta":{"origin":2819,"position":2},"title":"ESCUELA 2\u00ba OPORTUNIDAD-GIJ\u00d3N 2021-22","date":"mayo 24, 2022","format":false,"excerpt":"En los meses de mayo y junio realizaremos\u00a0\u00a0un RETO de Taller para Emprender\u00a0(tmp) en la escuela de segunda oportunidad\u00a0donde est\u00e1n colaborado tanto\u00a0la escuela como la agencia local de promoci\u00f3n econ\u00f3mica\u00a0 https:\/\/www.facebook.com\/EmpleoGijon\u00a0del ayuntamiento de Gij\u00f3n. Calentando motores El\u00a0RETO\u00a0nos lo propone la empresa \u00a0PUERTO DEPORTIVO GIJ\u00d3N http:\/\/www.puertodeportivogijon.es comunicado por Flor Guardado-Directora de\u2026","rel":"","context":"En \u00abCurso 2021-2022\u00bb","img":{"alt_text":"","src":"https:\/\/i0.wp.com\/retotmp.valnaloneduca.com\/wp-content\/uploads\/2022\/06\/mesa-redonda.png?resize=350%2C200&ssl=1","width":350,"height":200},"classes":[]},{"id":2033,"url":"https:\/\/retotmp.valnaloneduca.com\/?p=2033","url_meta":{"origin":2819,"position":3},"title":"ESCUELA DE SEGUNDA OPORTUNIDAD GIJ\u00d3N 2020-21","date":"mayo 20, 2021","format":false,"excerpt":"En los meses de abril y mayo realizamos\u00a0 un RETO PRESENCIAL de Taller para Emprender (tmp) en la escuela de segunda oportunidad donde han colaborado tanto la escuela como la agencia local de promoci\u00f3n econ\u00f3mica https:\/\/www.facebook.com\/EmpleoGijon del ayuntamiento de Gij\u00f3n. El RETO nos lo pone la empresa KIWINBIO https:\/\/kiwinbio.com que\u2026","rel":"","context":"En \u00abCurso 2020-2021\u00bb","img":{"alt_text":"","src":"https:\/\/i1.wp.com\/retotmp.valnaloneduca.com\/wp-content\/uploads\/2021\/05\/grupocris-1.jpg?resize=350%2C200&ssl=1","width":350,"height":200},"classes":[]},{"id":560,"url":"https:\/\/retotmp.valnaloneduca.com\/?p=560","url_meta":{"origin":2819,"position":4},"title":"Nos vamos de visita","date":"febrero 6, 2019","format":false,"excerpt":"Ma\u00f1ana empezamos curso en la Escuela de 2\u00ba oportunidad del Ayuntamiento de Gij\u00f3n. El reto nos lo pone el Centro de Producci\u00f3n Nestl\u00e9 Gij\u00f3n-LITORAL.Os vamos informando.","rel":"","context":"En \u00abEscuela 2\u00ba Oportunidad-Gij\u00f3n\u00bb","img":{"alt_text":"","src":"","width":0,"height":0},"classes":[]},{"id":2494,"url":"https:\/\/retotmp.valnaloneduca.com\/?p=2494","url_meta":{"origin":2819,"position":5},"title":"ESCUELA DE SEGUNDA OPORTUNIDAD GIJ\u00d3N 2022-23","date":"mayo 10, 2023","format":false,"excerpt":"En el mes de mayo vamos a realizar\u00a0\u00a0un RETO de Taller para Emprender\u00a0(tmp) en la escuela de segunda oportunidad\u00a0donde han colaborado tanto\u00a0la escuela como la agencia local de promoci\u00f3n econ\u00f3mica\u00a0https:\/\/www.facebook.com\/EmpleoGijon\u00a0del ayuntamiento de Gij\u00f3n. El\u00a0RETO\u00a0nos lo pondr\u00e1 el centro log\u00edstico de MASYMAS\u00a0que nos lo definir\u00e1 en la sesi\u00f3n donde iremos a\u2026","rel":"","context":"En \u00abCurso 2022-2023\u00bb","img":{"alt_text":"","src":"https:\/\/i1.wp.com\/retotmp.valnaloneduca.com\/wp-content\/uploads\/2023\/05\/CARTEL-VISITA-MAS-MAS.jpg?resize=350%2C200&ssl=1","width":350,"height":200},"classes":[]}],"_links":{"self":[{"href":"https:\/\/retotmp.valnaloneduca.com\/index.php?rest_route=\/wp\/v2\/posts\/2819"}],"collection":[{"href":"https:\/\/retotmp.valnaloneduca.com\/index.php?rest_route=\/wp\/v2\/posts"}],"about":[{"href":"https:\/\/retotmp.valnaloneduca.com\/index.php?rest_route=\/wp\/v2\/types\/post"}],"author":[{"embeddable":true,"href":"https:\/\/retotmp.valnaloneduca.com\/index.php?rest_route=\/wp\/v2\/users\/3"}],"replies":[{"embeddable":true,"href":"https:\/\/retotmp.valnaloneduca.com\/index.php?rest_route=%2Fwp%2Fv2%2Fcomments&post=2819"}],"version-history":[{"count":9,"href":"https:\/\/retotmp.valnaloneduca.com\/index.php?rest_route=\/wp\/v2\/posts\/2819\/revisions"}],"predecessor-version":[{"id":2918,"href":"https:\/\/retotmp.valnaloneduca.com\/index.php?rest_route=\/wp\/v2\/posts\/2819\/revisions\/2918"}],"wp:attachment":[{"href":"https:\/\/retotmp.valnaloneduca.com\/index.php?rest_route=%2Fwp%2Fv2%2Fmedia&parent=2819"}],"wp:term":[{"taxonomy":"category","embeddable":true,"href":"https:\/\/retotmp.valnaloneduca.com\/index.php?rest_route=%2Fwp%2Fv2%2Fcategories&post=2819"},{"taxonomy":"post_tag","embeddable":true,"href":"https:\/\/retotmp.valnaloneduca.com\/index.php?rest_route=%2Fwp%2Fv2%2Ftags&post=2819"}],"curies":[{"name":"wp","href":"https:\/\/api.w.org\/{rel}","templated":true}]}}