{"id":2922,"date":"2026-03-17T09:52:18","date_gmt":"2026-03-17T09:52:18","guid":{"rendered":"https:\/\/retotmp.valnaloneduca.com\/?p=2922"},"modified":"2026-04-08T08:29:22","modified_gmt":"2026-04-08T08:29:22","slug":"innovacion-y-compromiso-el-ies-rio-trubia-acepta-el-reto-de-accion-contra-el-hambre","status":"publish","type":"post","link":"https:\/\/retotmp.valnaloneduca.com\/?p=2922","title":{"rendered":"Innovaci\u00f3n y Compromiso: El IES R\u00edo Trubia acepta el reto de Acci\u00f3n contra el Hambre"},"content":{"rendered":"\n<div class=\"wp-block-image\"><figure class=\"aligncenter size-large is-resized\"><img loading=\"lazy\" src=\"https:\/\/i0.wp.com\/retotmp.valnaloneduca.com\/wp-content\/uploads\/2026\/03\/AccionContraElHambre-1024x766.jpg?resize=231%2C173&#038;ssl=1\" alt=\"\" class=\"wp-image-2923\" width=\"231\" height=\"173\" srcset=\"https:\/\/i0.wp.com\/retotmp.valnaloneduca.com\/wp-content\/uploads\/2026\/03\/AccionContraElHambre.jpg?resize=1024%2C766&amp;ssl=1 1024w, https:\/\/i0.wp.com\/retotmp.valnaloneduca.com\/wp-content\/uploads\/2026\/03\/AccionContraElHambre.jpg?resize=300%2C224&amp;ssl=1 300w, https:\/\/i0.wp.com\/retotmp.valnaloneduca.com\/wp-content\/uploads\/2026\/03\/AccionContraElHambre.jpg?resize=768%2C574&amp;ssl=1 768w, https:\/\/i0.wp.com\/retotmp.valnaloneduca.com\/wp-content\/uploads\/2026\/03\/AccionContraElHambre.jpg?resize=600%2C450&amp;ssl=1 600w, https:\/\/i0.wp.com\/retotmp.valnaloneduca.com\/wp-content\/uploads\/2026\/03\/AccionContraElHambre.jpg?w=1074&amp;ssl=1 1074w\" sizes=\"(max-width: 231px) 100vw, 231px\" data-recalc-dims=\"1\" \/><\/figure><\/div>\n\n\n\n<p>En el ecosistema educativo actual, la teor\u00eda cobra verdadero sentido cuando se pone al servicio de la sociedad. Recientemente, el alumnado de <strong>1\u00ba del Ciclo Formativo de Grado Superior de Integraci\u00f3n Social del IES R\u00edo Trubia<\/strong> ha demostrado que est\u00e1n listos para el mundo laboral al enfrentarse a un desaf\u00edo real lanzado por la <strong>Fundaci\u00f3n Acci\u00f3n contra el Hambre<\/strong>.<\/p>\n\n\n\n<p>Esta iniciativa no es un ejercicio aislado, sino que se encuadra dentro de los <strong>retos que desde Valnal\u00f3n desarrollamos con los centros educativos<\/strong>. Nuestro papel como organizadores es tender puentes entre el entorno acad\u00e9mico y el profesional, acompa\u00f1ando al alumnado en el aula y dot\u00e1ndolos de herramientas clave para su futuro.<\/p>\n\n\n\n<div class=\"wp-block-image\"><figure class=\"aligncenter size-large is-resized\"><img loading=\"lazy\" src=\"https:\/\/i2.wp.com\/retotmp.valnaloneduca.com\/wp-content\/uploads\/2026\/03\/presentacion-1024x707.jpg?resize=568%2C392&#038;ssl=1\" alt=\"\" class=\"wp-image-2924\" width=\"568\" height=\"392\" srcset=\"https:\/\/i1.wp.com\/retotmp.valnaloneduca.com\/wp-content\/uploads\/2026\/03\/presentacion.jpg?resize=1024%2C707&amp;ssl=1 1024w, https:\/\/i1.wp.com\/retotmp.valnaloneduca.com\/wp-content\/uploads\/2026\/03\/presentacion.jpg?resize=300%2C207&amp;ssl=1 300w, https:\/\/i1.wp.com\/retotmp.valnaloneduca.com\/wp-content\/uploads\/2026\/03\/presentacion.jpg?resize=768%2C530&amp;ssl=1 768w, https:\/\/i1.wp.com\/retotmp.valnaloneduca.com\/wp-content\/uploads\/2026\/03\/presentacion.jpg?w=1104&amp;ssl=1 1104w\" sizes=\"(max-width: 568px) 100vw, 568px\" data-recalc-dims=\"1\" \/><\/figure><\/div>\n\n\n\n<p><strong>Un Desaf\u00edo en Dos Vertientes<\/strong><\/p>\n\n\n\n<p>La Fundaci\u00f3n Acci\u00f3n contra el Hambre propuso a los estudiantes dos retos fundamentales que tocan el coraz\u00f3n de su labor en Asturias:<\/p>\n\n\n\n<ol type=\"1\"><li><strong>Campa\u00f1a de Difusi\u00f3n y Captaci\u00f3n:<\/strong> El objetivo era dise\u00f1ar una campa\u00f1a para que las personas que necesitan sus programas de empleo y autoempleo los conozcan mejor y puedan aprovecharlos.<\/li><li><strong>Celebraci\u00f3n de 10 A\u00f1os en Asturias:<\/strong> Un reto ilusionante para dise\u00f1ar el evento del <strong>10\u00ba aniversario<\/strong> de la fundaci\u00f3n en 2026, integrando a autoridades, beneficiarios y representantes de la organizaci\u00f3n.<\/li><\/ol>\n\n\n\n<p><strong>Creatividad y Metodolog\u00eda: Las Propuestas del Alumnado<\/strong><\/p>\n\n\n\n<p>Los participantes, divididos en 4 grupos, aplicaron la metodolog\u00eda <strong>Design Thinking<\/strong>, comenzando con una fase de empat\u00eda basada en encuestas e investigaci\u00f3n profunda.<\/p>\n\n\n\n<figure class=\"wp-block-gallery columns-2 is-cropped\"><ul class=\"blocks-gallery-grid\"><li class=\"blocks-gallery-item\"><figure><img loading=\"lazy\" width=\"768\" height=\"1024\" src=\"https:\/\/i0.wp.com\/retotmp.valnaloneduca.com\/wp-content\/uploads\/2026\/03\/1-768x1024.jpg?resize=768%2C1024&#038;ssl=1\" alt=\"\" data-id=\"2925\" data-full-url=\"https:\/\/retotmp.valnaloneduca.com\/wp-content\/uploads\/2026\/03\/1-scaled.jpg\" data-link=\"https:\/\/retotmp.valnaloneduca.com\/?attachment_id=2925\" class=\"wp-image-2925\" srcset=\"https:\/\/i2.wp.com\/retotmp.valnaloneduca.com\/wp-content\/uploads\/2026\/03\/1-scaled.jpg?resize=768%2C1024&amp;ssl=1 768w, https:\/\/i2.wp.com\/retotmp.valnaloneduca.com\/wp-content\/uploads\/2026\/03\/1-scaled.jpg?resize=225%2C300&amp;ssl=1 225w, https:\/\/i2.wp.com\/retotmp.valnaloneduca.com\/wp-content\/uploads\/2026\/03\/1-scaled.jpg?resize=1152%2C1536&amp;ssl=1 1152w, https:\/\/i2.wp.com\/retotmp.valnaloneduca.com\/wp-content\/uploads\/2026\/03\/1-scaled.jpg?resize=1536%2C2048&amp;ssl=1 1536w, https:\/\/i2.wp.com\/retotmp.valnaloneduca.com\/wp-content\/uploads\/2026\/03\/1-scaled.jpg?w=1920&amp;ssl=1 1920w, https:\/\/i2.wp.com\/retotmp.valnaloneduca.com\/wp-content\/uploads\/2026\/03\/1-scaled.jpg?w=1820 1820w\" sizes=\"(max-width: 768px) 100vw, 768px\" data-recalc-dims=\"1\" \/><figcaption class=\"blocks-gallery-item__caption\"><em><em>Proceso de an\u00e1lisis de resultados de la indagaci\u00f3n para proponer soluciones<\/em><\/em><\/figcaption><\/figure><\/li><li class=\"blocks-gallery-item\"><figure><img loading=\"lazy\" width=\"910\" height=\"683\" src=\"https:\/\/i1.wp.com\/retotmp.valnaloneduca.com\/wp-content\/uploads\/2026\/03\/2-1-1024x768.jpg?resize=910%2C683&#038;ssl=1\" alt=\"\" data-id=\"2929\" data-full-url=\"https:\/\/retotmp.valnaloneduca.com\/wp-content\/uploads\/2026\/03\/2-1-scaled.jpg\" data-link=\"https:\/\/retotmp.valnaloneduca.com\/?attachment_id=2929\" class=\"wp-image-2929\" srcset=\"https:\/\/i0.wp.com\/retotmp.valnaloneduca.com\/wp-content\/uploads\/2026\/03\/2-1-scaled.jpg?resize=1024%2C768&amp;ssl=1 1024w, https:\/\/i0.wp.com\/retotmp.valnaloneduca.com\/wp-content\/uploads\/2026\/03\/2-1-scaled.jpg?resize=300%2C225&amp;ssl=1 300w, https:\/\/i0.wp.com\/retotmp.valnaloneduca.com\/wp-content\/uploads\/2026\/03\/2-1-scaled.jpg?resize=768%2C576&amp;ssl=1 768w, https:\/\/i0.wp.com\/retotmp.valnaloneduca.com\/wp-content\/uploads\/2026\/03\/2-1-scaled.jpg?resize=1536%2C1152&amp;ssl=1 1536w, https:\/\/i0.wp.com\/retotmp.valnaloneduca.com\/wp-content\/uploads\/2026\/03\/2-1-scaled.jpg?resize=2048%2C1536&amp;ssl=1 2048w, https:\/\/i0.wp.com\/retotmp.valnaloneduca.com\/wp-content\/uploads\/2026\/03\/2-1-scaled.jpg?resize=600%2C450&amp;ssl=1 600w, https:\/\/i0.wp.com\/retotmp.valnaloneduca.com\/wp-content\/uploads\/2026\/03\/2-1-scaled.jpg?w=1820 1820w\" sizes=\"(max-width: 910px) 100vw, 910px\" data-recalc-dims=\"1\" \/><figcaption class=\"blocks-gallery-item__caption\"><em><em>Trabajo en equipo en el desarrollo de las ideas y preparar las presentaciones finales<\/em><\/em><\/figcaption><\/figure><\/li><\/ul><\/figure>\n\n\n\n<p>El resultado ha sido un abanico de soluciones creativas que ahora la fundaci\u00f3n deber\u00e1 valorar:<\/p>\n\n\n\n<ul><li><strong>Din\u00e1micas de Sensibilizaci\u00f3n:<\/strong> Propuestas de mesas redondas y casos reales para dar visibilidad a la labor social.<\/li><li><strong>Conexi\u00f3n con el Empleo:<\/strong> Talleres de acercamiento a empresas y formatos innovadores como las <strong>entrevistas inversas<\/strong>, donde se rompen las barreras habituales de los procesos de selecci\u00f3n.<\/li><li><strong>Experiencias e Interacci\u00f3n:<\/strong> Instalaci\u00f3n de stands, fotomatones y din\u00e1micas que facilitan la cooperaci\u00f3n y la integraci\u00f3n de los asistentes.<\/li><\/ul>\n\n\n\n<p>Como \u00faltimo paso, <strong>el broche de oro<\/strong>, los alumnos defendieron su trabajo frente a la propia fundaci\u00f3n, recibiendo feedback directo y enfrent\u00e1ndose a una situaci\u00f3n real de su futuro entorno profesional.<\/p>\n\n\n\n<figure class=\"wp-block-image size-large\"><img loading=\"lazy\" width=\"910\" height=\"683\" src=\"https:\/\/i2.wp.com\/retotmp.valnaloneduca.com\/wp-content\/uploads\/2026\/03\/mix.jpg?resize=910%2C683&#038;ssl=1\" alt=\"\" class=\"wp-image-2927\" srcset=\"https:\/\/i2.wp.com\/retotmp.valnaloneduca.com\/wp-content\/uploads\/2026\/03\/mix.jpg?w=960&amp;ssl=1 960w, https:\/\/i2.wp.com\/retotmp.valnaloneduca.com\/wp-content\/uploads\/2026\/03\/mix.jpg?resize=300%2C225&amp;ssl=1 300w, https:\/\/i2.wp.com\/retotmp.valnaloneduca.com\/wp-content\/uploads\/2026\/03\/mix.jpg?resize=768%2C576&amp;ssl=1 768w, https:\/\/i2.wp.com\/retotmp.valnaloneduca.com\/wp-content\/uploads\/2026\/03\/mix.jpg?resize=600%2C450&amp;ssl=1 600w\" sizes=\"(max-width: 910px) 100vw, 910px\" data-recalc-dims=\"1\" \/><\/figure>\n\n\n\n<p><strong>Un Agradecimiento Especial<\/strong><\/p>\n\n\n\n<p>Desde Valnal\u00f3n, queremos <strong>agradecer profundamente la participaci\u00f3n de la Fundaci\u00f3n Acci\u00f3n contra el Hambre de Asturias<\/strong>. Su compromiso al plantear estos retos, escuchar las propuestas de los j\u00f3venes y ofrecerles feedback directo es lo que da valor a esta experiencia.<\/p>\n\n\n\n<p>Esta cooperaci\u00f3n entre agentes externos y el ecosistema acad\u00e9mico no solo aporta nuevas ideas a la fundaci\u00f3n, sino que permite a los futuros integradores sociales ganar destrezas en competencias clave como el trabajo en equipo, la toma de decisiones y la organizaci\u00f3n.<\/p>\n\n\n\n<p class=\"has-text-align-center\">\u00a1Enhorabuena a todo el alumnado por su trabajo!<\/p>\n\n\n\n<figure class=\"wp-block-image size-large\"><img loading=\"lazy\" width=\"815\" height=\"174\" src=\"https:\/\/i1.wp.com\/retotmp.valnaloneduca.com\/wp-content\/uploads\/2026\/03\/faldon.jpg?resize=815%2C174&#038;ssl=1\" alt=\"\" class=\"wp-image-2928\" srcset=\"https:\/\/i1.wp.com\/retotmp.valnaloneduca.com\/wp-content\/uploads\/2026\/03\/faldon.jpg?w=815&amp;ssl=1 815w, https:\/\/i1.wp.com\/retotmp.valnaloneduca.com\/wp-content\/uploads\/2026\/03\/faldon.jpg?resize=300%2C64&amp;ssl=1 300w, https:\/\/i1.wp.com\/retotmp.valnaloneduca.com\/wp-content\/uploads\/2026\/03\/faldon.jpg?resize=768%2C164&amp;ssl=1 768w\" sizes=\"(max-width: 815px) 100vw, 815px\" data-recalc-dims=\"1\" \/><\/figure>\n\n\n\n<p><\/p>\n","protected":false},"excerpt":{"rendered":"<p>En el ecosistema educativo actual, la teor\u00eda cobra verdadero sentido cuando se pone al servicio de la sociedad. Recientemente, el<\/p>\n","protected":false},"author":3,"featured_media":0,"comment_status":"open","ping_status":"open","sticky":false,"template":"","format":"standard","meta":{"spay_email":""},"categories":[122,123],"tags":[119,120,121,117,118,65],"jetpack_featured_media_url":"","jetpack-related-posts":[{"id":390,"url":"https:\/\/retotmp.valnaloneduca.com\/?p=390","url_meta":{"origin":2922,"position":0},"title":"Reto IES Trubia","date":"noviembre 9, 2018","format":false,"excerpt":"Alumnado de CFGS INTEGRACI\u00d3N SOCIAL \u2013 Plan Municipal de Drogas Ayuntamiento de Oviedo. #Dise\u00f1ar y poner en marcha una campa\u00f1a de dinamizaci\u00f3n para la actividad que desarrolla El Plan Municipal sobre Drogas del Ayuntamiento de Oviedo \u00a0en la \u201cEscuela de Familias\u201d del \u00a0IES TRUBIA.","rel":"","context":"En \u00abIES R\u00edo Trubia\u00bb","img":{"alt_text":"","src":"","width":0,"height":0},"classes":[]},{"id":463,"url":"https:\/\/retotmp.valnaloneduca.com\/?p=463","url_meta":{"origin":2922,"position":1},"title":"4 grupos, multitud de enfoques","date":"diciembre 7, 2018","format":false,"excerpt":"Para construir una soluci\u00f3n para este RETO, los 22 alumnos\u00a0 que estudiamos CFGS de INTEGRACI\u00d3N SOCIAL en el IES Trubia nos hemos organizado en cuatro grupos. MACA, JANALIA, EMPAT\u00edA Y DESIT, \u00a1empieza la tarea!!","rel":"","context":"En \u00abIES R\u00edo Trubia\u00bb","img":{"alt_text":"","src":"https:\/\/i1.wp.com\/retotmp.valnaloneduca.com\/wp-content\/uploads\/2018\/12\/20181203_115654_burst01.jpg?resize=350%2C200","width":350,"height":200},"classes":[]},{"id":1361,"url":"https:\/\/retotmp.valnaloneduca.com\/?p=1361","url_meta":{"origin":2922,"position":2},"title":"Reto CMPA. Un desaf\u00edo educativo y social.","date":"enero 8, 2020","format":false,"excerpt":"","rel":"","context":"En \u00abIES R\u00edo Trubia 2019-2020\u00bb","img":{"alt_text":"","src":"","width":0,"height":0},"classes":[]},{"id":1808,"url":"https:\/\/retotmp.valnaloneduca.com\/?p=1808","url_meta":{"origin":2922,"position":3},"title":"Reto CMPA. Actividades Programa de Salud - Fase 3","date":"marzo 27, 2020","format":false,"excerpt":"","rel":"","context":"En \u00abIES R\u00edo Trubia 2019-2020\u00bb","img":{"alt_text":"","src":"https:\/\/i2.wp.com\/retotmp.valnaloneduca.com\/wp-content\/uploads\/2020\/03\/20191126_115651.jpg?resize=350%2C200","width":350,"height":200},"classes":[]},{"id":1799,"url":"https:\/\/retotmp.valnaloneduca.com\/?p=1799","url_meta":{"origin":2922,"position":4},"title":"Reto CMPA. Actividades Programa de Salud - Fase 1","date":"marzo 27, 2020","format":"image","excerpt":"","rel":"","context":"En \u00abIES R\u00edo Trubia 2019-2020\u00bb","img":{"alt_text":"","src":"https:\/\/i2.wp.com\/retotmp.valnaloneduca.com\/wp-content\/uploads\/2020\/03\/20191126_113626.jpg?resize=350%2C200","width":350,"height":200},"classes":[]},{"id":480,"url":"https:\/\/retotmp.valnaloneduca.com\/?p=480","url_meta":{"origin":2922,"position":5},"title":"Pensando en ellas","date":"diciembre 7, 2018","format":false,"excerpt":"Hemos empleado bastante tiempo en descubrir y saber c\u00f3mo son esas familias...","rel":"","context":"En \u00abIES R\u00edo Trubia\u00bb","img":{"alt_text":"","src":"https:\/\/i1.wp.com\/retotmp.valnaloneduca.com\/wp-content\/uploads\/2018\/12\/20181203_115955-e1544171732696.jpg?resize=350%2C200","width":350,"height":200},"classes":[]}],"_links":{"self":[{"href":"https:\/\/retotmp.valnaloneduca.com\/index.php?rest_route=\/wp\/v2\/posts\/2922"}],"collection":[{"href":"https:\/\/retotmp.valnaloneduca.com\/index.php?rest_route=\/wp\/v2\/posts"}],"about":[{"href":"https:\/\/retotmp.valnaloneduca.com\/index.php?rest_route=\/wp\/v2\/types\/post"}],"author":[{"embeddable":true,"href":"https:\/\/retotmp.valnaloneduca.com\/index.php?rest_route=\/wp\/v2\/users\/3"}],"replies":[{"embeddable":true,"href":"https:\/\/retotmp.valnaloneduca.com\/index.php?rest_route=%2Fwp%2Fv2%2Fcomments&post=2922"}],"version-history":[{"count":2,"href":"https:\/\/retotmp.valnaloneduca.com\/index.php?rest_route=\/wp\/v2\/posts\/2922\/revisions"}],"predecessor-version":[{"id":2932,"href":"https:\/\/retotmp.valnaloneduca.com\/index.php?rest_route=\/wp\/v2\/posts\/2922\/revisions\/2932"}],"wp:attachment":[{"href":"https:\/\/retotmp.valnaloneduca.com\/index.php?rest_route=%2Fwp%2Fv2%2Fmedia&parent=2922"}],"wp:term":[{"taxonomy":"category","embeddable":true,"href":"https:\/\/retotmp.valnaloneduca.com\/index.php?rest_route=%2Fwp%2Fv2%2Fcategories&post=2922"},{"taxonomy":"post_tag","embeddable":true,"href":"https:\/\/retotmp.valnaloneduca.com\/index.php?rest_route=%2Fwp%2Fv2%2Ftags&post=2922"}],"curies":[{"name":"wp","href":"https:\/\/api.w.org\/{rel}","templated":true}]}}