{"id":527,"date":"2019-02-04T10:42:50","date_gmt":"2019-02-04T10:42:50","guid":{"rendered":"https:\/\/retotmp.wordpress.com\/?p=527"},"modified":"2019-02-04T10:42:50","modified_gmt":"2019-02-04T10:42:50","slug":"reto-artistico-y-cultural","status":"publish","type":"post","link":"https:\/\/retotmp.valnaloneduca.com\/?p=527","title":{"rendered":"Reto art\u00edstico y cultural"},"content":{"rendered":"<p style=\"text-align:justify;\">La semana pasada comenzamos 4 cursos tmp con algo m\u00e1s de 100 estudiantes de 1\u00ba bachillerato del IES N\u00ba 5 de Avil\u00e9s. Los retos han sido propuestos por la FACTOR\u00cdA CULTURAL de AVIL\u00c9S, Centro Art\u00edstico Multidisciplinar de la Fundaci\u00f3n Municipal de Cultura del Ayuntamiento de Avil\u00e9s.<\/p>\n<p><img loading=\"lazy\" class=\" size-full wp-image-528 aligncenter\" src=\"https:\/\/i0.wp.com\/retotmp.valnaloneduca.com\/wp-content\/uploads\/2019\/02\/factorc3ada-cultural.jpg?resize=257%2C171\" alt=\"Factor\u00eda Cultural\" width=\"257\" height=\"171\" data-recalc-dims=\"1\" \/><\/p>\n<p style=\"text-align:justify;\">Y dado el perfil de los\/as estudiantes, los retos que trabajaremos tendr\u00e1n mucho que ver con los intereses, inquietudes y motivaciones art\u00edsticas de los grupos. Estas pr\u00f3ximas semanas trabajaremos propuestas para:<\/p>\n<ul style=\"text-align:justify;\">\n<li>Programaci\u00f3n art\u00edstica, cultural y formativa para j\u00f3venes entre 14 y 21 a\u00f1os.<\/li>\n<li>Programaci\u00f3n La Noche Blanca 2019 de Avil\u00e9s.<\/li>\n<\/ul>\n<p style=\"text-align:justify;\">\n","protected":false},"excerpt":{"rendered":"<p>La semana pasada comenzamos 4 cursos tmp con algo m\u00e1s de 100 estudiantes de 1\u00ba bachillerato del IES N\u00ba 5<\/p>\n","protected":false},"author":4,"featured_media":0,"comment_status":"open","ping_status":"open","sticky":false,"template":"","format":"standard","meta":{"spay_email":""},"categories":[18],"tags":[],"jetpack_featured_media_url":"","jetpack-related-posts":[{"id":920,"url":"https:\/\/retotmp.valnaloneduca.com\/?p=920","url_meta":{"origin":527,"position":0},"title":"Talento del IES N\u00ba5 en la Factor\u00eda Cultural","date":"abril 3, 2019","format":false,"excerpt":"Tras cinco semanas de trabajo con los retos, lleg\u00f3 el momento esperado...la presentaci\u00f3n de las ideas trabajadas. Muchos\/as estaban nerviosas pero tambi\u00e9n con la ilusi\u00f3n de presentar las propuestas para la Noche Blanca de Avil\u00e9s y la Programaci\u00f3n art\u00edstica, cultural y formativa de la Factor\u00eda Cultural. Fueron pocas horas pero,\u2026","rel":"","context":"En \u00abIES N\u00ba 5\u00bb","img":{"alt_text":"","src":"https:\/\/i2.wp.com\/retotmp.valnaloneduca.com\/wp-content\/uploads\/2019\/04\/img_20190320_110743_657-scaled.jpg?resize=350%2C200","width":350,"height":200},"classes":[]},{"id":926,"url":"https:\/\/retotmp.valnaloneduca.com\/?p=926","url_meta":{"origin":527,"position":1},"title":"Prototipos para la Factor\u00eda","date":"abril 3, 2019","format":false,"excerpt":"Durante estos d\u00edas ha sido un placer contar con la colaboraci\u00f3n de la directora de la Factor\u00eda Cultural para acercarse al IES N\u00ba 5 a intercambiar impresiones sobre las ideas trabajadas pero, sus responsabilidades y compromisos con la Factor\u00eda Cultural no ha permitido que pudiera presenciar todas las presentaciones. De\u2026","rel":"","context":"En \u00abIES N\u00ba 5\u00bb","img":{"alt_text":"","src":"https:\/\/i2.wp.com\/retotmp.valnaloneduca.com\/wp-content\/uploads\/2019\/04\/noche-blanca-total-1.png?resize=350%2C200","width":350,"height":200},"classes":[]},{"id":688,"url":"https:\/\/retotmp.valnaloneduca.com\/?p=688","url_meta":{"origin":527,"position":2},"title":"Decenas de entrevistas, decenas de ideas...","date":"febrero 20, 2019","format":false,"excerpt":"En tan s\u00f3lo 3 sesiones de trabajo con los estudiantes de 1\u00ba Bachillerato del IES N\u00aa 5 ya han surgido decenas de ideas para presentar a la Facotor\u00eda Cultural de Avil\u00e9s. A\u00fan est\u00e1n por madurar y perfilar pero, ya tenemos una primera aproximaci\u00f3n a los futuros prototipos que presentaremos. Seguiendo\u2026","rel":"","context":"En \u00abIES N\u00ba 5\u00bb","img":{"alt_text":"Designthinking","src":"https:\/\/i1.wp.com\/retotmp.valnaloneduca.com\/wp-content\/uploads\/2019\/02\/designthinking.png?resize=350%2C200","width":350,"height":200},"classes":[]},{"id":530,"url":"https:\/\/retotmp.valnaloneduca.com\/?p=530","url_meta":{"origin":527,"position":3},"title":"Visita a la Factor\u00eda Cultural","date":"febrero 4, 2019","format":false,"excerpt":"Los retos propuestos por la Factor\u00eda Cultural han comenzado, como no pod\u00eda ser de otra manera, con una visita a las instalaciones. El objetivo era conocer los espacios y la programaci\u00f3n disponible. Recorrimos todos los espacios, las aulas de cer\u00e1mica, grabado y pintura, el cuarto de hornos el\u00e9ctricos y de\u2026","rel":"","context":"En \u00abIES N\u00ba 5\u00bb","img":{"alt_text":"","src":"https:\/\/i1.wp.com\/retotmp.valnaloneduca.com\/wp-content\/uploads\/2019\/02\/whatsapp-image-2019-02-04-at-12.02.23-2.jpeg?resize=350%2C200","width":350,"height":200},"classes":[]},{"id":613,"url":"https:\/\/retotmp.valnaloneduca.com\/?p=613","url_meta":{"origin":527,"position":4},"title":"Pr\u00f3ximo reto... Plan de Marketing Musical","date":"febrero 15, 2019","format":false,"excerpt":"Un a\u00f1o m\u00e1s, hemos comenzado un reto en el IES Ram\u00f3n Men\u00e9ndez Pidal de Avil\u00e9s con el grupo de estudiantes del CFGS Marketing y Publicidad. Y este a\u00f1o, tenemos todo un desaf\u00edo... un grupo de cinco mujeres artistas nos han propuesto dise\u00f1ar su plan de marketing para su nuevo proyecto\u2026","rel":"","context":"En \u00abIES Ram\u00f3n Men\u00e9ndez Pidal\u00bb","img":{"alt_text":"","src":"https:\/\/i2.wp.com\/retotmp.valnaloneduca.com\/wp-content\/uploads\/2019\/02\/whatsapp-image-2019-02-15-at-18.44.32.jpeg?resize=350%2C200","width":350,"height":200},"classes":[]},{"id":780,"url":"https:\/\/retotmp.valnaloneduca.com\/?p=780","url_meta":{"origin":527,"position":5},"title":"Nuevo local...nuevo RETO","date":"marzo 7, 2019","format":false,"excerpt":"Barna Guitars, colaborador habitual de Valnal\u00f3n y que en otras ocasiones ha planteado retos a estudiantes, ha hecho mudanza. Ya no est\u00e1 en el Centro de Empresas La Curtidora, despu\u00e9s de 5 a\u00f1os se ha trasladado a un local ubicado en la C\/Hermanos Espolita, n\u00ba 8 de Avil\u00e9s. As\u00ed es\u2026","rel":"","context":"En \u00abIES Ram\u00f3n Men\u00e9ndez Pidal\u00bb","img":{"alt_text":"","src":"","width":0,"height":0},"classes":[]}],"_links":{"self":[{"href":"https:\/\/retotmp.valnaloneduca.com\/index.php?rest_route=\/wp\/v2\/posts\/527"}],"collection":[{"href":"https:\/\/retotmp.valnaloneduca.com\/index.php?rest_route=\/wp\/v2\/posts"}],"about":[{"href":"https:\/\/retotmp.valnaloneduca.com\/index.php?rest_route=\/wp\/v2\/types\/post"}],"author":[{"embeddable":true,"href":"https:\/\/retotmp.valnaloneduca.com\/index.php?rest_route=\/wp\/v2\/users\/4"}],"replies":[{"embeddable":true,"href":"https:\/\/retotmp.valnaloneduca.com\/index.php?rest_route=%2Fwp%2Fv2%2Fcomments&post=527"}],"version-history":[{"count":0,"href":"https:\/\/retotmp.valnaloneduca.com\/index.php?rest_route=\/wp\/v2\/posts\/527\/revisions"}],"wp:attachment":[{"href":"https:\/\/retotmp.valnaloneduca.com\/index.php?rest_route=%2Fwp%2Fv2%2Fmedia&parent=527"}],"wp:term":[{"taxonomy":"category","embeddable":true,"href":"https:\/\/retotmp.valnaloneduca.com\/index.php?rest_route=%2Fwp%2Fv2%2Fcategories&post=527"},{"taxonomy":"post_tag","embeddable":true,"href":"https:\/\/retotmp.valnaloneduca.com\/index.php?rest_route=%2Fwp%2Fv2%2Ftags&post=527"}],"curies":[{"name":"wp","href":"https:\/\/api.w.org\/{rel}","templated":true}]}}