{"id":530,"date":"2019-02-04T11:27:30","date_gmt":"2019-02-04T11:27:30","guid":{"rendered":"https:\/\/retotmp.wordpress.com\/?p=530"},"modified":"2019-02-04T11:27:30","modified_gmt":"2019-02-04T11:27:30","slug":"visita-a-la-factoria-cultural","status":"publish","type":"post","link":"https:\/\/retotmp.valnaloneduca.com\/?p=530","title":{"rendered":"Visita a la Factor\u00eda Cultural"},"content":{"rendered":"<p style=\"text-align:justify;\">Los retos propuestos por la Factor\u00eda Cultural han comenzado, como no pod\u00eda ser de otra manera, con una visita a las instalaciones. El objetivo era conocer los espacios y la programaci\u00f3n disponible.<\/p>\n<p style=\"text-align:justify;\">Recorrimos todos los espacios, las aulas de cer\u00e1mica, grabado y pintura, el cuarto de hornos el\u00e9ctricos y de gas, la biblioteca, las salas de ensayo de m\u00fasica y danza, el estudio de grabaci\u00f3n, la caja esc\u00e9nica&#8230;etc.<\/p>\n<div class=\"tiled-gallery type-rectangular tiled-gallery-unresized\" data-original-width=\"910\" data-carousel-extra='null' itemscope itemtype=\"http:\/\/schema.org\/ImageGallery\" > <div class=\"gallery-row\" style=\"width: 910px; height: 762px;\" data-original-width=\"910\" data-original-height=\"762\" > <div class=\"gallery-group images-3\" style=\"width: 337px; height: 762px;\" data-original-width=\"337\" data-original-height=\"762\" > <div class=\"tiled-gallery-item tiled-gallery-item-large\" itemprop=\"associatedMedia\" itemscope itemtype=\"http:\/\/schema.org\/ImageObject\"> <a href=\"https:\/\/retotmp.valnaloneduca.com\/?attachment_id=538\" border=\"0\" itemprop=\"url\"> <meta itemprop=\"width\" content=\"333\"> <meta itemprop=\"height\" content=\"250\"> <img data-attachment-id=\"538\" data-orig-file=\"https:\/\/retotmp.valnaloneduca.com\/wp-content\/uploads\/2019\/02\/whatsapp-image-2019-02-04-at-12.02.23-2.jpeg\" data-orig-size=\"1600,1200\" data-comments-opened=\"1\" data-image-meta=\"{&quot;aperture&quot;:&quot;0&quot;,&quot;credit&quot;:&quot;&quot;,&quot;camera&quot;:&quot;&quot;,&quot;caption&quot;:&quot;&quot;,&quot;created_timestamp&quot;:&quot;0&quot;,&quot;copyright&quot;:&quot;&quot;,&quot;focal_length&quot;:&quot;0&quot;,&quot;iso&quot;:&quot;0&quot;,&quot;shutter_speed&quot;:&quot;0&quot;,&quot;title&quot;:&quot;&quot;,&quot;orientation&quot;:&quot;0&quot;}\" data-image-title=\"WhatsApp Image 2019-02-04 at 12.02.23 (2)\" data-image-description=\"\" data-medium-file=\"https:\/\/i1.wp.com\/retotmp.valnaloneduca.com\/wp-content\/uploads\/2019\/02\/whatsapp-image-2019-02-04-at-12.02.23-2.jpeg?fit=300%2C225&#038;ssl=1\" data-large-file=\"https:\/\/i1.wp.com\/retotmp.valnaloneduca.com\/wp-content\/uploads\/2019\/02\/whatsapp-image-2019-02-04-at-12.02.23-2.jpeg?fit=910%2C683&#038;ssl=1\" src=\"https:\/\/i1.wp.com\/retotmp.valnaloneduca.com\/wp-content\/uploads\/2019\/02\/whatsapp-image-2019-02-04-at-12.02.23-2.jpeg?w=333&#038;h=250&#038;ssl=1\" width=\"333\" height=\"250\" data-original-width=\"333\" data-original-height=\"250\" itemprop=\"http:\/\/schema.org\/image\" title=\"WhatsApp Image 2019-02-04 at 12.02.23 (2)\" alt=\"WhatsApp Image 2019-02-04 at 12.02.23 (2)\" style=\"width: 333px; height: 250px;\" \/> <\/a> <\/div> <div class=\"tiled-gallery-item tiled-gallery-item-large\" itemprop=\"associatedMedia\" itemscope itemtype=\"http:\/\/schema.org\/ImageObject\"> <a href=\"https:\/\/retotmp.valnaloneduca.com\/?attachment_id=539\" border=\"0\" itemprop=\"url\"> <meta itemprop=\"width\" content=\"333\"> <meta itemprop=\"height\" content=\"250\"> <img data-attachment-id=\"539\" data-orig-file=\"https:\/\/retotmp.valnaloneduca.com\/wp-content\/uploads\/2019\/02\/whatsapp-image-2019-02-04-at-12.02.23-3.jpeg\" data-orig-size=\"1600,1200\" data-comments-opened=\"1\" data-image-meta=\"{&quot;aperture&quot;:&quot;0&quot;,&quot;credit&quot;:&quot;&quot;,&quot;camera&quot;:&quot;&quot;,&quot;caption&quot;:&quot;&quot;,&quot;created_timestamp&quot;:&quot;0&quot;,&quot;copyright&quot;:&quot;&quot;,&quot;focal_length&quot;:&quot;0&quot;,&quot;iso&quot;:&quot;0&quot;,&quot;shutter_speed&quot;:&quot;0&quot;,&quot;title&quot;:&quot;&quot;,&quot;orientation&quot;:&quot;0&quot;}\" data-image-title=\"WhatsApp Image 2019-02-04 at 12.02.23 (3)\" data-image-description=\"\" data-medium-file=\"https:\/\/i2.wp.com\/retotmp.valnaloneduca.com\/wp-content\/uploads\/2019\/02\/whatsapp-image-2019-02-04-at-12.02.23-3.jpeg?fit=300%2C225&#038;ssl=1\" data-large-file=\"https:\/\/i2.wp.com\/retotmp.valnaloneduca.com\/wp-content\/uploads\/2019\/02\/whatsapp-image-2019-02-04-at-12.02.23-3.jpeg?fit=910%2C683&#038;ssl=1\" src=\"https:\/\/i2.wp.com\/retotmp.valnaloneduca.com\/wp-content\/uploads\/2019\/02\/whatsapp-image-2019-02-04-at-12.02.23-3.jpeg?w=333&#038;h=250&#038;ssl=1\" width=\"333\" height=\"250\" data-original-width=\"333\" data-original-height=\"250\" itemprop=\"http:\/\/schema.org\/image\" title=\"WhatsApp Image 2019-02-04 at 12.02.23 (3)\" alt=\"WhatsApp Image 2019-02-04 at 12.02.23 (3)\" style=\"width: 333px; height: 250px;\" \/> <\/a> <\/div> <div class=\"tiled-gallery-item tiled-gallery-item-large\" itemprop=\"associatedMedia\" itemscope itemtype=\"http:\/\/schema.org\/ImageObject\"> <a href=\"https:\/\/retotmp.valnaloneduca.com\/?attachment_id=540\" border=\"0\" itemprop=\"url\"> <meta itemprop=\"width\" content=\"333\"> <meta itemprop=\"height\" content=\"250\"> <img data-attachment-id=\"540\" data-orig-file=\"https:\/\/retotmp.valnaloneduca.com\/wp-content\/uploads\/2019\/02\/whatsapp-image-2019-02-04-at-12.02.24-2.jpeg\" data-orig-size=\"1600,1200\" data-comments-opened=\"1\" data-image-meta=\"{&quot;aperture&quot;:&quot;0&quot;,&quot;credit&quot;:&quot;&quot;,&quot;camera&quot;:&quot;&quot;,&quot;caption&quot;:&quot;&quot;,&quot;created_timestamp&quot;:&quot;0&quot;,&quot;copyright&quot;:&quot;&quot;,&quot;focal_length&quot;:&quot;0&quot;,&quot;iso&quot;:&quot;0&quot;,&quot;shutter_speed&quot;:&quot;0&quot;,&quot;title&quot;:&quot;&quot;,&quot;orientation&quot;:&quot;0&quot;}\" data-image-title=\"WhatsApp Image 2019-02-04 at 12.02.24 (2)\" data-image-description=\"\" data-medium-file=\"https:\/\/i0.wp.com\/retotmp.valnaloneduca.com\/wp-content\/uploads\/2019\/02\/whatsapp-image-2019-02-04-at-12.02.24-2.jpeg?fit=300%2C225&#038;ssl=1\" data-large-file=\"https:\/\/i0.wp.com\/retotmp.valnaloneduca.com\/wp-content\/uploads\/2019\/02\/whatsapp-image-2019-02-04-at-12.02.24-2.jpeg?fit=910%2C683&#038;ssl=1\" src=\"https:\/\/i0.wp.com\/retotmp.valnaloneduca.com\/wp-content\/uploads\/2019\/02\/whatsapp-image-2019-02-04-at-12.02.24-2.jpeg?w=333&#038;h=250&#038;ssl=1\" width=\"333\" height=\"250\" data-original-width=\"333\" data-original-height=\"250\" itemprop=\"http:\/\/schema.org\/image\" title=\"WhatsApp Image 2019-02-04 at 12.02.24 (2)\" alt=\"WhatsApp Image 2019-02-04 at 12.02.24 (2)\" style=\"width: 333px; height: 250px;\" \/> <\/a> <\/div> <\/div> <!-- close group --> <div class=\"gallery-group images-1\" style=\"width: 573px; height: 762px;\" data-original-width=\"573\" data-original-height=\"762\" > <div class=\"tiled-gallery-item tiled-gallery-item-large\" itemprop=\"associatedMedia\" itemscope itemtype=\"http:\/\/schema.org\/ImageObject\"> <a href=\"https:\/\/retotmp.valnaloneduca.com\/?attachment_id=541\" border=\"0\" itemprop=\"url\"> <meta itemprop=\"width\" content=\"569\"> <meta itemprop=\"height\" content=\"758\"> <img data-attachment-id=\"541\" data-orig-file=\"https:\/\/retotmp.valnaloneduca.com\/wp-content\/uploads\/2019\/02\/whatsapp-image-2019-02-04-at-12.02.24-3.jpeg\" data-orig-size=\"1200,1600\" data-comments-opened=\"1\" data-image-meta=\"{&quot;aperture&quot;:&quot;0&quot;,&quot;credit&quot;:&quot;&quot;,&quot;camera&quot;:&quot;&quot;,&quot;caption&quot;:&quot;&quot;,&quot;created_timestamp&quot;:&quot;0&quot;,&quot;copyright&quot;:&quot;&quot;,&quot;focal_length&quot;:&quot;0&quot;,&quot;iso&quot;:&quot;0&quot;,&quot;shutter_speed&quot;:&quot;0&quot;,&quot;title&quot;:&quot;&quot;,&quot;orientation&quot;:&quot;0&quot;}\" data-image-title=\"WhatsApp Image 2019-02-04 at 12.02.24 (3)\" data-image-description=\"\" data-medium-file=\"https:\/\/i0.wp.com\/retotmp.valnaloneduca.com\/wp-content\/uploads\/2019\/02\/whatsapp-image-2019-02-04-at-12.02.24-3.jpeg?fit=225%2C300&#038;ssl=1\" data-large-file=\"https:\/\/i0.wp.com\/retotmp.valnaloneduca.com\/wp-content\/uploads\/2019\/02\/whatsapp-image-2019-02-04-at-12.02.24-3.jpeg?fit=768%2C1024&#038;ssl=1\" src=\"https:\/\/i0.wp.com\/retotmp.valnaloneduca.com\/wp-content\/uploads\/2019\/02\/whatsapp-image-2019-02-04-at-12.02.24-3.jpeg?w=569&#038;h=758&#038;ssl=1\" width=\"569\" height=\"758\" data-original-width=\"569\" data-original-height=\"758\" itemprop=\"http:\/\/schema.org\/image\" title=\"WhatsApp Image 2019-02-04 at 12.02.24 (3)\" alt=\"WhatsApp Image 2019-02-04 at 12.02.24 (3)\" style=\"width: 569px; height: 758px;\" \/> <\/a> <\/div> <\/div> <!-- close group --> <\/div> <!-- close row --> <div class=\"gallery-row\" style=\"width: 910px; height: 456px;\" data-original-width=\"910\" data-original-height=\"456\" > <div class=\"gallery-group images-1\" style=\"width: 607px; height: 456px;\" data-original-width=\"607\" data-original-height=\"456\" > <div class=\"tiled-gallery-item tiled-gallery-item-large\" itemprop=\"associatedMedia\" itemscope itemtype=\"http:\/\/schema.org\/ImageObject\"> <a href=\"https:\/\/retotmp.valnaloneduca.com\/?attachment_id=542\" border=\"0\" itemprop=\"url\"> <meta itemprop=\"width\" content=\"603\"> <meta itemprop=\"height\" content=\"452\"> <img data-attachment-id=\"542\" data-orig-file=\"https:\/\/retotmp.valnaloneduca.com\/wp-content\/uploads\/2019\/02\/whatsapp-image-2019-02-04-at-12.02.24-5.jpeg\" data-orig-size=\"1600,1200\" data-comments-opened=\"1\" data-image-meta=\"{&quot;aperture&quot;:&quot;0&quot;,&quot;credit&quot;:&quot;&quot;,&quot;camera&quot;:&quot;&quot;,&quot;caption&quot;:&quot;&quot;,&quot;created_timestamp&quot;:&quot;0&quot;,&quot;copyright&quot;:&quot;&quot;,&quot;focal_length&quot;:&quot;0&quot;,&quot;iso&quot;:&quot;0&quot;,&quot;shutter_speed&quot;:&quot;0&quot;,&quot;title&quot;:&quot;&quot;,&quot;orientation&quot;:&quot;0&quot;}\" data-image-title=\"WhatsApp Image 2019-02-04 at 12.02.24 (5)\" data-image-description=\"\" data-medium-file=\"https:\/\/i0.wp.com\/retotmp.valnaloneduca.com\/wp-content\/uploads\/2019\/02\/whatsapp-image-2019-02-04-at-12.02.24-5.jpeg?fit=300%2C225&#038;ssl=1\" data-large-file=\"https:\/\/i0.wp.com\/retotmp.valnaloneduca.com\/wp-content\/uploads\/2019\/02\/whatsapp-image-2019-02-04-at-12.02.24-5.jpeg?fit=910%2C683&#038;ssl=1\" src=\"https:\/\/i0.wp.com\/retotmp.valnaloneduca.com\/wp-content\/uploads\/2019\/02\/whatsapp-image-2019-02-04-at-12.02.24-5.jpeg?w=603&#038;h=452&#038;ssl=1\" width=\"603\" height=\"452\" data-original-width=\"603\" data-original-height=\"452\" itemprop=\"http:\/\/schema.org\/image\" title=\"WhatsApp Image 2019-02-04 at 12.02.24 (5)\" alt=\"WhatsApp Image 2019-02-04 at 12.02.24 (5)\" style=\"width: 603px; height: 452px;\" \/> <\/a> <\/div> <\/div> <!-- close group --> <div class=\"gallery-group images-2\" style=\"width: 303px; height: 456px;\" data-original-width=\"303\" data-original-height=\"456\" > <div class=\"tiled-gallery-item tiled-gallery-item-large\" itemprop=\"associatedMedia\" itemscope itemtype=\"http:\/\/schema.org\/ImageObject\"> <a href=\"https:\/\/retotmp.valnaloneduca.com\/?attachment_id=543\" border=\"0\" itemprop=\"url\"> <meta itemprop=\"width\" content=\"299\"> <meta itemprop=\"height\" content=\"224\"> <img data-attachment-id=\"543\" data-orig-file=\"https:\/\/retotmp.valnaloneduca.com\/wp-content\/uploads\/2019\/02\/whatsapp-image-2019-02-04-at-12.02.25-3.jpeg\" data-orig-size=\"1600,1200\" data-comments-opened=\"1\" data-image-meta=\"{&quot;aperture&quot;:&quot;0&quot;,&quot;credit&quot;:&quot;&quot;,&quot;camera&quot;:&quot;&quot;,&quot;caption&quot;:&quot;&quot;,&quot;created_timestamp&quot;:&quot;0&quot;,&quot;copyright&quot;:&quot;&quot;,&quot;focal_length&quot;:&quot;0&quot;,&quot;iso&quot;:&quot;0&quot;,&quot;shutter_speed&quot;:&quot;0&quot;,&quot;title&quot;:&quot;&quot;,&quot;orientation&quot;:&quot;0&quot;}\" data-image-title=\"WhatsApp Image 2019-02-04 at 12.02.25 (3)\" data-image-description=\"\" data-medium-file=\"https:\/\/i2.wp.com\/retotmp.valnaloneduca.com\/wp-content\/uploads\/2019\/02\/whatsapp-image-2019-02-04-at-12.02.25-3.jpeg?fit=300%2C225&#038;ssl=1\" data-large-file=\"https:\/\/i2.wp.com\/retotmp.valnaloneduca.com\/wp-content\/uploads\/2019\/02\/whatsapp-image-2019-02-04-at-12.02.25-3.jpeg?fit=910%2C683&#038;ssl=1\" src=\"https:\/\/i2.wp.com\/retotmp.valnaloneduca.com\/wp-content\/uploads\/2019\/02\/whatsapp-image-2019-02-04-at-12.02.25-3.jpeg?w=299&#038;h=224&#038;ssl=1\" width=\"299\" height=\"224\" data-original-width=\"299\" data-original-height=\"224\" itemprop=\"http:\/\/schema.org\/image\" title=\"WhatsApp Image 2019-02-04 at 12.02.25 (3)\" alt=\"WhatsApp Image 2019-02-04 at 12.02.25 (3)\" style=\"width: 299px; height: 224px;\" \/> <\/a> <\/div> <div class=\"tiled-gallery-item tiled-gallery-item-large\" itemprop=\"associatedMedia\" itemscope itemtype=\"http:\/\/schema.org\/ImageObject\"> <a href=\"https:\/\/retotmp.valnaloneduca.com\/?attachment_id=544\" border=\"0\" itemprop=\"url\"> <meta itemprop=\"width\" content=\"299\"> <meta itemprop=\"height\" content=\"224\"> <img data-attachment-id=\"544\" data-orig-file=\"https:\/\/retotmp.valnaloneduca.com\/wp-content\/uploads\/2019\/02\/whatsapp-image-2019-02-04-at-12.02.22.jpeg\" data-orig-size=\"1600,1200\" data-comments-opened=\"1\" data-image-meta=\"{&quot;aperture&quot;:&quot;0&quot;,&quot;credit&quot;:&quot;&quot;,&quot;camera&quot;:&quot;&quot;,&quot;caption&quot;:&quot;&quot;,&quot;created_timestamp&quot;:&quot;0&quot;,&quot;copyright&quot;:&quot;&quot;,&quot;focal_length&quot;:&quot;0&quot;,&quot;iso&quot;:&quot;0&quot;,&quot;shutter_speed&quot;:&quot;0&quot;,&quot;title&quot;:&quot;&quot;,&quot;orientation&quot;:&quot;0&quot;}\" data-image-title=\"WhatsApp Image 2019-02-04 at 12.02.22\" data-image-description=\"\" data-medium-file=\"https:\/\/i2.wp.com\/retotmp.valnaloneduca.com\/wp-content\/uploads\/2019\/02\/whatsapp-image-2019-02-04-at-12.02.22.jpeg?fit=300%2C225&#038;ssl=1\" data-large-file=\"https:\/\/i2.wp.com\/retotmp.valnaloneduca.com\/wp-content\/uploads\/2019\/02\/whatsapp-image-2019-02-04-at-12.02.22.jpeg?fit=910%2C683&#038;ssl=1\" src=\"https:\/\/i2.wp.com\/retotmp.valnaloneduca.com\/wp-content\/uploads\/2019\/02\/whatsapp-image-2019-02-04-at-12.02.22.jpeg?w=299&#038;h=224&#038;ssl=1\" width=\"299\" height=\"224\" data-original-width=\"299\" data-original-height=\"224\" itemprop=\"http:\/\/schema.org\/image\" title=\"WhatsApp Image 2019-02-04 at 12.02.22\" alt=\"WhatsApp Image 2019-02-04 at 12.02.22\" style=\"width: 299px; height: 224px;\" \/> <\/a> <\/div> <\/div> <!-- close group --> <\/div> <!-- close row --> <\/div>\n<p style=\"text-align:justify;\">Anabel Barrio, directora de la Factor\u00eda, tambi\u00e9n nos expuso los proyectos europeos en los que han participado as\u00ed como la convocatoria de ayudas para la producci\u00f3n art\u00edstica. Y en referencia a esta \u00faltima, nos present\u00f3 la obra y aula de trabajo de uno de los artistas residentes de este a\u00f1o, Roberto Rodr\u00edguez Redondo. As\u00ed como un mural en cer\u00e1mica en proceso de construcci\u00f3n del artista visual asturiano Basti\u00e1n Prendes.<\/p>\n<div class=\"tiled-gallery type-rectangular tiled-gallery-unresized\" data-original-width=\"910\" data-carousel-extra='null' itemscope itemtype=\"http:\/\/schema.org\/ImageGallery\" > <div class=\"gallery-row\" style=\"width: 910px; height: 643px;\" data-original-width=\"910\" data-original-height=\"643\" > <div class=\"gallery-group images-1\" style=\"width: 483px; height: 643px;\" data-original-width=\"483\" data-original-height=\"643\" > <div class=\"tiled-gallery-item tiled-gallery-item-large\" itemprop=\"associatedMedia\" itemscope itemtype=\"http:\/\/schema.org\/ImageObject\"> <a href=\"https:\/\/retotmp.valnaloneduca.com\/?attachment_id=537\" border=\"0\" itemprop=\"url\"> <meta itemprop=\"width\" content=\"479\"> <meta itemprop=\"height\" content=\"639\"> <img data-attachment-id=\"537\" data-orig-file=\"https:\/\/retotmp.valnaloneduca.com\/wp-content\/uploads\/2019\/02\/whatsapp-image-2019-02-04-at-12.02.24-1.jpeg\" data-orig-size=\"1200,1600\" data-comments-opened=\"1\" data-image-meta=\"{&quot;aperture&quot;:&quot;0&quot;,&quot;credit&quot;:&quot;&quot;,&quot;camera&quot;:&quot;&quot;,&quot;caption&quot;:&quot;&quot;,&quot;created_timestamp&quot;:&quot;0&quot;,&quot;copyright&quot;:&quot;&quot;,&quot;focal_length&quot;:&quot;0&quot;,&quot;iso&quot;:&quot;0&quot;,&quot;shutter_speed&quot;:&quot;0&quot;,&quot;title&quot;:&quot;&quot;,&quot;orientation&quot;:&quot;0&quot;}\" data-image-title=\"WhatsApp Image 2019-02-04 at 12.02.24 (1)\" data-image-description=\"\" data-medium-file=\"https:\/\/i1.wp.com\/retotmp.valnaloneduca.com\/wp-content\/uploads\/2019\/02\/whatsapp-image-2019-02-04-at-12.02.24-1.jpeg?fit=225%2C300&#038;ssl=1\" data-large-file=\"https:\/\/i1.wp.com\/retotmp.valnaloneduca.com\/wp-content\/uploads\/2019\/02\/whatsapp-image-2019-02-04-at-12.02.24-1.jpeg?fit=768%2C1024&#038;ssl=1\" src=\"https:\/\/i1.wp.com\/retotmp.valnaloneduca.com\/wp-content\/uploads\/2019\/02\/whatsapp-image-2019-02-04-at-12.02.24-1.jpeg?w=479&#038;h=639&#038;ssl=1\" width=\"479\" height=\"639\" data-original-width=\"479\" data-original-height=\"639\" itemprop=\"http:\/\/schema.org\/image\" title=\"WhatsApp Image 2019-02-04 at 12.02.24 (1)\" alt=\"WhatsApp Image 2019-02-04 at 12.02.24 (1)\" style=\"width: 479px; height: 639px;\" \/> <\/a> <\/div> <\/div> <!-- close group --> <div class=\"gallery-group images-2\" style=\"width: 427px; height: 643px;\" data-original-width=\"427\" data-original-height=\"643\" > <div class=\"tiled-gallery-item tiled-gallery-item-large\" itemprop=\"associatedMedia\" itemscope itemtype=\"http:\/\/schema.org\/ImageObject\"> <a href=\"https:\/\/retotmp.valnaloneduca.com\/?attachment_id=536\" border=\"0\" itemprop=\"url\"> <meta itemprop=\"width\" content=\"423\"> <meta itemprop=\"height\" content=\"318\"> <img data-attachment-id=\"536\" data-orig-file=\"https:\/\/retotmp.valnaloneduca.com\/wp-content\/uploads\/2019\/02\/whatsapp-image-2019-02-04-at-12.02.25-2.jpeg\" data-orig-size=\"1600,1200\" data-comments-opened=\"1\" data-image-meta=\"{&quot;aperture&quot;:&quot;0&quot;,&quot;credit&quot;:&quot;&quot;,&quot;camera&quot;:&quot;&quot;,&quot;caption&quot;:&quot;&quot;,&quot;created_timestamp&quot;:&quot;0&quot;,&quot;copyright&quot;:&quot;&quot;,&quot;focal_length&quot;:&quot;0&quot;,&quot;iso&quot;:&quot;0&quot;,&quot;shutter_speed&quot;:&quot;0&quot;,&quot;title&quot;:&quot;&quot;,&quot;orientation&quot;:&quot;0&quot;}\" data-image-title=\"WhatsApp Image 2019-02-04 at 12.02.25 (2)\" data-image-description=\"\" data-medium-file=\"https:\/\/i1.wp.com\/retotmp.valnaloneduca.com\/wp-content\/uploads\/2019\/02\/whatsapp-image-2019-02-04-at-12.02.25-2.jpeg?fit=300%2C225&#038;ssl=1\" data-large-file=\"https:\/\/i1.wp.com\/retotmp.valnaloneduca.com\/wp-content\/uploads\/2019\/02\/whatsapp-image-2019-02-04-at-12.02.25-2.jpeg?fit=910%2C683&#038;ssl=1\" src=\"https:\/\/i1.wp.com\/retotmp.valnaloneduca.com\/wp-content\/uploads\/2019\/02\/whatsapp-image-2019-02-04-at-12.02.25-2.jpeg?w=423&#038;h=318&#038;ssl=1\" width=\"423\" height=\"318\" data-original-width=\"423\" data-original-height=\"318\" itemprop=\"http:\/\/schema.org\/image\" title=\"WhatsApp Image 2019-02-04 at 12.02.25 (2)\" alt=\"WhatsApp Image 2019-02-04 at 12.02.25 (2)\" style=\"width: 423px; height: 318px;\" \/> <\/a> <\/div> <div class=\"tiled-gallery-item tiled-gallery-item-large\" itemprop=\"associatedMedia\" itemscope itemtype=\"http:\/\/schema.org\/ImageObject\"> <a href=\"https:\/\/retotmp.valnaloneduca.com\/?attachment_id=535\" border=\"0\" itemprop=\"url\"> <meta itemprop=\"width\" content=\"423\"> <meta itemprop=\"height\" content=\"317\"> <img data-attachment-id=\"535\" data-orig-file=\"https:\/\/retotmp.valnaloneduca.com\/wp-content\/uploads\/2019\/02\/whatsapp-image-2019-02-04-at-12.02.24.jpeg\" data-orig-size=\"1600,1200\" data-comments-opened=\"1\" data-image-meta=\"{&quot;aperture&quot;:&quot;0&quot;,&quot;credit&quot;:&quot;&quot;,&quot;camera&quot;:&quot;&quot;,&quot;caption&quot;:&quot;&quot;,&quot;created_timestamp&quot;:&quot;0&quot;,&quot;copyright&quot;:&quot;&quot;,&quot;focal_length&quot;:&quot;0&quot;,&quot;iso&quot;:&quot;0&quot;,&quot;shutter_speed&quot;:&quot;0&quot;,&quot;title&quot;:&quot;&quot;,&quot;orientation&quot;:&quot;0&quot;}\" data-image-title=\"WhatsApp Image 2019-02-04 at 12.02.24\" data-image-description=\"\" data-medium-file=\"https:\/\/i1.wp.com\/retotmp.valnaloneduca.com\/wp-content\/uploads\/2019\/02\/whatsapp-image-2019-02-04-at-12.02.24.jpeg?fit=300%2C225&#038;ssl=1\" data-large-file=\"https:\/\/i1.wp.com\/retotmp.valnaloneduca.com\/wp-content\/uploads\/2019\/02\/whatsapp-image-2019-02-04-at-12.02.24.jpeg?fit=910%2C683&#038;ssl=1\" src=\"https:\/\/i1.wp.com\/retotmp.valnaloneduca.com\/wp-content\/uploads\/2019\/02\/whatsapp-image-2019-02-04-at-12.02.24.jpeg?w=423&#038;h=317&#038;ssl=1\" width=\"423\" height=\"317\" data-original-width=\"423\" data-original-height=\"317\" itemprop=\"http:\/\/schema.org\/image\" title=\"WhatsApp Image 2019-02-04 at 12.02.24\" alt=\"WhatsApp Image 2019-02-04 at 12.02.24\" style=\"width: 423px; height: 317px;\" \/> <\/a> <\/div> <\/div> <!-- close group --> <\/div> <!-- close row --> <\/div>\n<p style=\"text-align:justify;\">Incluso algunos estudiantes participaron en una de las obras art\u00edsticas que Pablo Hugo Rozada est\u00e1 preparando para el V Centenario del Nacimiento de Pedro Men\u00e9ndez.<\/p>\n<div class=\"tiled-gallery type-square tiled-gallery-unresized\" data-original-width=\"910\" data-carousel-extra='null' itemscope itemtype=\"http:\/\/schema.org\/ImageGallery\" > <div class=\"gallery-row\" style=\"width: 910px; height: 910px;\" data-original-width=\"910\" data-original-height=\"910\" > <div class=\"gallery-group\" style=\"width: 910px; height: 910px;\" data-original-width=\"910\" data-original-height=\"910\" > <div class=\"tiled-gallery-item \" itemprop=\"associatedMedia\" itemscope itemtype=\"http:\/\/schema.org\/ImageObject\"> <a href=\"https:\/\/retotmp.valnaloneduca.com\/?attachment_id=531\" border=\"0\" itemprop=\"url\"> <meta itemprop=\"width\" content=\"906\"> <meta itemprop=\"height\" content=\"906\"> <img data-attachment-id=\"531\" data-orig-file=\"https:\/\/retotmp.valnaloneduca.com\/wp-content\/uploads\/2019\/02\/whatsapp-image-2019-02-04-at-12.02.25.jpeg\" data-orig-size=\"1600,1200\" data-comments-opened=\"1\" data-image-meta=\"{&quot;aperture&quot;:&quot;0&quot;,&quot;credit&quot;:&quot;&quot;,&quot;camera&quot;:&quot;&quot;,&quot;caption&quot;:&quot;&quot;,&quot;created_timestamp&quot;:&quot;0&quot;,&quot;copyright&quot;:&quot;&quot;,&quot;focal_length&quot;:&quot;0&quot;,&quot;iso&quot;:&quot;0&quot;,&quot;shutter_speed&quot;:&quot;0&quot;,&quot;title&quot;:&quot;&quot;,&quot;orientation&quot;:&quot;0&quot;}\" data-image-title=\"WhatsApp Image 2019-02-04 at 12.02.25\" data-image-description=\"\" data-medium-file=\"https:\/\/i0.wp.com\/retotmp.valnaloneduca.com\/wp-content\/uploads\/2019\/02\/whatsapp-image-2019-02-04-at-12.02.25.jpeg?fit=300%2C225&#038;ssl=1\" data-large-file=\"https:\/\/i0.wp.com\/retotmp.valnaloneduca.com\/wp-content\/uploads\/2019\/02\/whatsapp-image-2019-02-04-at-12.02.25.jpeg?fit=910%2C683&#038;ssl=1\" src=\"https:\/\/i0.wp.com\/retotmp.valnaloneduca.com\/wp-content\/uploads\/2019\/02\/whatsapp-image-2019-02-04-at-12.02.25.jpeg?w=906&#038;h=906&#038;crop=1&#038;ssl=1\" width=\"906\" height=\"906\" data-original-width=\"906\" data-original-height=\"906\" itemprop=\"http:\/\/schema.org\/image\" title=\"WhatsApp Image 2019-02-04 at 12.02.25\" alt=\"WhatsApp Image 2019-02-04 at 12.02.25\" style=\"width: 906px; height: 906px;\" \/> <\/a> <\/div> <\/div> <\/div> <div class=\"gallery-row\" style=\"width: 910px; height: 303px;\" data-original-width=\"910\" data-original-height=\"303\" > <div class=\"gallery-group\" style=\"width: 303px; height: 303px;\" data-original-width=\"303\" data-original-height=\"303\" > <div class=\"tiled-gallery-item \" itemprop=\"associatedMedia\" itemscope itemtype=\"http:\/\/schema.org\/ImageObject\"> <a href=\"https:\/\/retotmp.valnaloneduca.com\/?attachment_id=532\" border=\"0\" itemprop=\"url\"> <meta itemprop=\"width\" content=\"299\"> <meta itemprop=\"height\" content=\"299\"> <img data-attachment-id=\"532\" data-orig-file=\"https:\/\/retotmp.valnaloneduca.com\/wp-content\/uploads\/2019\/02\/whatsapp-image-2019-02-04-at-12.02.23.jpeg\" data-orig-size=\"1600,1200\" data-comments-opened=\"1\" data-image-meta=\"{&quot;aperture&quot;:&quot;0&quot;,&quot;credit&quot;:&quot;&quot;,&quot;camera&quot;:&quot;&quot;,&quot;caption&quot;:&quot;&quot;,&quot;created_timestamp&quot;:&quot;0&quot;,&quot;copyright&quot;:&quot;&quot;,&quot;focal_length&quot;:&quot;0&quot;,&quot;iso&quot;:&quot;0&quot;,&quot;shutter_speed&quot;:&quot;0&quot;,&quot;title&quot;:&quot;&quot;,&quot;orientation&quot;:&quot;0&quot;}\" data-image-title=\"WhatsApp Image 2019-02-04 at 12.02.23\" data-image-description=\"\" data-medium-file=\"https:\/\/i0.wp.com\/retotmp.valnaloneduca.com\/wp-content\/uploads\/2019\/02\/whatsapp-image-2019-02-04-at-12.02.23.jpeg?fit=300%2C225&#038;ssl=1\" data-large-file=\"https:\/\/i0.wp.com\/retotmp.valnaloneduca.com\/wp-content\/uploads\/2019\/02\/whatsapp-image-2019-02-04-at-12.02.23.jpeg?fit=910%2C683&#038;ssl=1\" src=\"https:\/\/i0.wp.com\/retotmp.valnaloneduca.com\/wp-content\/uploads\/2019\/02\/whatsapp-image-2019-02-04-at-12.02.23.jpeg?w=299&#038;h=299&#038;crop=1&#038;ssl=1\" width=\"299\" height=\"299\" data-original-width=\"299\" data-original-height=\"299\" itemprop=\"http:\/\/schema.org\/image\" title=\"WhatsApp Image 2019-02-04 at 12.02.23\" alt=\"WhatsApp Image 2019-02-04 at 12.02.23\" style=\"width: 299px; height: 299px;\" \/> <\/a> <\/div> <\/div> <div class=\"gallery-group\" style=\"width: 303px; height: 303px;\" data-original-width=\"303\" data-original-height=\"303\" > <div class=\"tiled-gallery-item \" itemprop=\"associatedMedia\" itemscope itemtype=\"http:\/\/schema.org\/ImageObject\"> <a href=\"https:\/\/retotmp.valnaloneduca.com\/?attachment_id=533\" border=\"0\" itemprop=\"url\"> <meta itemprop=\"width\" content=\"299\"> <meta itemprop=\"height\" content=\"299\"> <img data-attachment-id=\"533\" data-orig-file=\"https:\/\/retotmp.valnaloneduca.com\/wp-content\/uploads\/2019\/02\/whatsapp-image-2019-02-04-at-12.02.23-1.jpeg\" data-orig-size=\"1600,1200\" data-comments-opened=\"1\" data-image-meta=\"{&quot;aperture&quot;:&quot;0&quot;,&quot;credit&quot;:&quot;&quot;,&quot;camera&quot;:&quot;&quot;,&quot;caption&quot;:&quot;&quot;,&quot;created_timestamp&quot;:&quot;0&quot;,&quot;copyright&quot;:&quot;&quot;,&quot;focal_length&quot;:&quot;0&quot;,&quot;iso&quot;:&quot;0&quot;,&quot;shutter_speed&quot;:&quot;0&quot;,&quot;title&quot;:&quot;&quot;,&quot;orientation&quot;:&quot;0&quot;}\" data-image-title=\"WhatsApp Image 2019-02-04 at 12.02.23 (1)\" data-image-description=\"\" data-medium-file=\"https:\/\/i0.wp.com\/retotmp.valnaloneduca.com\/wp-content\/uploads\/2019\/02\/whatsapp-image-2019-02-04-at-12.02.23-1.jpeg?fit=300%2C225&#038;ssl=1\" data-large-file=\"https:\/\/i0.wp.com\/retotmp.valnaloneduca.com\/wp-content\/uploads\/2019\/02\/whatsapp-image-2019-02-04-at-12.02.23-1.jpeg?fit=910%2C683&#038;ssl=1\" src=\"https:\/\/i0.wp.com\/retotmp.valnaloneduca.com\/wp-content\/uploads\/2019\/02\/whatsapp-image-2019-02-04-at-12.02.23-1.jpeg?w=299&#038;h=299&#038;crop=1&#038;ssl=1\" width=\"299\" height=\"299\" data-original-width=\"299\" data-original-height=\"299\" itemprop=\"http:\/\/schema.org\/image\" title=\"WhatsApp Image 2019-02-04 at 12.02.23 (1)\" alt=\"WhatsApp Image 2019-02-04 at 12.02.23 (1)\" style=\"width: 299px; height: 299px;\" \/> <\/a> <\/div> <\/div> <div class=\"gallery-group\" style=\"width: 303px; height: 303px;\" data-original-width=\"303\" data-original-height=\"303\" > <div class=\"tiled-gallery-item \" itemprop=\"associatedMedia\" itemscope itemtype=\"http:\/\/schema.org\/ImageObject\"> <a href=\"https:\/\/retotmp.valnaloneduca.com\/?attachment_id=534\" border=\"0\" itemprop=\"url\"> <meta itemprop=\"width\" content=\"299\"> <meta itemprop=\"height\" content=\"299\"> <img data-attachment-id=\"534\" data-orig-file=\"https:\/\/retotmp.valnaloneduca.com\/wp-content\/uploads\/2019\/02\/whatsapp-image-2019-02-04-at-12.02.25-1.jpeg\" data-orig-size=\"1200,1600\" data-comments-opened=\"1\" data-image-meta=\"{&quot;aperture&quot;:&quot;0&quot;,&quot;credit&quot;:&quot;&quot;,&quot;camera&quot;:&quot;&quot;,&quot;caption&quot;:&quot;&quot;,&quot;created_timestamp&quot;:&quot;0&quot;,&quot;copyright&quot;:&quot;&quot;,&quot;focal_length&quot;:&quot;0&quot;,&quot;iso&quot;:&quot;0&quot;,&quot;shutter_speed&quot;:&quot;0&quot;,&quot;title&quot;:&quot;&quot;,&quot;orientation&quot;:&quot;0&quot;}\" data-image-title=\"WhatsApp Image 2019-02-04 at 12.02.25 (1)\" data-image-description=\"\" data-medium-file=\"https:\/\/i1.wp.com\/retotmp.valnaloneduca.com\/wp-content\/uploads\/2019\/02\/whatsapp-image-2019-02-04-at-12.02.25-1.jpeg?fit=225%2C300&#038;ssl=1\" data-large-file=\"https:\/\/i1.wp.com\/retotmp.valnaloneduca.com\/wp-content\/uploads\/2019\/02\/whatsapp-image-2019-02-04-at-12.02.25-1.jpeg?fit=768%2C1024&#038;ssl=1\" src=\"https:\/\/i1.wp.com\/retotmp.valnaloneduca.com\/wp-content\/uploads\/2019\/02\/whatsapp-image-2019-02-04-at-12.02.25-1.jpeg?w=299&#038;h=299&#038;crop=1&#038;ssl=1\" width=\"299\" height=\"299\" data-original-width=\"299\" data-original-height=\"299\" itemprop=\"http:\/\/schema.org\/image\" title=\"WhatsApp Image 2019-02-04 at 12.02.25 (1)\" alt=\"WhatsApp Image 2019-02-04 at 12.02.25 (1)\" style=\"width: 299px; height: 299px;\" \/> <\/a> <\/div> <\/div> <\/div> <\/div>\n<p style=\"text-align:justify;\">Y para finalizar, tambi\u00e9n coincidimos con 5 mujeres artistas que est\u00e1n en proceso de constituci\u00f3n de una banda y que nos presentaron una de las versiones que estaban ensayando&#8230; un lujo.<\/p>\n<p><img loading=\"lazy\" class=\"alignnone size-full wp-image-545\" src=\"https:\/\/i2.wp.com\/retotmp.valnaloneduca.com\/wp-content\/uploads\/2019\/02\/whatsapp-image-2019-02-04-at-12.02.24-4.jpeg?resize=910%2C683\" alt=\"WhatsApp Image 2019-02-04 at 12.02.24 (4)\" width=\"910\" height=\"683\" srcset=\"https:\/\/i2.wp.com\/retotmp.valnaloneduca.com\/wp-content\/uploads\/2019\/02\/whatsapp-image-2019-02-04-at-12.02.24-4.jpeg?w=1600&amp;ssl=1 1600w, https:\/\/i2.wp.com\/retotmp.valnaloneduca.com\/wp-content\/uploads\/2019\/02\/whatsapp-image-2019-02-04-at-12.02.24-4.jpeg?resize=300%2C225&amp;ssl=1 300w, https:\/\/i2.wp.com\/retotmp.valnaloneduca.com\/wp-content\/uploads\/2019\/02\/whatsapp-image-2019-02-04-at-12.02.24-4.jpeg?resize=1024%2C768&amp;ssl=1 1024w, https:\/\/i2.wp.com\/retotmp.valnaloneduca.com\/wp-content\/uploads\/2019\/02\/whatsapp-image-2019-02-04-at-12.02.24-4.jpeg?resize=768%2C576&amp;ssl=1 768w, https:\/\/i2.wp.com\/retotmp.valnaloneduca.com\/wp-content\/uploads\/2019\/02\/whatsapp-image-2019-02-04-at-12.02.24-4.jpeg?resize=1536%2C1152&amp;ssl=1 1536w\" sizes=\"(max-width: 910px) 100vw, 910px\" data-recalc-dims=\"1\" \/><\/p>\n<p>Gracias Anabel Barrio por la acogida y las cuatro visitas guiadas, un placer poder contar con vosotros.<\/p>\n","protected":false},"excerpt":{"rendered":"<p>Los retos propuestos por la Factor\u00eda Cultural han comenzado, como no pod\u00eda ser de otra manera, con una visita a<\/p>\n","protected":false},"author":4,"featured_media":0,"comment_status":"open","ping_status":"open","sticky":false,"template":"","format":"standard","meta":{"spay_email":""},"categories":[18,30],"tags":[],"jetpack_featured_media_url":"","jetpack-related-posts":[{"id":920,"url":"https:\/\/retotmp.valnaloneduca.com\/?p=920","url_meta":{"origin":530,"position":0},"title":"Talento del IES N\u00ba5 en la Factor\u00eda Cultural","date":"abril 3, 2019","format":false,"excerpt":"Tras cinco semanas de trabajo con los retos, lleg\u00f3 el momento esperado...la presentaci\u00f3n de las ideas trabajadas. Muchos\/as estaban nerviosas pero tambi\u00e9n con la ilusi\u00f3n de presentar las propuestas para la Noche Blanca de Avil\u00e9s y la Programaci\u00f3n art\u00edstica, cultural y formativa de la Factor\u00eda Cultural. Fueron pocas horas pero,\u2026","rel":"","context":"En \u00abIES N\u00ba 5\u00bb","img":{"alt_text":"","src":"https:\/\/i1.wp.com\/retotmp.valnaloneduca.com\/wp-content\/uploads\/2019\/04\/img_0555-scaled.jpg?resize=350%2C200","width":350,"height":200},"classes":[]},{"id":622,"url":"https:\/\/retotmp.valnaloneduca.com\/?p=622","url_meta":{"origin":530,"position":1},"title":"Entrevista sobre la Factor\u00eda Cultural a fot\u00f3grafos","date":"febrero 17, 2019","format":false,"excerpt":"RESULTADOS ENCUESTA FACTOR\u00cdA CULTURAL (36 ENTREVISTADOS) \u00bfCONOCES LA FACTOR\u00cdA CULTURAL? El 58% afirma que la conoce (21 pers) , el 17% ha respondido que no (6 pers) y el 25% restante ha o\u00eddo hablar de ella pero nunca han estado (9 pers) SI LA CONOCES \u00bfQUE SABES DE ELLA? (ACT\u2026","rel":"","context":"En \u00abIES N\u00ba 5\u00bb","img":{"alt_text":"fotografo","src":"https:\/\/i0.wp.com\/retotmp.valnaloneduca.com\/wp-content\/uploads\/2019\/02\/fotografo.jpg?resize=350%2C200","width":350,"height":200},"classes":[]},{"id":926,"url":"https:\/\/retotmp.valnaloneduca.com\/?p=926","url_meta":{"origin":530,"position":2},"title":"Prototipos para la Factor\u00eda","date":"abril 3, 2019","format":false,"excerpt":"Durante estos d\u00edas ha sido un placer contar con la colaboraci\u00f3n de la directora de la Factor\u00eda Cultural para acercarse al IES N\u00ba 5 a intercambiar impresiones sobre las ideas trabajadas pero, sus responsabilidades y compromisos con la Factor\u00eda Cultural no ha permitido que pudiera presenciar todas las presentaciones. De\u2026","rel":"","context":"En \u00abIES N\u00ba 5\u00bb","img":{"alt_text":"","src":"https:\/\/i2.wp.com\/retotmp.valnaloneduca.com\/wp-content\/uploads\/2019\/04\/noche-blanca-total-1.png?resize=350%2C200","width":350,"height":200},"classes":[]},{"id":688,"url":"https:\/\/retotmp.valnaloneduca.com\/?p=688","url_meta":{"origin":530,"position":3},"title":"Decenas de entrevistas, decenas de ideas...","date":"febrero 20, 2019","format":false,"excerpt":"En tan s\u00f3lo 3 sesiones de trabajo con los estudiantes de 1\u00ba Bachillerato del IES N\u00aa 5 ya han surgido decenas de ideas para presentar a la Facotor\u00eda Cultural de Avil\u00e9s. A\u00fan est\u00e1n por madurar y perfilar pero, ya tenemos una primera aproximaci\u00f3n a los futuros prototipos que presentaremos. Seguiendo\u2026","rel":"","context":"En \u00abIES N\u00ba 5\u00bb","img":{"alt_text":"Designthinking","src":"https:\/\/i1.wp.com\/retotmp.valnaloneduca.com\/wp-content\/uploads\/2019\/02\/designthinking.png?resize=350%2C200","width":350,"height":200},"classes":[]},{"id":750,"url":"https:\/\/retotmp.valnaloneduca.com\/?p=750","url_meta":{"origin":530,"position":4},"title":"29 equipos...Infinitas ideas en la Factor\u00eda","date":"febrero 26, 2019","format":false,"excerpt":"En el IES N\u00ba 5 se han creado 29 equipos y durante la \u00faltima sesi\u00f3n cada uno ha propuesto 12 ideas para mejorar la programaci\u00f3n art\u00edstica y cultural de la Factor\u00eda as\u00ed como de la Noche Blanca para la edici\u00f3n del 2019.... as\u00ed es que tenemos.... \u00a1\u00a1\u00a1348 IDEAS!!! Una peque\u00f1a\u2026","rel":"","context":"En \u00abIES N\u00ba 5\u00bb","img":{"alt_text":"mindmap-2123973_960_720","src":"https:\/\/i2.wp.com\/retotmp.valnaloneduca.com\/wp-content\/uploads\/2019\/02\/mindmap-2123973_960_720.jpg?resize=350%2C200","width":350,"height":200},"classes":[]},{"id":527,"url":"https:\/\/retotmp.valnaloneduca.com\/?p=527","url_meta":{"origin":530,"position":5},"title":"Reto art\u00edstico y cultural","date":"febrero 4, 2019","format":false,"excerpt":"La semana pasada comenzamos 4 cursos tmp con algo m\u00e1s de 100 estudiantes de 1\u00ba bachillerato del IES N\u00ba 5 de Avil\u00e9s. Los retos han sido propuestos por la FACTOR\u00cdA CULTURAL de AVIL\u00c9S, Centro Art\u00edstico Multidisciplinar de la Fundaci\u00f3n Municipal de Cultura del Ayuntamiento de Avil\u00e9s. Y dado el perfil\u2026","rel":"","context":"En \u00abIES N\u00ba 5\u00bb","img":{"alt_text":"","src":"","width":0,"height":0},"classes":[]}],"_links":{"self":[{"href":"https:\/\/retotmp.valnaloneduca.com\/index.php?rest_route=\/wp\/v2\/posts\/530"}],"collection":[{"href":"https:\/\/retotmp.valnaloneduca.com\/index.php?rest_route=\/wp\/v2\/posts"}],"about":[{"href":"https:\/\/retotmp.valnaloneduca.com\/index.php?rest_route=\/wp\/v2\/types\/post"}],"author":[{"embeddable":true,"href":"https:\/\/retotmp.valnaloneduca.com\/index.php?rest_route=\/wp\/v2\/users\/4"}],"replies":[{"embeddable":true,"href":"https:\/\/retotmp.valnaloneduca.com\/index.php?rest_route=%2Fwp%2Fv2%2Fcomments&post=530"}],"version-history":[{"count":0,"href":"https:\/\/retotmp.valnaloneduca.com\/index.php?rest_route=\/wp\/v2\/posts\/530\/revisions"}],"wp:attachment":[{"href":"https:\/\/retotmp.valnaloneduca.com\/index.php?rest_route=%2Fwp%2Fv2%2Fmedia&parent=530"}],"wp:term":[{"taxonomy":"category","embeddable":true,"href":"https:\/\/retotmp.valnaloneduca.com\/index.php?rest_route=%2Fwp%2Fv2%2Fcategories&post=530"},{"taxonomy":"post_tag","embeddable":true,"href":"https:\/\/retotmp.valnaloneduca.com\/index.php?rest_route=%2Fwp%2Fv2%2Ftags&post=530"}],"curies":[{"name":"wp","href":"https:\/\/api.w.org\/{rel}","templated":true}]}}