{"id":549,"date":"2019-02-04T12:55:55","date_gmt":"2019-02-04T12:55:55","guid":{"rendered":"https:\/\/retotmp.wordpress.com\/?p=549"},"modified":"2019-02-04T12:55:55","modified_gmt":"2019-02-04T12:55:55","slug":"equipos-de-trabajo","status":"publish","type":"post","link":"https:\/\/retotmp.valnaloneduca.com\/?p=549","title":{"rendered":"Equipos de trabajo"},"content":{"rendered":"<p>Ya est\u00e1n formados los primeros equipos&#8230; y algunas im\u00e1genes que representan a cada equipo.<\/p>\n<div class=\"tiled-gallery type-square tiled-gallery-unresized\" data-original-width=\"910\" data-carousel-extra='null' itemscope itemtype=\"http:\/\/schema.org\/ImageGallery\" > <div class=\"gallery-row\" style=\"width: 910px; height: 910px;\" data-original-width=\"910\" data-original-height=\"910\" > <div class=\"gallery-group\" style=\"width: 910px; height: 910px;\" data-original-width=\"910\" data-original-height=\"910\" > <div class=\"tiled-gallery-item \" itemprop=\"associatedMedia\" itemscope itemtype=\"http:\/\/schema.org\/ImageObject\"> <a href=\"https:\/\/retotmp.valnaloneduca.com\/?attachment_id=550\" border=\"0\" itemprop=\"url\"> <meta itemprop=\"width\" content=\"906\"> <meta itemprop=\"height\" content=\"906\"> <img data-attachment-id=\"550\" data-orig-file=\"https:\/\/retotmp.valnaloneduca.com\/wp-content\/uploads\/2019\/02\/las-3-as.jpg\" data-orig-size=\"311,311\" data-comments-opened=\"1\" data-image-meta=\"{&quot;aperture&quot;:&quot;0&quot;,&quot;credit&quot;:&quot;&quot;,&quot;camera&quot;:&quot;&quot;,&quot;caption&quot;:&quot;&quot;,&quot;created_timestamp&quot;:&quot;0&quot;,&quot;copyright&quot;:&quot;&quot;,&quot;focal_length&quot;:&quot;0&quot;,&quot;iso&quot;:&quot;0&quot;,&quot;shutter_speed&quot;:&quot;0&quot;,&quot;title&quot;:&quot;&quot;,&quot;orientation&quot;:&quot;0&quot;}\" data-image-title=\"las 3 as\" data-image-description=\"\" data-medium-file=\"https:\/\/i2.wp.com\/retotmp.valnaloneduca.com\/wp-content\/uploads\/2019\/02\/las-3-as.jpg?fit=300%2C300&#038;ssl=1\" data-large-file=\"https:\/\/i2.wp.com\/retotmp.valnaloneduca.com\/wp-content\/uploads\/2019\/02\/las-3-as.jpg?fit=311%2C311&#038;ssl=1\" src=\"https:\/\/i2.wp.com\/retotmp.valnaloneduca.com\/wp-content\/uploads\/2019\/02\/las-3-as.jpg?w=906&#038;h=906&#038;crop=1&#038;ssl=1\" width=\"906\" height=\"906\" data-original-width=\"906\" data-original-height=\"906\" itemprop=\"http:\/\/schema.org\/image\" title=\"las 3 as\" alt=\"las 3 as\" style=\"width: 906px; height: 906px;\" \/> <\/a> <\/div> <\/div> <\/div> <div class=\"gallery-row\" style=\"width: 910px; height: 303px;\" data-original-width=\"910\" data-original-height=\"303\" > <div class=\"gallery-group\" style=\"width: 303px; height: 303px;\" data-original-width=\"303\" data-original-height=\"303\" > <div class=\"tiled-gallery-item \" itemprop=\"associatedMedia\" itemscope itemtype=\"http:\/\/schema.org\/ImageObject\"> <a href=\"https:\/\/retotmp.valnaloneduca.com\/?attachment_id=551\" border=\"0\" itemprop=\"url\"> <meta itemprop=\"width\" content=\"299\"> <meta itemprop=\"height\" content=\"299\"> <img data-attachment-id=\"551\" data-orig-file=\"https:\/\/retotmp.valnaloneduca.com\/wp-content\/uploads\/2019\/02\/lumama.jpg\" data-orig-size=\"682,359\" data-comments-opened=\"1\" data-image-meta=\"{&quot;aperture&quot;:&quot;0&quot;,&quot;credit&quot;:&quot;&quot;,&quot;camera&quot;:&quot;&quot;,&quot;caption&quot;:&quot;&quot;,&quot;created_timestamp&quot;:&quot;0&quot;,&quot;copyright&quot;:&quot;&quot;,&quot;focal_length&quot;:&quot;0&quot;,&quot;iso&quot;:&quot;0&quot;,&quot;shutter_speed&quot;:&quot;0&quot;,&quot;title&quot;:&quot;&quot;,&quot;orientation&quot;:&quot;1&quot;}\" data-image-title=\"Lumama\" data-image-description=\"\" data-medium-file=\"https:\/\/i0.wp.com\/retotmp.valnaloneduca.com\/wp-content\/uploads\/2019\/02\/lumama.jpg?fit=300%2C158&#038;ssl=1\" data-large-file=\"https:\/\/i0.wp.com\/retotmp.valnaloneduca.com\/wp-content\/uploads\/2019\/02\/lumama.jpg?fit=682%2C359&#038;ssl=1\" src=\"https:\/\/i0.wp.com\/retotmp.valnaloneduca.com\/wp-content\/uploads\/2019\/02\/lumama.jpg?w=299&#038;h=299&#038;crop=1&#038;ssl=1\" width=\"299\" height=\"299\" data-original-width=\"299\" data-original-height=\"299\" itemprop=\"http:\/\/schema.org\/image\" title=\"Lumama\" alt=\"Lumama\" style=\"width: 299px; height: 299px;\" \/> <\/a> <\/div> <\/div> <div class=\"gallery-group\" style=\"width: 303px; height: 303px;\" data-original-width=\"303\" data-original-height=\"303\" > <div class=\"tiled-gallery-item \" itemprop=\"associatedMedia\" itemscope itemtype=\"http:\/\/schema.org\/ImageObject\"> <a href=\"https:\/\/retotmp.valnaloneduca.com\/?attachment_id=552\" border=\"0\" itemprop=\"url\"> <meta itemprop=\"width\" content=\"299\"> <meta itemprop=\"height\" content=\"299\"> <img data-attachment-id=\"552\" data-orig-file=\"https:\/\/retotmp.valnaloneduca.com\/wp-content\/uploads\/2019\/02\/queens.jpg\" data-orig-size=\"743,752\" data-comments-opened=\"1\" data-image-meta=\"{&quot;aperture&quot;:&quot;0&quot;,&quot;credit&quot;:&quot;&quot;,&quot;camera&quot;:&quot;&quot;,&quot;caption&quot;:&quot;&quot;,&quot;created_timestamp&quot;:&quot;1549146040&quot;,&quot;copyright&quot;:&quot;&quot;,&quot;focal_length&quot;:&quot;0&quot;,&quot;iso&quot;:&quot;0&quot;,&quot;shutter_speed&quot;:&quot;0&quot;,&quot;title&quot;:&quot;&quot;,&quot;orientation&quot;:&quot;1&quot;}\" data-image-title=\"queens\" data-image-description=\"\" data-medium-file=\"https:\/\/i0.wp.com\/retotmp.valnaloneduca.com\/wp-content\/uploads\/2019\/02\/queens.jpg?fit=296%2C300&#038;ssl=1\" data-large-file=\"https:\/\/i0.wp.com\/retotmp.valnaloneduca.com\/wp-content\/uploads\/2019\/02\/queens.jpg?fit=743%2C752&#038;ssl=1\" src=\"https:\/\/i0.wp.com\/retotmp.valnaloneduca.com\/wp-content\/uploads\/2019\/02\/queens.jpg?w=299&#038;h=299&#038;crop=1&#038;ssl=1\" width=\"299\" height=\"299\" data-original-width=\"299\" data-original-height=\"299\" itemprop=\"http:\/\/schema.org\/image\" title=\"queens\" alt=\"queens\" style=\"width: 299px; height: 299px;\" \/> <\/a> <\/div> <\/div> <div class=\"gallery-group\" style=\"width: 303px; height: 303px;\" data-original-width=\"303\" data-original-height=\"303\" > <div class=\"tiled-gallery-item \" itemprop=\"associatedMedia\" itemscope itemtype=\"http:\/\/schema.org\/ImageObject\"> <a href=\"https:\/\/retotmp.valnaloneduca.com\/?attachment_id=553\" border=\"0\" itemprop=\"url\"> <meta itemprop=\"width\" content=\"299\"> <meta itemprop=\"height\" content=\"299\"> <img data-attachment-id=\"553\" data-orig-file=\"https:\/\/retotmp.valnaloneduca.com\/wp-content\/uploads\/2019\/02\/todo-es-verdad.jpg\" data-orig-size=\"720,1280\" data-comments-opened=\"1\" data-image-meta=\"{&quot;aperture&quot;:&quot;0&quot;,&quot;credit&quot;:&quot;&quot;,&quot;camera&quot;:&quot;&quot;,&quot;caption&quot;:&quot;&quot;,&quot;created_timestamp&quot;:&quot;0&quot;,&quot;copyright&quot;:&quot;&quot;,&quot;focal_length&quot;:&quot;0&quot;,&quot;iso&quot;:&quot;0&quot;,&quot;shutter_speed&quot;:&quot;0&quot;,&quot;title&quot;:&quot;&quot;,&quot;orientation&quot;:&quot;0&quot;}\" data-image-title=\"Todo es verdad\" data-image-description=\"\" data-medium-file=\"https:\/\/i2.wp.com\/retotmp.valnaloneduca.com\/wp-content\/uploads\/2019\/02\/todo-es-verdad.jpg?fit=169%2C300&#038;ssl=1\" data-large-file=\"https:\/\/i2.wp.com\/retotmp.valnaloneduca.com\/wp-content\/uploads\/2019\/02\/todo-es-verdad.jpg?fit=576%2C1024&#038;ssl=1\" src=\"https:\/\/i2.wp.com\/retotmp.valnaloneduca.com\/wp-content\/uploads\/2019\/02\/todo-es-verdad.jpg?w=299&#038;h=299&#038;crop=1&#038;ssl=1\" width=\"299\" height=\"299\" data-original-width=\"299\" data-original-height=\"299\" itemprop=\"http:\/\/schema.org\/image\" title=\"Todo es verdad\" alt=\"Todo es verdad\" style=\"width: 299px; height: 299px;\" \/> <\/a> <\/div> <\/div> <\/div> <\/div>\n","protected":false},"excerpt":{"rendered":"<p>Ya est\u00e1n formados los primeros equipos&#8230; y algunas im\u00e1genes que representan a cada equipo.<\/p>\n","protected":false},"author":4,"featured_media":0,"comment_status":"open","ping_status":"open","sticky":false,"template":"","format":"standard","meta":{"spay_email":""},"categories":[18,30],"tags":[],"jetpack_featured_media_url":"","jetpack-related-posts":[{"id":1514,"url":"https:\/\/retotmp.valnaloneduca.com\/?p=1514","url_meta":{"origin":549,"position":0},"title":"Reto ASINCAR: Administraci\u00f3n - Sesi\u00f3n 2","date":"febrero 28, 2020","format":false,"excerpt":"El Reto TMP planteado por ASINCAR al alumnado de\u00a01\u00ba CFGM Gesti\u00f3n Administrativa y de 1\u00ba CFGS Administraci\u00f3n y Finanzas del IES Nore\u00f1a llega a su segunda sesi\u00f3n de trabajo. En esta jornada inicialmente se realiz\u00f3 una puesta en com\u00fan de la informaci\u00f3n recabada por cada uno de los participantes con\u2026","rel":"","context":"En \u00abIES Nore\u00f1a 2019-2020\u00bb","img":{"alt_text":"IMG_20200228_103223151","src":"https:\/\/i2.wp.com\/retotmp.valnaloneduca.com\/wp-content\/uploads\/2020\/02\/img_20200228_103223151.jpg?resize=350%2C200","width":350,"height":200},"classes":[]},{"id":1558,"url":"https:\/\/retotmp.valnaloneduca.com\/?p=1558","url_meta":{"origin":549,"position":1},"title":"Reto Eberibadi: Estrategias de comunicaci\u00f3n - Sesi\u00f3n 3","date":"marzo 11, 2020","format":false,"excerpt":"Los equipos contin\u00faan trabajando en el Reto TMP planteado por Eberibadi sobre la mejora de las estrategias de comunicaci\u00f3n de la empresas y sus servicios. Tras la Sesi\u00f3n 2 el alumnado trabaj\u00f3 intensamente con la ayuda de su profesora en la generaci\u00f3n de ideas, la puesta en com\u00fan y la\u2026","rel":"","context":"En \u00abIES Doctor Fleming 2019-2020\u00bb","img":{"alt_text":"IMG_20200310_121853458","src":"https:\/\/i1.wp.com\/retotmp.valnaloneduca.com\/wp-content\/uploads\/2020\/03\/img_20200310_121853458.jpg?resize=350%2C200","width":350,"height":200},"classes":[]},{"id":1413,"url":"https:\/\/retotmp.valnaloneduca.com\/?p=1413","url_meta":{"origin":549,"position":2},"title":"Reto Recicauto: Automoci\u00f3n - Sesi\u00f3n 2","date":"febrero 7, 2020","format":false,"excerpt":"El jueves 6 de febrero el grupo de 1\u00ba Ciclo Formativo de Grado Superior de Automoci\u00f3n del IES Nore\u00f1a continu\u00f3 trabajando en el Reto TMP propuesto por Recicauto. Al comenzar la segunda sesi\u00f3n los equipos de trabajo pusieron en com\u00fan la informaci\u00f3n relevante sobre el tema que hab\u00edan podido recopilar\u2026","rel":"","context":"En \u00abIES Nore\u00f1a 2019-2020\u00bb","img":{"alt_text":"IMG_20200206_093510559","src":"https:\/\/i2.wp.com\/retotmp.valnaloneduca.com\/wp-content\/uploads\/2020\/02\/img_20200206_093510559-1.jpg?resize=350%2C200","width":350,"height":200},"classes":[]},{"id":1206,"url":"https:\/\/retotmp.valnaloneduca.com\/?p=1206","url_meta":{"origin":549,"position":3},"title":"Latinos de la econom\u00eda","date":"mayo 31, 2019","format":false,"excerpt":"Otro equipo para el IES Magdalena... Los latinos de la econom\u00eda, equipo conformado por 3 estudiantes que somos Bruno, Jarlin y Talia . Gracias por su atenci\u00f3n.","rel":"","context":"En \u00abIES Magdalena\u00bb","img":{"alt_text":"20190530_140914","src":"https:\/\/i2.wp.com\/retotmp.valnaloneduca.com\/wp-content\/uploads\/2019\/05\/20190530_140914.jpg?resize=350%2C200","width":350,"height":200},"classes":[]},{"id":2342,"url":"https:\/\/retotmp.valnaloneduca.com\/?p=2342","url_meta":{"origin":549,"position":4},"title":"NORJOMI 2022-23","date":"marzo 8, 2023","format":false,"excerpt":"Comenzamos un RETO que realizaremos a lo largo de este mes de marzo en NORJOMI-Asociaci\u00f3n Cultural Norte Joven Mieres, con el proyecto Joven Oc\u00fapate, que lo gestiona Irene Granda Gonz\u00e1lez . El alumnado que lo va a recibir ser\u00e1 el grupo Grabaci\u00f3n de datos. El RETO nos lo define Marcos\u2026","rel":"","context":"En \u00abCurso 2022-2023\u00bb","img":{"alt_text":"","src":"https:\/\/i2.wp.com\/retotmp.valnaloneduca.com\/wp-content\/uploads\/2023\/03\/20230307_141413.jpg?resize=350%2C200&ssl=1","width":350,"height":200},"classes":[]},{"id":1153,"url":"https:\/\/retotmp.valnaloneduca.com\/?p=1153","url_meta":{"origin":549,"position":5},"title":"CONSTRUYENDO-GESTI\u00d3N DE DATOS","date":"mayo 17, 2019","format":false,"excerpt":"Hemos empezado la 1\u00ba sesi\u00f3n del curso TMP dirigido al alumnado de GESTI\u00d3N DE DATOS. Nos ha comunicado el RETO, su profesor Manuel, basado en crear un estudio para definir el patrimonio industrial de Mieres digitaliz\u00e1ndolo, fotografi\u00e1ndolo, escane\u00e1ndolo y document\u00e1ndolo. Para conocernos hicimos una ronda de presentaciones y realizamos un\u2026","rel":"","context":"En \u00abNorjomi\u00bb","img":{"alt_text":"","src":"https:\/\/i1.wp.com\/retotmp.valnaloneduca.com\/wp-content\/uploads\/2019\/05\/manualidades3.jpg?resize=350%2C200","width":350,"height":200},"classes":[]}],"_links":{"self":[{"href":"https:\/\/retotmp.valnaloneduca.com\/index.php?rest_route=\/wp\/v2\/posts\/549"}],"collection":[{"href":"https:\/\/retotmp.valnaloneduca.com\/index.php?rest_route=\/wp\/v2\/posts"}],"about":[{"href":"https:\/\/retotmp.valnaloneduca.com\/index.php?rest_route=\/wp\/v2\/types\/post"}],"author":[{"embeddable":true,"href":"https:\/\/retotmp.valnaloneduca.com\/index.php?rest_route=\/wp\/v2\/users\/4"}],"replies":[{"embeddable":true,"href":"https:\/\/retotmp.valnaloneduca.com\/index.php?rest_route=%2Fwp%2Fv2%2Fcomments&post=549"}],"version-history":[{"count":0,"href":"https:\/\/retotmp.valnaloneduca.com\/index.php?rest_route=\/wp\/v2\/posts\/549\/revisions"}],"wp:attachment":[{"href":"https:\/\/retotmp.valnaloneduca.com\/index.php?rest_route=%2Fwp%2Fv2%2Fmedia&parent=549"}],"wp:term":[{"taxonomy":"category","embeddable":true,"href":"https:\/\/retotmp.valnaloneduca.com\/index.php?rest_route=%2Fwp%2Fv2%2Fcategories&post=549"},{"taxonomy":"post_tag","embeddable":true,"href":"https:\/\/retotmp.valnaloneduca.com\/index.php?rest_route=%2Fwp%2Fv2%2Ftags&post=549"}],"curies":[{"name":"wp","href":"https:\/\/api.w.org\/{rel}","templated":true}]}}