{"id":555,"date":"2019-02-06T07:54:05","date_gmt":"2019-02-06T07:54:05","guid":{"rendered":"https:\/\/retotmp.wordpress.com\/?p=555"},"modified":"2019-02-06T07:54:05","modified_gmt":"2019-02-06T07:54:05","slug":"empezamos","status":"publish","type":"post","link":"https:\/\/retotmp.valnaloneduca.com\/?p=555","title":{"rendered":"EMPEZAMOS"},"content":{"rendered":"<p>Ayer, 5 de febrero, empezamos el curso, en horario escolar, en el IES REY PELAYO en Cangas de Onis. La profesora Melania Gonz\u00e1lez y la orientadora Ana M\u00ba Aramburu fueron las personas en comunicar al alumnado el reto.<\/p>\n<p><img loading=\"lazy\" src=\"https:\/\/i2.wp.com\/retotmp.valnaloneduca.com\/wp-content\/uploads\/2019\/02\/profesorado1.jpg?resize=300%2C225\" alt=\"\" width=\"300\" height=\"225\" class=\"alignright size-medium wp-image-556\" data-recalc-dims=\"1\" \/><\/p>\n<p>Hemos formado los grupos y comenzamos a utilizar la metodolog\u00eda para poder conseguir posibles soluciones al reto que les han puesto.<\/p>\n","protected":false},"excerpt":{"rendered":"<p>Ayer, 5 de febrero, empezamos el curso, en horario escolar, en el IES REY PELAYO en Cangas de Onis. La<\/p>\n","protected":false},"author":3,"featured_media":0,"comment_status":"open","ping_status":"open","sticky":false,"template":"","format":"standard","meta":{"spay_email":""},"categories":[24,30],"tags":[],"jetpack_featured_media_url":"","jetpack-related-posts":[{"id":521,"url":"https:\/\/retotmp.valnaloneduca.com\/?p=521","url_meta":{"origin":555,"position":0},"title":"IES REY PELAYO-RETO TMP","date":"febrero 4, 2019","format":false,"excerpt":"Ya tenemos reto en el IES Rey Pelayo en Cangas de Onis . Crear y dise\u00f1ar la se\u00f1alizaci\u00f3n de seguridad del centro.Os vamos contando.","rel":"","context":"En \u00abIES Rey Pelayo\u00bb","img":{"alt_text":"IES Rey Pelayo","src":"https:\/\/i2.wp.com\/retotmp.valnaloneduca.com\/wp-content\/uploads\/2019\/02\/ies-rey-pelayo.jpg?resize=350%2C200","width":350,"height":200},"classes":[]},{"id":753,"url":"https:\/\/retotmp.valnaloneduca.com\/?p=753","url_meta":{"origin":555,"position":1},"title":"PRESENTACIONES","date":"febrero 27, 2019","format":false,"excerpt":"Hemos realizado la \u00faltima sesi\u00f3n del curso, en el IES REY PELAYO de Cangas de Onis. El almunado ha estado preparando las presentaciones para comunicarselo a la orientadora del centro y al profesorado. Ha habido soluciones para todos los gustos. Desde la aplicaci\u00f3n de nuevas se\u00f1ales adaptadas a personas con\u2026","rel":"","context":"En \u00abIES Rey Pelayo\u00bb","img":{"alt_text":"","src":"https:\/\/i0.wp.com\/retotmp.valnaloneduca.com\/wp-content\/uploads\/2019\/02\/orientadoraprofes.jpg?resize=350%2C200","width":350,"height":200},"classes":[]},{"id":2144,"url":"https:\/\/retotmp.valnaloneduca.com\/?p=2144","url_meta":{"origin":555,"position":2},"title":"IES REY PELAYO CANGAS DE ONIS 2021-22","date":"marzo 14, 2022","format":false,"excerpt":"En el mes de marzo realizaremos\u00a0un RETO de Taller para Emprender (tmp) en el IES REY PELAYO de Cangas de Onis. Estamos trabajando\u00a0con el alumnado del\u00a0CFGM de gesti\u00f3n administrativa, tutorizado por su profesora de econom\u00eda\u00a0Ana rosa Mu\u00f1iz. En\u00a0la primera sesi\u00f3n\u00a0la entidad\u00a0educativa\u00a0les ha definido, al alumnado, el\u00a0RETO\u00a0que tienen que trabajar durante\u2026","rel":"","context":"En \u00abCurso 2021-2022\u00bb","img":{"alt_text":"","src":"https:\/\/i1.wp.com\/retotmp.valnaloneduca.com\/wp-content\/uploads\/2022\/03\/Info2.jpg?resize=350%2C200&ssl=1","width":350,"height":200},"classes":[]},{"id":2607,"url":"https:\/\/retotmp.valnaloneduca.com\/?p=2607","url_meta":{"origin":555,"position":3},"title":"IES REY PELAYO 2023-24","date":"febrero 7, 2024","format":false,"excerpt":"En el mes de\u00a0febrero vamos a realizar\u00a0un\u00a0RETO\u00a0de Taller para Emprender\u00a0(tmp)\u00a0en el\u00a0IES Rey Pelayo\u00a0de Cangas de On\u00eds. Va dirigido a\u00a0alumnado del\u00a02\u00ba de CFGM Gesti\u00f3n Administrativa, tutorizado por su profesora de econom\u00eda\u00a0Ana Rosa M\u00fa\u00f1iz. En\u00a0la primera sesi\u00f3n\u00a0la directora del centro, Do\u00f1a Ana S\u00e1nchez, les ha definido, al alumnado, el\u00a0RETO\u00a0que tienen que trabajar\u2026","rel":"","context":"En \u00abCurso 2023-2024\u00bb","img":{"alt_text":"","src":"https:\/\/i0.wp.com\/retotmp.valnaloneduca.com\/wp-content\/uploads\/2024\/02\/RETO-DIRECTORA.jpg?resize=350%2C200&ssl=1","width":350,"height":200},"classes":[]},{"id":647,"url":"https:\/\/retotmp.valnaloneduca.com\/?p=647","url_meta":{"origin":555,"position":4},"title":"SE\u00d1ALIZANDO","date":"febrero 20, 2019","format":false,"excerpt":"Hemos estado trabajando en esta segunda sesi\u00f3n exprimiendo las diferentes ENTREVISTAS que han elaborado el alumnado. Sacamos conclusiones muy positivas y acciones ha realizar en el centro. los grupos se ha puesto a ello y han realizado una TORMENTA DE IDEAS para acercarse a las soluciones que van a tener\u2026","rel":"","context":"En \u00abIES Rey Pelayo\u00bb","img":{"alt_text":"","src":"https:\/\/i2.wp.com\/retotmp.valnaloneduca.com\/wp-content\/uploads\/2019\/02\/trabajando.jpg?resize=350%2C200","width":350,"height":200},"classes":[]},{"id":783,"url":"https:\/\/retotmp.valnaloneduca.com\/?p=783","url_meta":{"origin":555,"position":5},"title":"RETO BCH LLANES","date":"marzo 13, 2019","format":false,"excerpt":"Vamos a realizar durante el mes de marzo dos reto en el IES llanes. Hemos empezado este lunes con el grupo de bachiller donde la jefa de estudios nos ha comunicado el RETO basado en MEJORAR LA LIMPIEZA DE LOS PASILLOS DESPUES DE LOS RECREOS. Hicimos entre todos unas peque\u00f1as\u2026","rel":"","context":"En \u00abIES Llanes\u00bb","img":{"alt_text":"","src":"https:\/\/i1.wp.com\/retotmp.valnaloneduca.com\/wp-content\/uploads\/2019\/03\/profe-ies-llanes.jpg?resize=350%2C200","width":350,"height":200},"classes":[]}],"_links":{"self":[{"href":"https:\/\/retotmp.valnaloneduca.com\/index.php?rest_route=\/wp\/v2\/posts\/555"}],"collection":[{"href":"https:\/\/retotmp.valnaloneduca.com\/index.php?rest_route=\/wp\/v2\/posts"}],"about":[{"href":"https:\/\/retotmp.valnaloneduca.com\/index.php?rest_route=\/wp\/v2\/types\/post"}],"author":[{"embeddable":true,"href":"https:\/\/retotmp.valnaloneduca.com\/index.php?rest_route=\/wp\/v2\/users\/3"}],"replies":[{"embeddable":true,"href":"https:\/\/retotmp.valnaloneduca.com\/index.php?rest_route=%2Fwp%2Fv2%2Fcomments&post=555"}],"version-history":[{"count":0,"href":"https:\/\/retotmp.valnaloneduca.com\/index.php?rest_route=\/wp\/v2\/posts\/555\/revisions"}],"wp:attachment":[{"href":"https:\/\/retotmp.valnaloneduca.com\/index.php?rest_route=%2Fwp%2Fv2%2Fmedia&parent=555"}],"wp:term":[{"taxonomy":"category","embeddable":true,"href":"https:\/\/retotmp.valnaloneduca.com\/index.php?rest_route=%2Fwp%2Fv2%2Fcategories&post=555"},{"taxonomy":"post_tag","embeddable":true,"href":"https:\/\/retotmp.valnaloneduca.com\/index.php?rest_route=%2Fwp%2Fv2%2Ftags&post=555"}],"curies":[{"name":"wp","href":"https:\/\/api.w.org\/{rel}","templated":true}]}}