{"id":560,"date":"2019-02-06T08:36:55","date_gmt":"2019-02-06T08:36:55","guid":{"rendered":"https:\/\/retotmp.wordpress.com\/?p=560"},"modified":"2019-02-06T08:36:55","modified_gmt":"2019-02-06T08:36:55","slug":"nos-vamos-de-visita","status":"publish","type":"post","link":"https:\/\/retotmp.valnaloneduca.com\/?p=560","title":{"rendered":"Nos vamos de visita"},"content":{"rendered":"<p><img loading=\"lazy\" src=\"https:\/\/i0.wp.com\/retotmp.valnaloneduca.com\/wp-content\/uploads\/2019\/02\/litoral-cartel-old.jpg?resize=194%2C300\" alt=\"\" width=\"194\" height=\"300\" class=\"alignright size-medium wp-image-561\" srcset=\"https:\/\/i0.wp.com\/retotmp.valnaloneduca.com\/wp-content\/uploads\/2019\/02\/litoral-cartel-old.jpg?w=265&amp;ssl=1 265w, https:\/\/i0.wp.com\/retotmp.valnaloneduca.com\/wp-content\/uploads\/2019\/02\/litoral-cartel-old.jpg?resize=194%2C300&amp;ssl=1 194w\" sizes=\"(max-width: 194px) 100vw, 194px\" data-recalc-dims=\"1\" \/><\/p>\n<p>Ma\u00f1ana empezamos curso en la Escuela de 2\u00ba oportunidad del Ayuntamiento de Gij\u00f3n. El reto nos lo pone el Centro de Producci\u00f3n Nestl\u00e9 Gij\u00f3n-LITORAL.Os vamos informando.<\/p>\n","protected":false},"excerpt":{"rendered":"<p>Ma\u00f1ana empezamos curso en la Escuela de 2\u00ba oportunidad del Ayuntamiento de Gij\u00f3n. El reto nos lo pone el Centro<\/p>\n","protected":false},"author":3,"featured_media":0,"comment_status":"open","ping_status":"open","sticky":false,"template":"","format":"standard","meta":{"spay_email":""},"categories":[7,30],"tags":[],"jetpack_featured_media_url":"","jetpack-related-posts":[{"id":563,"url":"https:\/\/retotmp.valnaloneduca.com\/?p=563","url_meta":{"origin":560,"position":0},"title":"NO TODO ES FABADA","date":"febrero 8, 2019","format":false,"excerpt":"Comenzamos el curso de TMP en la Escuela de segunda oportunidad del Ayt. de Gij\u00f3n. Nos reunimos en la escuela para hacer grupo y tener claro que habia que preguntar todas las dudas que nos pudiese surgir cuando nos comunicasen el RETO. Cogemos el autobus y nos vamos a visitar\u2026","rel":"","context":"En \u00abEscuela 2\u00ba Oportunidad-Gij\u00f3n\u00bb","img":{"alt_text":"","src":"https:\/\/i1.wp.com\/retotmp.valnaloneduca.com\/wp-content\/uploads\/2019\/02\/empresa1.png?resize=350%2C200","width":350,"height":200},"classes":[]},{"id":2234,"url":"https:\/\/retotmp.valnaloneduca.com\/?p=2234","url_meta":{"origin":560,"position":1},"title":"ESCUELA 2\u00ba OPORTUNIDAD-GIJ\u00d3N 2021-22","date":"mayo 24, 2022","format":false,"excerpt":"En los meses de mayo y junio realizaremos\u00a0\u00a0un RETO de Taller para Emprender\u00a0(tmp) en la escuela de segunda oportunidad\u00a0donde est\u00e1n colaborado tanto\u00a0la escuela como la agencia local de promoci\u00f3n econ\u00f3mica\u00a0 https:\/\/www.facebook.com\/EmpleoGijon\u00a0del ayuntamiento de Gij\u00f3n. Calentando motores El\u00a0RETO\u00a0nos lo propone la empresa \u00a0PUERTO DEPORTIVO GIJ\u00d3N http:\/\/www.puertodeportivogijon.es comunicado por Flor Guardado-Directora de\u2026","rel":"","context":"En \u00abCurso 2021-2022\u00bb","img":{"alt_text":"","src":"https:\/\/i0.wp.com\/retotmp.valnaloneduca.com\/wp-content\/uploads\/2022\/06\/mesa-redonda.png?resize=350%2C200&ssl=1","width":350,"height":200},"classes":[]},{"id":1372,"url":"https:\/\/retotmp.valnaloneduca.com\/?p=1372","url_meta":{"origin":560,"position":2},"title":"En movimiento","date":"enero 31, 2020","format":false,"excerpt":"Ha arrancado el curso TALLER PARA EMPRENDER que vamos a realizar en la escuela de segunda oportunidad de Gij\u00f3n https:\/\/empleo.gijon.es\/page\/3872-escuela-de-segunda-oportunidad Nos hemos desplazado a las instalaciones de la empresa https:\/\/himobility.es en Aviles donde Jorge Gonz\u00e1lez-Palacios-Director de operaciones- nos ha comunicado los retos que tenemos que hacer frente. Un reto es\u2026","rel":"","context":"En \u00abEscuela 2\u00ba oportunidad 2019-2020-Gij\u00f3n\u00bb","img":{"alt_text":"Coche sin matricula Hi","src":"https:\/\/i2.wp.com\/retotmp.valnaloneduca.com\/wp-content\/uploads\/2020\/01\/coche-sin-matricula-hi.jpg?resize=350%2C200","width":350,"height":200},"classes":[]},{"id":2033,"url":"https:\/\/retotmp.valnaloneduca.com\/?p=2033","url_meta":{"origin":560,"position":3},"title":"ESCUELA DE SEGUNDA OPORTUNIDAD GIJ\u00d3N 2020-21","date":"mayo 20, 2021","format":false,"excerpt":"En los meses de abril y mayo realizamos\u00a0 un RETO PRESENCIAL de Taller para Emprender (tmp) en la escuela de segunda oportunidad donde han colaborado tanto la escuela como la agencia local de promoci\u00f3n econ\u00f3mica https:\/\/www.facebook.com\/EmpleoGijon del ayuntamiento de Gij\u00f3n. El RETO nos lo pone la empresa KIWINBIO https:\/\/kiwinbio.com que\u2026","rel":"","context":"En \u00abCurso 2020-2021\u00bb","img":{"alt_text":"","src":"https:\/\/i1.wp.com\/retotmp.valnaloneduca.com\/wp-content\/uploads\/2021\/05\/grupocris-1.jpg?resize=350%2C200&ssl=1","width":350,"height":200},"classes":[]},{"id":2819,"url":"https:\/\/retotmp.valnaloneduca.com\/?p=2819","url_meta":{"origin":560,"position":4},"title":"ESCUELA DE SEGUNDA OPORTUNIDAD GIJ\u00d3N 2024-25","date":"marzo 21, 2025","format":false,"excerpt":"En el mes de\u00a0marzo y abril\u00a0vamos a realizar\u00a0\u00a0un RETO\u00a0de Taller para Emprender\u00a0(tmp) en la escuela de segunda oportunidad\u00a0donde han colaborado tanto\u00a0la escuela como la agencia local de promoci\u00f3n econ\u00f3mica\u00a0https:\/\/www.facebook.com\/EmpleoGijon\u00a0del ayuntamiento de Gij\u00f3n. El\u00a0RETO\u00a0nos lo pondr\u00e1\u00a0https:\/\/immersiveoasis.io\/es que nos lo definir\u00e1 en la sesi\u00f3n donde iremos a visitar sus instalaciones y conocer\u2026","rel":"","context":"En \u00abCurso 2024-2025\u00bb","img":{"alt_text":"","src":"https:\/\/i2.wp.com\/retotmp.valnaloneduca.com\/wp-content\/uploads\/2025\/04\/image-4.png?resize=350%2C200&ssl=1","width":350,"height":200},"classes":[]},{"id":2494,"url":"https:\/\/retotmp.valnaloneduca.com\/?p=2494","url_meta":{"origin":560,"position":5},"title":"ESCUELA DE SEGUNDA OPORTUNIDAD GIJ\u00d3N 2022-23","date":"mayo 10, 2023","format":false,"excerpt":"En el mes de mayo vamos a realizar\u00a0\u00a0un RETO de Taller para Emprender\u00a0(tmp) en la escuela de segunda oportunidad\u00a0donde han colaborado tanto\u00a0la escuela como la agencia local de promoci\u00f3n econ\u00f3mica\u00a0https:\/\/www.facebook.com\/EmpleoGijon\u00a0del ayuntamiento de Gij\u00f3n. El\u00a0RETO\u00a0nos lo pondr\u00e1 el centro log\u00edstico de MASYMAS\u00a0que nos lo definir\u00e1 en la sesi\u00f3n donde iremos a\u2026","rel":"","context":"En \u00abCurso 2022-2023\u00bb","img":{"alt_text":"","src":"https:\/\/i1.wp.com\/retotmp.valnaloneduca.com\/wp-content\/uploads\/2023\/05\/CARTEL-VISITA-MAS-MAS.jpg?resize=350%2C200&ssl=1","width":350,"height":200},"classes":[]}],"_links":{"self":[{"href":"https:\/\/retotmp.valnaloneduca.com\/index.php?rest_route=\/wp\/v2\/posts\/560"}],"collection":[{"href":"https:\/\/retotmp.valnaloneduca.com\/index.php?rest_route=\/wp\/v2\/posts"}],"about":[{"href":"https:\/\/retotmp.valnaloneduca.com\/index.php?rest_route=\/wp\/v2\/types\/post"}],"author":[{"embeddable":true,"href":"https:\/\/retotmp.valnaloneduca.com\/index.php?rest_route=\/wp\/v2\/users\/3"}],"replies":[{"embeddable":true,"href":"https:\/\/retotmp.valnaloneduca.com\/index.php?rest_route=%2Fwp%2Fv2%2Fcomments&post=560"}],"version-history":[{"count":0,"href":"https:\/\/retotmp.valnaloneduca.com\/index.php?rest_route=\/wp\/v2\/posts\/560\/revisions"}],"wp:attachment":[{"href":"https:\/\/retotmp.valnaloneduca.com\/index.php?rest_route=%2Fwp%2Fv2%2Fmedia&parent=560"}],"wp:term":[{"taxonomy":"category","embeddable":true,"href":"https:\/\/retotmp.valnaloneduca.com\/index.php?rest_route=%2Fwp%2Fv2%2Fcategories&post=560"},{"taxonomy":"post_tag","embeddable":true,"href":"https:\/\/retotmp.valnaloneduca.com\/index.php?rest_route=%2Fwp%2Fv2%2Ftags&post=560"}],"curies":[{"name":"wp","href":"https:\/\/api.w.org\/{rel}","templated":true}]}}