{"id":563,"date":"2019-02-08T08:42:51","date_gmt":"2019-02-08T08:42:51","guid":{"rendered":"https:\/\/retotmp.wordpress.com\/?p=563"},"modified":"2019-02-08T08:42:51","modified_gmt":"2019-02-08T08:42:51","slug":"no-todo-es-fabada","status":"publish","type":"post","link":"https:\/\/retotmp.valnaloneduca.com\/?p=563","title":{"rendered":"NO TODO ES FABADA"},"content":{"rendered":"<p>Comenzamos el curso de TMP en la Escuela de segunda oportunidad del Ayt. de Gij\u00f3n. Nos reunimos en la escuela para hacer grupo y tener claro que habia que preguntar todas las dudas que nos pudiese surgir cuando nos comunicasen el RETO.<\/p>\n<p><img loading=\"lazy\" src=\"https:\/\/i1.wp.com\/retotmp.valnaloneduca.com\/wp-content\/uploads\/2019\/02\/empresa1.png?resize=300%2C201\" alt=\"\" width=\"300\" height=\"201\" class=\"alignright size-medium wp-image-564\" srcset=\"https:\/\/i1.wp.com\/retotmp.valnaloneduca.com\/wp-content\/uploads\/2019\/02\/empresa1.png?w=794&amp;ssl=1 794w, https:\/\/i1.wp.com\/retotmp.valnaloneduca.com\/wp-content\/uploads\/2019\/02\/empresa1.png?resize=300%2C201&amp;ssl=1 300w, https:\/\/i1.wp.com\/retotmp.valnaloneduca.com\/wp-content\/uploads\/2019\/02\/empresa1.png?resize=768%2C516&amp;ssl=1 768w\" sizes=\"(max-width: 300px) 100vw, 300px\" data-recalc-dims=\"1\" \/><\/p>\n<p>Cogemos el autobus y nos vamos a visitar la empresa LITORAL del grupo NESTLE en Gij\u00f3n. Nos recibe Laura Taboada, responsable de RRHH, para ense\u00f1arnos las instalaciones y explicarnos la acci\u00f3n a trabajar.<\/p>\n<p><img loading=\"lazy\" src=\"https:\/\/i0.wp.com\/retotmp.valnaloneduca.com\/wp-content\/uploads\/2019\/02\/empresa-reto-2.jpg?resize=285%2C300\" alt=\"\" width=\"285\" height=\"300\" class=\"alignright size-medium wp-image-565\" data-recalc-dims=\"1\" \/><\/p>\n<p>El reto es proponer el lanzamiento de un nuevo producto que encaje con nuestras instalaciones y tecnolog\u00eda.<\/p>\n<p><img loading=\"lazy\" src=\"https:\/\/i0.wp.com\/retotmp.valnaloneduca.com\/wp-content\/uploads\/2019\/02\/seguridad.jpg?resize=300%2C234\" alt=\"\" width=\"300\" height=\"234\" class=\"alignright size-medium wp-image-571\" srcset=\"https:\/\/i0.wp.com\/retotmp.valnaloneduca.com\/wp-content\/uploads\/2019\/02\/seguridad.jpg?w=412&amp;ssl=1 412w, https:\/\/i0.wp.com\/retotmp.valnaloneduca.com\/wp-content\/uploads\/2019\/02\/seguridad.jpg?resize=300%2C234&amp;ssl=1 300w\" sizes=\"(max-width: 300px) 100vw, 300px\" data-recalc-dims=\"1\" \/><\/p>\n<p>Tras la visita nos dirigimos a la Escuela donde ponemos todo en orden, explicamos la esencia de la metodologia a desarrollar y ponemos de tarea para la siguiente sesi\u00f3n que realicen ENTREVISTAS a su entorno para poder acercarnos a posibles soluciones.<\/p>\n<p><img loading=\"lazy\" src=\"https:\/\/i0.wp.com\/retotmp.valnaloneduca.com\/wp-content\/uploads\/2019\/02\/pizarra.jpg?resize=300%2C225\" alt=\"\" width=\"300\" height=\"225\" class=\"alignright size-medium wp-image-566\" data-recalc-dims=\"1\" \/><\/p>\n<p>Agradecer a Laura Taboada de NESTLE , a Joaquin Miranda, JEFE DE ORIENTACI\u00d3N lABORAL y a la ESCUELA DE SEGUNDA OPORTUNIDAD de Gij\u00f3n, Rosana Serrano, Sonia Pe\u00f1a y Teresa \u00c1lvarez, por su implicaci\u00f3n.<\/p>\n<p>Os seguimos informando por nuestro blog o por la web y la red social de la ESCUELA <\/p>\n<p>http:\/\/empleo.gijon.es\/noticias\/show\/41299-nueva-edicion-del-taller-para-emprender-en-la-e20<\/p>\n<blockquote class=\"instagram-media\" data-instgrm-captioned data-instgrm-permalink=\"https:\/\/www.instagram.com\/p\/BtlO2q7FYSv\/?utm_source=ig_embed&amp;utm_campaign=loading\" data-instgrm-version=\"12\" style=\" background:#FFF; border:0; border-radius:3px; box-shadow:0 0 1px 0 rgba(0,0,0,0.5),0 1px 10px 0 rgba(0,0,0,0.15); margin: 1px; max-width:658px; min-width:326px; padding:0; width:99.375%; width:-webkit-calc(100% - 2px); width:calc(100% - 2px);\">\n<div style=\"padding:16px;\"> <a href=\"https:\/\/www.instagram.com\/p\/BtlO2q7FYSv\/?utm_source=ig_embed&amp;utm_campaign=loading\" style=\" background:#FFFFFF; line-height:0; padding:0 0; text-align:center; text-decoration:none; width:100%;\" target=\"_blank\"> <\/p>\n<div style=\" display: flex; flex-direction: row; align-items: center;\">\n<div style=\"background-color: #F4F4F4; border-radius: 50%; flex-grow: 0; height: 40px; margin-right: 14px; width: 40px;\"><\/div>\n<div style=\"display: flex; flex-direction: column; flex-grow: 1; justify-content: center;\">\n<div style=\" background-color: #F4F4F4; border-radius: 4px; flex-grow: 0; height: 14px; margin-bottom: 6px; width: 100px;\"><\/div>\n<div style=\" background-color: #F4F4F4; border-radius: 4px; flex-grow: 0; height: 14px; width: 60px;\"><\/div>\n<\/div>\n<\/div>\n<div style=\"padding: 19% 0;\"><\/div>\n<div style=\"display:block; height:50px; margin:0 auto 12px; width:50px;\"><svg width=\"50px\" height=\"50px\" viewBox=\"0 0 60 60\" version=\"1.1\" xmlns=\"https:\/\/www.w3.org\/2000\/svg\" xmlns:xlink=\"https:\/\/www.w3.org\/1999\/xlink\"><g stroke=\"none\" stroke-width=\"1\" fill=\"none\" fill-rule=\"evenodd\"><g transform=\"translate(-511.000000, -20.000000)\" fill=\"#000000\"><g><path d=\"M556.869,30.41 C554.814,30.41 553.148,32.076 553.148,34.131 C553.148,36.186 554.814,37.852 556.869,37.852 C558.924,37.852 560.59,36.186 560.59,34.131 C560.59,32.076 558.924,30.41 556.869,30.41 M541,60.657 C535.114,60.657 530.342,55.887 530.342,50 C530.342,44.114 535.114,39.342 541,39.342 C546.887,39.342 551.658,44.114 551.658,50 C551.658,55.887 546.887,60.657 541,60.657 M541,33.886 C532.1,33.886 524.886,41.1 524.886,50 C524.886,58.899 532.1,66.113 541,66.113 C549.9,66.113 557.115,58.899 557.115,50 C557.115,41.1 549.9,33.886 541,33.886 M565.378,62.101 C565.244,65.022 564.756,66.606 564.346,67.663 C563.803,69.06 563.154,70.057 562.106,71.106 C561.058,72.155 560.06,72.803 558.662,73.347 C557.607,73.757 556.021,74.244 553.102,74.378 C549.944,74.521 548.997,74.552 541,74.552 C533.003,74.552 532.056,74.521 528.898,74.378 C525.979,74.244 524.393,73.757 523.338,73.347 C521.94,72.803 520.942,72.155 519.894,71.106 C518.846,70.057 518.197,69.06 517.654,67.663 C517.244,66.606 516.755,65.022 516.623,62.101 C516.479,58.943 516.448,57.996 516.448,50 C516.448,42.003 516.479,41.056 516.623,37.899 C516.755,34.978 517.244,33.391 517.654,32.338 C518.197,30.938 518.846,29.942 519.894,28.894 C520.942,27.846 521.94,27.196 523.338,26.654 C524.393,26.244 525.979,25.756 528.898,25.623 C532.057,25.479 533.004,25.448 541,25.448 C548.997,25.448 549.943,25.479 553.102,25.623 C556.021,25.756 557.607,26.244 558.662,26.654 C560.06,27.196 561.058,27.846 562.106,28.894 C563.154,29.942 563.803,30.938 564.346,32.338 C564.756,33.391 565.244,34.978 565.378,37.899 C565.522,41.056 565.552,42.003 565.552,50 C565.552,57.996 565.522,58.943 565.378,62.101 M570.82,37.631 C570.674,34.438 570.167,32.258 569.425,30.349 C568.659,28.377 567.633,26.702 565.965,25.035 C564.297,23.368 562.623,22.342 560.652,21.575 C558.743,20.834 556.562,20.326 553.369,20.18 C550.169,20.033 549.148,20 541,20 C532.853,20 531.831,20.033 528.631,20.18 C525.438,20.326 523.257,20.834 521.349,21.575 C519.376,22.342 517.703,23.368 516.035,25.035 C514.368,26.702 513.342,28.377 512.574,30.349 C511.834,32.258 511.326,34.438 511.181,37.631 C511.035,40.831 511,41.851 511,50 C511,58.147 511.035,59.17 511.181,62.369 C511.326,65.562 511.834,67.743 512.574,69.651 C513.342,71.625 514.368,73.296 516.035,74.965 C517.703,76.634 519.376,77.658 521.349,78.425 C523.257,79.167 525.438,79.673 528.631,79.82 C531.831,79.965 532.853,80.001 541,80.001 C549.148,80.001 550.169,79.965 553.369,79.82 C556.562,79.673 558.743,79.167 560.652,78.425 C562.623,77.658 564.297,76.634 565.965,74.965 C567.633,73.296 568.659,71.625 569.425,69.651 C570.167,67.743 570.674,65.562 570.82,62.369 C570.966,59.17 571,58.147 571,50 C571,41.851 570.966,40.831 570.82,37.631\"><\/path><\/g><\/g><\/g><\/svg><\/div>\n<div style=\"padding-top: 8px;\">\n<div style=\" color:#3897f0; font-family:Arial,sans-serif; font-size:14px; font-style:normal; font-weight:550; line-height:18px;\"> View this post on Instagram<\/div>\n<\/div>\n<div style=\"padding: 12.5% 0;\"><\/div>\n<div style=\"display: flex; flex-direction: row; margin-bottom: 14px; align-items: center;\">\n<div>\n<div style=\"background-color: #F4F4F4; border-radius: 50%; height: 12.5px; width: 12.5px; transform: translateX(0px) translateY(7px);\"><\/div>\n<div style=\"background-color: #F4F4F4; height: 12.5px; transform: rotate(-45deg) translateX(3px) translateY(1px); width: 12.5px; flex-grow: 0; margin-right: 14px; margin-left: 2px;\"><\/div>\n<div style=\"background-color: #F4F4F4; border-radius: 50%; height: 12.5px; width: 12.5px; transform: translateX(9px) translateY(-18px);\"><\/div>\n<\/div>\n<div style=\"margin-left: 8px;\">\n<div style=\" background-color: #F4F4F4; border-radius: 50%; flex-grow: 0; height: 20px; width: 20px;\"><\/div>\n<div style=\" width: 0; height: 0; border-top: 2px solid transparent; border-left: 6px solid #f4f4f4; border-bottom: 2px solid transparent; transform: translateX(16px) translateY(-4px) rotate(30deg)\"><\/div>\n<\/div>\n<div style=\"margin-left: auto;\">\n<div style=\" width: 0px; border-top: 8px solid #F4F4F4; border-right: 8px solid transparent; transform: translateY(16px);\"><\/div>\n<div style=\" background-color: #F4F4F4; flex-grow: 0; height: 12px; width: 16px; transform: translateY(-4px);\"><\/div>\n<div style=\" width: 0; height: 0; border-top: 8px solid #F4F4F4; border-left: 8px solid transparent; transform: translateY(-4px) translateX(8px);\"><\/div>\n<\/div>\n<\/div>\n<p><\/a> <\/p>\n<p style=\" margin:8px 0 0 0; padding:0 4px;\"> <a href=\"https:\/\/www.instagram.com\/p\/BtlO2q7FYSv\/?utm_source=ig_embed&amp;utm_campaign=loading\" style=\" color:#000; font-family:Arial,sans-serif; font-size:14px; font-style:normal; font-weight:normal; line-height:17px; text-decoration:none; word-wrap:break-word;\" target=\"_blank\">El alumnado de nuestra Escuela de Segunda Oportunidad ha visitado hoy la f\u00e1brica #Litoral de #Nestl\u00e9 en #Gij\u00f3n. La jornada comenz\u00f3 con la presentaci\u00f3n de las normas b\u00e1sicas de calidad y seguridad alimentaria, una visita guiada por la f\u00e1brica y termin\u00f3 con numerosas dudas y preguntas. Para finalizar, se plante\u00f3 un reto: \u00bfc\u00f3mo puede la marca atraer al p\u00fablico joven con sus productos?<\/a><\/p>\n<p style=\" color:#c9c8cd; font-family:Arial,sans-serif; font-size:14px; line-height:17px; margin-bottom:0; margin-top:8px; overflow:hidden; padding:8px 0 7px; text-align:center; text-overflow:ellipsis; white-space:nowrap;\">A post shared by <a href=\"https:\/\/www.instagram.com\/empleogijon\/?utm_source=ig_embed&amp;utm_campaign=loading\" style=\" color:#c9c8cd; font-family:Arial,sans-serif; font-size:14px; font-style:normal; font-weight:normal; line-height:17px;\" target=\"_blank\"> Agencia Local de Empleo Gij\u00f3n<\/a> (@empleogijon) on <time style=\" font-family:Arial,sans-serif; font-size:14px; line-height:17px;\" datetime=\"2019-02-07T13:10:41+00:00\">Feb 7, 2019 at 5:10am PST<\/time><\/p>\n<\/div>\n<\/blockquote>\n<p><script async src=\"\/\/www.instagram.com\/embed.js\"><\/script><\/p>\n","protected":false},"excerpt":{"rendered":"<p>Comenzamos el curso de TMP en la Escuela de segunda oportunidad del Ayt. de Gij\u00f3n. Nos reunimos en la escuela<\/p>\n","protected":false},"author":3,"featured_media":0,"comment_status":"open","ping_status":"open","sticky":false,"template":"","format":"standard","meta":{"spay_email":""},"categories":[7,30],"tags":[],"jetpack_featured_media_url":"","jetpack-related-posts":[{"id":560,"url":"https:\/\/retotmp.valnaloneduca.com\/?p=560","url_meta":{"origin":563,"position":0},"title":"Nos vamos de visita","date":"febrero 6, 2019","format":false,"excerpt":"Ma\u00f1ana empezamos curso en la Escuela de 2\u00ba oportunidad del Ayuntamiento de Gij\u00f3n. El reto nos lo pone el Centro de Producci\u00f3n Nestl\u00e9 Gij\u00f3n-LITORAL.Os vamos informando.","rel":"","context":"En \u00abEscuela 2\u00ba Oportunidad-Gij\u00f3n\u00bb","img":{"alt_text":"","src":"","width":0,"height":0},"classes":[]},{"id":2234,"url":"https:\/\/retotmp.valnaloneduca.com\/?p=2234","url_meta":{"origin":563,"position":1},"title":"ESCUELA 2\u00ba OPORTUNIDAD-GIJ\u00d3N 2021-22","date":"mayo 24, 2022","format":false,"excerpt":"En los meses de mayo y junio realizaremos\u00a0\u00a0un RETO de Taller para Emprender\u00a0(tmp) en la escuela de segunda oportunidad\u00a0donde est\u00e1n colaborado tanto\u00a0la escuela como la agencia local de promoci\u00f3n econ\u00f3mica\u00a0 https:\/\/www.facebook.com\/EmpleoGijon\u00a0del ayuntamiento de Gij\u00f3n. Calentando motores El\u00a0RETO\u00a0nos lo propone la empresa \u00a0PUERTO DEPORTIVO GIJ\u00d3N http:\/\/www.puertodeportivogijon.es comunicado por Flor Guardado-Directora de\u2026","rel":"","context":"En \u00abCurso 2021-2022\u00bb","img":{"alt_text":"","src":"https:\/\/i0.wp.com\/retotmp.valnaloneduca.com\/wp-content\/uploads\/2022\/06\/mesa-redonda.png?resize=350%2C200&ssl=1","width":350,"height":200},"classes":[]},{"id":2033,"url":"https:\/\/retotmp.valnaloneduca.com\/?p=2033","url_meta":{"origin":563,"position":2},"title":"ESCUELA DE SEGUNDA OPORTUNIDAD GIJ\u00d3N 2020-21","date":"mayo 20, 2021","format":false,"excerpt":"En los meses de abril y mayo realizamos\u00a0 un RETO PRESENCIAL de Taller para Emprender (tmp) en la escuela de segunda oportunidad donde han colaborado tanto la escuela como la agencia local de promoci\u00f3n econ\u00f3mica https:\/\/www.facebook.com\/EmpleoGijon del ayuntamiento de Gij\u00f3n. El RETO nos lo pone la empresa KIWINBIO https:\/\/kiwinbio.com que\u2026","rel":"","context":"En \u00abCurso 2020-2021\u00bb","img":{"alt_text":"","src":"https:\/\/i1.wp.com\/retotmp.valnaloneduca.com\/wp-content\/uploads\/2021\/05\/grupocris-1.jpg?resize=350%2C200&ssl=1","width":350,"height":200},"classes":[]},{"id":692,"url":"https:\/\/retotmp.valnaloneduca.com\/?p=692","url_meta":{"origin":563,"position":3},"title":"TRABAJANDO","date":"febrero 22, 2019","format":false,"excerpt":"En esta sesi\u00f3n hemos estado centrando las ideas que han salido de LA TORMENTA DE IDEAS para darles forma. Los par\u00e1metros que seguimos son CREAR ideas de nuevo producto, DISE\u00d1AR envase innovador y COMUNICARLO. El alumando esta muy motivado y ya est\u00e1 preparando diferentes PROTOTIPOS para sorprender a la empresa.\u2026","rel":"","context":"En \u00abEscuela 2\u00ba Oportunidad-Gij\u00f3n\u00bb","img":{"alt_text":"","src":"https:\/\/i2.wp.com\/retotmp.valnaloneduca.com\/wp-content\/uploads\/2019\/02\/1.jpg?resize=350%2C200","width":350,"height":200},"classes":[]},{"id":2819,"url":"https:\/\/retotmp.valnaloneduca.com\/?p=2819","url_meta":{"origin":563,"position":4},"title":"ESCUELA DE SEGUNDA OPORTUNIDAD GIJ\u00d3N 2024-25","date":"marzo 21, 2025","format":false,"excerpt":"En el mes de\u00a0marzo y abril\u00a0vamos a realizar\u00a0\u00a0un RETO\u00a0de Taller para Emprender\u00a0(tmp) en la escuela de segunda oportunidad\u00a0donde han colaborado tanto\u00a0la escuela como la agencia local de promoci\u00f3n econ\u00f3mica\u00a0https:\/\/www.facebook.com\/EmpleoGijon\u00a0del ayuntamiento de Gij\u00f3n. El\u00a0RETO\u00a0nos lo pondr\u00e1\u00a0https:\/\/immersiveoasis.io\/es que nos lo definir\u00e1 en la sesi\u00f3n donde iremos a visitar sus instalaciones y conocer\u2026","rel":"","context":"En \u00abCurso 2024-2025\u00bb","img":{"alt_text":"","src":"https:\/\/i2.wp.com\/retotmp.valnaloneduca.com\/wp-content\/uploads\/2025\/04\/image-4.png?resize=350%2C200&ssl=1","width":350,"height":200},"classes":[]},{"id":1372,"url":"https:\/\/retotmp.valnaloneduca.com\/?p=1372","url_meta":{"origin":563,"position":5},"title":"En movimiento","date":"enero 31, 2020","format":false,"excerpt":"Ha arrancado el curso TALLER PARA EMPRENDER que vamos a realizar en la escuela de segunda oportunidad de Gij\u00f3n https:\/\/empleo.gijon.es\/page\/3872-escuela-de-segunda-oportunidad Nos hemos desplazado a las instalaciones de la empresa https:\/\/himobility.es en Aviles donde Jorge Gonz\u00e1lez-Palacios-Director de operaciones- nos ha comunicado los retos que tenemos que hacer frente. Un reto es\u2026","rel":"","context":"En \u00abEscuela 2\u00ba oportunidad 2019-2020-Gij\u00f3n\u00bb","img":{"alt_text":"Coche sin matricula Hi","src":"https:\/\/i2.wp.com\/retotmp.valnaloneduca.com\/wp-content\/uploads\/2020\/01\/coche-sin-matricula-hi.jpg?resize=350%2C200","width":350,"height":200},"classes":[]}],"_links":{"self":[{"href":"https:\/\/retotmp.valnaloneduca.com\/index.php?rest_route=\/wp\/v2\/posts\/563"}],"collection":[{"href":"https:\/\/retotmp.valnaloneduca.com\/index.php?rest_route=\/wp\/v2\/posts"}],"about":[{"href":"https:\/\/retotmp.valnaloneduca.com\/index.php?rest_route=\/wp\/v2\/types\/post"}],"author":[{"embeddable":true,"href":"https:\/\/retotmp.valnaloneduca.com\/index.php?rest_route=\/wp\/v2\/users\/3"}],"replies":[{"embeddable":true,"href":"https:\/\/retotmp.valnaloneduca.com\/index.php?rest_route=%2Fwp%2Fv2%2Fcomments&post=563"}],"version-history":[{"count":0,"href":"https:\/\/retotmp.valnaloneduca.com\/index.php?rest_route=\/wp\/v2\/posts\/563\/revisions"}],"wp:attachment":[{"href":"https:\/\/retotmp.valnaloneduca.com\/index.php?rest_route=%2Fwp%2Fv2%2Fmedia&parent=563"}],"wp:term":[{"taxonomy":"category","embeddable":true,"href":"https:\/\/retotmp.valnaloneduca.com\/index.php?rest_route=%2Fwp%2Fv2%2Fcategories&post=563"},{"taxonomy":"post_tag","embeddable":true,"href":"https:\/\/retotmp.valnaloneduca.com\/index.php?rest_route=%2Fwp%2Fv2%2Ftags&post=563"}],"curies":[{"name":"wp","href":"https:\/\/api.w.org\/{rel}","templated":true}]}}