{"id":575,"date":"2019-02-10T18:42:55","date_gmt":"2019-02-10T18:42:55","guid":{"rendered":"https:\/\/retotmp.wordpress.com\/2019\/02\/10\/entrevista\/"},"modified":"2019-02-10T18:42:55","modified_gmt":"2019-02-10T18:42:55","slug":"entrevista","status":"publish","type":"post","link":"https:\/\/retotmp.valnaloneduca.com\/?p=575","title":{"rendered":"Entrevistas a Asociaci\u00f3n Juvenil"},"content":{"rendered":"<p>La primera entrevista es al presidente de la asociaci\u00f3n juvenil y la segunda a tres miembros de la asociaci\u00f3n de nuestra edad.<\/p>\n<p>+ Hola, las preguntas son sobre la noche blanca que hay en Avil\u00e9s.<br \/>\n\u00bfConoces la noches blanca?<br \/>\n&#8211; Si, lo de las exposiciones de arte nocturnas y tal \u00bfno?<br \/>\n+ Sii<br \/>\n\u00bfAlguna vez participaste en ella?<br \/>\nSi es as\u00ed, \u00bfte gust\u00f3? Y si no, \u00bfte gustar\u00eda participar?<br \/>\n&#8211; No he participado, pero si que me resultar\u00eda interesante participar.<br \/>\n+ Estamos buscando opiniones sobretodo para introducir talleres y actividades destinadas a los j\u00f3venes, por eso \u00bfQu\u00e9 actividades crees que se podr\u00edan realizar?<br \/>\n&#8211; Jornadas deportivas, gymkanas para conocer la ciudad o la historia de la ciudad&#8230;<br \/>\nTalleres formativos para j\u00f3venes sobre drogas, alcohol o educaci\u00f3n sexual.<\/p>\n<p>+ Las preguntas son sobre la noche blanca de Avil\u00e9s \u00bfConoc\u00e9is la noche blanca?<br \/>\n1. No<br \/>\n2. No<br \/>\n3. No<br \/>\n+ Es una noche en la cual la factoria cultural de aqu\u00ed de Avil\u00e9s, organiza diferentes actividades y talleres en distintos puntos de Avil\u00e9s desde la tarde hasta la madrugada. Suele tener lugar por el mes de Junio y algunas de las actividades del a\u00f1o pasado fueron: moda y reciclaje, talleres de pintura, cer\u00e1mica, fotograf\u00eda, c\u00f3mic, conciertos actuaciones de baile&#8230;<br \/>\nAhora que ya sabeis m\u00e1s o menos de que va, \u00bfos gustar\u00eda participar?<br \/>\n1. No mucho la verdad, no me atraen las actividades.<br \/>\n2. Quiz\u00e1, pero estar\u00edan bien otras actividades.<br \/>\n3. S\u00ed, participar\u00eda.<br \/>\n+ Estamos buscando opiniones sobretodo para introducir talleres destinados a gente m\u00e1s joven, por eso \u00bfQu\u00e9 de actividades crees que podr\u00edan interesarle a los adolescente?<br \/>\n1. Estar\u00eda bien alg\u00fan taller en el que pudieras exponer tus fotograf\u00edas porque yo creo que a nuestra edad interesa m\u00e1s.<br \/>\n2. Un taller de cocina estar\u00eda bien.<br \/>\n3. Un taller de biolog\u00eda, en concreto gen\u00e9tica, resultar\u00eda interesante.<\/p>\n","protected":false},"excerpt":{"rendered":"<p>La primera entrevista es al presidente de la asociaci\u00f3n juvenil y la segunda a tres miembros de la asociaci\u00f3n de<\/p>\n","protected":false},"author":3,"featured_media":0,"comment_status":"open","ping_status":"open","sticky":false,"template":"","format":"standard","meta":{"spay_email":""},"categories":[18,30],"tags":[],"jetpack_featured_media_url":"","jetpack-related-posts":[{"id":920,"url":"https:\/\/retotmp.valnaloneduca.com\/?p=920","url_meta":{"origin":575,"position":0},"title":"Talento del IES N\u00ba5 en la Factor\u00eda Cultural","date":"abril 3, 2019","format":false,"excerpt":"Tras cinco semanas de trabajo con los retos, lleg\u00f3 el momento esperado...la presentaci\u00f3n de las ideas trabajadas. Muchos\/as estaban nerviosas pero tambi\u00e9n con la ilusi\u00f3n de presentar las propuestas para la Noche Blanca de Avil\u00e9s y la Programaci\u00f3n art\u00edstica, cultural y formativa de la Factor\u00eda Cultural. Fueron pocas horas pero,\u2026","rel":"","context":"En \u00abIES N\u00ba 5\u00bb","img":{"alt_text":"","src":"https:\/\/i2.wp.com\/retotmp.valnaloneduca.com\/wp-content\/uploads\/2019\/04\/img_20190320_105454_748-scaled.jpg?resize=350%2C200","width":350,"height":200},"classes":[]},{"id":582,"url":"https:\/\/retotmp.valnaloneduca.com\/?p=582","url_meta":{"origin":575,"position":1},"title":"Encuesta sobre Noche Blanca (Instagram)","date":"febrero 11, 2019","format":false,"excerpt":"Tras haber subido diferentes encuestas sobre la noche blanca de Avil\u00e9s a dos cuentas de Instagram, hemos obtenido las siguientes conclusiones: M\u00e1s de la mitad de los j\u00f3venes de Avil\u00e9s no saben en qu\u00e9 consiste la noche blanca (de 333 personas, 100 s\u00ed conoc\u00edan esta actividad mientras que 233 no).\u2026","rel":"","context":"En \u00abIES N\u00ba 5\u00bb","img":{"alt_text":"","src":"","width":0,"height":0},"classes":[]},{"id":926,"url":"https:\/\/retotmp.valnaloneduca.com\/?p=926","url_meta":{"origin":575,"position":2},"title":"Prototipos para la Factor\u00eda","date":"abril 3, 2019","format":false,"excerpt":"Durante estos d\u00edas ha sido un placer contar con la colaboraci\u00f3n de la directora de la Factor\u00eda Cultural para acercarse al IES N\u00ba 5 a intercambiar impresiones sobre las ideas trabajadas pero, sus responsabilidades y compromisos con la Factor\u00eda Cultural no ha permitido que pudiera presenciar todas las presentaciones. De\u2026","rel":"","context":"En \u00abIES N\u00ba 5\u00bb","img":{"alt_text":"","src":"https:\/\/i2.wp.com\/retotmp.valnaloneduca.com\/wp-content\/uploads\/2019\/04\/noche-blanca-total-1.png?resize=350%2C200","width":350,"height":200},"classes":[]},{"id":586,"url":"https:\/\/retotmp.valnaloneduca.com\/?p=586","url_meta":{"origin":575,"position":3},"title":"Entrevista a Paula, integrante del P.A.T.I.O.","date":"febrero 11, 2019","format":false,"excerpt":"En la tarde del viernes 8 de febrero, nos desplazamos para conocer la postura y opiniones de Paula, una de las personas que forman parte del colectivo el P.A.T.I.O. Os dejamos aqu\u00ed la entrevista: -\u00bfConoces la Noche Blanca? + S\u00ed, nosotras desde el servicio de juventud llevamos varios a\u00f1os colaborando\u2026","rel":"","context":"En \u00abIES N\u00ba 5\u00bb","img":{"alt_text":"el patio","src":"https:\/\/i0.wp.com\/retotmp.valnaloneduca.com\/wp-content\/uploads\/2019\/02\/el-patio.jpeg?resize=350%2C200","width":350,"height":200},"classes":[]},{"id":750,"url":"https:\/\/retotmp.valnaloneduca.com\/?p=750","url_meta":{"origin":575,"position":4},"title":"29 equipos...Infinitas ideas en la Factor\u00eda","date":"febrero 26, 2019","format":false,"excerpt":"En el IES N\u00ba 5 se han creado 29 equipos y durante la \u00faltima sesi\u00f3n cada uno ha propuesto 12 ideas para mejorar la programaci\u00f3n art\u00edstica y cultural de la Factor\u00eda as\u00ed como de la Noche Blanca para la edici\u00f3n del 2019.... as\u00ed es que tenemos.... \u00a1\u00a1\u00a1348 IDEAS!!! Una peque\u00f1a\u2026","rel":"","context":"En \u00abIES N\u00ba 5\u00bb","img":{"alt_text":"mindmap-2123973_960_720","src":"https:\/\/i2.wp.com\/retotmp.valnaloneduca.com\/wp-content\/uploads\/2019\/02\/mindmap-2123973_960_720.jpg?resize=350%2C200","width":350,"height":200},"classes":[]},{"id":2526,"url":"https:\/\/retotmp.valnaloneduca.com\/?p=2526","url_meta":{"origin":575,"position":5},"title":"IES C\u00e9sar Rodr\u00edguez 2022-2023","date":"junio 20, 2023","format":false,"excerpt":"Durante el mes de junio del curso 2022-2023 el IES C\u00e9sar Rodr\u00edguez (Grado) se sum\u00f3 a las acciones Reto TMP. En este caso estudiantes de los grupos de 1\u00ba de Bachillerato X e Y participaron en esta actividad organizada por Valnal\u00f3n, un total de 15 estudiantes que decidieron trabajar las\u2026","rel":"","context":"En \u00abCurso 2022-2023\u00bb","img":{"alt_text":"","src":"https:\/\/i1.wp.com\/retotmp.valnaloneduca.com\/wp-content\/uploads\/2023\/06\/IMG20230608095949.jpg?resize=350%2C200&ssl=1","width":350,"height":200},"classes":[]}],"_links":{"self":[{"href":"https:\/\/retotmp.valnaloneduca.com\/index.php?rest_route=\/wp\/v2\/posts\/575"}],"collection":[{"href":"https:\/\/retotmp.valnaloneduca.com\/index.php?rest_route=\/wp\/v2\/posts"}],"about":[{"href":"https:\/\/retotmp.valnaloneduca.com\/index.php?rest_route=\/wp\/v2\/types\/post"}],"author":[{"embeddable":true,"href":"https:\/\/retotmp.valnaloneduca.com\/index.php?rest_route=\/wp\/v2\/users\/3"}],"replies":[{"embeddable":true,"href":"https:\/\/retotmp.valnaloneduca.com\/index.php?rest_route=%2Fwp%2Fv2%2Fcomments&post=575"}],"version-history":[{"count":0,"href":"https:\/\/retotmp.valnaloneduca.com\/index.php?rest_route=\/wp\/v2\/posts\/575\/revisions"}],"wp:attachment":[{"href":"https:\/\/retotmp.valnaloneduca.com\/index.php?rest_route=%2Fwp%2Fv2%2Fmedia&parent=575"}],"wp:term":[{"taxonomy":"category","embeddable":true,"href":"https:\/\/retotmp.valnaloneduca.com\/index.php?rest_route=%2Fwp%2Fv2%2Fcategories&post=575"},{"taxonomy":"post_tag","embeddable":true,"href":"https:\/\/retotmp.valnaloneduca.com\/index.php?rest_route=%2Fwp%2Fv2%2Ftags&post=575"}],"curies":[{"name":"wp","href":"https:\/\/api.w.org\/{rel}","templated":true}]}}