{"id":582,"date":"2019-02-11T19:31:49","date_gmt":"2019-02-11T19:31:49","guid":{"rendered":"https:\/\/retotmp.wordpress.com\/2019\/02\/11\/conclusion-de-las-respuestas-sobre-la-noche-blanca\/"},"modified":"2019-02-11T19:31:49","modified_gmt":"2019-02-11T19:31:49","slug":"conclusion-de-las-respuestas-sobre-la-noche-blanca","status":"publish","type":"post","link":"https:\/\/retotmp.valnaloneduca.com\/?p=582","title":{"rendered":"Encuesta sobre Noche Blanca (Instagram)"},"content":{"rendered":"<p>Tras haber subido diferentes encuestas sobre la noche blanca de Avil\u00e9s a dos cuentas de Instagram, hemos obtenido las siguientes conclusiones: M\u00e1s de la mitad de los j\u00f3venes de Avil\u00e9s no saben en qu\u00e9 consiste la noche blanca (de 333 personas, 100 s\u00ed conoc\u00edan esta actividad mientras que 233 no).<br \/>\nCreen que este proyecto no se difunde bien, pues hay una falta de comunicaci\u00f3n. Ahora que vivimos en un mundo tecnol\u00f3gico deber\u00edamos aprovecharlo ya que las redes sociales son una buena v\u00eda de comunicaci\u00f3n.<br \/>\nLas actividades que m\u00e1s les interesan a los j\u00f3venes son aquellas relacionadas con la m\u00fasica. Les gustar\u00eda que hubiera conciertos de cantantes conocidos y actuales, ya que creemos que muchas veces no se nos tiene en cuenta a la hora de traer a alg\u00fan artista a la ciudad.<br \/>\nFinalmente, la gran mayor\u00eda prefieren que las actividades se realicen en la calle que en un recinto cerrado.<\/p>\n","protected":false},"excerpt":{"rendered":"<p>Tras haber subido diferentes encuestas sobre la noche blanca de Avil\u00e9s a dos cuentas de Instagram, hemos obtenido las siguientes<\/p>\n","protected":false},"author":3,"featured_media":0,"comment_status":"open","ping_status":"open","sticky":false,"template":"","format":"standard","meta":{"spay_email":""},"categories":[18,30],"tags":[],"jetpack_featured_media_url":"","jetpack-related-posts":[{"id":575,"url":"https:\/\/retotmp.valnaloneduca.com\/?p=575","url_meta":{"origin":582,"position":0},"title":"Entrevistas a Asociaci\u00f3n Juvenil","date":"febrero 10, 2019","format":false,"excerpt":"La primera entrevista es al presidente de la asociaci\u00f3n juvenil y la segunda a tres miembros de la asociaci\u00f3n de nuestra edad. + Hola, las preguntas son sobre la noche blanca que hay en Avil\u00e9s. \u00bfConoces la noches blanca? - Si, lo de las exposiciones de arte nocturnas y tal\u2026","rel":"","context":"En \u00abIES N\u00ba 5\u00bb","img":{"alt_text":"","src":"","width":0,"height":0},"classes":[]},{"id":586,"url":"https:\/\/retotmp.valnaloneduca.com\/?p=586","url_meta":{"origin":582,"position":1},"title":"Entrevista a Paula, integrante del P.A.T.I.O.","date":"febrero 11, 2019","format":false,"excerpt":"En la tarde del viernes 8 de febrero, nos desplazamos para conocer la postura y opiniones de Paula, una de las personas que forman parte del colectivo el P.A.T.I.O. Os dejamos aqu\u00ed la entrevista: -\u00bfConoces la Noche Blanca? + S\u00ed, nosotras desde el servicio de juventud llevamos varios a\u00f1os colaborando\u2026","rel":"","context":"En \u00abIES N\u00ba 5\u00bb","img":{"alt_text":"el patio","src":"https:\/\/i0.wp.com\/retotmp.valnaloneduca.com\/wp-content\/uploads\/2019\/02\/el-patio.jpeg?resize=350%2C200","width":350,"height":200},"classes":[]},{"id":920,"url":"https:\/\/retotmp.valnaloneduca.com\/?p=920","url_meta":{"origin":582,"position":2},"title":"Talento del IES N\u00ba5 en la Factor\u00eda Cultural","date":"abril 3, 2019","format":false,"excerpt":"Tras cinco semanas de trabajo con los retos, lleg\u00f3 el momento esperado...la presentaci\u00f3n de las ideas trabajadas. Muchos\/as estaban nerviosas pero tambi\u00e9n con la ilusi\u00f3n de presentar las propuestas para la Noche Blanca de Avil\u00e9s y la Programaci\u00f3n art\u00edstica, cultural y formativa de la Factor\u00eda Cultural. Fueron pocas horas pero,\u2026","rel":"","context":"En \u00abIES N\u00ba 5\u00bb","img":{"alt_text":"","src":"https:\/\/i2.wp.com\/retotmp.valnaloneduca.com\/wp-content\/uploads\/2019\/04\/img_20190320_110743_657-scaled.jpg?resize=350%2C200","width":350,"height":200},"classes":[]},{"id":623,"url":"https:\/\/retotmp.valnaloneduca.com\/?p=623","url_meta":{"origin":582,"position":3},"title":"Entrevista taller de emprendimiento Valnal\u00f3n","date":"febrero 17, 2019","format":false,"excerpt":"Conclusiones de la Entrevista: Tras hablar con Pelayo, de la asociaci\u00f3n A Esgaya - Integraci\u00f3n Social, hemos podido extraer algunas conclusiones: Para empezar, le preguntamos sobre los medios art\u00edsticos en los que m\u00e1s inter\u00e9s nota que manifiestan los j\u00f3venes con los que trabaja. Si bien nos dijo que era importante\u2026","rel":"","context":"En \u00abIES N\u00ba 5\u00bb","img":{"alt_text":"aesgaya","src":"https:\/\/i0.wp.com\/retotmp.valnaloneduca.com\/wp-content\/uploads\/2019\/02\/aesgaya.jpg?resize=350%2C200","width":350,"height":200},"classes":[]},{"id":527,"url":"https:\/\/retotmp.valnaloneduca.com\/?p=527","url_meta":{"origin":582,"position":4},"title":"Reto art\u00edstico y cultural","date":"febrero 4, 2019","format":false,"excerpt":"La semana pasada comenzamos 4 cursos tmp con algo m\u00e1s de 100 estudiantes de 1\u00ba bachillerato del IES N\u00ba 5 de Avil\u00e9s. Los retos han sido propuestos por la FACTOR\u00cdA CULTURAL de AVIL\u00c9S, Centro Art\u00edstico Multidisciplinar de la Fundaci\u00f3n Municipal de Cultura del Ayuntamiento de Avil\u00e9s. Y dado el perfil\u2026","rel":"","context":"En \u00abIES N\u00ba 5\u00bb","img":{"alt_text":"","src":"","width":0,"height":0},"classes":[]},{"id":587,"url":"https:\/\/retotmp.valnaloneduca.com\/?p=587","url_meta":{"origin":582,"position":5},"title":"\u00bfQu\u00e9 saben los j\u00f3venes sobre la noche blanca?","date":"febrero 11, 2019","format":false,"excerpt":"A los adolescentes a los que hemos preguntado un 60% de ellos realizan una actividad art\u00edstica pero a pesar de esto, solo un 30% de ellos conoc\u00edan la noche blanca. De los que la conocen, la mayor\u00eda es gracias al conservatorio, la danza o el propio trabajo de Valnal\u00f3n. De\u2026","rel":"","context":"En \u00abreto tmp\u00bb","img":{"alt_text":"","src":"https:\/\/i2.wp.com\/retotmp.valnaloneduca.com\/wp-content\/uploads\/2019\/02\/screenshot_20190211-221832.png?resize=350%2C200","width":350,"height":200},"classes":[]}],"_links":{"self":[{"href":"https:\/\/retotmp.valnaloneduca.com\/index.php?rest_route=\/wp\/v2\/posts\/582"}],"collection":[{"href":"https:\/\/retotmp.valnaloneduca.com\/index.php?rest_route=\/wp\/v2\/posts"}],"about":[{"href":"https:\/\/retotmp.valnaloneduca.com\/index.php?rest_route=\/wp\/v2\/types\/post"}],"author":[{"embeddable":true,"href":"https:\/\/retotmp.valnaloneduca.com\/index.php?rest_route=\/wp\/v2\/users\/3"}],"replies":[{"embeddable":true,"href":"https:\/\/retotmp.valnaloneduca.com\/index.php?rest_route=%2Fwp%2Fv2%2Fcomments&post=582"}],"version-history":[{"count":0,"href":"https:\/\/retotmp.valnaloneduca.com\/index.php?rest_route=\/wp\/v2\/posts\/582\/revisions"}],"wp:attachment":[{"href":"https:\/\/retotmp.valnaloneduca.com\/index.php?rest_route=%2Fwp%2Fv2%2Fmedia&parent=582"}],"wp:term":[{"taxonomy":"category","embeddable":true,"href":"https:\/\/retotmp.valnaloneduca.com\/index.php?rest_route=%2Fwp%2Fv2%2Fcategories&post=582"},{"taxonomy":"post_tag","embeddable":true,"href":"https:\/\/retotmp.valnaloneduca.com\/index.php?rest_route=%2Fwp%2Fv2%2Ftags&post=582"}],"curies":[{"name":"wp","href":"https:\/\/api.w.org\/{rel}","templated":true}]}}