{"id":583,"date":"2019-02-11T19:35:44","date_gmt":"2019-02-11T19:35:44","guid":{"rendered":"https:\/\/retotmp.wordpress.com\/?p=583"},"modified":"2019-02-11T19:35:44","modified_gmt":"2019-02-11T19:35:44","slug":"cuestionario-sobre-la-noche-blanca-a-los-alumnos-del-c-p-san-cristobal","status":"publish","type":"post","link":"https:\/\/retotmp.valnaloneduca.com\/?p=583","title":{"rendered":"Cuestionario sobre la Noche Blanca a los alumnos del C.P San Crist\u00f3bal"},"content":{"rendered":"<p>Para esta primera ten\u00edamos pensado, en un principio, entrevistar a las alumnas de la academia de danza \u00abStep\u00bb, lo cual no nos fue posible por la falta de tiempo, sin embargo la madre de una de nosotras trabaja en el colegio de educaci\u00f3n especial San Crist\u00f3bal. Al ser un colegio de educaci\u00f3n especial el m\u00e9todo de ense\u00f1anza es algo distinto y consideramos que estos ni\u00f1os y adolescentes pueden tener ideas originales y creativas para la pr\u00f3xima Noche Blanca, por lo que decidimos hacer una encuesta online, ya que no tuvimos la oportunidad de entrevistar a los alumnos del colegio de manera personal.<\/p>\n<p>Este cuestionario online contaba con cinco preguntas sobre la noche Blanca y los intereses de los seis alumnos que realizaron el cuestionario, los cuales est\u00e1n cursando EBO II (Educaci\u00f3n b\u00e1sica obligatoria II) y cuyas edades est\u00e1n comprendidas entre los 13 y los 19 a\u00f1os.<\/p>\n<p>Cuestionario sobre la Noche Blanca<\/p>\n<p>1. \u00bfSabes qu\u00e9 es la noche blanca?<\/p>\n<p>o 100% S\u00ed<\/p>\n<p>o 0% No<\/p>\n<p>2. Si es as\u00ed, \u00bfc\u00f3mo te enteraste de su existencia?<\/p>\n<p>o 100% En el colegio<\/p>\n<p>o 0% Por un familiar<\/p>\n<p>o 0% Por un amigo<\/p>\n<p>o 0% Gracias a la publicidad<\/p>\n<p>3. \u00bfDe est\u00e1s opciones cual te gustar\u00eda m\u00e1s ver? (Puedes marcar varias casillas)<\/p>\n<p>o 50% M\u00fasica<\/p>\n<p>o 20% Baile<\/p>\n<p>o 10% Pintura<\/p>\n<p>o 10% Fotograf\u00eda<\/p>\n<p>o 10% Teatro<\/p>\n<p>4. \u00bfPrefieres espacios abiertos, cerrados o ambos?<\/p>\n<p>o 66,7% Abiertos<\/p>\n<p>o 33,3% Ambos<\/p>\n<p>o 0% Cerrados<\/p>\n<p>5. \u00bfHay alguna actividad en concreto que te gustar\u00eda ver en la noche blanca?<\/p>\n<p>o Actuaciones musicales<\/p>\n<p>o Poder cantar y bailar<\/p>\n<p>o Teatro<\/p>\n<p>o Dibujar animales<\/p>\n<p>o M\u00fasica de CNCO<\/p>\n<p>o Reggaeton portugu\u00e9s<\/p>\n<p><a href=\"https:\/\/i2.wp.com\/retotmp.valnaloneduca.com\/wp-content\/uploads\/2019\/02\/logo.jpg\"><img loading=\"lazy\" class=\"alignnone  wp-image-584\" src=\"https:\/\/i2.wp.com\/retotmp.valnaloneduca.com\/wp-content\/uploads\/2019\/02\/logo.jpg?resize=495%2C231\" alt=\"\" width=\"495\" height=\"231\" srcset=\"https:\/\/i2.wp.com\/retotmp.valnaloneduca.com\/wp-content\/uploads\/2019\/02\/logo.jpg?w=319&amp;ssl=1 319w, https:\/\/i2.wp.com\/retotmp.valnaloneduca.com\/wp-content\/uploads\/2019\/02\/logo.jpg?resize=300%2C140&amp;ssl=1 300w\" sizes=\"(max-width: 495px) 100vw, 495px\" data-recalc-dims=\"1\" \/><\/a><\/p>\n","protected":false},"excerpt":{"rendered":"<p>Para esta primera ten\u00edamos pensado, en un principio, entrevistar a las alumnas de la academia de danza \u00abStep\u00bb, lo cual<\/p>\n","protected":false},"author":3,"featured_media":0,"comment_status":"open","ping_status":"open","sticky":false,"template":"","format":"standard","meta":{"spay_email":""},"categories":[18,30],"tags":[],"jetpack_featured_media_url":"","jetpack-related-posts":[{"id":1189,"url":"https:\/\/retotmp.valnaloneduca.com\/?p=1189","url_meta":{"origin":583,"position":0},"title":"\u00bfQu\u00e9 es el sentimiento de pertenencia?","date":"mayo 28, 2019","format":false,"excerpt":"Comenzando a trabajar el reto, lo primero que nos preguntamos fue... \u00bfY qu\u00e9 es el SENTIMIENTO DE PERTENENCIA? Actitudes de las estudiantes y los estudiantes hacia el colegio, sus RELACIONES INTERPERSONALES dentro de la instituci\u00f3n y su DISPOSICI\u00d3N HACIA EL APRENDIZAJE. Se expresa mediante el sentimiento de conexi\u00f3n y la\u2026","rel":"","context":"En \u00abIES Magdalena\u00bb","img":{"alt_text":"Membership.svg","src":"https:\/\/i0.wp.com\/retotmp.valnaloneduca.com\/wp-content\/uploads\/2019\/05\/membership.svg_.png?resize=350%2C200","width":350,"height":200},"classes":[]},{"id":1026,"url":"https:\/\/retotmp.valnaloneduca.com\/?p=1026","url_meta":{"origin":583,"position":1},"title":"ENTREVISTANDO","date":"mayo 3, 2019","format":false,"excerpt":"Hemos estado trabajando en las entrevistas que han realizado el alumnado para, entre todos , sacarle jugo y poder encaminarnos a posibles soluciones. A partir del desglose, hemos hablado entre todos como podriamos enfocar la tormenta de ideas y definir las m\u00e1s interesante. Los estudiantes lo han cogido con bastante\u2026","rel":"","context":"En \u00abColegio Virgen Mediadora-Dominicas\u00bb","img":{"alt_text":"","src":"https:\/\/i1.wp.com\/retotmp.valnaloneduca.com\/wp-content\/uploads\/2019\/05\/pizarra.jpg?resize=350%2C200","width":350,"height":200},"classes":[]},{"id":2541,"url":"https:\/\/retotmp.valnaloneduca.com\/?p=2541","url_meta":{"origin":583,"position":2},"title":"CIFP LA LABORAL 2023-24","date":"octubre 26, 2023","format":false,"excerpt":"En los meses de noviembre y diciembre realizaremos\u00a0dos RETOS de Taller para Emprender (tmp) en el CIFP LA LABORAL de Gij\u00f3n. Hemos empezado\u00a0el primer RETO\u00a0con el alumnado del\u00a0CFGM Gesti\u00f3n Administrativa, tutorizado por Jos\u00e9 Manuel Fern\u00e1ndez Busto, Jefe de departamento de Administraci\u00f3n y Gesti\u00f3n-Coordinador de bienestar y por su profesora de\u2026","rel":"","context":"En \u00abCIFP LA LABORAL GIJ\u00d3N 2023-24\u00bb","img":{"alt_text":"","src":"https:\/\/i2.wp.com\/retotmp.valnaloneduca.com\/wp-content\/uploads\/2023\/11\/Imagen1.jpg?resize=350%2C200&ssl=1","width":350,"height":200},"classes":[]},{"id":1193,"url":"https:\/\/retotmp.valnaloneduca.com\/?p=1193","url_meta":{"origin":583,"position":3},"title":"Orgullosos de ser del Magdalena","date":"mayo 28, 2019","format":false,"excerpt":"Las primeras conclusiones de los cuestionarios nos abren la puerta al real sentimiento de pertenencia de la comunidad educativa. A pesar de tener una peque\u00f1a muestra, y recordar que no debemos precepitarnos en sacar conclusiones precipitadas, si podemos aventurarnos a exponer un resumen de la informaci\u00f3n recogida: La mayor parte\u2026","rel":"","context":"En \u00abIES Magdalena\u00bb","img":{"alt_text":"magdalena","src":"https:\/\/i0.wp.com\/retotmp.valnaloneduca.com\/wp-content\/uploads\/2019\/05\/magdalena.jpg?resize=350%2C200","width":350,"height":200},"classes":[]},{"id":2819,"url":"https:\/\/retotmp.valnaloneduca.com\/?p=2819","url_meta":{"origin":583,"position":4},"title":"ESCUELA DE SEGUNDA OPORTUNIDAD GIJ\u00d3N 2024-25","date":"marzo 21, 2025","format":false,"excerpt":"En el mes de\u00a0marzo y abril\u00a0vamos a realizar\u00a0\u00a0un RETO\u00a0de Taller para Emprender\u00a0(tmp) en la escuela de segunda oportunidad\u00a0donde han colaborado tanto\u00a0la escuela como la agencia local de promoci\u00f3n econ\u00f3mica\u00a0https:\/\/www.facebook.com\/EmpleoGijon\u00a0del ayuntamiento de Gij\u00f3n. El\u00a0RETO\u00a0nos lo pondr\u00e1\u00a0https:\/\/immersiveoasis.io\/es que nos lo definir\u00e1 en la sesi\u00f3n donde iremos a visitar sus instalaciones y conocer\u2026","rel":"","context":"En \u00abCurso 2024-2025\u00bb","img":{"alt_text":"","src":"https:\/\/i2.wp.com\/retotmp.valnaloneduca.com\/wp-content\/uploads\/2025\/04\/image-4.png?resize=350%2C200&ssl=1","width":350,"height":200},"classes":[]},{"id":2222,"url":"https:\/\/retotmp.valnaloneduca.com\/?p=2222","url_meta":{"origin":583,"position":5},"title":"COLEGIO LA COROLLA GIJ\u00d3N 2021-22","date":"mayo 13, 2022","format":false,"excerpt":"En los meses de mayo y junio realizaremos\u00a0un RETO de Taller para Emprender (tmp) en el COLEGIO LA COROLLA de Gij\u00f3n. Estamos trabajando\u00a0con el alumnado del\u00a01\u00ba de bachiller, tutorizado por su profesora de econom\u00eda\u00a0Nuria A\u00f1\u00f3n Zapico. En\u00a0la primera sesi\u00f3n\u00a0la directora del centro educativo\u00a0les ha definido, al alumnado, el\u00a0RETO\u00a0que tienen que\u2026","rel":"","context":"En \u00abColegio La Corolla 2021-2022\u00bb","img":{"alt_text":"","src":"https:\/\/i0.wp.com\/retotmp.valnaloneduca.com\/wp-content\/uploads\/2022\/05\/IMG_20220505_123758.jpg?resize=350%2C200&ssl=1","width":350,"height":200},"classes":[]}],"_links":{"self":[{"href":"https:\/\/retotmp.valnaloneduca.com\/index.php?rest_route=\/wp\/v2\/posts\/583"}],"collection":[{"href":"https:\/\/retotmp.valnaloneduca.com\/index.php?rest_route=\/wp\/v2\/posts"}],"about":[{"href":"https:\/\/retotmp.valnaloneduca.com\/index.php?rest_route=\/wp\/v2\/types\/post"}],"author":[{"embeddable":true,"href":"https:\/\/retotmp.valnaloneduca.com\/index.php?rest_route=\/wp\/v2\/users\/3"}],"replies":[{"embeddable":true,"href":"https:\/\/retotmp.valnaloneduca.com\/index.php?rest_route=%2Fwp%2Fv2%2Fcomments&post=583"}],"version-history":[{"count":0,"href":"https:\/\/retotmp.valnaloneduca.com\/index.php?rest_route=\/wp\/v2\/posts\/583\/revisions"}],"wp:attachment":[{"href":"https:\/\/retotmp.valnaloneduca.com\/index.php?rest_route=%2Fwp%2Fv2%2Fmedia&parent=583"}],"wp:term":[{"taxonomy":"category","embeddable":true,"href":"https:\/\/retotmp.valnaloneduca.com\/index.php?rest_route=%2Fwp%2Fv2%2Fcategories&post=583"},{"taxonomy":"post_tag","embeddable":true,"href":"https:\/\/retotmp.valnaloneduca.com\/index.php?rest_route=%2Fwp%2Fv2%2Ftags&post=583"}],"curies":[{"name":"wp","href":"https:\/\/api.w.org\/{rel}","templated":true}]}}