{"id":586,"date":"2019-02-11T19:46:06","date_gmt":"2019-02-11T19:46:06","guid":{"rendered":"https:\/\/retotmp.wordpress.com\/2019\/02\/11\/entrevista-a-paula-integrante-del-p-a-t-i-o\/"},"modified":"2019-02-11T19:46:06","modified_gmt":"2019-02-11T19:46:06","slug":"entrevista-a-paula-integrante-del-p-a-t-i-o","status":"publish","type":"post","link":"https:\/\/retotmp.valnaloneduca.com\/?p=586","title":{"rendered":"Entrevista a Paula, integrante del P.A.T.I.O."},"content":{"rendered":"<p><img loading=\"lazy\" class=\"alignnone size-full wp-image-599\" src=\"https:\/\/i0.wp.com\/retotmp.valnaloneduca.com\/wp-content\/uploads\/2019\/02\/el-patio.jpeg?resize=400%2C400\" alt=\"el patio\" width=\"400\" height=\"400\" srcset=\"https:\/\/i0.wp.com\/retotmp.valnaloneduca.com\/wp-content\/uploads\/2019\/02\/el-patio.jpeg?w=400&amp;ssl=1 400w, https:\/\/i0.wp.com\/retotmp.valnaloneduca.com\/wp-content\/uploads\/2019\/02\/el-patio.jpeg?resize=300%2C300&amp;ssl=1 300w, https:\/\/i0.wp.com\/retotmp.valnaloneduca.com\/wp-content\/uploads\/2019\/02\/el-patio.jpeg?resize=150%2C150&amp;ssl=1 150w, https:\/\/i0.wp.com\/retotmp.valnaloneduca.com\/wp-content\/uploads\/2019\/02\/el-patio.jpeg?resize=100%2C100&amp;ssl=1 100w\" sizes=\"(max-width: 400px) 100vw, 400px\" data-recalc-dims=\"1\" \/>En la tarde del viernes 8 de febrero, nos desplazamos para conocer la postura y opiniones de Paula, una de las personas que forman parte del colectivo el <strong>P.A.T.I.O<\/strong>. Os dejamos aqu\u00ed la entrevista:<\/p>\n<p>-\u00bfConoces la Noche Blanca?<\/p>\n<p>+ S\u00ed, nosotras desde el servicio de juventud llevamos varios a\u00f1os colaborando con ella, proponiendo actividades y organiz\u00e1ndola, en la Noche Negra tambi\u00e9n (risas).<\/p>\n<p>-\u00bfC\u00f3mo crees que deber\u00eda anunciarse o promocionarse este evento para llegar a m\u00e1s gente?<\/p>\n<p>+Creo que usando canales por los que les llegue a la gente joven de una mejor forma. Normalmente llega a gente m\u00e1s mayor, y para llegar a los j\u00f3venes igual necesitamos que llegue a Instagram&#8230; Redes sociales que de verdad utilice la gente joven, no Facebook (risas).<\/p>\n<p>-\u00bfEn qu\u00e9 espacios crees que ser\u00eda mejor desarrollar estas actividades?<\/p>\n<p>+Pues mira, creo que por una parte en la calle por ser una manera de que la gente se muestre menos cohibida, aunque yo personalmente creo que no estar\u00eda mal que se desarrollase en espacios incluso que la gente no conoce, como la propia Factor\u00eda Cultural, porque es un espacio muy guay, que tiene much\u00edsimos recursos&#8230; Y ser\u00eda la oportunidad para dar mayor cabida a la gente joven all\u00ed.<\/p>\n<p>-\u00bfEst\u00e1s de acuerdo con los horarios de las actividades?\u00bfEn qu\u00e9 horarios las colocar\u00edas para que vaya la gente joven?<\/p>\n<p>+Estoy de acuerdo con los horarios. Aunque creo que un viernes o un s\u00e1bado los chavales de vuestra edad est\u00e1n a otra cosa, y es s\u00faper dif\u00edcil decir que se involucren en esto a no ser que sea algo muy atractivo como un concierto. Tendr\u00eda que ser algo muy atractivo.<\/p>\n<p>-\u00bfTe gustar\u00eda que la Factor\u00eda Cultural organizase este tipo de eventos m\u00e1s a menudo?<\/p>\n<p>+A ver, personalmente y sin ser una cr\u00edtica al propio servicio p\u00fablico en el que yo tambi\u00e9n trabajo, me parece que la Factor\u00eda Cultural no se abre a la gente joven lo suficiente, no hay suficientes actividades para j\u00f3venes de verdad. Hay cosas para gente de 25 a\u00f1os pero de 17 no. Creo que tienen que buscar f\u00f3rmulas para atraer a esa gente, como estar m\u00e1s en contacto con el servicio de juventud, que somos las que estamos m\u00e1s en contacto.<\/p>\n<p>-Aparte de las actividades de fotograf\u00eda, dibujo, m\u00fasica, gastronom\u00eda, etc, que se ofrecen all\u00ed, \u00bfa\u00f1adir\u00edas algo a la Noche Blanca?<\/p>\n<p>+Es que es relativo, porque, s\u00ed, fotograf\u00eda dibujo y m\u00fasica, pero, \u00bfQu\u00e9 fotograf\u00eda, qu\u00e9 dibujo y qu\u00e9 m\u00fasica? Porque si me dices m\u00fasica y es una m\u00fasica que a m\u00ed me la pela&#8230; Pero si me pones trap igual voy, \u00bfSabes?(risas) Ir\u00eda si hay trap, pero si me pones, yo que s\u00e9, m\u00fasica rock de los 80 no voy. Si me pones dibujo as\u00ed sin m\u00e1s igual no, pero si me pones, yo que s\u00e9, cosplay coreano, m\u00fasica coreana, dise\u00f1o de anime&#8230; Igual s\u00ed. Todas las artes son adaptables a los gustos de la gente joven y eso es lo que hay que buscar.<\/p>\n<p>-En resumen, tu opini\u00f3n ser\u00eda que la Factor\u00eda tendr\u00eda que abrirse m\u00e1s al p\u00fablico menor de 18 a\u00f1os?<\/p>\n<p>+S\u00ed, creo que no hay suficientes actividades enfocadas a las personas j\u00f3venes de Avil\u00e9s.<\/p>\n<p>-Muchas gracias por compartir tu opini\u00f3n, esto es todo.<\/p>\n","protected":false},"excerpt":{"rendered":"<p>En la tarde del viernes 8 de febrero, nos desplazamos para conocer la postura y opiniones de Paula, una de<\/p>\n","protected":false},"author":3,"featured_media":0,"comment_status":"open","ping_status":"open","sticky":false,"template":"","format":"standard","meta":{"spay_email":""},"categories":[18,30],"tags":[],"jetpack_featured_media_url":"","jetpack-related-posts":[{"id":575,"url":"https:\/\/retotmp.valnaloneduca.com\/?p=575","url_meta":{"origin":586,"position":0},"title":"Entrevistas a Asociaci\u00f3n Juvenil","date":"febrero 10, 2019","format":false,"excerpt":"La primera entrevista es al presidente de la asociaci\u00f3n juvenil y la segunda a tres miembros de la asociaci\u00f3n de nuestra edad. + Hola, las preguntas son sobre la noche blanca que hay en Avil\u00e9s. \u00bfConoces la noches blanca? - Si, lo de las exposiciones de arte nocturnas y tal\u2026","rel":"","context":"En \u00abIES N\u00ba 5\u00bb","img":{"alt_text":"","src":"","width":0,"height":0},"classes":[]},{"id":750,"url":"https:\/\/retotmp.valnaloneduca.com\/?p=750","url_meta":{"origin":586,"position":1},"title":"29 equipos...Infinitas ideas en la Factor\u00eda","date":"febrero 26, 2019","format":false,"excerpt":"En el IES N\u00ba 5 se han creado 29 equipos y durante la \u00faltima sesi\u00f3n cada uno ha propuesto 12 ideas para mejorar la programaci\u00f3n art\u00edstica y cultural de la Factor\u00eda as\u00ed como de la Noche Blanca para la edici\u00f3n del 2019.... as\u00ed es que tenemos.... \u00a1\u00a1\u00a1348 IDEAS!!! Una peque\u00f1a\u2026","rel":"","context":"En \u00abIES N\u00ba 5\u00bb","img":{"alt_text":"mindmap-2123973_960_720","src":"https:\/\/i2.wp.com\/retotmp.valnaloneduca.com\/wp-content\/uploads\/2019\/02\/mindmap-2123973_960_720.jpg?resize=350%2C200","width":350,"height":200},"classes":[]},{"id":646,"url":"https:\/\/retotmp.valnaloneduca.com\/?p=646","url_meta":{"origin":586,"position":2},"title":"Lluvia de ideas","date":"febrero 19, 2019","format":false,"excerpt":"Somos uno de los grupos de estudiantes del numero 5, el equipo WE ARE FREE, de primero de bachillerato D. Nuestra lluvia de ideas: Los fines de semana la gente joven en la factor\u00eda podr\u00eda disfrutrar acudiendo a CONCIERTOS de gente que llame la atenci\u00f3n y conocida. Para Divertirnos sin\u2026","rel":"","context":"En \u00abIES N\u00ba 5\u00bb","img":{"alt_text":"lluvia ideas","src":"https:\/\/i2.wp.com\/retotmp.valnaloneduca.com\/wp-content\/uploads\/2019\/02\/lluvia-ideas.jpg?resize=350%2C200","width":350,"height":200},"classes":[]},{"id":739,"url":"https:\/\/retotmp.valnaloneduca.com\/?p=739","url_meta":{"origin":586,"position":3},"title":"Entrevista a gente joven (amigos)","date":"febrero 25, 2019","format":false,"excerpt":"Tras nuestras entrevistas a gente joven de nuestros c\u00edrculos m\u00e1s cercanos (amigos) residentes en Avil\u00e9s e interesados en las actividades relacionadas con el arte, como las ofrecidas en la Factor\u00eda Cultural, hemos sacado las siguientes conclusiones: Los preguntados han mostrado un inter\u00e9s principal en las artes denominadas gr\u00e1ficas como la\u2026","rel":"","context":"En \u00abIES N\u00ba 5\u00bb","img":{"alt_text":"hands-1445244_960_720","src":"https:\/\/i2.wp.com\/retotmp.valnaloneduca.com\/wp-content\/uploads\/2019\/02\/hands-1445244_960_720.jpg?resize=350%2C200","width":350,"height":200},"classes":[]},{"id":641,"url":"https:\/\/retotmp.valnaloneduca.com\/?p=641","url_meta":{"origin":586,"position":4},"title":"ENTREVISTA A UN FAMILIAR","date":"febrero 18, 2019","format":false,"excerpt":"EQUIPO QUEENS. Entrevista realizada a un familiar de una compa\u00f1era: - \u00bfCu\u00e1les son tus gustos y que crees que les interesa a los j\u00f3venes? - A m\u00ed me gusta mucho un tipo de m\u00fasica llamado rap y este tipo de m\u00fasica les suele gustar tambi\u00e9n a los j\u00f3venes ya que\u2026","rel":"","context":"En \u00abIES N\u00ba 5\u00bb","img":{"alt_text":"","src":"","width":0,"height":0},"classes":[]},{"id":2893,"url":"https:\/\/retotmp.valnaloneduca.com\/?p=2893","url_meta":{"origin":586,"position":5},"title":"NORJOMI 2024-25","date":"mayo 29, 2025","format":false,"excerpt":"Empezamos\u00a0dos acciones\u00a0que vamos a realizar a lo largo de estos meses de mayo y junio en\u00a0NORJOMI-Asociaci\u00f3n Cultural Norte Joven Mieres-con los\u00a0proyectos Joven Oc\u00fapate\u00a0, que lo gestiona\u00a0Irene Granda\u00a0. El alumnado que lo va a recibir ser\u00e1 los grupos\u00a0Auxiliar administrativo y de Carpinter\u00eda. El reto\u00a0de\u00a0Norjomi\u00a0para los dos grupos es el siguiente: Desde\u2026","rel":"","context":"En \u00abCurso 2024-2025\u00bb","img":{"alt_text":"","src":"https:\/\/i1.wp.com\/retotmp.valnaloneduca.com\/wp-content\/uploads\/2025\/05\/Foto-reto.jpg?resize=350%2C200&ssl=1","width":350,"height":200},"classes":[]}],"_links":{"self":[{"href":"https:\/\/retotmp.valnaloneduca.com\/index.php?rest_route=\/wp\/v2\/posts\/586"}],"collection":[{"href":"https:\/\/retotmp.valnaloneduca.com\/index.php?rest_route=\/wp\/v2\/posts"}],"about":[{"href":"https:\/\/retotmp.valnaloneduca.com\/index.php?rest_route=\/wp\/v2\/types\/post"}],"author":[{"embeddable":true,"href":"https:\/\/retotmp.valnaloneduca.com\/index.php?rest_route=\/wp\/v2\/users\/3"}],"replies":[{"embeddable":true,"href":"https:\/\/retotmp.valnaloneduca.com\/index.php?rest_route=%2Fwp%2Fv2%2Fcomments&post=586"}],"version-history":[{"count":0,"href":"https:\/\/retotmp.valnaloneduca.com\/index.php?rest_route=\/wp\/v2\/posts\/586\/revisions"}],"wp:attachment":[{"href":"https:\/\/retotmp.valnaloneduca.com\/index.php?rest_route=%2Fwp%2Fv2%2Fmedia&parent=586"}],"wp:term":[{"taxonomy":"category","embeddable":true,"href":"https:\/\/retotmp.valnaloneduca.com\/index.php?rest_route=%2Fwp%2Fv2%2Fcategories&post=586"},{"taxonomy":"post_tag","embeddable":true,"href":"https:\/\/retotmp.valnaloneduca.com\/index.php?rest_route=%2Fwp%2Fv2%2Ftags&post=586"}],"curies":[{"name":"wp","href":"https:\/\/api.w.org\/{rel}","templated":true}]}}