{"id":587,"date":"2019-02-11T21:56:13","date_gmt":"2019-02-11T21:56:13","guid":{"rendered":"https:\/\/retotmp.wordpress.com\/?p=587"},"modified":"2019-02-11T21:56:13","modified_gmt":"2019-02-11T21:56:13","slug":"que-saben-los-jovenes-sobre-la-noche-blanca","status":"publish","type":"post","link":"https:\/\/retotmp.valnaloneduca.com\/?p=587","title":{"rendered":"\u00bfQu\u00e9 saben los j\u00f3venes sobre la noche blanca?"},"content":{"rendered":"<p style=\"text-align:justify;\">A los adolescentes a los que hemos preguntado un 60% de ellos realizan una actividad art\u00edstica pero a pesar de esto, solo un 30% de ellos conoc\u00edan la noche blanca. De los que la conocen, la mayor\u00eda es gracias al conservatorio, la danza o el propio trabajo de Valnal\u00f3n. De las 32 preguntas entrevistadas, solo 5 creen que este proyecto se difunde bien y todos creen que se podr\u00eda mejorar. La mayor\u00eda consideran que la mejor herramienta que se podr\u00eda usar para difundirlo son las redes sociales. Aunque hay opiniones diversas que van desde poner m\u00e1s carteles publicitarios a difundirlo en las aulas para hacerlo llegar a los j\u00f3venes. Respecto a la pregunta de que tema consideran m\u00e1s interesante destacan los conciertos enfocados a los j\u00f3venes con un 53%, y le siguen la danza (31%), la gastronom\u00eda (10%) y la pintura y el c\u00f3mic votados cada uno solo por una persona. Y algunos adolescentes estar\u00edan tambi\u00e9n interesados en la literatura, la filmo graf\u00eda, las artes esc\u00e9nicas y las nuevas tecnolog\u00edas. La mayor\u00eda considera que llevarlo a plazas y recintos es la mejor opci\u00f3n para hacerlo m\u00e1s visible, como la Plaza de Espa\u00f1a, Abastos o el Niemeyer y la explanada de Las Meanas.<\/p>\n<div class=\"tiled-gallery type-rectangular tiled-gallery-unresized\" data-original-width=\"910\" data-carousel-extra='null' itemscope itemtype=\"http:\/\/schema.org\/ImageGallery\" > <div class=\"gallery-row\" style=\"width: 910px; height: 387px;\" data-original-width=\"910\" data-original-height=\"387\" > <div class=\"gallery-group images-1\" style=\"width: 356px; height: 387px;\" data-original-width=\"356\" data-original-height=\"387\" > <div class=\"tiled-gallery-item tiled-gallery-item-large\" itemprop=\"associatedMedia\" itemscope itemtype=\"http:\/\/schema.org\/ImageObject\"> <a href=\"https:\/\/retotmp.valnaloneduca.com\/?attachment_id=588\" border=\"0\" itemprop=\"url\"> <meta itemprop=\"width\" content=\"352\"> <meta itemprop=\"height\" content=\"383\"> <img data-attachment-id=\"588\" data-orig-file=\"https:\/\/retotmp.valnaloneduca.com\/wp-content\/uploads\/2019\/02\/screenshot_20190211-221832.png\" data-orig-size=\"1080,1176\" data-comments-opened=\"1\" data-image-meta=\"{&quot;aperture&quot;:&quot;0&quot;,&quot;credit&quot;:&quot;&quot;,&quot;camera&quot;:&quot;&quot;,&quot;caption&quot;:&quot;&quot;,&quot;created_timestamp&quot;:&quot;0&quot;,&quot;copyright&quot;:&quot;&quot;,&quot;focal_length&quot;:&quot;0&quot;,&quot;iso&quot;:&quot;0&quot;,&quot;shutter_speed&quot;:&quot;0&quot;,&quot;title&quot;:&quot;&quot;,&quot;orientation&quot;:&quot;0&quot;}\" data-image-title=\"screenshot 20190211 221832\" data-image-description=\"\" data-medium-file=\"https:\/\/i2.wp.com\/retotmp.valnaloneduca.com\/wp-content\/uploads\/2019\/02\/screenshot_20190211-221832.png?fit=276%2C300&#038;ssl=1\" data-large-file=\"https:\/\/i2.wp.com\/retotmp.valnaloneduca.com\/wp-content\/uploads\/2019\/02\/screenshot_20190211-221832.png?fit=910%2C991&#038;ssl=1\" src=\"https:\/\/i2.wp.com\/retotmp.valnaloneduca.com\/wp-content\/uploads\/2019\/02\/screenshot_20190211-221832.png?w=352&#038;h=383&#038;ssl=1\" width=\"352\" height=\"383\" data-original-width=\"352\" data-original-height=\"383\" itemprop=\"http:\/\/schema.org\/image\" title=\"screenshot 20190211 221832\" alt=\"screenshot 20190211 221832\" style=\"width: 352px; height: 383px;\" \/> <\/a> <div class=\"tiled-gallery-caption\" itemprop=\"caption description\"> screenshot 20190211 221832 <\/div> <\/div> <\/div> <!-- close group --> <div class=\"gallery-group images-2\" style=\"width: 196px; height: 387px;\" data-original-width=\"196\" data-original-height=\"387\" > <div class=\"tiled-gallery-item tiled-gallery-item-small\" itemprop=\"associatedMedia\" itemscope itemtype=\"http:\/\/schema.org\/ImageObject\"> <a href=\"https:\/\/retotmp.valnaloneduca.com\/?attachment_id=589\" border=\"0\" itemprop=\"url\"> <meta itemprop=\"width\" content=\"192\"> <meta itemprop=\"height\" content=\"187\"> <img data-attachment-id=\"589\" data-orig-file=\"https:\/\/retotmp.valnaloneduca.com\/wp-content\/uploads\/2019\/02\/screenshot_20190211-221844.png\" data-orig-size=\"1080,1055\" data-comments-opened=\"1\" data-image-meta=\"{&quot;aperture&quot;:&quot;0&quot;,&quot;credit&quot;:&quot;&quot;,&quot;camera&quot;:&quot;&quot;,&quot;caption&quot;:&quot;&quot;,&quot;created_timestamp&quot;:&quot;0&quot;,&quot;copyright&quot;:&quot;&quot;,&quot;focal_length&quot;:&quot;0&quot;,&quot;iso&quot;:&quot;0&quot;,&quot;shutter_speed&quot;:&quot;0&quot;,&quot;title&quot;:&quot;&quot;,&quot;orientation&quot;:&quot;0&quot;}\" data-image-title=\"screenshot 20190211 221844\" data-image-description=\"\" data-medium-file=\"https:\/\/i0.wp.com\/retotmp.valnaloneduca.com\/wp-content\/uploads\/2019\/02\/screenshot_20190211-221844.png?fit=300%2C293&#038;ssl=1\" data-large-file=\"https:\/\/i0.wp.com\/retotmp.valnaloneduca.com\/wp-content\/uploads\/2019\/02\/screenshot_20190211-221844.png?fit=910%2C889&#038;ssl=1\" src=\"https:\/\/i0.wp.com\/retotmp.valnaloneduca.com\/wp-content\/uploads\/2019\/02\/screenshot_20190211-221844.png?w=192&#038;h=187&#038;ssl=1\" width=\"192\" height=\"187\" data-original-width=\"192\" data-original-height=\"187\" itemprop=\"http:\/\/schema.org\/image\" title=\"screenshot 20190211 221844\" alt=\"screenshot 20190211 221844\" style=\"width: 192px; height: 187px;\" \/> <\/a> <div class=\"tiled-gallery-caption\" itemprop=\"caption description\"> screenshot 20190211 221844 <\/div> <\/div> <div class=\"tiled-gallery-item tiled-gallery-item-small\" itemprop=\"associatedMedia\" itemscope itemtype=\"http:\/\/schema.org\/ImageObject\"> <a href=\"https:\/\/retotmp.valnaloneduca.com\/?attachment_id=590\" border=\"0\" itemprop=\"url\"> <meta itemprop=\"width\" content=\"192\"> <meta itemprop=\"height\" content=\"192\"> <img data-attachment-id=\"590\" data-orig-file=\"https:\/\/retotmp.valnaloneduca.com\/wp-content\/uploads\/2019\/02\/screenshot_20190211-221838.png\" data-orig-size=\"1080,1078\" data-comments-opened=\"1\" data-image-meta=\"{&quot;aperture&quot;:&quot;0&quot;,&quot;credit&quot;:&quot;&quot;,&quot;camera&quot;:&quot;&quot;,&quot;caption&quot;:&quot;&quot;,&quot;created_timestamp&quot;:&quot;0&quot;,&quot;copyright&quot;:&quot;&quot;,&quot;focal_length&quot;:&quot;0&quot;,&quot;iso&quot;:&quot;0&quot;,&quot;shutter_speed&quot;:&quot;0&quot;,&quot;title&quot;:&quot;&quot;,&quot;orientation&quot;:&quot;0&quot;}\" data-image-title=\"screenshot 20190211 221838\" data-image-description=\"\" data-medium-file=\"https:\/\/i1.wp.com\/retotmp.valnaloneduca.com\/wp-content\/uploads\/2019\/02\/screenshot_20190211-221838.png?fit=300%2C300&#038;ssl=1\" data-large-file=\"https:\/\/i1.wp.com\/retotmp.valnaloneduca.com\/wp-content\/uploads\/2019\/02\/screenshot_20190211-221838.png?fit=910%2C908&#038;ssl=1\" src=\"https:\/\/i1.wp.com\/retotmp.valnaloneduca.com\/wp-content\/uploads\/2019\/02\/screenshot_20190211-221838.png?w=192&#038;h=192&#038;crop=1&#038;ssl=1\" width=\"192\" height=\"192\" data-original-width=\"192\" data-original-height=\"192\" itemprop=\"http:\/\/schema.org\/image\" title=\"screenshot 20190211 221838\" alt=\"screenshot 20190211 221838\" style=\"width: 192px; height: 192px;\" \/> <\/a> <div class=\"tiled-gallery-caption\" itemprop=\"caption description\"> screenshot 20190211 221838 <\/div> <\/div> <\/div> <!-- close group --> <div class=\"gallery-group images-1\" style=\"width: 358px; height: 387px;\" data-original-width=\"358\" data-original-height=\"387\" > <div class=\"tiled-gallery-item tiled-gallery-item-large\" itemprop=\"associatedMedia\" itemscope itemtype=\"http:\/\/schema.org\/ImageObject\"> <a href=\"https:\/\/retotmp.valnaloneduca.com\/?attachment_id=591\" border=\"0\" itemprop=\"url\"> <meta itemprop=\"width\" content=\"354\"> <meta itemprop=\"height\" content=\"383\"> <img data-attachment-id=\"591\" data-orig-file=\"https:\/\/retotmp.valnaloneduca.com\/wp-content\/uploads\/2019\/02\/screenshot_20190211-221849.png\" data-orig-size=\"1080,1170\" data-comments-opened=\"1\" data-image-meta=\"{&quot;aperture&quot;:&quot;0&quot;,&quot;credit&quot;:&quot;&quot;,&quot;camera&quot;:&quot;&quot;,&quot;caption&quot;:&quot;&quot;,&quot;created_timestamp&quot;:&quot;0&quot;,&quot;copyright&quot;:&quot;&quot;,&quot;focal_length&quot;:&quot;0&quot;,&quot;iso&quot;:&quot;0&quot;,&quot;shutter_speed&quot;:&quot;0&quot;,&quot;title&quot;:&quot;&quot;,&quot;orientation&quot;:&quot;0&quot;}\" data-image-title=\"screenshot 20190211 221849\" data-image-description=\"\" data-medium-file=\"https:\/\/i1.wp.com\/retotmp.valnaloneduca.com\/wp-content\/uploads\/2019\/02\/screenshot_20190211-221849.png?fit=277%2C300&#038;ssl=1\" data-large-file=\"https:\/\/i1.wp.com\/retotmp.valnaloneduca.com\/wp-content\/uploads\/2019\/02\/screenshot_20190211-221849.png?fit=910%2C986&#038;ssl=1\" src=\"https:\/\/i1.wp.com\/retotmp.valnaloneduca.com\/wp-content\/uploads\/2019\/02\/screenshot_20190211-221849.png?w=354&#038;h=383&#038;ssl=1\" width=\"354\" height=\"383\" data-original-width=\"354\" data-original-height=\"383\" itemprop=\"http:\/\/schema.org\/image\" title=\"screenshot 20190211 221849\" alt=\"screenshot 20190211 221849\" style=\"width: 354px; height: 383px;\" \/> <\/a> <div class=\"tiled-gallery-caption\" itemprop=\"caption description\"> screenshot 20190211 221849 <\/div> <\/div> <\/div> <!-- close group --> <\/div> <!-- close row --> <\/div>\n","protected":false},"excerpt":{"rendered":"<p>A los adolescentes a los que hemos preguntado un 60% de ellos realizan una actividad art\u00edstica pero a pesar de<\/p>\n","protected":false},"author":3,"featured_media":0,"comment_status":"open","ping_status":"open","sticky":false,"template":"","format":"standard","meta":{"spay_email":""},"categories":[30],"tags":[],"jetpack_featured_media_url":"","jetpack-related-posts":[{"id":582,"url":"https:\/\/retotmp.valnaloneduca.com\/?p=582","url_meta":{"origin":587,"position":0},"title":"Encuesta sobre Noche Blanca (Instagram)","date":"febrero 11, 2019","format":false,"excerpt":"Tras haber subido diferentes encuestas sobre la noche blanca de Avil\u00e9s a dos cuentas de Instagram, hemos obtenido las siguientes conclusiones: M\u00e1s de la mitad de los j\u00f3venes de Avil\u00e9s no saben en qu\u00e9 consiste la noche blanca (de 333 personas, 100 s\u00ed conoc\u00edan esta actividad mientras que 233 no).\u2026","rel":"","context":"En \u00abIES N\u00ba 5\u00bb","img":{"alt_text":"","src":"","width":0,"height":0},"classes":[]},{"id":575,"url":"https:\/\/retotmp.valnaloneduca.com\/?p=575","url_meta":{"origin":587,"position":1},"title":"Entrevistas a Asociaci\u00f3n Juvenil","date":"febrero 10, 2019","format":false,"excerpt":"La primera entrevista es al presidente de la asociaci\u00f3n juvenil y la segunda a tres miembros de la asociaci\u00f3n de nuestra edad. + Hola, las preguntas son sobre la noche blanca que hay en Avil\u00e9s. \u00bfConoces la noches blanca? - Si, lo de las exposiciones de arte nocturnas y tal\u2026","rel":"","context":"En \u00abIES N\u00ba 5\u00bb","img":{"alt_text":"","src":"","width":0,"height":0},"classes":[]},{"id":623,"url":"https:\/\/retotmp.valnaloneduca.com\/?p=623","url_meta":{"origin":587,"position":2},"title":"Entrevista taller de emprendimiento Valnal\u00f3n","date":"febrero 17, 2019","format":false,"excerpt":"Conclusiones de la Entrevista: Tras hablar con Pelayo, de la asociaci\u00f3n A Esgaya - Integraci\u00f3n Social, hemos podido extraer algunas conclusiones: Para empezar, le preguntamos sobre los medios art\u00edsticos en los que m\u00e1s inter\u00e9s nota que manifiestan los j\u00f3venes con los que trabaja. Si bien nos dijo que era importante\u2026","rel":"","context":"En \u00abIES N\u00ba 5\u00bb","img":{"alt_text":"aesgaya","src":"https:\/\/i0.wp.com\/retotmp.valnaloneduca.com\/wp-content\/uploads\/2019\/02\/aesgaya.jpg?resize=350%2C200","width":350,"height":200},"classes":[]},{"id":750,"url":"https:\/\/retotmp.valnaloneduca.com\/?p=750","url_meta":{"origin":587,"position":3},"title":"29 equipos...Infinitas ideas en la Factor\u00eda","date":"febrero 26, 2019","format":false,"excerpt":"En el IES N\u00ba 5 se han creado 29 equipos y durante la \u00faltima sesi\u00f3n cada uno ha propuesto 12 ideas para mejorar la programaci\u00f3n art\u00edstica y cultural de la Factor\u00eda as\u00ed como de la Noche Blanca para la edici\u00f3n del 2019.... as\u00ed es que tenemos.... \u00a1\u00a1\u00a1348 IDEAS!!! Una peque\u00f1a\u2026","rel":"","context":"En \u00abIES N\u00ba 5\u00bb","img":{"alt_text":"mindmap-2123973_960_720","src":"https:\/\/i2.wp.com\/retotmp.valnaloneduca.com\/wp-content\/uploads\/2019\/02\/mindmap-2123973_960_720.jpg?resize=350%2C200","width":350,"height":200},"classes":[]},{"id":583,"url":"https:\/\/retotmp.valnaloneduca.com\/?p=583","url_meta":{"origin":587,"position":4},"title":"Cuestionario sobre la Noche Blanca a los alumnos del C.P San Crist\u00f3bal","date":"febrero 11, 2019","format":false,"excerpt":"Para esta primera ten\u00edamos pensado, en un principio, entrevistar a las alumnas de la academia de danza \"Step\", lo cual no nos fue posible por la falta de tiempo, sin embargo la madre de una de nosotras trabaja en el colegio de educaci\u00f3n especial San Crist\u00f3bal. Al ser un colegio\u2026","rel":"","context":"En \u00abIES N\u00ba 5\u00bb","img":{"alt_text":"","src":"https:\/\/i2.wp.com\/retotmp.valnaloneduca.com\/wp-content\/uploads\/2019\/02\/logo.jpg?resize=350%2C200","width":350,"height":200},"classes":[]},{"id":646,"url":"https:\/\/retotmp.valnaloneduca.com\/?p=646","url_meta":{"origin":587,"position":5},"title":"Lluvia de ideas","date":"febrero 19, 2019","format":false,"excerpt":"Somos uno de los grupos de estudiantes del numero 5, el equipo WE ARE FREE, de primero de bachillerato D. Nuestra lluvia de ideas: Los fines de semana la gente joven en la factor\u00eda podr\u00eda disfrutrar acudiendo a CONCIERTOS de gente que llame la atenci\u00f3n y conocida. Para Divertirnos sin\u2026","rel":"","context":"En \u00abIES N\u00ba 5\u00bb","img":{"alt_text":"lluvia ideas","src":"https:\/\/i2.wp.com\/retotmp.valnaloneduca.com\/wp-content\/uploads\/2019\/02\/lluvia-ideas.jpg?resize=350%2C200","width":350,"height":200},"classes":[]}],"_links":{"self":[{"href":"https:\/\/retotmp.valnaloneduca.com\/index.php?rest_route=\/wp\/v2\/posts\/587"}],"collection":[{"href":"https:\/\/retotmp.valnaloneduca.com\/index.php?rest_route=\/wp\/v2\/posts"}],"about":[{"href":"https:\/\/retotmp.valnaloneduca.com\/index.php?rest_route=\/wp\/v2\/types\/post"}],"author":[{"embeddable":true,"href":"https:\/\/retotmp.valnaloneduca.com\/index.php?rest_route=\/wp\/v2\/users\/3"}],"replies":[{"embeddable":true,"href":"https:\/\/retotmp.valnaloneduca.com\/index.php?rest_route=%2Fwp%2Fv2%2Fcomments&post=587"}],"version-history":[{"count":0,"href":"https:\/\/retotmp.valnaloneduca.com\/index.php?rest_route=\/wp\/v2\/posts\/587\/revisions"}],"wp:attachment":[{"href":"https:\/\/retotmp.valnaloneduca.com\/index.php?rest_route=%2Fwp%2Fv2%2Fmedia&parent=587"}],"wp:term":[{"taxonomy":"category","embeddable":true,"href":"https:\/\/retotmp.valnaloneduca.com\/index.php?rest_route=%2Fwp%2Fv2%2Fcategories&post=587"},{"taxonomy":"post_tag","embeddable":true,"href":"https:\/\/retotmp.valnaloneduca.com\/index.php?rest_route=%2Fwp%2Fv2%2Ftags&post=587"}],"curies":[{"name":"wp","href":"https:\/\/api.w.org\/{rel}","templated":true}]}}