{"id":603,"date":"2019-02-12T22:00:49","date_gmt":"2019-02-12T22:00:49","guid":{"rendered":"https:\/\/retotmp.wordpress.com\/2019\/02\/12\/entrevista-a-anabel-barrio-vega-directora-de-la-escuela-municipal-de-ceramica\/"},"modified":"2019-02-12T22:00:49","modified_gmt":"2019-02-12T22:00:49","slug":"entrevista-a-anabel-barrio-vega-directora-de-la-escuela-municipal-de-ceramica","status":"publish","type":"post","link":"https:\/\/retotmp.valnaloneduca.com\/?p=603","title":{"rendered":"Entrevista a Anabel Barrio Vega, directora de la Escuela Municipal de Cer\u00e1mica"},"content":{"rendered":"<p><img loading=\"lazy\" class=\"alignnone size-full wp-image-604\" src=\"https:\/\/i0.wp.com\/retotmp.valnaloneduca.com\/wp-content\/uploads\/2019\/02\/anabel.jpg?resize=624%2C416\" alt=\"anabel\" width=\"624\" height=\"416\" srcset=\"https:\/\/i0.wp.com\/retotmp.valnaloneduca.com\/wp-content\/uploads\/2019\/02\/anabel.jpg?w=624&amp;ssl=1 624w, https:\/\/i0.wp.com\/retotmp.valnaloneduca.com\/wp-content\/uploads\/2019\/02\/anabel.jpg?resize=300%2C200&amp;ssl=1 300w\" sizes=\"(max-width: 624px) 100vw, 624px\" data-recalc-dims=\"1\" \/><\/p>\n<h6><span class=\"voc-photo-author\">Marieta (2018). <\/span>\u00abAvil\u00e9s tiene cari\u00f1o a la Escuela de Cer\u00e1mica, que se conoce en toda Espa\u00f1a\u00bb, La voz de Avil\u00e9s. Recuperado de https:\/\/www.elcomercio.es\/aviles\/aviles-carino-escuela-20180930010753-ntvo.html<\/h6>\n<p><span class=\"voc-photo-author\">\u00a0<\/span><\/p>\n<p>+ \u00bfC\u00f3mo se vincula con la Escuela de Cer\u00e1mica?<br \/>\n&#8211; Me inscrib\u00ed en la escuela y llegu\u00e9 a profesora en el a\u00f1o 1989<br \/>\n+ \u00bfCu\u00e1les son sus preferencias?<\/p>\n<p>&#8211; La escultura cer\u00e1mica y los moldes<br \/>\n+ \u00bfHa expuesto?<\/p>\n<p>&#8211; Mi primera exposici\u00f3n fue en 1990 en la sala de artes de Piedras Blancas<br \/>\n+\u00bfHay novedades este curso?<\/p>\n<p>&#8211; Siempre hay que reinventar algunos cursos porque muchos alumnos empiezan y siguen en la Factor\u00eda<br \/>\n+\u00bfEs el mejor momento de la cer\u00e1mica?<\/p>\n<p>&#8211; Siempre ha sido ya que pintores como Picasso eligieron esta t\u00e9cnica<br \/>\n+\u00bfCu\u00e1ntos alumnos hay matriculados este curso?<\/p>\n<p>&#8211; Casi 290 alumnos , la mayor\u00eda en cer\u00e1mica y el resto repartidos por otras materias<br \/>\n+ \u00bfCu\u00e1ntos cursos hay?<\/p>\n<p>&#8211; Hay dos cursos: uno por la ma\u00f1ana y otro por la tarde<\/p>\n","protected":false},"excerpt":{"rendered":"<p>Marieta (2018). \u00abAvil\u00e9s tiene cari\u00f1o a la Escuela de Cer\u00e1mica, que se conoce en toda Espa\u00f1a\u00bb, La voz de Avil\u00e9s.<\/p>\n","protected":false},"author":3,"featured_media":0,"comment_status":"open","ping_status":"open","sticky":false,"template":"","format":"standard","meta":{"spay_email":""},"categories":[18,30],"tags":[],"jetpack_featured_media_url":"","jetpack-related-posts":[{"id":575,"url":"https:\/\/retotmp.valnaloneduca.com\/?p=575","url_meta":{"origin":603,"position":0},"title":"Entrevistas a Asociaci\u00f3n Juvenil","date":"febrero 10, 2019","format":false,"excerpt":"La primera entrevista es al presidente de la asociaci\u00f3n juvenil y la segunda a tres miembros de la asociaci\u00f3n de nuestra edad. + Hola, las preguntas son sobre la noche blanca que hay en Avil\u00e9s. \u00bfConoces la noches blanca? - Si, lo de las exposiciones de arte nocturnas y tal\u2026","rel":"","context":"En \u00abIES N\u00ba 5\u00bb","img":{"alt_text":"","src":"","width":0,"height":0},"classes":[]},{"id":1372,"url":"https:\/\/retotmp.valnaloneduca.com\/?p=1372","url_meta":{"origin":603,"position":1},"title":"En movimiento","date":"enero 31, 2020","format":false,"excerpt":"Ha arrancado el curso TALLER PARA EMPRENDER que vamos a realizar en la escuela de segunda oportunidad de Gij\u00f3n https:\/\/empleo.gijon.es\/page\/3872-escuela-de-segunda-oportunidad Nos hemos desplazado a las instalaciones de la empresa https:\/\/himobility.es en Aviles donde Jorge Gonz\u00e1lez-Palacios-Director de operaciones- nos ha comunicado los retos que tenemos que hacer frente. Un reto es\u2026","rel":"","context":"En \u00abEscuela 2\u00ba oportunidad 2019-2020-Gij\u00f3n\u00bb","img":{"alt_text":"Coche sin matricula Hi","src":"https:\/\/i2.wp.com\/retotmp.valnaloneduca.com\/wp-content\/uploads\/2020\/01\/coche-sin-matricula-hi.jpg?resize=350%2C200","width":350,"height":200},"classes":[]},{"id":645,"url":"https:\/\/retotmp.valnaloneduca.com\/?p=645","url_meta":{"origin":603,"position":2},"title":"Tormenta de ideas con el m\u00e9todo SCAMPER","date":"febrero 19, 2019","format":false,"excerpt":"Tormenta de ideas con el m\u00e9todo SCAMPER del equipo \"Todo es verdad\" de 1\u00ba Bach D Sustituir 1.- Deber\u00edan sustituir los horarios de ma\u00f1ana por los nocturnos ya que la gente joven podr\u00eda preferir en sus ratos libres hacer actividades para descansar de los estudios. Ser\u00eda m\u00e1s conveniente el horario\u2026","rel":"","context":"En \u00abIES N\u00ba 5\u00bb","img":{"alt_text":"scamper","src":"https:\/\/i0.wp.com\/retotmp.valnaloneduca.com\/wp-content\/uploads\/2019\/02\/scamper-e1550666265500.jpg?resize=350%2C200","width":350,"height":200},"classes":[]},{"id":2019,"url":"https:\/\/retotmp.valnaloneduca.com\/?p=2019","url_meta":{"origin":603,"position":3},"title":"IES N\u00ba 5 AVILES 2020-21","date":"mayo 10, 2021","format":false,"excerpt":"En el mes de abril realizamos\u00a0 un RETO de Taller para Emprender (tmp) en el IES N\u00ba5 de Avil\u00e9s. En\u00a0la primera sesi\u00f3n\u00a0le hemos definido el RETO\u00a0,como entidad, para que vean lo que tienen que trabajar durante estas sesiones. El\u00a0reto\u00a0se basa en\u00a0buscar ideas para crear un plan de movilidad en el\u2026","rel":"","context":"En \u00abCurso 2020-2021\u00bb","img":{"alt_text":"","src":"https:\/\/i2.wp.com\/retotmp.valnaloneduca.com\/wp-content\/uploads\/2021\/05\/ALMN-BLOG.jpg?resize=350%2C200&ssl=1","width":350,"height":200},"classes":[]},{"id":2647,"url":"https:\/\/retotmp.valnaloneduca.com\/?p=2647","url_meta":{"origin":603,"position":4},"title":"COLEGIO VIRGEN MEDIADORA-LAS DOMINICAS-GIJ\u00d3N 2023-24","date":"abril 10, 2024","format":false,"excerpt":"En el mes de abril realizamos\u00a0un RETO de Taller para Emprender (tmp) en el COLEGIO VIRGEN MEDIADORA-LAS DOMINICAS de Gij\u00f3n\u00a0a dos cursos de 1\u00ba de bachiller A y B Este a\u00f1o colaboramos con la\u00a0Asociaci\u00f3n Mercado Artesano y Ecol\u00f3gico\u00a0en cuya representaci\u00f3n acuden\u00a0Javier Ruiz-Cuevas\u00a0( presidente ) y\u00a0Vicen Sanz ( ceramista ) quienes\u2026","rel":"","context":"En \u00abColegio Virgen Mediadora-Dominicas 2023-24\u00bb","img":{"alt_text":"","src":"https:\/\/i2.wp.com\/retotmp.valnaloneduca.com\/wp-content\/uploads\/2024\/05\/g2.jpg?resize=350%2C200&ssl=1","width":350,"height":200},"classes":[]},{"id":530,"url":"https:\/\/retotmp.valnaloneduca.com\/?p=530","url_meta":{"origin":603,"position":5},"title":"Visita a la Factor\u00eda Cultural","date":"febrero 4, 2019","format":false,"excerpt":"Los retos propuestos por la Factor\u00eda Cultural han comenzado, como no pod\u00eda ser de otra manera, con una visita a las instalaciones. El objetivo era conocer los espacios y la programaci\u00f3n disponible. Recorrimos todos los espacios, las aulas de cer\u00e1mica, grabado y pintura, el cuarto de hornos el\u00e9ctricos y de\u2026","rel":"","context":"En \u00abIES N\u00ba 5\u00bb","img":{"alt_text":"","src":"https:\/\/i1.wp.com\/retotmp.valnaloneduca.com\/wp-content\/uploads\/2019\/02\/whatsapp-image-2019-02-04-at-12.02.23-2.jpeg?resize=350%2C200","width":350,"height":200},"classes":[]}],"_links":{"self":[{"href":"https:\/\/retotmp.valnaloneduca.com\/index.php?rest_route=\/wp\/v2\/posts\/603"}],"collection":[{"href":"https:\/\/retotmp.valnaloneduca.com\/index.php?rest_route=\/wp\/v2\/posts"}],"about":[{"href":"https:\/\/retotmp.valnaloneduca.com\/index.php?rest_route=\/wp\/v2\/types\/post"}],"author":[{"embeddable":true,"href":"https:\/\/retotmp.valnaloneduca.com\/index.php?rest_route=\/wp\/v2\/users\/3"}],"replies":[{"embeddable":true,"href":"https:\/\/retotmp.valnaloneduca.com\/index.php?rest_route=%2Fwp%2Fv2%2Fcomments&post=603"}],"version-history":[{"count":0,"href":"https:\/\/retotmp.valnaloneduca.com\/index.php?rest_route=\/wp\/v2\/posts\/603\/revisions"}],"wp:attachment":[{"href":"https:\/\/retotmp.valnaloneduca.com\/index.php?rest_route=%2Fwp%2Fv2%2Fmedia&parent=603"}],"wp:term":[{"taxonomy":"category","embeddable":true,"href":"https:\/\/retotmp.valnaloneduca.com\/index.php?rest_route=%2Fwp%2Fv2%2Fcategories&post=603"},{"taxonomy":"post_tag","embeddable":true,"href":"https:\/\/retotmp.valnaloneduca.com\/index.php?rest_route=%2Fwp%2Fv2%2Ftags&post=603"}],"curies":[{"name":"wp","href":"https:\/\/api.w.org\/{rel}","templated":true}]}}